{"id":9842,"date":"2011-07-24T14:40:23","date_gmt":"2011-07-24T14:40:23","guid":{"rendered":"http:\/\/www.civiltalaica.it\/cms\/?p=9842"},"modified":"2011-07-24T14:40:23","modified_gmt":"2011-07-24T14:40:23","slug":"quando-la-scienza-e-cosa-buona-e-giusta","status":"publish","type":"post","link":"https:\/\/www.civiltalaica.it\/cms\/quando-la-scienza-e-cosa-buona-e-giusta\/","title":{"rendered":"Quando la scienza \u00e8 cosa buona e giusta"},"content":{"rendered":"<p>La notizia \u00e8 riportata sul <em>National Geographic Italia<\/em> di giugno 2011. Gli esami scientifici sui resti dei martiri cristiani <strong>Crisanto e Daria<\/strong>, conservati nella cripta del duomo di Reggio Emilia, danno risultati compatibili con la tradizione che li vuole martirizzati come \u201csepolti vivi\u201d a Roma nel 283 DC a causa della loro attivit\u00e0 evangelizzatrice. Il <strong>radiocarbonio <\/strong>ha dato un risultato compatibile (dall\u2019 80 al 340 DC), cosi come gli esami necroscopici che rendono plausibile la morte per soffocamento.<!--more--><\/p>\n<p>Gongola monsignor <strong>Tiziano Ghirelli: <\/strong>\u00ab<em>l\u2019iniziativa dimostra che la Chiesa non ha paura di confrontarsi con la scienza<\/em>\u00bb. Ah no? E se fossero usciti dati contrastanti con la tradizione? \u00ab<em>Sappiamo bene che, specie nel Medioevo, la caccia alle reliquie diede luogo a molti abusi. Ne avremmo preso atto<\/em>\u00bb.<br \/>Bene, monsignor Ghirelli, lo vuole spiegare ai suoi fedeli che non vogliono accettare le evidenze scientifiche sulla <strong>Sacra Sindone<\/strong>, tanto per fare un esempio a caso? Non \u00e8 che il radiocarbonio \u00e8 un esame affidabile quando vi d\u00e0 ragione, come in questo caso, e diventa carta straccia se nega l\u2019autenticit\u00e0 della Sindone, delle due l\u2019una.<\/p>\n<p>Stranamente, in questo caso non c\u2019\u00e8 nessuno che voglia tirar fuori \u201canalisi statistiche robuste\u201d o fonti di \u201cinquinamento progressivo lineare\u201d o \u201cesposizioni a monossido di carbonio\u201d, chiss\u00e0 come mai, verrebbe da dire.<br \/>Ma anche altre dichiarazioni del prelato riportate dal National Geographic sono interessanti, leggiamo con attenzione: \u00ab<em>La cura per i corpi, il culto delle reliquie sono tratti caratteristici della fede cattolica: noi crediamo che il corpo sia sacro al pari dell\u2019anima, e come lei destinato a risorgere e vivere in eterno<\/em>\u00bb. A parte il fatto che non ci risulta che nel vangelo ci sia scritto di <strong>venerare i corpi dei defunti <\/strong>o le reliquie dei santi e quindi le domande sul perch\u00e9 e sul \u201cda quando\u201d di queste usanze tribali sarebbero pertinenti; quello particolarmente interessante \u00e8 un prelato che finalmente ammette a chiare lettere che chi \u00e8 cattolico deve credere alla resurrezione dei corpi.<\/p>\n<p>Tornano cos\u00ec di pregnante attualit\u00e0 domande dalla Chiesa Cattolica messe sotto al tappeto nascondendosi dietro l\u2019immortalit\u00e0 dell\u2019anima, tipo: \u201cMa a che et\u00e0 risorge il corpo? Un conto \u00e8 vivere in eterno nel corpo di un ventenne e un conto vivere in eterno nel corpo di un vecchio!\u201d; oppure: \u201cChi ha perso un braccio, un rene, un occhio o l\u2019uso delle gambe nel corso della vita, risorger\u00e0 con la sua menomazione?\u201d; o ancora: \u201cMa dove le metteremo 110 miliardi di persone che hanno vissuto sulla Terra fino ad oggi?\u201d; e perch\u00e9 no: \u201cAllora perch\u00e9 avete permesso la cremazione delle salme dal 1963 in poi?\u201d; e infine la domanda delle domande: \u201cMa se l\u2019anima vive in eterno, che bisogno ha di risorgere in un corpo?\u201d.<\/p>\n<p>Tempo fa, il cardinal Martini e Umberto Eco diedero alle stampe un loro dialogo intitolato \u201cIn cosa crede chi non crede?\u201d Sembra una domanda meramente speculativa; la vera domanda da porsi, sentendo questi prelati, \u00e8: in cosa crede chi crede?<\/p>\n<p><a href=\"http:\/\/www.civiltalaica.it\/web\/\"><strong><em>Alessandro Chiometti<\/em><\/strong><\/a><\/p>\n","protected":false},"excerpt":{"rendered":"<p>La notizia \u00e8 riportata sul National Geographic Italia di giugno 2011. Gli esami scientifici sui resti dei martiri cristiani Crisanto e Daria, conservati nella cripta del duomo di Reggio Emilia, danno risultati compatibili con la tradizione che li vuole martirizzati come \u201csepolti vivi\u201d a Roma nel 283 DC a causa della loro attivit\u00e0 evangelizzatrice. Il [&hellip;]<\/p>\n","protected":false},"author":7,"featured_media":0,"comment_status":"closed","ping_status":"closed","sticky":false,"template":"","format":"standard","meta":{"footnotes":""},"categories":[238,229,893],"tags":[79,894,895,14],"class_list":["post-9842","post","type-post","status-publish","format-standard","hentry","category-articoli","category-evidenza","category-scienza-2","tag-alessandro-chiometti","tag-martiri-cristiani","tag-radiocarbonio","tag-scienza"],"yoast_head":"<!-- This site is optimized with the Yoast SEO plugin v27.1.1 - https:\/\/yoast.com\/product\/yoast-seo-wordpress\/ -->\n<title>Quando la scienza \u00e8 cosa buona e giusta  - Associazione Culturale Civilt\u00e0 Laica<\/title>\n<meta name=\"robots\" content=\"index, follow, max-snippet:-1, max-image-preview:large, max-video-preview:-1\" \/>\n<link rel=\"canonical\" href=\"https:\/\/www.civiltalaica.it\/cms\/quando-la-scienza-e-cosa-buona-e-giusta\/\" \/>\n<meta property=\"og:locale\" content=\"it_IT\" \/>\n<meta property=\"og:type\" content=\"article\" \/>\n<meta property=\"og:title\" content=\"Quando la scienza \u00e8 cosa buona e giusta  - Associazione Culturale Civilt\u00e0 Laica\" \/>\n<meta property=\"og:description\" content=\"La notizia \u00e8 riportata sul National Geographic Italia di giugno 2011. Gli esami scientifici sui resti dei martiri cristiani Crisanto e Daria, conservati nella cripta del duomo di Reggio Emilia, danno risultati compatibili con la tradizione che li vuole martirizzati come \u201csepolti vivi\u201d a Roma nel 283 DC a causa della loro attivit\u00e0 evangelizzatrice. Il [&hellip;]\" \/>\n<meta property=\"og:url\" content=\"https:\/\/www.civiltalaica.it\/cms\/quando-la-scienza-e-cosa-buona-e-giusta\/\" \/>\n<meta property=\"og:site_name\" content=\"Associazione Culturale Civilt\u00e0 Laica\" \/>\n<meta property=\"article:publisher\" content=\"https:\/\/www.facebook.com\/civiltalaica\" \/>\n<meta property=\"article:published_time\" content=\"2011-07-24T14:40:23+00:00\" \/>\n<meta property=\"og:image\" content=\"https:\/\/www.civiltalaica.it\/cms\/wp-content\/uploads\/2017\/06\/logo-cl.png\" \/>\n\t<meta property=\"og:image:width\" content=\"400\" \/>\n\t<meta property=\"og:image:height\" content=\"180\" \/>\n\t<meta property=\"og:image:type\" content=\"image\/png\" \/>\n<meta name=\"author\" content=\"alexjc\" \/>\n<meta name=\"twitter:card\" content=\"summary_large_image\" \/>\n<meta name=\"twitter:label1\" content=\"Scritto da\" \/>\n\t<meta name=\"twitter:data1\" content=\"alexjc\" \/>\n\t<meta name=\"twitter:label2\" content=\"Tempo di lettura stimato\" \/>\n\t<meta name=\"twitter:data2\" content=\"2 minuti\" \/>\n<script type=\"application\/ld+json\" class=\"yoast-schema-graph\">{\"@context\":\"https:\/\/schema.org\",\"@graph\":[{\"@type\":\"Article\",\"@id\":\"https:\/\/www.civiltalaica.it\/cms\/quando-la-scienza-e-cosa-buona-e-giusta\/#article\",\"isPartOf\":{\"@id\":\"https:\/\/www.civiltalaica.it\/cms\/quando-la-scienza-e-cosa-buona-e-giusta\/\"},\"author\":{\"name\":\"alexjc\",\"@id\":\"https:\/\/www.civiltalaica.it\/cms\/#\/schema\/person\/4efef56f866329a1e0943eb27336df1d\"},\"headline\":\"Quando la scienza \u00e8 cosa buona e giusta\",\"datePublished\":\"2011-07-24T14:40:23+00:00\",\"mainEntityOfPage\":{\"@id\":\"https:\/\/www.civiltalaica.it\/cms\/quando-la-scienza-e-cosa-buona-e-giusta\/\"},\"wordCount\":492,\"keywords\":[\"alessandro chiometti\",\"martiri cristiani\",\"radiocarbonio\",\"Scienza\"],\"articleSection\":[\"articoli\",\"in evidenza\",\"scienza\"],\"inLanguage\":\"it-IT\"},{\"@type\":\"WebPage\",\"@id\":\"https:\/\/www.civiltalaica.it\/cms\/quando-la-scienza-e-cosa-buona-e-giusta\/\",\"url\":\"https:\/\/www.civiltalaica.it\/cms\/quando-la-scienza-e-cosa-buona-e-giusta\/\",\"name\":\"Quando la scienza \u00e8 cosa buona e giusta - Associazione Culturale Civilt\u00e0 Laica\",\"isPartOf\":{\"@id\":\"https:\/\/www.civiltalaica.it\/cms\/#website\"},\"datePublished\":\"2011-07-24T14:40:23+00:00\",\"author\":{\"@id\":\"https:\/\/www.civiltalaica.it\/cms\/#\/schema\/person\/4efef56f866329a1e0943eb27336df1d\"},\"breadcrumb\":{\"@id\":\"https:\/\/www.civiltalaica.it\/cms\/quando-la-scienza-e-cosa-buona-e-giusta\/#breadcrumb\"},\"inLanguage\":\"it-IT\",\"potentialAction\":[{\"@type\":\"ReadAction\",\"target\":[\"https:\/\/www.civiltalaica.it\/cms\/quando-la-scienza-e-cosa-buona-e-giusta\/\"]}]},{\"@type\":\"BreadcrumbList\",\"@id\":\"https:\/\/www.civiltalaica.it\/cms\/quando-la-scienza-e-cosa-buona-e-giusta\/#breadcrumb\",\"itemListElement\":[{\"@type\":\"ListItem\",\"position\":1,\"name\":\"Home\",\"item\":\"https:\/\/www.civiltalaica.it\/cms\/\"},{\"@type\":\"ListItem\",\"position\":2,\"name\":\"Quando la scienza \u00e8 cosa buona e giusta\"}]},{\"@type\":\"WebSite\",\"@id\":\"https:\/\/www.civiltalaica.it\/cms\/#website\",\"url\":\"https:\/\/www.civiltalaica.it\/cms\/\",\"name\":\"Associazione Culturale Civilt\u00e0 Laica\",\"description\":\"Per un movimento culturale volto a difendere la Laicit\u00e0 dello Stato.\",\"potentialAction\":[{\"@type\":\"SearchAction\",\"target\":{\"@type\":\"EntryPoint\",\"urlTemplate\":\"https:\/\/www.civiltalaica.it\/cms\/?s={search_term_string}\"},\"query-input\":{\"@type\":\"PropertyValueSpecification\",\"valueRequired\":true,\"valueName\":\"search_term_string\"}}],\"inLanguage\":\"it-IT\"},{\"@type\":\"Person\",\"@id\":\"https:\/\/www.civiltalaica.it\/cms\/#\/schema\/person\/4efef56f866329a1e0943eb27336df1d\",\"name\":\"alexjc\",\"url\":\"https:\/\/www.civiltalaica.it\/cms\/author\/alexjc\/\"}]}<\/script>\n<!-- \/ Yoast SEO plugin. -->","yoast_head_json":{"title":"Quando la scienza \u00e8 cosa buona e giusta  - Associazione Culturale Civilt\u00e0 Laica","robots":{"index":"index","follow":"follow","max-snippet":"max-snippet:-1","max-image-preview":"max-image-preview:large","max-video-preview":"max-video-preview:-1"},"canonical":"https:\/\/www.civiltalaica.it\/cms\/quando-la-scienza-e-cosa-buona-e-giusta\/","og_locale":"it_IT","og_type":"article","og_title":"Quando la scienza \u00e8 cosa buona e giusta  - Associazione Culturale Civilt\u00e0 Laica","og_description":"La notizia \u00e8 riportata sul National Geographic Italia di giugno 2011. Gli esami scientifici sui resti dei martiri cristiani Crisanto e Daria, conservati nella cripta del duomo di Reggio Emilia, danno risultati compatibili con la tradizione che li vuole martirizzati come \u201csepolti vivi\u201d a Roma nel 283 DC a causa della loro attivit\u00e0 evangelizzatrice. Il [&hellip;]","og_url":"https:\/\/www.civiltalaica.it\/cms\/quando-la-scienza-e-cosa-buona-e-giusta\/","og_site_name":"Associazione Culturale Civilt\u00e0 Laica","article_publisher":"https:\/\/www.facebook.com\/civiltalaica","article_published_time":"2011-07-24T14:40:23+00:00","og_image":[{"width":400,"height":180,"url":"https:\/\/www.civiltalaica.it\/cms\/wp-content\/uploads\/2017\/06\/logo-cl.png","type":"image\/png"}],"author":"alexjc","twitter_card":"summary_large_image","twitter_misc":{"Scritto da":"alexjc","Tempo di lettura stimato":"2 minuti"},"schema":{"@context":"https:\/\/schema.org","@graph":[{"@type":"Article","@id":"https:\/\/www.civiltalaica.it\/cms\/quando-la-scienza-e-cosa-buona-e-giusta\/#article","isPartOf":{"@id":"https:\/\/www.civiltalaica.it\/cms\/quando-la-scienza-e-cosa-buona-e-giusta\/"},"author":{"name":"alexjc","@id":"https:\/\/www.civiltalaica.it\/cms\/#\/schema\/person\/4efef56f866329a1e0943eb27336df1d"},"headline":"Quando la scienza \u00e8 cosa buona e giusta","datePublished":"2011-07-24T14:40:23+00:00","mainEntityOfPage":{"@id":"https:\/\/www.civiltalaica.it\/cms\/quando-la-scienza-e-cosa-buona-e-giusta\/"},"wordCount":492,"keywords":["alessandro chiometti","martiri cristiani","radiocarbonio","Scienza"],"articleSection":["articoli","in evidenza","scienza"],"inLanguage":"it-IT"},{"@type":"WebPage","@id":"https:\/\/www.civiltalaica.it\/cms\/quando-la-scienza-e-cosa-buona-e-giusta\/","url":"https:\/\/www.civiltalaica.it\/cms\/quando-la-scienza-e-cosa-buona-e-giusta\/","name":"Quando la scienza \u00e8 cosa buona e giusta - Associazione Culturale Civilt\u00e0 Laica","isPartOf":{"@id":"https:\/\/www.civiltalaica.it\/cms\/#website"},"datePublished":"2011-07-24T14:40:23+00:00","author":{"@id":"https:\/\/www.civiltalaica.it\/cms\/#\/schema\/person\/4efef56f866329a1e0943eb27336df1d"},"breadcrumb":{"@id":"https:\/\/www.civiltalaica.it\/cms\/quando-la-scienza-e-cosa-buona-e-giusta\/#breadcrumb"},"inLanguage":"it-IT","potentialAction":[{"@type":"ReadAction","target":["https:\/\/www.civiltalaica.it\/cms\/quando-la-scienza-e-cosa-buona-e-giusta\/"]}]},{"@type":"BreadcrumbList","@id":"https:\/\/www.civiltalaica.it\/cms\/quando-la-scienza-e-cosa-buona-e-giusta\/#breadcrumb","itemListElement":[{"@type":"ListItem","position":1,"name":"Home","item":"https:\/\/www.civiltalaica.it\/cms\/"},{"@type":"ListItem","position":2,"name":"Quando la scienza \u00e8 cosa buona e giusta"}]},{"@type":"WebSite","@id":"https:\/\/www.civiltalaica.it\/cms\/#website","url":"https:\/\/www.civiltalaica.it\/cms\/","name":"Associazione Culturale Civilt\u00e0 Laica","description":"Per un movimento culturale volto a difendere la Laicit\u00e0 dello Stato.","potentialAction":[{"@type":"SearchAction","target":{"@type":"EntryPoint","urlTemplate":"https:\/\/www.civiltalaica.it\/cms\/?s={search_term_string}"},"query-input":{"@type":"PropertyValueSpecification","valueRequired":true,"valueName":"search_term_string"}}],"inLanguage":"it-IT"},{"@type":"Person","@id":"https:\/\/www.civiltalaica.it\/cms\/#\/schema\/person\/4efef56f866329a1e0943eb27336df1d","name":"alexjc","url":"https:\/\/www.civiltalaica.it\/cms\/author\/alexjc\/"}]}},"_links":{"self":[{"href":"https:\/\/www.civiltalaica.it\/cms\/wp-json\/wp\/v2\/posts\/9842","targetHints":{"allow":["GET"]}}],"collection":[{"href":"https:\/\/www.civiltalaica.it\/cms\/wp-json\/wp\/v2\/posts"}],"about":[{"href":"https:\/\/www.civiltalaica.it\/cms\/wp-json\/wp\/v2\/types\/post"}],"author":[{"embeddable":true,"href":"https:\/\/www.civiltalaica.it\/cms\/wp-json\/wp\/v2\/users\/7"}],"replies":[{"embeddable":true,"href":"https:\/\/www.civiltalaica.it\/cms\/wp-json\/wp\/v2\/comments?post=9842"}],"version-history":[{"count":0,"href":"https:\/\/www.civiltalaica.it\/cms\/wp-json\/wp\/v2\/posts\/9842\/revisions"}],"wp:attachment":[{"href":"https:\/\/www.civiltalaica.it\/cms\/wp-json\/wp\/v2\/media?parent=9842"}],"wp:term":[{"taxonomy":"category","embeddable":true,"href":"https:\/\/www.civiltalaica.it\/cms\/wp-json\/wp\/v2\/categories?post=9842"},{"taxonomy":"post_tag","embeddable":true,"href":"https:\/\/www.civiltalaica.it\/cms\/wp-json\/wp\/v2\/tags?post=9842"}],"curies":[{"name":"wp","href":"https:\/\/api.w.org\/{rel}","templated":true}]}}