{"id":9765,"date":"2011-03-19T15:41:00","date_gmt":"2011-03-19T15:41:00","guid":{"rendered":"http:\/\/www.civiltalaica.it\/cms\/index.php\/la-sentenza-sentenzia-leuropa-non-ci-salvera.html"},"modified":"2011-10-04T11:58:47","modified_gmt":"2011-10-04T11:58:47","slug":"la-sentenza-sentenzia-leuropa-non-ci-salvera","status":"publish","type":"post","link":"https:\/\/www.civiltalaica.it\/cms\/la-sentenza-sentenzia-leuropa-non-ci-salvera\/","title":{"rendered":"La sentenza sentenzia: l&#8217;Europa non ci salver\u00e0"},"content":{"rendered":"<p>Noi che speravamo nell&#8217;Europa siamo costretti a fare i conti con la dura realt\u00e0: l&#8217;Europa, fondamentalmente, se ne frega del nostro paese.<br \/>\nLa sentenza definitiva di Strasburgo coglie impreparati i laici che al massimo si aspettavano una soluzione cerchiobottista che pur confermando l&#8217;impianto del primo grado (passato all&#8217;unanimit\u00e0, ricordiamocelo) trovasse una soluzione che permetteva all&#8217;Italia di cavarsela senza pagar dazio.<br \/>\nInvece si \u00e8 avuta una sentenza che ribalta in modo totale il primo grado della CEDU e riconosce come valide le argomentazioni dello stato italiano (tranne una quella sul significato culturale e non religioso del crocifisso) dicendo che: \u00abla decisione di perpetuare o meno una tradizione dipende dal margine di discrezionalit\u00e0 degli Stati convenuti\u00bb e che \u00aba Corte considera che non \u00e8 suo compito prendere posizione in un dibattito tra giurisdizioni interne\u00bb.<!--more--><br \/>\n<span style=\"font-family: Tahoma,sans-serif;\"><img decoding=\"async\" style=\"width: 400px; height: 328px;\" src=\"http:\/\/2.bp.blogspot.com\/_TluBe0EO0z0\/S9Fn-vHgvXI\/AAAAAAAACXA\/bXCjfiFTCNQ\/s1600\/SINCRETISMO1+-+base.jpg\" alt=\"\" \/><\/span><\/p>\n<p>Il discorso dirimente infine \u00e8 che quel simbolo (macabro) appeso sulle mura scolastiche non influenza gli studenti e non toglie la possibilit\u00e0 ai loro genitori di educarli come meglio ritengono opportuno.<\/p>\n<p>La sentenza dice anche che la discriminazione religiosa in questo caso non c&#8217;entra perch\u00e9, in buona sostanza, l&#8217;insegnamento di quella religione non \u00e8 obbligatorio, perch\u00e9 nessuno vieta ai ragazzi di portare altri simboli religiosi, e perch\u00e9 in alcune scuole si festeggia la fine del ramadan (quali non \u00e8 dato sapere dalla sentenza).<\/p>\n<p>Se l&#8217;impressione che avete \u00e8 quella che, di fatto, l&#8217;Europa \u201cse ne lava le mani\u201d del nostro paese dovreste prima domandarvi cosa vi sareste dovuti aspettare dopo le reazioni isteriche che hanno accomunato destra, sinistra e istituzioni unificando, come quasi mai accade, questo paese. Ed un altra domanda che dovreste porvi, voi laici, \u00e8 \u201cma a noi chi ci rappresenta?\u201d<\/p>\n<p>Alcune considerazioni pratiche, senza aspettare gli addetti ai lavori che analizzeranno a fondo la questione.<\/p>\n<p>Le folcloristiche sentenze italiane che arrivavano a dire che il crocifisso \u00e8 un simbolo di laicit\u00e0 sono nei fatti superate e da riformulare, in quanto la CEDU riconosce che il significato prominente del (macabro) simbolo \u00e8 quello religioso.<\/p>\n<p>La CEDU stabilisce che i simboli appesi non influenzano l&#8217;istruzione degli alunni; quindi innanzitutto chiediamo scusa al sindaco di Adro (maltrattato da destra e sinistra) e riposizioniamo al loro posto i \u201csoli delle Alpi\u201d in quanto \u00e8 innegabile che sono rappresentativi della cultura e delle tradizioni di quelle terre. Altrove sbizzarritevi: falci e martello, celtiche, simboli fallici&#8230;<\/p>\n<p>Inoltre, dato che la sentenza conferma che non pu\u00f2 essere vietato \u00abindossare tenute a connotazione religiosa\u00bb un consiglio a tutti gli studenti atei e agnostici, andate a scuola con abiti che vi caratterizzino. Parafrasando la campagna UAAR un bel \u201cDIO NON ESISTE E NON NE HAI BISOGNO\u201d sulla vostra felpa\/maglietta far\u00e0 rispettare i vostri diritti (croci e mezzelune si, scritte filosofiche no? Ci sarebbe da ridere&#8230;).<\/p>\n<p>Infine un ultima riflessione: come testimonia il rammarico di \u201cNoi siamo chiesa\u201d verso questa sentenza, il cattolicesimo italico ha perso un&#8217;altra buona occasione per diventare adulto. Quale autorevolezza ha una Chiesa che spende tutte le sue energie diplomatiche per far salvo un macabro feticcio sul muro invece che per convincere l&#8217;Europa, tanto per fare un esempio banale, ad aumentare la quota da destinare allo sviluppo dei paesi poveri?<\/p>\n<p>Zero. O gi\u00f9 di li. I risultati, cari i miei cattolici, sono sotto gli occhi di tutti.<\/p>\n<p>Alessandro Chiometti<\/p>\n","protected":false},"excerpt":{"rendered":"<p>Noi che speravamo nell&#8217;Europa siamo costretti a fare i conti con la dura realt\u00e0: l&#8217;Europa, fondamentalmente, se ne frega del nostro paese. La sentenza definitiva di Strasburgo coglie impreparati i laici che al massimo si aspettavano una soluzione cerchiobottista che pur confermando l&#8217;impianto del primo grado (passato all&#8217;unanimit\u00e0, ricordiamocelo) trovasse una soluzione che permetteva all&#8217;Italia [&hellip;]<\/p>\n","protected":false},"author":7,"featured_media":0,"comment_status":"closed","ping_status":"closed","sticky":false,"template":"","format":"standard","meta":{"footnotes":""},"categories":[228],"tags":[79,749,562,563,564,746,891],"class_list":["post-9765","post","type-post","status-publish","format-standard","hentry","category-blog","tag-alessandro-chiometti","tag-cedu","tag-crocifissi","tag-crocifissi-in-classe","tag-crocifissi-nei-luoghi-pubblici","tag-crocifisso","tag-strasburgo"],"yoast_head":"<!-- This site is optimized with the Yoast SEO plugin v27.1.1 - https:\/\/yoast.com\/product\/yoast-seo-wordpress\/ -->\n<title>La sentenza sentenzia: l&#039;Europa non ci salver\u00e0 - Associazione Culturale Civilt\u00e0 Laica<\/title>\n<meta name=\"robots\" content=\"index, follow, max-snippet:-1, max-image-preview:large, max-video-preview:-1\" \/>\n<link rel=\"canonical\" href=\"https:\/\/www.civiltalaica.it\/cms\/la-sentenza-sentenzia-leuropa-non-ci-salvera\/\" \/>\n<meta property=\"og:locale\" content=\"it_IT\" \/>\n<meta property=\"og:type\" content=\"article\" \/>\n<meta property=\"og:title\" content=\"La sentenza sentenzia: l&#039;Europa non ci salver\u00e0 - Associazione Culturale Civilt\u00e0 Laica\" \/>\n<meta property=\"og:description\" content=\"Noi che speravamo nell&#8217;Europa siamo costretti a fare i conti con la dura realt\u00e0: l&#8217;Europa, fondamentalmente, se ne frega del nostro paese. La sentenza definitiva di Strasburgo coglie impreparati i laici che al massimo si aspettavano una soluzione cerchiobottista che pur confermando l&#8217;impianto del primo grado (passato all&#8217;unanimit\u00e0, ricordiamocelo) trovasse una soluzione che permetteva all&#8217;Italia [&hellip;]\" \/>\n<meta property=\"og:url\" content=\"https:\/\/www.civiltalaica.it\/cms\/la-sentenza-sentenzia-leuropa-non-ci-salvera\/\" \/>\n<meta property=\"og:site_name\" content=\"Associazione Culturale Civilt\u00e0 Laica\" \/>\n<meta property=\"article:publisher\" content=\"https:\/\/www.facebook.com\/civiltalaica\" \/>\n<meta property=\"article:published_time\" content=\"2011-03-19T15:41:00+00:00\" \/>\n<meta property=\"article:modified_time\" content=\"2011-10-04T11:58:47+00:00\" \/>\n<meta property=\"og:image\" content=\"http:\/\/2.bp.blogspot.com\/_TluBe0EO0z0\/S9Fn-vHgvXI\/AAAAAAAACXA\/bXCjfiFTCNQ\/s1600\/SINCRETISMO1+-+base.jpg\" \/>\n<meta name=\"author\" content=\"alexjc\" \/>\n<meta name=\"twitter:card\" content=\"summary_large_image\" \/>\n<meta name=\"twitter:label1\" content=\"Scritto da\" \/>\n\t<meta name=\"twitter:data1\" content=\"alexjc\" \/>\n\t<meta name=\"twitter:label2\" content=\"Tempo di lettura stimato\" \/>\n\t<meta name=\"twitter:data2\" content=\"3 minuti\" \/>\n<script type=\"application\/ld+json\" class=\"yoast-schema-graph\">{\"@context\":\"https:\/\/schema.org\",\"@graph\":[{\"@type\":\"Article\",\"@id\":\"https:\/\/www.civiltalaica.it\/cms\/la-sentenza-sentenzia-leuropa-non-ci-salvera\/#article\",\"isPartOf\":{\"@id\":\"https:\/\/www.civiltalaica.it\/cms\/la-sentenza-sentenzia-leuropa-non-ci-salvera\/\"},\"author\":{\"name\":\"alexjc\",\"@id\":\"https:\/\/www.civiltalaica.it\/cms\/#\/schema\/person\/4efef56f866329a1e0943eb27336df1d\"},\"headline\":\"La sentenza sentenzia: l&#8217;Europa non ci salver\u00e0\",\"datePublished\":\"2011-03-19T15:41:00+00:00\",\"dateModified\":\"2011-10-04T11:58:47+00:00\",\"mainEntityOfPage\":{\"@id\":\"https:\/\/www.civiltalaica.it\/cms\/la-sentenza-sentenzia-leuropa-non-ci-salvera\/\"},\"wordCount\":536,\"image\":{\"@id\":\"https:\/\/www.civiltalaica.it\/cms\/la-sentenza-sentenzia-leuropa-non-ci-salvera\/#primaryimage\"},\"thumbnailUrl\":\"http:\/\/2.bp.blogspot.com\/_TluBe0EO0z0\/S9Fn-vHgvXI\/AAAAAAAACXA\/bXCjfiFTCNQ\/s1600\/SINCRETISMO1+-+base.jpg\",\"keywords\":[\"alessandro chiometti\",\"cedu\",\"crocifissi\",\"crocifissi in classe\",\"crocifissi nei luoghi pubblici\",\"crocifisso\",\"strasburgo\"],\"articleSection\":[\"blog\"],\"inLanguage\":\"it-IT\"},{\"@type\":\"WebPage\",\"@id\":\"https:\/\/www.civiltalaica.it\/cms\/la-sentenza-sentenzia-leuropa-non-ci-salvera\/\",\"url\":\"https:\/\/www.civiltalaica.it\/cms\/la-sentenza-sentenzia-leuropa-non-ci-salvera\/\",\"name\":\"La sentenza sentenzia: l'Europa non ci salver\u00e0 - Associazione Culturale Civilt\u00e0 Laica\",\"isPartOf\":{\"@id\":\"https:\/\/www.civiltalaica.it\/cms\/#website\"},\"primaryImageOfPage\":{\"@id\":\"https:\/\/www.civiltalaica.it\/cms\/la-sentenza-sentenzia-leuropa-non-ci-salvera\/#primaryimage\"},\"image\":{\"@id\":\"https:\/\/www.civiltalaica.it\/cms\/la-sentenza-sentenzia-leuropa-non-ci-salvera\/#primaryimage\"},\"thumbnailUrl\":\"http:\/\/2.bp.blogspot.com\/_TluBe0EO0z0\/S9Fn-vHgvXI\/AAAAAAAACXA\/bXCjfiFTCNQ\/s1600\/SINCRETISMO1+-+base.jpg\",\"datePublished\":\"2011-03-19T15:41:00+00:00\",\"dateModified\":\"2011-10-04T11:58:47+00:00\",\"author\":{\"@id\":\"https:\/\/www.civiltalaica.it\/cms\/#\/schema\/person\/4efef56f866329a1e0943eb27336df1d\"},\"breadcrumb\":{\"@id\":\"https:\/\/www.civiltalaica.it\/cms\/la-sentenza-sentenzia-leuropa-non-ci-salvera\/#breadcrumb\"},\"inLanguage\":\"it-IT\",\"potentialAction\":[{\"@type\":\"ReadAction\",\"target\":[\"https:\/\/www.civiltalaica.it\/cms\/la-sentenza-sentenzia-leuropa-non-ci-salvera\/\"]}]},{\"@type\":\"ImageObject\",\"inLanguage\":\"it-IT\",\"@id\":\"https:\/\/www.civiltalaica.it\/cms\/la-sentenza-sentenzia-leuropa-non-ci-salvera\/#primaryimage\",\"url\":\"http:\/\/2.bp.blogspot.com\/_TluBe0EO0z0\/S9Fn-vHgvXI\/AAAAAAAACXA\/bXCjfiFTCNQ\/s1600\/SINCRETISMO1+-+base.jpg\",\"contentUrl\":\"http:\/\/2.bp.blogspot.com\/_TluBe0EO0z0\/S9Fn-vHgvXI\/AAAAAAAACXA\/bXCjfiFTCNQ\/s1600\/SINCRETISMO1+-+base.jpg\"},{\"@type\":\"BreadcrumbList\",\"@id\":\"https:\/\/www.civiltalaica.it\/cms\/la-sentenza-sentenzia-leuropa-non-ci-salvera\/#breadcrumb\",\"itemListElement\":[{\"@type\":\"ListItem\",\"position\":1,\"name\":\"Home\",\"item\":\"https:\/\/www.civiltalaica.it\/cms\/\"},{\"@type\":\"ListItem\",\"position\":2,\"name\":\"La sentenza sentenzia: l&#8217;Europa non ci salver\u00e0\"}]},{\"@type\":\"WebSite\",\"@id\":\"https:\/\/www.civiltalaica.it\/cms\/#website\",\"url\":\"https:\/\/www.civiltalaica.it\/cms\/\",\"name\":\"Associazione Culturale Civilt\u00e0 Laica\",\"description\":\"Per un movimento culturale volto a difendere la Laicit\u00e0 dello Stato.\",\"potentialAction\":[{\"@type\":\"SearchAction\",\"target\":{\"@type\":\"EntryPoint\",\"urlTemplate\":\"https:\/\/www.civiltalaica.it\/cms\/?s={search_term_string}\"},\"query-input\":{\"@type\":\"PropertyValueSpecification\",\"valueRequired\":true,\"valueName\":\"search_term_string\"}}],\"inLanguage\":\"it-IT\"},{\"@type\":\"Person\",\"@id\":\"https:\/\/www.civiltalaica.it\/cms\/#\/schema\/person\/4efef56f866329a1e0943eb27336df1d\",\"name\":\"alexjc\",\"url\":\"https:\/\/www.civiltalaica.it\/cms\/author\/alexjc\/\"}]}<\/script>\n<!-- \/ Yoast SEO plugin. -->","yoast_head_json":{"title":"La sentenza sentenzia: l'Europa non ci salver\u00e0 - Associazione Culturale Civilt\u00e0 Laica","robots":{"index":"index","follow":"follow","max-snippet":"max-snippet:-1","max-image-preview":"max-image-preview:large","max-video-preview":"max-video-preview:-1"},"canonical":"https:\/\/www.civiltalaica.it\/cms\/la-sentenza-sentenzia-leuropa-non-ci-salvera\/","og_locale":"it_IT","og_type":"article","og_title":"La sentenza sentenzia: l'Europa non ci salver\u00e0 - Associazione Culturale Civilt\u00e0 Laica","og_description":"Noi che speravamo nell&#8217;Europa siamo costretti a fare i conti con la dura realt\u00e0: l&#8217;Europa, fondamentalmente, se ne frega del nostro paese. La sentenza definitiva di Strasburgo coglie impreparati i laici che al massimo si aspettavano una soluzione cerchiobottista che pur confermando l&#8217;impianto del primo grado (passato all&#8217;unanimit\u00e0, ricordiamocelo) trovasse una soluzione che permetteva all&#8217;Italia [&hellip;]","og_url":"https:\/\/www.civiltalaica.it\/cms\/la-sentenza-sentenzia-leuropa-non-ci-salvera\/","og_site_name":"Associazione Culturale Civilt\u00e0 Laica","article_publisher":"https:\/\/www.facebook.com\/civiltalaica","article_published_time":"2011-03-19T15:41:00+00:00","article_modified_time":"2011-10-04T11:58:47+00:00","og_image":[{"url":"http:\/\/2.bp.blogspot.com\/_TluBe0EO0z0\/S9Fn-vHgvXI\/AAAAAAAACXA\/bXCjfiFTCNQ\/s1600\/SINCRETISMO1+-+base.jpg","type":"","width":"","height":""}],"author":"alexjc","twitter_card":"summary_large_image","twitter_misc":{"Scritto da":"alexjc","Tempo di lettura stimato":"3 minuti"},"schema":{"@context":"https:\/\/schema.org","@graph":[{"@type":"Article","@id":"https:\/\/www.civiltalaica.it\/cms\/la-sentenza-sentenzia-leuropa-non-ci-salvera\/#article","isPartOf":{"@id":"https:\/\/www.civiltalaica.it\/cms\/la-sentenza-sentenzia-leuropa-non-ci-salvera\/"},"author":{"name":"alexjc","@id":"https:\/\/www.civiltalaica.it\/cms\/#\/schema\/person\/4efef56f866329a1e0943eb27336df1d"},"headline":"La sentenza sentenzia: l&#8217;Europa non ci salver\u00e0","datePublished":"2011-03-19T15:41:00+00:00","dateModified":"2011-10-04T11:58:47+00:00","mainEntityOfPage":{"@id":"https:\/\/www.civiltalaica.it\/cms\/la-sentenza-sentenzia-leuropa-non-ci-salvera\/"},"wordCount":536,"image":{"@id":"https:\/\/www.civiltalaica.it\/cms\/la-sentenza-sentenzia-leuropa-non-ci-salvera\/#primaryimage"},"thumbnailUrl":"http:\/\/2.bp.blogspot.com\/_TluBe0EO0z0\/S9Fn-vHgvXI\/AAAAAAAACXA\/bXCjfiFTCNQ\/s1600\/SINCRETISMO1+-+base.jpg","keywords":["alessandro chiometti","cedu","crocifissi","crocifissi in classe","crocifissi nei luoghi pubblici","crocifisso","strasburgo"],"articleSection":["blog"],"inLanguage":"it-IT"},{"@type":"WebPage","@id":"https:\/\/www.civiltalaica.it\/cms\/la-sentenza-sentenzia-leuropa-non-ci-salvera\/","url":"https:\/\/www.civiltalaica.it\/cms\/la-sentenza-sentenzia-leuropa-non-ci-salvera\/","name":"La sentenza sentenzia: l'Europa non ci salver\u00e0 - Associazione Culturale Civilt\u00e0 Laica","isPartOf":{"@id":"https:\/\/www.civiltalaica.it\/cms\/#website"},"primaryImageOfPage":{"@id":"https:\/\/www.civiltalaica.it\/cms\/la-sentenza-sentenzia-leuropa-non-ci-salvera\/#primaryimage"},"image":{"@id":"https:\/\/www.civiltalaica.it\/cms\/la-sentenza-sentenzia-leuropa-non-ci-salvera\/#primaryimage"},"thumbnailUrl":"http:\/\/2.bp.blogspot.com\/_TluBe0EO0z0\/S9Fn-vHgvXI\/AAAAAAAACXA\/bXCjfiFTCNQ\/s1600\/SINCRETISMO1+-+base.jpg","datePublished":"2011-03-19T15:41:00+00:00","dateModified":"2011-10-04T11:58:47+00:00","author":{"@id":"https:\/\/www.civiltalaica.it\/cms\/#\/schema\/person\/4efef56f866329a1e0943eb27336df1d"},"breadcrumb":{"@id":"https:\/\/www.civiltalaica.it\/cms\/la-sentenza-sentenzia-leuropa-non-ci-salvera\/#breadcrumb"},"inLanguage":"it-IT","potentialAction":[{"@type":"ReadAction","target":["https:\/\/www.civiltalaica.it\/cms\/la-sentenza-sentenzia-leuropa-non-ci-salvera\/"]}]},{"@type":"ImageObject","inLanguage":"it-IT","@id":"https:\/\/www.civiltalaica.it\/cms\/la-sentenza-sentenzia-leuropa-non-ci-salvera\/#primaryimage","url":"http:\/\/2.bp.blogspot.com\/_TluBe0EO0z0\/S9Fn-vHgvXI\/AAAAAAAACXA\/bXCjfiFTCNQ\/s1600\/SINCRETISMO1+-+base.jpg","contentUrl":"http:\/\/2.bp.blogspot.com\/_TluBe0EO0z0\/S9Fn-vHgvXI\/AAAAAAAACXA\/bXCjfiFTCNQ\/s1600\/SINCRETISMO1+-+base.jpg"},{"@type":"BreadcrumbList","@id":"https:\/\/www.civiltalaica.it\/cms\/la-sentenza-sentenzia-leuropa-non-ci-salvera\/#breadcrumb","itemListElement":[{"@type":"ListItem","position":1,"name":"Home","item":"https:\/\/www.civiltalaica.it\/cms\/"},{"@type":"ListItem","position":2,"name":"La sentenza sentenzia: l&#8217;Europa non ci salver\u00e0"}]},{"@type":"WebSite","@id":"https:\/\/www.civiltalaica.it\/cms\/#website","url":"https:\/\/www.civiltalaica.it\/cms\/","name":"Associazione Culturale Civilt\u00e0 Laica","description":"Per un movimento culturale volto a difendere la Laicit\u00e0 dello Stato.","potentialAction":[{"@type":"SearchAction","target":{"@type":"EntryPoint","urlTemplate":"https:\/\/www.civiltalaica.it\/cms\/?s={search_term_string}"},"query-input":{"@type":"PropertyValueSpecification","valueRequired":true,"valueName":"search_term_string"}}],"inLanguage":"it-IT"},{"@type":"Person","@id":"https:\/\/www.civiltalaica.it\/cms\/#\/schema\/person\/4efef56f866329a1e0943eb27336df1d","name":"alexjc","url":"https:\/\/www.civiltalaica.it\/cms\/author\/alexjc\/"}]}},"_links":{"self":[{"href":"https:\/\/www.civiltalaica.it\/cms\/wp-json\/wp\/v2\/posts\/9765","targetHints":{"allow":["GET"]}}],"collection":[{"href":"https:\/\/www.civiltalaica.it\/cms\/wp-json\/wp\/v2\/posts"}],"about":[{"href":"https:\/\/www.civiltalaica.it\/cms\/wp-json\/wp\/v2\/types\/post"}],"author":[{"embeddable":true,"href":"https:\/\/www.civiltalaica.it\/cms\/wp-json\/wp\/v2\/users\/7"}],"replies":[{"embeddable":true,"href":"https:\/\/www.civiltalaica.it\/cms\/wp-json\/wp\/v2\/comments?post=9765"}],"version-history":[{"count":0,"href":"https:\/\/www.civiltalaica.it\/cms\/wp-json\/wp\/v2\/posts\/9765\/revisions"}],"wp:attachment":[{"href":"https:\/\/www.civiltalaica.it\/cms\/wp-json\/wp\/v2\/media?parent=9765"}],"wp:term":[{"taxonomy":"category","embeddable":true,"href":"https:\/\/www.civiltalaica.it\/cms\/wp-json\/wp\/v2\/categories?post=9765"},{"taxonomy":"post_tag","embeddable":true,"href":"https:\/\/www.civiltalaica.it\/cms\/wp-json\/wp\/v2\/tags?post=9765"}],"curies":[{"name":"wp","href":"https:\/\/api.w.org\/{rel}","templated":true}]}}