{"id":9764,"date":"2011-03-19T01:07:00","date_gmt":"2011-03-19T01:07:00","guid":{"rendered":"http:\/\/www.civiltalaica.it\/cms\/index.php\/or-che-a-messa-sono-stato-gia-mi-sento-laureato.html"},"modified":"2011-10-04T12:05:26","modified_gmt":"2011-10-04T12:05:26","slug":"or-che-a-messa-sono-stato-gia-mi-sento-laureato","status":"publish","type":"post","link":"https:\/\/www.civiltalaica.it\/cms\/or-che-a-messa-sono-stato-gia-mi-sento-laureato\/","title":{"rendered":"OR CHE A MESSA SONO STATO, GI\u00c0 MI SENTO LAUREATO!"},"content":{"rendered":"<p>In questi tempi scanditi dall\u2019insicurezza e dall\u2019angoscia esistenziale, l\u2019individuo, soprattutto nei momenti in cui deve fare una scelta determinante per il suo futuro, \u00e8 comprensibilmente assalito dal timore e tremore di cui parlava il Filosofo cristiano Kierkegaard.<\/p>\n<p>Tuttavia, questo individuo turbato e confuso, in procinto di smarrirsi, pu\u00f2 avere la fortuna, soprattutto in Italia, di incontrare sulla sua strada Nostra Madre Chiesa.<\/p>\n<p>Ella in virt\u00f9 della bimillenaria sapienza accumulata, \u00e8 non solo consapevole di questo umano dramma, ma \u00e8 anche in grado di intervenire in maniera oculata e fattiva, come ha dimostrato pure il 14 di Marzo dell\u2019Anno del Signore 2011.<\/p>\n<p>1) \u201cUn prato sterminato, un mare di fango, 5000 ragazzi.<br \/>\nNo, non \u00e8 Woodstock, ma il santuario del Divino Amore, a Roma.<!--more--><br \/>\n\u2026 E no, non \u00e8 nemmeno la giornata mondiale della giovent\u00f9 promossa dal Vaticano, ma un appuntamento organizzato dall\u2019ufficio scolastico regionale col vicariato di Roma per orientare i maturandi di tutte le scuole del Lazio (pubbliche e private) alla scelta universitaria\u201d [1].<br \/>\nPure il Ministero ha fatto la Sua parte, comunicando a tutti i Dirigenti Scolastici che il luogo non era stato scelto a caso, bens\u00ec perch\u00e9:<br \/>\n\u201c\u2026 il santuario del Divino Amore \u00e8 meta tradizionale di pellegrinaggi che si svolgono soprattutto di notte \u2026<br \/>\nIl pellegrinaggio, lungo cammino attraverso la notte, \u00e8 evocativo di un messaggio simbolico per i nostri giovani: la vita che viviamo e che costruiamo incontra momenti di buio e sforzo, soprattutto quando si affrontano scelte importanti\u201d [2].<br \/>\nLetteralmente rapiti da questo periodare poetico, giubilanti per questo lessico cos\u00ec diverso da quello arido e burocratico, che solitamente farcisce la ministerial prosa, non ci saremmo stupiti se fosse stato citato, anche per rimanere in tema, il Divin Poeta:<\/p>\n<p>\u201cNel mezzo del cammin di nostra vita<br \/>\nmi ritrovai per una selva oscura,<br \/>\nch\u00e9 la diritta via era smarrita\u201d.<\/p>\n<p>In compenso, il Ministero ha scritto che:<br \/>\n\u201c\u2026 le istituzioni scolastiche, nella loro autonomia (ma come \u00e8 liberale \u2019sto Ministero!; NdA), valutino l\u2019opportunit\u00e0 di riconoscere la partecipazione degli studenti come credito formativo\u201d [3].<\/p>\n<p><img decoding=\"async\" style=\"width: 350px; height: 340px;\" src=\"http:\/\/beataignoranza.files.wordpress.com\/2009\/04\/pinocchio_vauro.gif\" alt=\"\" \/><\/p>\n<p>2) Essendo Nostra Madre Chiesa per Sua natura ecumenica, erano presentate:<br \/>\n\u201cInsieme alle universit\u00e0 pubbliche (anche se i cartoni di d\u00e9pliant della Sapienza erano quasi tutti chiusi) quelle private.<br \/>\nIn prima fila, naturalmente, la Luiss.<br \/>\nPoi, l\u2019universit\u00e0 lateranense, la Cattolica, la pontificia salesiana, la pontificia auxilium, il campus bio-medico.<br \/>\nPrivate battevano pubbliche almeno 6 a 3.<br \/>\nVicino un\u2019altra sola struttura, per la pastorale universitaria.<br \/>\nNessuna informazione sull\u2019ente per il diritto allo studio o su altre associazioni studentesche\u201d [4].<br \/>\nEssendo l\u2019Italia il \u201cPaese della sana laicit\u00e0 \u201d, non poteva mancare:<br \/>\n\u201c\u2026 la celebrazione della messa, presieduta dal rettore dell\u2019universit\u00e0 lateranense, monsignor Dal Covolo.<br \/>\nDel resto, per romasette.it, giornale on-line della diocesi di Roma, l\u2019evento \u00e8 promosso \u201cdall\u2019Ufficio scuola cattolica, pastorale scolastica, pastorale universitaria e pastorale giovanile del Vicariato di Roma\u201d.<br \/>\nIl ministero non \u00e8 mai citato\u201d [5].<br \/>\nIn compenso, Pantalone paga, anche se non gli \u00e8 dato sapere quanto:<br \/>\n\u201cImpossibile, tramite l\u2019ufficio scolastico regionale, ricevere una risposta per capire a quanto ammonta la spesa per un evento di queste proporzioni e in che parte lo Stato lo abbia finanziato\u201d [6].<\/p>\n<p>3) Purtroppo, persino in una giornata di perfetta letizia come questa, in cui i cuori di tutte\/i si sono in alto levati, i critici non sono mancati:<br \/>\n\u201cUn nutrito gruppo di genitori del liceo Tasso ha definito l\u2019iniziativa \u201cuna vergogna\u201d.<br \/>\n\u201cMa vi rendete conto di quello che hanno avuto il coraggio di fare? &#8211; dice un genitore \u2013 si tratta di un evento con una forte impronta confessionale pagato con soldi pubblici.<br \/>\nEsclude chi appartiene ad altre confessioni religiose o chi religioso non lo \u00e8.<br \/>\nE vale anche come credito formativo.<br \/>\nUno scandalo\u201d[7]\u201d.<\/p>\n<p>Non ci stupiremmo se si scoprisse che questo genitore fa uso di sostanze stupefacenti e che, pertanto, essendo in \u201cviaggio\u201d, pensasse di essere nella Spagna di Zapatero.<\/p>\n<p>Valerio Bruschini<br \/>\n<a href=\"http:\/\/www.valeriobruschini.info\/?p=332\" target=\"_blank\"><strong>note sul sito dell&#8217;autore<\/strong><\/a><\/p>\n","protected":false},"excerpt":{"rendered":"<p>In questi tempi scanditi dall\u2019insicurezza e dall\u2019angoscia esistenziale, l\u2019individuo, soprattutto nei momenti in cui deve fare una scelta determinante per il suo futuro, \u00e8 comprensibilmente assalito dal timore e tremore di cui parlava il Filosofo cristiano Kierkegaard. Tuttavia, questo individuo turbato e confuso, in procinto di smarrirsi, pu\u00f2 avere la fortuna, soprattutto in Italia, di [&hellip;]<\/p>\n","protected":false},"author":7,"featured_media":0,"comment_status":"closed","ping_status":"closed","sticky":false,"template":"","format":"standard","meta":{"footnotes":""},"categories":[228],"tags":[381,87],"class_list":["post-9764","post","type-post","status-publish","format-standard","hentry","category-blog","tag-universita","tag-valerio-bruschini"],"yoast_head":"<!-- This site is optimized with the Yoast SEO plugin v27.1.1 - https:\/\/yoast.com\/product\/yoast-seo-wordpress\/ -->\n<title>OR CHE A MESSA SONO STATO, GI\u00c0 MI SENTO LAUREATO! - Associazione Culturale Civilt\u00e0 Laica<\/title>\n<meta name=\"robots\" content=\"index, follow, max-snippet:-1, max-image-preview:large, max-video-preview:-1\" \/>\n<link rel=\"canonical\" href=\"https:\/\/www.civiltalaica.it\/cms\/or-che-a-messa-sono-stato-gia-mi-sento-laureato\/\" \/>\n<meta property=\"og:locale\" content=\"it_IT\" \/>\n<meta property=\"og:type\" content=\"article\" \/>\n<meta property=\"og:title\" content=\"OR CHE A MESSA SONO STATO, GI\u00c0 MI SENTO LAUREATO! - Associazione Culturale Civilt\u00e0 Laica\" \/>\n<meta property=\"og:description\" content=\"In questi tempi scanditi dall\u2019insicurezza e dall\u2019angoscia esistenziale, l\u2019individuo, soprattutto nei momenti in cui deve fare una scelta determinante per il suo futuro, \u00e8 comprensibilmente assalito dal timore e tremore di cui parlava il Filosofo cristiano Kierkegaard. Tuttavia, questo individuo turbato e confuso, in procinto di smarrirsi, pu\u00f2 avere la fortuna, soprattutto in Italia, di [&hellip;]\" \/>\n<meta property=\"og:url\" content=\"https:\/\/www.civiltalaica.it\/cms\/or-che-a-messa-sono-stato-gia-mi-sento-laureato\/\" \/>\n<meta property=\"og:site_name\" content=\"Associazione Culturale Civilt\u00e0 Laica\" \/>\n<meta property=\"article:publisher\" content=\"https:\/\/www.facebook.com\/civiltalaica\" \/>\n<meta property=\"article:published_time\" content=\"2011-03-19T01:07:00+00:00\" \/>\n<meta property=\"article:modified_time\" content=\"2011-10-04T12:05:26+00:00\" \/>\n<meta property=\"og:image\" content=\"http:\/\/beataignoranza.files.wordpress.com\/2009\/04\/pinocchio_vauro.gif\" \/>\n<meta name=\"author\" content=\"alexjc\" \/>\n<meta name=\"twitter:card\" content=\"summary_large_image\" \/>\n<meta name=\"twitter:label1\" content=\"Scritto da\" \/>\n\t<meta name=\"twitter:data1\" content=\"alexjc\" \/>\n\t<meta name=\"twitter:label2\" content=\"Tempo di lettura stimato\" \/>\n\t<meta name=\"twitter:data2\" content=\"3 minuti\" \/>\n<script type=\"application\/ld+json\" class=\"yoast-schema-graph\">{\"@context\":\"https:\/\/schema.org\",\"@graph\":[{\"@type\":\"Article\",\"@id\":\"https:\/\/www.civiltalaica.it\/cms\/or-che-a-messa-sono-stato-gia-mi-sento-laureato\/#article\",\"isPartOf\":{\"@id\":\"https:\/\/www.civiltalaica.it\/cms\/or-che-a-messa-sono-stato-gia-mi-sento-laureato\/\"},\"author\":{\"name\":\"alexjc\",\"@id\":\"https:\/\/www.civiltalaica.it\/cms\/#\/schema\/person\/4efef56f866329a1e0943eb27336df1d\"},\"headline\":\"OR CHE A MESSA SONO STATO, GI\u00c0 MI SENTO LAUREATO!\",\"datePublished\":\"2011-03-19T01:07:00+00:00\",\"dateModified\":\"2011-10-04T12:05:26+00:00\",\"mainEntityOfPage\":{\"@id\":\"https:\/\/www.civiltalaica.it\/cms\/or-che-a-messa-sono-stato-gia-mi-sento-laureato\/\"},\"wordCount\":636,\"image\":{\"@id\":\"https:\/\/www.civiltalaica.it\/cms\/or-che-a-messa-sono-stato-gia-mi-sento-laureato\/#primaryimage\"},\"thumbnailUrl\":\"http:\/\/beataignoranza.files.wordpress.com\/2009\/04\/pinocchio_vauro.gif\",\"keywords\":[\"universit\u00e0\",\"valerio bruschini\"],\"articleSection\":[\"blog\"],\"inLanguage\":\"it-IT\"},{\"@type\":\"WebPage\",\"@id\":\"https:\/\/www.civiltalaica.it\/cms\/or-che-a-messa-sono-stato-gia-mi-sento-laureato\/\",\"url\":\"https:\/\/www.civiltalaica.it\/cms\/or-che-a-messa-sono-stato-gia-mi-sento-laureato\/\",\"name\":\"OR CHE A MESSA SONO STATO, GI\u00c0 MI SENTO LAUREATO! - Associazione Culturale Civilt\u00e0 Laica\",\"isPartOf\":{\"@id\":\"https:\/\/www.civiltalaica.it\/cms\/#website\"},\"primaryImageOfPage\":{\"@id\":\"https:\/\/www.civiltalaica.it\/cms\/or-che-a-messa-sono-stato-gia-mi-sento-laureato\/#primaryimage\"},\"image\":{\"@id\":\"https:\/\/www.civiltalaica.it\/cms\/or-che-a-messa-sono-stato-gia-mi-sento-laureato\/#primaryimage\"},\"thumbnailUrl\":\"http:\/\/beataignoranza.files.wordpress.com\/2009\/04\/pinocchio_vauro.gif\",\"datePublished\":\"2011-03-19T01:07:00+00:00\",\"dateModified\":\"2011-10-04T12:05:26+00:00\",\"author\":{\"@id\":\"https:\/\/www.civiltalaica.it\/cms\/#\/schema\/person\/4efef56f866329a1e0943eb27336df1d\"},\"breadcrumb\":{\"@id\":\"https:\/\/www.civiltalaica.it\/cms\/or-che-a-messa-sono-stato-gia-mi-sento-laureato\/#breadcrumb\"},\"inLanguage\":\"it-IT\",\"potentialAction\":[{\"@type\":\"ReadAction\",\"target\":[\"https:\/\/www.civiltalaica.it\/cms\/or-che-a-messa-sono-stato-gia-mi-sento-laureato\/\"]}]},{\"@type\":\"ImageObject\",\"inLanguage\":\"it-IT\",\"@id\":\"https:\/\/www.civiltalaica.it\/cms\/or-che-a-messa-sono-stato-gia-mi-sento-laureato\/#primaryimage\",\"url\":\"http:\/\/beataignoranza.files.wordpress.com\/2009\/04\/pinocchio_vauro.gif\",\"contentUrl\":\"http:\/\/beataignoranza.files.wordpress.com\/2009\/04\/pinocchio_vauro.gif\"},{\"@type\":\"BreadcrumbList\",\"@id\":\"https:\/\/www.civiltalaica.it\/cms\/or-che-a-messa-sono-stato-gia-mi-sento-laureato\/#breadcrumb\",\"itemListElement\":[{\"@type\":\"ListItem\",\"position\":1,\"name\":\"Home\",\"item\":\"https:\/\/www.civiltalaica.it\/cms\/\"},{\"@type\":\"ListItem\",\"position\":2,\"name\":\"OR CHE A MESSA SONO STATO, GI\u00c0 MI SENTO LAUREATO!\"}]},{\"@type\":\"WebSite\",\"@id\":\"https:\/\/www.civiltalaica.it\/cms\/#website\",\"url\":\"https:\/\/www.civiltalaica.it\/cms\/\",\"name\":\"Associazione Culturale Civilt\u00e0 Laica\",\"description\":\"Per un movimento culturale volto a difendere la Laicit\u00e0 dello Stato.\",\"potentialAction\":[{\"@type\":\"SearchAction\",\"target\":{\"@type\":\"EntryPoint\",\"urlTemplate\":\"https:\/\/www.civiltalaica.it\/cms\/?s={search_term_string}\"},\"query-input\":{\"@type\":\"PropertyValueSpecification\",\"valueRequired\":true,\"valueName\":\"search_term_string\"}}],\"inLanguage\":\"it-IT\"},{\"@type\":\"Person\",\"@id\":\"https:\/\/www.civiltalaica.it\/cms\/#\/schema\/person\/4efef56f866329a1e0943eb27336df1d\",\"name\":\"alexjc\",\"url\":\"https:\/\/www.civiltalaica.it\/cms\/author\/alexjc\/\"}]}<\/script>\n<!-- \/ Yoast SEO plugin. -->","yoast_head_json":{"title":"OR CHE A MESSA SONO STATO, GI\u00c0 MI SENTO LAUREATO! - Associazione Culturale Civilt\u00e0 Laica","robots":{"index":"index","follow":"follow","max-snippet":"max-snippet:-1","max-image-preview":"max-image-preview:large","max-video-preview":"max-video-preview:-1"},"canonical":"https:\/\/www.civiltalaica.it\/cms\/or-che-a-messa-sono-stato-gia-mi-sento-laureato\/","og_locale":"it_IT","og_type":"article","og_title":"OR CHE A MESSA SONO STATO, GI\u00c0 MI SENTO LAUREATO! - Associazione Culturale Civilt\u00e0 Laica","og_description":"In questi tempi scanditi dall\u2019insicurezza e dall\u2019angoscia esistenziale, l\u2019individuo, soprattutto nei momenti in cui deve fare una scelta determinante per il suo futuro, \u00e8 comprensibilmente assalito dal timore e tremore di cui parlava il Filosofo cristiano Kierkegaard. Tuttavia, questo individuo turbato e confuso, in procinto di smarrirsi, pu\u00f2 avere la fortuna, soprattutto in Italia, di [&hellip;]","og_url":"https:\/\/www.civiltalaica.it\/cms\/or-che-a-messa-sono-stato-gia-mi-sento-laureato\/","og_site_name":"Associazione Culturale Civilt\u00e0 Laica","article_publisher":"https:\/\/www.facebook.com\/civiltalaica","article_published_time":"2011-03-19T01:07:00+00:00","article_modified_time":"2011-10-04T12:05:26+00:00","og_image":[{"url":"http:\/\/beataignoranza.files.wordpress.com\/2009\/04\/pinocchio_vauro.gif","type":"","width":"","height":""}],"author":"alexjc","twitter_card":"summary_large_image","twitter_misc":{"Scritto da":"alexjc","Tempo di lettura stimato":"3 minuti"},"schema":{"@context":"https:\/\/schema.org","@graph":[{"@type":"Article","@id":"https:\/\/www.civiltalaica.it\/cms\/or-che-a-messa-sono-stato-gia-mi-sento-laureato\/#article","isPartOf":{"@id":"https:\/\/www.civiltalaica.it\/cms\/or-che-a-messa-sono-stato-gia-mi-sento-laureato\/"},"author":{"name":"alexjc","@id":"https:\/\/www.civiltalaica.it\/cms\/#\/schema\/person\/4efef56f866329a1e0943eb27336df1d"},"headline":"OR CHE A MESSA SONO STATO, GI\u00c0 MI SENTO LAUREATO!","datePublished":"2011-03-19T01:07:00+00:00","dateModified":"2011-10-04T12:05:26+00:00","mainEntityOfPage":{"@id":"https:\/\/www.civiltalaica.it\/cms\/or-che-a-messa-sono-stato-gia-mi-sento-laureato\/"},"wordCount":636,"image":{"@id":"https:\/\/www.civiltalaica.it\/cms\/or-che-a-messa-sono-stato-gia-mi-sento-laureato\/#primaryimage"},"thumbnailUrl":"http:\/\/beataignoranza.files.wordpress.com\/2009\/04\/pinocchio_vauro.gif","keywords":["universit\u00e0","valerio bruschini"],"articleSection":["blog"],"inLanguage":"it-IT"},{"@type":"WebPage","@id":"https:\/\/www.civiltalaica.it\/cms\/or-che-a-messa-sono-stato-gia-mi-sento-laureato\/","url":"https:\/\/www.civiltalaica.it\/cms\/or-che-a-messa-sono-stato-gia-mi-sento-laureato\/","name":"OR CHE A MESSA SONO STATO, GI\u00c0 MI SENTO LAUREATO! - Associazione Culturale Civilt\u00e0 Laica","isPartOf":{"@id":"https:\/\/www.civiltalaica.it\/cms\/#website"},"primaryImageOfPage":{"@id":"https:\/\/www.civiltalaica.it\/cms\/or-che-a-messa-sono-stato-gia-mi-sento-laureato\/#primaryimage"},"image":{"@id":"https:\/\/www.civiltalaica.it\/cms\/or-che-a-messa-sono-stato-gia-mi-sento-laureato\/#primaryimage"},"thumbnailUrl":"http:\/\/beataignoranza.files.wordpress.com\/2009\/04\/pinocchio_vauro.gif","datePublished":"2011-03-19T01:07:00+00:00","dateModified":"2011-10-04T12:05:26+00:00","author":{"@id":"https:\/\/www.civiltalaica.it\/cms\/#\/schema\/person\/4efef56f866329a1e0943eb27336df1d"},"breadcrumb":{"@id":"https:\/\/www.civiltalaica.it\/cms\/or-che-a-messa-sono-stato-gia-mi-sento-laureato\/#breadcrumb"},"inLanguage":"it-IT","potentialAction":[{"@type":"ReadAction","target":["https:\/\/www.civiltalaica.it\/cms\/or-che-a-messa-sono-stato-gia-mi-sento-laureato\/"]}]},{"@type":"ImageObject","inLanguage":"it-IT","@id":"https:\/\/www.civiltalaica.it\/cms\/or-che-a-messa-sono-stato-gia-mi-sento-laureato\/#primaryimage","url":"http:\/\/beataignoranza.files.wordpress.com\/2009\/04\/pinocchio_vauro.gif","contentUrl":"http:\/\/beataignoranza.files.wordpress.com\/2009\/04\/pinocchio_vauro.gif"},{"@type":"BreadcrumbList","@id":"https:\/\/www.civiltalaica.it\/cms\/or-che-a-messa-sono-stato-gia-mi-sento-laureato\/#breadcrumb","itemListElement":[{"@type":"ListItem","position":1,"name":"Home","item":"https:\/\/www.civiltalaica.it\/cms\/"},{"@type":"ListItem","position":2,"name":"OR CHE A MESSA SONO STATO, GI\u00c0 MI SENTO LAUREATO!"}]},{"@type":"WebSite","@id":"https:\/\/www.civiltalaica.it\/cms\/#website","url":"https:\/\/www.civiltalaica.it\/cms\/","name":"Associazione Culturale Civilt\u00e0 Laica","description":"Per un movimento culturale volto a difendere la Laicit\u00e0 dello Stato.","potentialAction":[{"@type":"SearchAction","target":{"@type":"EntryPoint","urlTemplate":"https:\/\/www.civiltalaica.it\/cms\/?s={search_term_string}"},"query-input":{"@type":"PropertyValueSpecification","valueRequired":true,"valueName":"search_term_string"}}],"inLanguage":"it-IT"},{"@type":"Person","@id":"https:\/\/www.civiltalaica.it\/cms\/#\/schema\/person\/4efef56f866329a1e0943eb27336df1d","name":"alexjc","url":"https:\/\/www.civiltalaica.it\/cms\/author\/alexjc\/"}]}},"_links":{"self":[{"href":"https:\/\/www.civiltalaica.it\/cms\/wp-json\/wp\/v2\/posts\/9764","targetHints":{"allow":["GET"]}}],"collection":[{"href":"https:\/\/www.civiltalaica.it\/cms\/wp-json\/wp\/v2\/posts"}],"about":[{"href":"https:\/\/www.civiltalaica.it\/cms\/wp-json\/wp\/v2\/types\/post"}],"author":[{"embeddable":true,"href":"https:\/\/www.civiltalaica.it\/cms\/wp-json\/wp\/v2\/users\/7"}],"replies":[{"embeddable":true,"href":"https:\/\/www.civiltalaica.it\/cms\/wp-json\/wp\/v2\/comments?post=9764"}],"version-history":[{"count":0,"href":"https:\/\/www.civiltalaica.it\/cms\/wp-json\/wp\/v2\/posts\/9764\/revisions"}],"wp:attachment":[{"href":"https:\/\/www.civiltalaica.it\/cms\/wp-json\/wp\/v2\/media?parent=9764"}],"wp:term":[{"taxonomy":"category","embeddable":true,"href":"https:\/\/www.civiltalaica.it\/cms\/wp-json\/wp\/v2\/categories?post=9764"},{"taxonomy":"post_tag","embeddable":true,"href":"https:\/\/www.civiltalaica.it\/cms\/wp-json\/wp\/v2\/tags?post=9764"}],"curies":[{"name":"wp","href":"https:\/\/api.w.org\/{rel}","templated":true}]}}