{"id":9560,"date":"2011-01-24T15:52:00","date_gmt":"2011-01-24T15:52:00","guid":{"rendered":"http:\/\/www.civiltalaica.it\/cms\/index.php\/il-ratto-delle-italiane.html"},"modified":"2011-01-27T11:52:37","modified_gmt":"2011-01-27T11:52:37","slug":"il-ratto-delle-italiane","status":"publish","type":"post","link":"https:\/\/www.civiltalaica.it\/cms\/il-ratto-delle-italiane\/","title":{"rendered":"Il ratto delle italiane"},"content":{"rendered":"<div class=\"entry\">\n<p><a href=\"http:\/\/www.cronachelaiche.it\/wp-content\/uploads\/2011\/01\/berlusconi_valencia_1.jpg\"><img loading=\"lazy\" decoding=\"async\" class=\"alignleft size-medium wp-image-17578\" title=\"berlusconi_valencia_1\" src=\"http:\/\/www.cronachelaiche.it\/wp-content\/uploads\/2011\/01\/berlusconi_valencia_1-300x199.jpg\" alt=\"\" width=\"210\" height=\"139\" \/><\/a><\/p>\n<p style=\"text-align: justify;\"><span style=\"font-family: tahoma, geneva, sans-serif;\"><span style=\"font-size: 14px;\">Non ci stanno, le donne del Pdl. \u00ab<em>In questa temperie politica e culturale le parlamentari del Pdl sentono il dovere di sottolineare con forza l\u2019intensa e appassionata azione del Governo Berlusconi compiuta a favore delle donne e per il rispetto complessivo della condizione femminile e dei minori <!--more-->[\u2026] Il valore che il Pdl conferisce alla piena realizzazione di ciascuna donna non pu\u00f2 essere messo in discussione n\u00e9 essere rovesciato per una strumentale, quanto becera, lotta politica<\/em>\u00bb. Cos\u00ec scrivono in una nota Barbara Saltamartini, vicepresidente del Gruppo Pdl alla Camera e responsabile per le Pari opportunit\u00e0 del partito e Beatrice Lorenzin, sua vice alle Pari opportunit\u00e0.<\/span><\/span><\/p>\n<p style=\"text-align: justify;\"><span style=\"font-family: tahoma, geneva, sans-serif;\"><span style=\"font-size: 14px;\">A queste signore, secondo le quali \u2013 se fossero confermati i capi di imputazione \u2013 pagare una baby prostituta si chiama \u00ab<em>rispetto per i minori<\/em>\u00bb e indossare una divisa da porno-infermiera per partecipare ai bunga-bunga del sultano di Arcore si chiama \u00ab<em>realizzazione femminile<\/em>\u00bb, vorremmo dire la nostra di <strong>donne derubate<\/strong>.<\/span><\/span><\/p>\n<p style=\"text-align: justify;\"><span style=\"font-family: tahoma, geneva, sans-serif;\"><span style=\"font-size: 14px;\"><strong>Derubate della dignit\u00e0<\/strong>. Vignette, animazioni 3D, battute pecorecce che ricordano il peggior Alvaro Vitali inondano la rete e le testate straniere immortalando le italiane. Belle, anzi \u201cbone\u201d, seminude in vestitini da porno-star, compiacenti, pronte a tutto per soldi, gioielli, vestiti, appartamenti, visibilit\u00e0, una particina nelle reti Mediaset o un posto da consigliere o da ministro. Conigliette prezzolate alla corte di un vecchio sovrano che pone e dispone di loro come se fossero cosa sua. E cos\u00ec devi essere, se vai ad Arcore, cosa sua. \u00ab<em>O sei disposta a tutto, o prendi un taxi e te ne vai<\/em>\u00bb. Queste siamo noi, agli occhi del mondo. Mignotte della specie peggiore. Quelle che oltre al corpo vendono anche l\u2019anima.<\/span><\/span><\/p>\n<p style=\"text-align: justify;\"><span style=\"font-family: tahoma, geneva, sans-serif;\"><span style=\"font-size: 14px;\"><strong>Derubate del linguaggio<\/strong>. Non possiamo pi\u00f9 chiamare \u201cpapi\u201d nostro padre senza evocare il visetto adolescenziale di Noemi Letizia, la \u201cpupilla\u201d del premier, che inguainata in un tubino canta canzoncine da Zecchino d\u2019oro seduta sulle sue ginocchia. Un nomignolo che ora sa di stomachevole incesto.<\/span><\/span><\/p>\n<p>Non possiamo pi\u00f9 pronunciare parole quali \u201cbenefattore\u201d, \u201cgenerosit\u00e0\u201d, \u00a0\u201cpersona bisognosa\u201d senza pensare al mecenate di Arcore che regala soldi, gioielli e appartamenti di Milano2 a ragazze \u201cin difficolt\u00e0\u201d. \u00ab<em>Ho fatto sesso con lui ma mai in cambio di soldi<\/em>\u00bb racconta Marysthell Garcia Polanco, soubrette di Colorado Caf\u00e8. \u00ab<em>Soldi mai. Mi ha solo aiutato per alcune necessit\u00e0 tipo visite mediche al San Raffaele per mia figlia. E poi mi ha dato una mano a lavorare in televisione<\/em>\u00bb. E le ha intestato \u2013 e presumibilmente pagato \u2013 un contratto di affitto all\u2019Olgettina. \u00ab<em>E\u2019 una persona che aiuta tutti<\/em>\u00bb. Un vero filantropo, in confronto al quale le persone che silenziosamente lavorano al fronte della solidariet\u00e0, quella vera per maschi-femmine-vecchi-bambini-disgraziati-derelitti, sparisce.<\/p>\n<p style=\"text-align: justify;\"><span style=\"font-family: tahoma, geneva, sans-serif;\"><span style=\"font-size: 14px;\"><strong>Derubate della sensualit\u00e0<\/strong>. \u00ab<em>S\u00ec, lo chiamo papi. Ma Noemi \u00e8 la pupilla, io il culo<\/em>\u00bb (Karima El Mahroug, in \u201carte\u201d Ruby). \u00a0\u00ab<em>Un puttanaio. Sembra di stare al Bagaglino ma \u00e8 peggio. Un puttanaio. Con Berlusconi che toccava i culi alle ragazze. Ora se quelle cose le fai in camera da letto, sono affari tuoi, ma cos\u00ec, davanti a tutti!<\/em>\u00bb (intercettazione telefonica). \u00ab[Nicole Minetti] <em>con il seno di fuori baciava Berlusconi in continuazione<\/em>\u00bb (intercettazione telefonica). Lei, la consigliera regionale, quella che avrebbe curato le selezioni del \u201cpersonale\u201d (per l\u2019appunto) per i festini a luci rosse del premier. \u00ab<em>E\u2019 molto semplice. Dai il tuo nome al citofono ed entri<\/em>\u00bb (intercettazione telefonica).<\/span><\/span><\/p>\n<p>Queste siamo noi, le donne italiane. Tette e culi accuratamente selezionati per il relax del presidente. Ci hanno tolto anche l\u2019erotismo, la fantasia. Non possiamo pi\u00f9 usare, noi s\u00ec nel privato delle nostre alcove, certe frasi, certe parole, certi gesti perch\u00e9 non sono pi\u00f9 i nostri. Ce li hanno rubati, legandoli al disgustoso binomio sesso-potere, donna schiava-maschio dominatore.<\/p>\n<p style=\"text-align: justify;\"><span style=\"font-family: tahoma, geneva, sans-serif;\"><span style=\"font-size: 14px;\"><strong>Derubate dell\u2019amore<\/strong>. \u00ab<em>Provo per quest\u2019uomo un amore vero,\u00a0lo amo con tutta me stessa.\u00a0L\u2019amore che non ho potuto dare ad altri l\u2019ho dedicato a lui<\/em>\u00bb. Parole di Sabina Began, attrice, \u201cape regina\u201d, altra presunta organizzatrice degli incontri del premier, \u00ab<em>l\u2019uomo che mi ha cambiato la vita<\/em>\u00bb, le cui iniziali sono tatuate sul suo piede. Ma non \u00e8 l\u2019unica a sdilinquirsi per quest\u2019uomo di 74 anni, bolso e puttaniere ma pieno di \u2018riconoscenza\u2019 per gli insperati servizi. \u00ab<em>Lo chiamano tutte amore, tesorino<\/em>\u00bb (intercettazione telefonica).<\/span><\/span><\/p>\n<p>Ioana Visan, che si arrabbia se la chiamano escort nonostante abbia partecipato, solo nel 2010, a una cinquantina di festini ad Arcore, alla domanda se \u00e8 lei la fidanzata segreta del premier, risponde: \u00ab<em>Magari\u2026 dico magari fosse cos\u00ec<\/em>\u00bb. L\u2019amore diventa feccia mediatica, prostituzione, mercimonio. L\u2019altro, quello vero, soffoca sotto l\u2019abominevole scippo.<\/p>\n<p style=\"text-align: justify;\"><span style=\"font-family: tahoma, geneva, sans-serif;\"><span style=\"font-size: 14px;\"><strong>Derubate della professionalit\u00e0<\/strong>. Roberto Formigoni, governatore della Lombardia, a proposito del consigliere regionale Nicole Minetti, indagata per favoreggiamento della prostituzione: \u00ab<em>Io non conosco, evidentemente, la Minetti. Ma quando il presidente del Pdl mi segnala una giovane laureata a pieni voti, che fa un lavoro specializzato<\/em> <em>io non ho obiezioni<\/em>\u00bb. \u00a0L\u2019ex soubrette e igienista dentale ha conosciuto Berlusconi al San Raffaele in occasione dell\u2019aggressione subita a Milano da quest\u2019ultimo ed\u00a0 \u00e8 entrata subito nelle sue grazie, tanto da essere candidata e poi eletta al consiglio regionale.<\/span><\/span><\/p>\n<p>Mara Carfagna, ex show girl e spogliarellista, una che il corpo l\u2019ha venduto per sollazzare almeno \u2013 per quanto ne sappiamo \u2013 gli occhi del maschio italiano \u00e8 stata messa nientedimeno che alle Pari opportunit\u00e0, a difendere le stesse donne delle quali ha svenduto la dignit\u00e0.<\/p>\n<p>Ma potremmo parlare delle liste elettorali degli ultimi anni, strabordanti di veline, letterine, soubrette, accompagnatrici\u2026 Il merito tanto decantato da questo governo ha un sesso, un\u2019et\u00e0, precise caratteristiche fisiche e la disponibilit\u00e0 a cederle al miglior offerente.<\/p>\n<p>Le intercettazioni della showgirl Barbara Guerra immortalano in modo magistrale il bieco furto: \u00ab[Berlusconi] <em>quando ha voglia chiama, quando non ha voglia non chiama\u2026 Per l\u2019amor del cielo, ci sta costruendo una carriera, per\u00f2 bisogna vedere se poi va in porto sta carriera! Se poi non va in porto? Rimango con la laurea e un calcio nel culo!<\/em>\u00bb<\/p>\n<p>E pazienza per la maggior parte delle donne che studiano o lavorano, che hanno detto no alle immancabili <em>avances<\/em> del capo rinunciando alla \u201ccarriera\u201d, che magari con due lauree a pieni voti nel cassetto guadagnano 400 euro al mese in un call center, che non riescono ad arrivare alla fine del mese n\u00e9 a vedere un futuro. Sceme loro che non si vendono al sultano di turno.<\/p>\n<p style=\"text-align: justify;\"><span style=\"font-family: tahoma, geneva, sans-serif;\"><span style=\"font-size: 14px;\"><strong>Derubate dell\u2019aspetto<\/strong>. \u00ab<em>Dovremmo avere tanti soldati quante sono le belle ragazze italiane<\/em>\u00bb<em>,<\/em> dichiarava Berlusconi quando si affrontava il tema della sicurezza delle donne. Sono belle, dunque attirano. Come stupirsi che poi le violentino?<\/span><\/span><\/p>\n<p>\u00ab<em>Faremo un\u2019eccezione per chi porta belle ragazze<\/em>\u00bb, diceva a coronare l\u2019accordo con l\u2019Albania per metter fine agli sbarchi clandestini. Le belle ragazze cui si riferiva sono, naturalmente, le schiave del sesso. Vite violate, calpestate, vendute per il solo beneficio del magnaccia di turno e degli \u201cutilizzatori finali\u201d.<\/p>\n<p>Ma \u00e8 tutto contenuto nella famosa battuta a Rosy Bindi \u00ab<em>Lei \u00e8 pi\u00f9 bella che intelligente<\/em>\u00bb, la perfetta sintesi berlusconiana della donna, di tutte le donne.<\/p>\n<p style=\"text-align: justify;\"><span style=\"font-family: tahoma, geneva, sans-serif;\"><span style=\"font-size: 14px;\">Cosa altro dire a queste signore del Pdl che si affannano a difendere il loro idolo? Il premier, il suo giro di faccendieri e un manipolo di cortigiane\u00a0ci hanno trasformate in una grottesca caricatura agli occhi del\u00a0mondo. E loro, donne, sono le pi\u00f9 intollerabili complici.<\/span><\/span><\/p>\n<p style=\"text-align: justify;\"><a href=\"http:\/\/www.cronachelaiche.it\/2011\/01\/il-ratto-delle-italiane\/\" target=\"_blank\"><span style=\"font-family: tahoma, geneva, sans-serif;\"><span style=\"font-size: 14px;\"><strong><span style=\"color: #006699;\"><em>Cecilia M. Calamani &#8211; Cronache Laiche<\/em><\/span><\/strong><\/span><\/span><\/a><\/p>\n<\/div>\n","protected":false},"excerpt":{"rendered":"<p>Non ci stanno, le donne del Pdl. \u00abIn questa temperie politica e culturale le parlamentari del Pdl sentono il dovere di sottolineare con forza l\u2019intensa e appassionata azione del Governo Berlusconi compiuta a favore delle donne e per il rispetto complessivo della condizione femminile e dei minori<\/p>\n","protected":false},"author":7,"featured_media":0,"comment_status":"closed","ping_status":"closed","sticky":false,"template":"","format":"standard","meta":{"footnotes":""},"categories":[228],"tags":[94,810,75,169],"class_list":["post-9560","post","type-post","status-publish","format-standard","hentry","category-blog","tag-berlusconi","tag-bunga-bunga","tag-cecilia-calamani","tag-italia"],"yoast_head":"<!-- This site is optimized with the Yoast SEO plugin v27.1.1 - https:\/\/yoast.com\/product\/yoast-seo-wordpress\/ -->\n<title>Il ratto delle italiane - Associazione Culturale Civilt\u00e0 Laica<\/title>\n<meta name=\"robots\" content=\"index, follow, max-snippet:-1, max-image-preview:large, max-video-preview:-1\" \/>\n<link rel=\"canonical\" href=\"https:\/\/www.civiltalaica.it\/cms\/il-ratto-delle-italiane\/\" \/>\n<meta property=\"og:locale\" content=\"it_IT\" \/>\n<meta property=\"og:type\" content=\"article\" \/>\n<meta property=\"og:title\" content=\"Il ratto delle italiane - Associazione Culturale Civilt\u00e0 Laica\" \/>\n<meta property=\"og:description\" content=\"Non ci stanno, le donne del Pdl. \u00abIn questa temperie politica e culturale le parlamentari del Pdl sentono il dovere di sottolineare con forza l\u2019intensa e appassionata azione del Governo Berlusconi compiuta a favore delle donne e per il rispetto complessivo della condizione femminile e dei minori\" \/>\n<meta property=\"og:url\" content=\"https:\/\/www.civiltalaica.it\/cms\/il-ratto-delle-italiane\/\" \/>\n<meta property=\"og:site_name\" content=\"Associazione Culturale Civilt\u00e0 Laica\" \/>\n<meta property=\"article:publisher\" content=\"https:\/\/www.facebook.com\/civiltalaica\" \/>\n<meta property=\"article:published_time\" content=\"2011-01-24T15:52:00+00:00\" \/>\n<meta property=\"article:modified_time\" content=\"2011-01-27T11:52:37+00:00\" \/>\n<meta property=\"og:image\" content=\"http:\/\/www.cronachelaiche.it\/wp-content\/uploads\/2011\/01\/berlusconi_valencia_1-300x199.jpg\" \/>\n<meta name=\"author\" content=\"alexjc\" \/>\n<meta name=\"twitter:card\" content=\"summary_large_image\" \/>\n<meta name=\"twitter:label1\" content=\"Scritto da\" \/>\n\t<meta name=\"twitter:data1\" content=\"alexjc\" \/>\n\t<meta name=\"twitter:label2\" content=\"Tempo di lettura stimato\" \/>\n\t<meta name=\"twitter:data2\" content=\"6 minuti\" \/>\n<script type=\"application\/ld+json\" class=\"yoast-schema-graph\">{\"@context\":\"https:\/\/schema.org\",\"@graph\":[{\"@type\":\"Article\",\"@id\":\"https:\/\/www.civiltalaica.it\/cms\/il-ratto-delle-italiane\/#article\",\"isPartOf\":{\"@id\":\"https:\/\/www.civiltalaica.it\/cms\/il-ratto-delle-italiane\/\"},\"author\":{\"name\":\"alexjc\",\"@id\":\"https:\/\/www.civiltalaica.it\/cms\/#\/schema\/person\/4efef56f866329a1e0943eb27336df1d\"},\"headline\":\"Il ratto delle italiane\",\"datePublished\":\"2011-01-24T15:52:00+00:00\",\"dateModified\":\"2011-01-27T11:52:37+00:00\",\"mainEntityOfPage\":{\"@id\":\"https:\/\/www.civiltalaica.it\/cms\/il-ratto-delle-italiane\/\"},\"wordCount\":1198,\"image\":{\"@id\":\"https:\/\/www.civiltalaica.it\/cms\/il-ratto-delle-italiane\/#primaryimage\"},\"thumbnailUrl\":\"http:\/\/www.cronachelaiche.it\/wp-content\/uploads\/2011\/01\/berlusconi_valencia_1-300x199.jpg\",\"keywords\":[\"berlusconi\",\"bunga bunga\",\"cecilia calamani\",\"italia\"],\"articleSection\":[\"blog\"],\"inLanguage\":\"it-IT\"},{\"@type\":\"WebPage\",\"@id\":\"https:\/\/www.civiltalaica.it\/cms\/il-ratto-delle-italiane\/\",\"url\":\"https:\/\/www.civiltalaica.it\/cms\/il-ratto-delle-italiane\/\",\"name\":\"Il ratto delle italiane - Associazione Culturale Civilt\u00e0 Laica\",\"isPartOf\":{\"@id\":\"https:\/\/www.civiltalaica.it\/cms\/#website\"},\"primaryImageOfPage\":{\"@id\":\"https:\/\/www.civiltalaica.it\/cms\/il-ratto-delle-italiane\/#primaryimage\"},\"image\":{\"@id\":\"https:\/\/www.civiltalaica.it\/cms\/il-ratto-delle-italiane\/#primaryimage\"},\"thumbnailUrl\":\"http:\/\/www.cronachelaiche.it\/wp-content\/uploads\/2011\/01\/berlusconi_valencia_1-300x199.jpg\",\"datePublished\":\"2011-01-24T15:52:00+00:00\",\"dateModified\":\"2011-01-27T11:52:37+00:00\",\"author\":{\"@id\":\"https:\/\/www.civiltalaica.it\/cms\/#\/schema\/person\/4efef56f866329a1e0943eb27336df1d\"},\"breadcrumb\":{\"@id\":\"https:\/\/www.civiltalaica.it\/cms\/il-ratto-delle-italiane\/#breadcrumb\"},\"inLanguage\":\"it-IT\",\"potentialAction\":[{\"@type\":\"ReadAction\",\"target\":[\"https:\/\/www.civiltalaica.it\/cms\/il-ratto-delle-italiane\/\"]}]},{\"@type\":\"ImageObject\",\"inLanguage\":\"it-IT\",\"@id\":\"https:\/\/www.civiltalaica.it\/cms\/il-ratto-delle-italiane\/#primaryimage\",\"url\":\"http:\/\/www.cronachelaiche.it\/wp-content\/uploads\/2011\/01\/berlusconi_valencia_1-300x199.jpg\",\"contentUrl\":\"http:\/\/www.cronachelaiche.it\/wp-content\/uploads\/2011\/01\/berlusconi_valencia_1-300x199.jpg\"},{\"@type\":\"BreadcrumbList\",\"@id\":\"https:\/\/www.civiltalaica.it\/cms\/il-ratto-delle-italiane\/#breadcrumb\",\"itemListElement\":[{\"@type\":\"ListItem\",\"position\":1,\"name\":\"Home\",\"item\":\"https:\/\/www.civiltalaica.it\/cms\/\"},{\"@type\":\"ListItem\",\"position\":2,\"name\":\"Il ratto delle italiane\"}]},{\"@type\":\"WebSite\",\"@id\":\"https:\/\/www.civiltalaica.it\/cms\/#website\",\"url\":\"https:\/\/www.civiltalaica.it\/cms\/\",\"name\":\"Associazione Culturale Civilt\u00e0 Laica\",\"description\":\"Per un movimento culturale volto a difendere la Laicit\u00e0 dello Stato.\",\"potentialAction\":[{\"@type\":\"SearchAction\",\"target\":{\"@type\":\"EntryPoint\",\"urlTemplate\":\"https:\/\/www.civiltalaica.it\/cms\/?s={search_term_string}\"},\"query-input\":{\"@type\":\"PropertyValueSpecification\",\"valueRequired\":true,\"valueName\":\"search_term_string\"}}],\"inLanguage\":\"it-IT\"},{\"@type\":\"Person\",\"@id\":\"https:\/\/www.civiltalaica.it\/cms\/#\/schema\/person\/4efef56f866329a1e0943eb27336df1d\",\"name\":\"alexjc\",\"url\":\"https:\/\/www.civiltalaica.it\/cms\/author\/alexjc\/\"}]}<\/script>\n<!-- \/ Yoast SEO plugin. -->","yoast_head_json":{"title":"Il ratto delle italiane - Associazione Culturale Civilt\u00e0 Laica","robots":{"index":"index","follow":"follow","max-snippet":"max-snippet:-1","max-image-preview":"max-image-preview:large","max-video-preview":"max-video-preview:-1"},"canonical":"https:\/\/www.civiltalaica.it\/cms\/il-ratto-delle-italiane\/","og_locale":"it_IT","og_type":"article","og_title":"Il ratto delle italiane - Associazione Culturale Civilt\u00e0 Laica","og_description":"Non ci stanno, le donne del Pdl. \u00abIn questa temperie politica e culturale le parlamentari del Pdl sentono il dovere di sottolineare con forza l\u2019intensa e appassionata azione del Governo Berlusconi compiuta a favore delle donne e per il rispetto complessivo della condizione femminile e dei minori","og_url":"https:\/\/www.civiltalaica.it\/cms\/il-ratto-delle-italiane\/","og_site_name":"Associazione Culturale Civilt\u00e0 Laica","article_publisher":"https:\/\/www.facebook.com\/civiltalaica","article_published_time":"2011-01-24T15:52:00+00:00","article_modified_time":"2011-01-27T11:52:37+00:00","og_image":[{"url":"http:\/\/www.cronachelaiche.it\/wp-content\/uploads\/2011\/01\/berlusconi_valencia_1-300x199.jpg","type":"","width":"","height":""}],"author":"alexjc","twitter_card":"summary_large_image","twitter_misc":{"Scritto da":"alexjc","Tempo di lettura stimato":"6 minuti"},"schema":{"@context":"https:\/\/schema.org","@graph":[{"@type":"Article","@id":"https:\/\/www.civiltalaica.it\/cms\/il-ratto-delle-italiane\/#article","isPartOf":{"@id":"https:\/\/www.civiltalaica.it\/cms\/il-ratto-delle-italiane\/"},"author":{"name":"alexjc","@id":"https:\/\/www.civiltalaica.it\/cms\/#\/schema\/person\/4efef56f866329a1e0943eb27336df1d"},"headline":"Il ratto delle italiane","datePublished":"2011-01-24T15:52:00+00:00","dateModified":"2011-01-27T11:52:37+00:00","mainEntityOfPage":{"@id":"https:\/\/www.civiltalaica.it\/cms\/il-ratto-delle-italiane\/"},"wordCount":1198,"image":{"@id":"https:\/\/www.civiltalaica.it\/cms\/il-ratto-delle-italiane\/#primaryimage"},"thumbnailUrl":"http:\/\/www.cronachelaiche.it\/wp-content\/uploads\/2011\/01\/berlusconi_valencia_1-300x199.jpg","keywords":["berlusconi","bunga bunga","cecilia calamani","italia"],"articleSection":["blog"],"inLanguage":"it-IT"},{"@type":"WebPage","@id":"https:\/\/www.civiltalaica.it\/cms\/il-ratto-delle-italiane\/","url":"https:\/\/www.civiltalaica.it\/cms\/il-ratto-delle-italiane\/","name":"Il ratto delle italiane - Associazione Culturale Civilt\u00e0 Laica","isPartOf":{"@id":"https:\/\/www.civiltalaica.it\/cms\/#website"},"primaryImageOfPage":{"@id":"https:\/\/www.civiltalaica.it\/cms\/il-ratto-delle-italiane\/#primaryimage"},"image":{"@id":"https:\/\/www.civiltalaica.it\/cms\/il-ratto-delle-italiane\/#primaryimage"},"thumbnailUrl":"http:\/\/www.cronachelaiche.it\/wp-content\/uploads\/2011\/01\/berlusconi_valencia_1-300x199.jpg","datePublished":"2011-01-24T15:52:00+00:00","dateModified":"2011-01-27T11:52:37+00:00","author":{"@id":"https:\/\/www.civiltalaica.it\/cms\/#\/schema\/person\/4efef56f866329a1e0943eb27336df1d"},"breadcrumb":{"@id":"https:\/\/www.civiltalaica.it\/cms\/il-ratto-delle-italiane\/#breadcrumb"},"inLanguage":"it-IT","potentialAction":[{"@type":"ReadAction","target":["https:\/\/www.civiltalaica.it\/cms\/il-ratto-delle-italiane\/"]}]},{"@type":"ImageObject","inLanguage":"it-IT","@id":"https:\/\/www.civiltalaica.it\/cms\/il-ratto-delle-italiane\/#primaryimage","url":"http:\/\/www.cronachelaiche.it\/wp-content\/uploads\/2011\/01\/berlusconi_valencia_1-300x199.jpg","contentUrl":"http:\/\/www.cronachelaiche.it\/wp-content\/uploads\/2011\/01\/berlusconi_valencia_1-300x199.jpg"},{"@type":"BreadcrumbList","@id":"https:\/\/www.civiltalaica.it\/cms\/il-ratto-delle-italiane\/#breadcrumb","itemListElement":[{"@type":"ListItem","position":1,"name":"Home","item":"https:\/\/www.civiltalaica.it\/cms\/"},{"@type":"ListItem","position":2,"name":"Il ratto delle italiane"}]},{"@type":"WebSite","@id":"https:\/\/www.civiltalaica.it\/cms\/#website","url":"https:\/\/www.civiltalaica.it\/cms\/","name":"Associazione Culturale Civilt\u00e0 Laica","description":"Per un movimento culturale volto a difendere la Laicit\u00e0 dello Stato.","potentialAction":[{"@type":"SearchAction","target":{"@type":"EntryPoint","urlTemplate":"https:\/\/www.civiltalaica.it\/cms\/?s={search_term_string}"},"query-input":{"@type":"PropertyValueSpecification","valueRequired":true,"valueName":"search_term_string"}}],"inLanguage":"it-IT"},{"@type":"Person","@id":"https:\/\/www.civiltalaica.it\/cms\/#\/schema\/person\/4efef56f866329a1e0943eb27336df1d","name":"alexjc","url":"https:\/\/www.civiltalaica.it\/cms\/author\/alexjc\/"}]}},"_links":{"self":[{"href":"https:\/\/www.civiltalaica.it\/cms\/wp-json\/wp\/v2\/posts\/9560","targetHints":{"allow":["GET"]}}],"collection":[{"href":"https:\/\/www.civiltalaica.it\/cms\/wp-json\/wp\/v2\/posts"}],"about":[{"href":"https:\/\/www.civiltalaica.it\/cms\/wp-json\/wp\/v2\/types\/post"}],"author":[{"embeddable":true,"href":"https:\/\/www.civiltalaica.it\/cms\/wp-json\/wp\/v2\/users\/7"}],"replies":[{"embeddable":true,"href":"https:\/\/www.civiltalaica.it\/cms\/wp-json\/wp\/v2\/comments?post=9560"}],"version-history":[{"count":0,"href":"https:\/\/www.civiltalaica.it\/cms\/wp-json\/wp\/v2\/posts\/9560\/revisions"}],"wp:attachment":[{"href":"https:\/\/www.civiltalaica.it\/cms\/wp-json\/wp\/v2\/media?parent=9560"}],"wp:term":[{"taxonomy":"category","embeddable":true,"href":"https:\/\/www.civiltalaica.it\/cms\/wp-json\/wp\/v2\/categories?post=9560"},{"taxonomy":"post_tag","embeddable":true,"href":"https:\/\/www.civiltalaica.it\/cms\/wp-json\/wp\/v2\/tags?post=9560"}],"curies":[{"name":"wp","href":"https:\/\/api.w.org\/{rel}","templated":true}]}}