{"id":9559,"date":"2011-01-22T00:38:00","date_gmt":"2011-01-22T00:38:00","guid":{"rendered":"http:\/\/www.civiltalaica.it\/cms\/index.php\/comunione-e-liberazione-la-fatale-attrazione.html"},"modified":"2011-01-27T11:53:29","modified_gmt":"2011-01-27T11:53:29","slug":"comunione-e-liberazione-la-fatale-attrazione","status":"publish","type":"post","link":"https:\/\/www.civiltalaica.it\/cms\/comunione-e-liberazione-la-fatale-attrazione\/","title":{"rendered":"COMUNIONE E LIBERAZIONE: LA FATALE ATTRAZIONE"},"content":{"rendered":"<p style=\"text-align: justify;\"><span style=\"font-family: tahoma, geneva, sans-serif;\"><span style=\"font-size: 14px;\">Il libro di Ferruccio Pinotti [1], oltre ad essere una vera e propria miniera d\u2019 informazioni su questa organizzazione cattolica, tanto potente quanto poco conosciuta, \u00e8 fonte anche di non poche sorprese.<!--more--><\/span><\/span><\/p>\n<p>Pensiamo, pertanto, di fare cosa buona e giusta, condividendo con altre persone lo stupore, che abbiamo provato nel leggere le pagine dense e gustose dedicate a Comunione e Liberazione (d\u2019ora in avanti: C. L. [2]) ed agli astri nascenti, \u201cma anche\u201d [3], declinanti del PD: Bersani Pierluigi e Renzi Matteo.<\/p>\n<p style=\"text-align: justify;\"><span style=\"font-family: tahoma, geneva, sans-serif;\"><span style=\"font-size: 14px;\">1) Nel paragrafo, significativamente intitolato: \u201cLa sponda sinistra: Cl e Bersani\u201d, a prescindere dal modo in cui ognuno pu\u00f2 interpretare l\u2019aggettivo, Pinotti, dopo averci ricordato che l\u2019attuale Segretario del PD \u00e8 un ex sessantottino, ci informa che:<\/span><\/span><\/p>\n<p>\u201c\u2026 \u00e8 da oltre dieci anni una presenza fissa al Meeting di Rimini.<\/p>\n<p>\u2026 dal 1998 al 2009 (tranne nel 2001) non ha saltato neanche uno dei consessi agostani di Cl\u201d [4].<\/p>\n<p>Sicuramente memorabile, anche perch\u00e9 gravido di effetti, \u00e8 stato quello del 2003, quando il Ciellino Roberto Fontolan, introducendo l\u2019allora responsabile economico degli allora DS, Lo qualific\u00f2 come:<\/p>\n<p>\u201c\u2026 uno dei massimi amici del Meeting\u201d [5].<\/p>\n<p>Poteva Bersani restare insensibile a tanta squisita cortesia e non ricambiare con una sviolinata da far impallidire Paganini?<\/p>\n<p>\u201cSe vuol rifondarsi \u2026 la sinistra deve ripartire dal vostro retroterra.<\/p>\n<p>La vera sinistra non nasce dal bolscevismo (no comment; NdA), ma dalle cooperative bianche dell\u2019Ottocento.<\/p>\n<p>Il primo Partito socialista \u00e8 venuto dopo le cooperative, il Partito comunista dopo ancora e i gruppi nati con il Sessantotto sono tutti spariti.<\/p>\n<p>Solo l\u2019ideale lanciato da Cl negli anni Settanta \u00e8 rimasto vivo, perch\u00e9 quello pi\u00f9 vicino alla base popolare.<\/p>\n<p>E\u2019 lo stesso ideale che era anche delle cooperative: un dare che \u00e8 anche un educare.<\/p>\n<p>\u2026 Perch\u00e9 tra noi e voi le radici sono le stesse\u201d [6].<\/p>\n<p>Commenta giustamente Pinotti:<\/p>\n<p>\u201cUna dichiarazione d\u2019amore\u201d [7].<\/p>\n<p>E l\u2019amore d\u00e0 sempre i suoi frutti:<\/p>\n<p>\u201c\u2026 se \u00e8 vero che l\u2019anno successivo, in occasione delle elezioni europee del 2004, il movimento \u201cfece campagna a sostegno del futuro ministro, capolista dei Ds in Piemonte, Liguria e Lombardia\u201d.<\/p>\n<p>I soliti \u201cinfaticabili e furbi cucinieri ciellini\u201d avrebbe detto qualcuno\u201d [8].<\/p>\n<p style=\"text-align: justify;\"><span style=\"font-family: tahoma, geneva, sans-serif;\"><span style=\"font-size: 14px;\">2) La Politica non \u00e8 una scienza esatta, soprattutto in Italia, tuttavia, dati determinati postulati, le conseguenze sono ineluttabili:<\/span><\/span><\/p>\n<p>\u201c\u2026 nel 2006, nel corso della ventisettesima edizione del Meeting, \u2026 la relazione tra Bersani e Cl ha registrato la vera consacrazione.<\/p>\n<p>\u2026l\u2019establishment del movimento \u2013 i vari Giancarlo Cesana, Giorgio Vittadini, Emma Neri \u2013 affid\u00f2 a Pierluigi Bersani, allora titolare del dicastero per lo sviluppo economico, niente meno che la presentazione del libro del fondatore don Giussani, Dall\u2019utopia alla presenza.<\/p>\n<p>Ovvero l\u2019evento clou del Meeting, che tra l\u2019altro chiudeva la manifestazione di quell\u2019anno\u201d [9].<\/p>\n<p>Dettagli:<\/p>\n<p>&#8211; don Luigi Giussani era morto il 22 Febbraio 2005:<\/p>\n<p>\u201c\u2026 e Bersani era stato l\u2019unico leader degli allora Ds a prendere parte ai funerali, officiati nel Duomo di Milano dal cardinale Joseph Ratzinger, che poco dopo sarebbe stato eletto papa\u201d [10].<\/p>\n<p>&#8211; nel giorno della morte del fondatore di C.L., Berlusconi disse:<\/p>\n<p>\u201cDon Luigi mi ripeteva sempre di considerarmi l\u2019uomo della Provvidenza in Italia \u2026\u201d [11].<\/p>\n<p>E tu chiamali dettagli, se vuoi \u2026<\/p>\n<p style=\"text-align: justify;\"><span style=\"font-family: tahoma, geneva, sans-serif;\"><span style=\"font-size: 14px;\">3) Valori etici o edilizi?<\/span><\/span><\/p>\n<p>Lasciamo volentieri alle \u201canime belle\u201d la convinzione che i valori etici, di cui C. L. e Bersani si riempiono la bocca, siano il cemento di questa attrazione fatale.<\/p>\n<p>Essendo degli incalliti materialisti, noi pensiamo che sia il vecchio e caro cemento l\u2019elemento basilare di questa abbraccio mortale:<\/p>\n<p>\u201c\u2026 all\u2019ombra della Madonnina, caduti gli ultimi steccati, ad aggiudicarsi alcuni dei principali appalti per l\u2019edilizia sono proprio \u2026 le cooperative rosse emiliane e romagnole: come la Cmb (Cooperativa muratori e braccianti) di Carpi, che sta curando i lavori dell\u2019Ospedale Niguarda Ca\u2019 Granda; o come la Cmc (Cooperativa muratori e cementisti di Ravenna), che ha vinto il bando per la costruzione del nuovo complesso fieristico.<\/p>\n<p>Un affare da 165 milioni di euro.<\/p>\n<p>E infine, non si pu\u00f2 dimenticare che tra i partner ufficiali del Meeting di Rimini c\u2019\u00e8 proprio la Coop\u201d [12].<\/p>\n<p>Non di solo cemento, tuttavia, vive l\u2019uomo, cosicch\u00e9 bisogna pensare pure alla salute:<\/p>\n<p>\u201cNel novembre del 2008 \u2013 riporta \u201cAltraeconomia\u201d &#8211; \u00e8 stata annunciata la fusione tra Os, la mutua sanitaria della Compagnia delle opere, e Insieme salute, aderente a Legacoop\u201d [13].<\/p>\n<p>Ed infine:<\/p>\n<p>\u201cA gennaio di quest\u2019anno la svolta ha toccato un altro tempio della tradizione di sinistra: il porto di Genova, dove \u00e8 attiva la societ\u00e0 di lavoro interinale Intempo, passata dall\u2019associazione delle compagnie portuali a un fifty-fifty tra Legacoop e Cdo.<\/p>\n<p>E un\u2019altra casa comune \u00e8 la fondazione Abitare la citt\u00e0, che a Milano opera nell\u2019housing sociale: \u00e8 costituita da cooperative aderenti a Legacoop, Cdo di Milano e provincia\u201d [14].<\/p>\n<p style=\"text-align: justify;\"><span style=\"font-family: tahoma, geneva, sans-serif;\"><span style=\"font-size: 14px;\">4) \u201cChe Cl sia con te\u201d<\/span><\/span><\/p>\n<p>Cos\u00ec \u00e8 intitolato, ed a ragione, il paragrafo finale della Bersaneide.<\/p>\n<p>Si era nell\u2019Agosto del 2009, alla vigilia delle primarie del Pd per la scelta del nuovo Segretario del Partito.<\/p>\n<p>Naturalmente, Bersani era stato invitato alla trentennale edizione del Meeting, precisamente per partecipare alla tavola rotonda \u201cUna strada per l\u2019Italia\u201d con Maurizio Lupi e Mario Draghi, il Governatore (della Banca) d\u2019Italia.<\/p>\n<p>L\u2019Onorevole Lupi accolse Bersani, dicendo:<\/p>\n<p>\u201cEccoti, saluto il mio candidato\u201d [15].<\/p>\n<p>Il moderatore del dibattito, Giorgio Vittadini, uno dei leader di C.L., si \u201climit\u00f2\u201d a dire:<\/p>\n<p>\u201cSappiamo tutti che tra poco il nostro amico Pierluigi dovr\u00e0 affrontare un passaggio importante\u2026<\/p>\n<p>Be\u2019, vorrei che gli tributassimo un caloroso applauso, perch\u00e9 sappia che noi facciamo il tifo per lui\u201d [16].<\/p>\n<p style=\"text-align: justify;\"><span style=\"font-family: tahoma, geneva, sans-serif;\"><span style=\"font-size: 14px;\">5) Il nuovo che avanza \u2026<\/span><\/span><\/p>\n<p>Da qualche tempo, ha fatto il Suo ingresso sulla scena politica italiana una strana figura: il Rottamatore Renzi Matteo, che si \u00e8 assegnato la missione, appunto, di rottamare la vecchia casta dirigente del Partito di cui fa parte: il PD.<\/p>\n<p>Assaporiamo, quindi, la novit\u00e0 da Lui rappresentata:<\/p>\n<p>\u201c\u2026 a Firenze il voto di Cl \u00e8 finito in massa all\u2019esponente del Pd, Matteo Renzi\u201d [17].<\/p>\n<p>In verit\u00e0, in verit\u00e0, le cose non sono andate proprio cos\u00ec.<\/p>\n<p>Il 3 Aprile 2009, \u201cL\u2019Espresso\u201d ha intervistato il Rottamatore, chiedendoGli se fosse vero che C.L. Lo sostenesse; S.A.R. (Sua Altezza il Rottamatore) ha cos\u00ec risposto:<\/p>\n<p>\u201cIo pensavo e speravo di pi\u00f9.<\/p>\n<p>Ma il presidente della Compagnia delle opere ha scelto di non andare a votare.<\/p>\n<p>Il mio amico, capo delle scuole cattoliche Francesco Neri, idem.<\/p>\n<p>E stiamo parlando di rapporti fraterni\u201d [18].<\/p>\n<p>Poi, dalle vicende personali, \u00e8 passato a disquisire di alta politica:<\/p>\n<p>\u201cTrovo stravagante l\u2019atteggiamento della sinistra verso la Compagnia.<\/p>\n<p>L\u2019unico politico che ha chiuso il Meeting di Rimini si chiama Pierluigi Bersani.<\/p>\n<p>Se Bersani pu\u00f2 parlare con la Cdo, non vedo perch\u00e9 non ci possa parlare qualcun altro\u201d [19].<\/p>\n<p style=\"text-align: justify;\"><span style=\"font-family: tahoma, geneva, sans-serif;\"><span style=\"font-size: 14px;\">Amen.<\/span><\/span><\/p>\n<p><strong><a href=\"http:\/\/www.valeriobruschini.info\/?p=304\" target=\"_blank\">Valerio Bruschini<\/a><\/strong><\/p>\n<p><strong><a href=\"http:\/\/www.valeriobruschini.info\/?p=304\" target=\"_blank\"> Note sul sito dell&#8217;autore<\/a><\/strong><\/p>\n","protected":false},"excerpt":{"rendered":"<p>Il libro di Ferruccio Pinotti [1], oltre ad essere una vera e propria miniera d\u2019 informazioni su questa organizzazione cattolica, tanto potente quanto poco conosciuta, \u00e8 fonte anche di non poche sorprese.<\/p>\n","protected":false},"author":7,"featured_media":0,"comment_status":"closed","ping_status":"closed","sticky":false,"template":"","format":"standard","meta":{"footnotes":""},"categories":[228],"tags":[700,87],"class_list":["post-9559","post","type-post","status-publish","format-standard","hentry","category-blog","tag-comunione-e-liberazione","tag-valerio-bruschini"],"yoast_head":"<!-- This site is optimized with the Yoast SEO plugin v27.1.1 - https:\/\/yoast.com\/product\/yoast-seo-wordpress\/ -->\n<title>COMUNIONE E LIBERAZIONE: LA FATALE ATTRAZIONE - Associazione Culturale Civilt\u00e0 Laica<\/title>\n<meta name=\"robots\" content=\"index, follow, max-snippet:-1, max-image-preview:large, max-video-preview:-1\" \/>\n<link rel=\"canonical\" href=\"https:\/\/www.civiltalaica.it\/cms\/comunione-e-liberazione-la-fatale-attrazione\/\" \/>\n<meta property=\"og:locale\" content=\"it_IT\" \/>\n<meta property=\"og:type\" content=\"article\" \/>\n<meta property=\"og:title\" content=\"COMUNIONE E LIBERAZIONE: LA FATALE ATTRAZIONE - Associazione Culturale Civilt\u00e0 Laica\" \/>\n<meta property=\"og:description\" content=\"Il libro di Ferruccio Pinotti [1], oltre ad essere una vera e propria miniera d\u2019 informazioni su questa organizzazione cattolica, tanto potente quanto poco conosciuta, \u00e8 fonte anche di non poche sorprese.\" \/>\n<meta property=\"og:url\" content=\"https:\/\/www.civiltalaica.it\/cms\/comunione-e-liberazione-la-fatale-attrazione\/\" \/>\n<meta property=\"og:site_name\" content=\"Associazione Culturale Civilt\u00e0 Laica\" \/>\n<meta property=\"article:publisher\" content=\"https:\/\/www.facebook.com\/civiltalaica\" \/>\n<meta property=\"article:published_time\" content=\"2011-01-22T00:38:00+00:00\" \/>\n<meta property=\"article:modified_time\" content=\"2011-01-27T11:53:29+00:00\" \/>\n<meta property=\"og:image\" content=\"https:\/\/www.civiltalaica.it\/cms\/wp-content\/uploads\/2017\/06\/logo-cl.png\" \/>\n\t<meta property=\"og:image:width\" content=\"400\" \/>\n\t<meta property=\"og:image:height\" content=\"180\" \/>\n\t<meta property=\"og:image:type\" content=\"image\/png\" \/>\n<meta name=\"author\" content=\"alexjc\" \/>\n<meta name=\"twitter:card\" content=\"summary_large_image\" \/>\n<meta name=\"twitter:label1\" content=\"Scritto da\" \/>\n\t<meta name=\"twitter:data1\" content=\"alexjc\" \/>\n\t<meta name=\"twitter:label2\" content=\"Tempo di lettura stimato\" \/>\n\t<meta name=\"twitter:data2\" content=\"5 minuti\" \/>\n<script type=\"application\/ld+json\" class=\"yoast-schema-graph\">{\"@context\":\"https:\/\/schema.org\",\"@graph\":[{\"@type\":\"Article\",\"@id\":\"https:\/\/www.civiltalaica.it\/cms\/comunione-e-liberazione-la-fatale-attrazione\/#article\",\"isPartOf\":{\"@id\":\"https:\/\/www.civiltalaica.it\/cms\/comunione-e-liberazione-la-fatale-attrazione\/\"},\"author\":{\"name\":\"alexjc\",\"@id\":\"https:\/\/www.civiltalaica.it\/cms\/#\/schema\/person\/4efef56f866329a1e0943eb27336df1d\"},\"headline\":\"COMUNIONE E LIBERAZIONE: LA FATALE ATTRAZIONE\",\"datePublished\":\"2011-01-22T00:38:00+00:00\",\"dateModified\":\"2011-01-27T11:53:29+00:00\",\"mainEntityOfPage\":{\"@id\":\"https:\/\/www.civiltalaica.it\/cms\/comunione-e-liberazione-la-fatale-attrazione\/\"},\"wordCount\":1078,\"keywords\":[\"comunione e liberazione\",\"valerio bruschini\"],\"articleSection\":[\"blog\"],\"inLanguage\":\"it-IT\"},{\"@type\":\"WebPage\",\"@id\":\"https:\/\/www.civiltalaica.it\/cms\/comunione-e-liberazione-la-fatale-attrazione\/\",\"url\":\"https:\/\/www.civiltalaica.it\/cms\/comunione-e-liberazione-la-fatale-attrazione\/\",\"name\":\"COMUNIONE E LIBERAZIONE: LA FATALE ATTRAZIONE - Associazione Culturale Civilt\u00e0 Laica\",\"isPartOf\":{\"@id\":\"https:\/\/www.civiltalaica.it\/cms\/#website\"},\"datePublished\":\"2011-01-22T00:38:00+00:00\",\"dateModified\":\"2011-01-27T11:53:29+00:00\",\"author\":{\"@id\":\"https:\/\/www.civiltalaica.it\/cms\/#\/schema\/person\/4efef56f866329a1e0943eb27336df1d\"},\"breadcrumb\":{\"@id\":\"https:\/\/www.civiltalaica.it\/cms\/comunione-e-liberazione-la-fatale-attrazione\/#breadcrumb\"},\"inLanguage\":\"it-IT\",\"potentialAction\":[{\"@type\":\"ReadAction\",\"target\":[\"https:\/\/www.civiltalaica.it\/cms\/comunione-e-liberazione-la-fatale-attrazione\/\"]}]},{\"@type\":\"BreadcrumbList\",\"@id\":\"https:\/\/www.civiltalaica.it\/cms\/comunione-e-liberazione-la-fatale-attrazione\/#breadcrumb\",\"itemListElement\":[{\"@type\":\"ListItem\",\"position\":1,\"name\":\"Home\",\"item\":\"https:\/\/www.civiltalaica.it\/cms\/\"},{\"@type\":\"ListItem\",\"position\":2,\"name\":\"COMUNIONE E LIBERAZIONE: LA FATALE ATTRAZIONE\"}]},{\"@type\":\"WebSite\",\"@id\":\"https:\/\/www.civiltalaica.it\/cms\/#website\",\"url\":\"https:\/\/www.civiltalaica.it\/cms\/\",\"name\":\"Associazione Culturale Civilt\u00e0 Laica\",\"description\":\"Per un movimento culturale volto a difendere la Laicit\u00e0 dello Stato.\",\"potentialAction\":[{\"@type\":\"SearchAction\",\"target\":{\"@type\":\"EntryPoint\",\"urlTemplate\":\"https:\/\/www.civiltalaica.it\/cms\/?s={search_term_string}\"},\"query-input\":{\"@type\":\"PropertyValueSpecification\",\"valueRequired\":true,\"valueName\":\"search_term_string\"}}],\"inLanguage\":\"it-IT\"},{\"@type\":\"Person\",\"@id\":\"https:\/\/www.civiltalaica.it\/cms\/#\/schema\/person\/4efef56f866329a1e0943eb27336df1d\",\"name\":\"alexjc\",\"url\":\"https:\/\/www.civiltalaica.it\/cms\/author\/alexjc\/\"}]}<\/script>\n<!-- \/ Yoast SEO plugin. -->","yoast_head_json":{"title":"COMUNIONE E LIBERAZIONE: LA FATALE ATTRAZIONE - Associazione Culturale Civilt\u00e0 Laica","robots":{"index":"index","follow":"follow","max-snippet":"max-snippet:-1","max-image-preview":"max-image-preview:large","max-video-preview":"max-video-preview:-1"},"canonical":"https:\/\/www.civiltalaica.it\/cms\/comunione-e-liberazione-la-fatale-attrazione\/","og_locale":"it_IT","og_type":"article","og_title":"COMUNIONE E LIBERAZIONE: LA FATALE ATTRAZIONE - Associazione Culturale Civilt\u00e0 Laica","og_description":"Il libro di Ferruccio Pinotti [1], oltre ad essere una vera e propria miniera d\u2019 informazioni su questa organizzazione cattolica, tanto potente quanto poco conosciuta, \u00e8 fonte anche di non poche sorprese.","og_url":"https:\/\/www.civiltalaica.it\/cms\/comunione-e-liberazione-la-fatale-attrazione\/","og_site_name":"Associazione Culturale Civilt\u00e0 Laica","article_publisher":"https:\/\/www.facebook.com\/civiltalaica","article_published_time":"2011-01-22T00:38:00+00:00","article_modified_time":"2011-01-27T11:53:29+00:00","og_image":[{"width":400,"height":180,"url":"https:\/\/www.civiltalaica.it\/cms\/wp-content\/uploads\/2017\/06\/logo-cl.png","type":"image\/png"}],"author":"alexjc","twitter_card":"summary_large_image","twitter_misc":{"Scritto da":"alexjc","Tempo di lettura stimato":"5 minuti"},"schema":{"@context":"https:\/\/schema.org","@graph":[{"@type":"Article","@id":"https:\/\/www.civiltalaica.it\/cms\/comunione-e-liberazione-la-fatale-attrazione\/#article","isPartOf":{"@id":"https:\/\/www.civiltalaica.it\/cms\/comunione-e-liberazione-la-fatale-attrazione\/"},"author":{"name":"alexjc","@id":"https:\/\/www.civiltalaica.it\/cms\/#\/schema\/person\/4efef56f866329a1e0943eb27336df1d"},"headline":"COMUNIONE E LIBERAZIONE: LA FATALE ATTRAZIONE","datePublished":"2011-01-22T00:38:00+00:00","dateModified":"2011-01-27T11:53:29+00:00","mainEntityOfPage":{"@id":"https:\/\/www.civiltalaica.it\/cms\/comunione-e-liberazione-la-fatale-attrazione\/"},"wordCount":1078,"keywords":["comunione e liberazione","valerio bruschini"],"articleSection":["blog"],"inLanguage":"it-IT"},{"@type":"WebPage","@id":"https:\/\/www.civiltalaica.it\/cms\/comunione-e-liberazione-la-fatale-attrazione\/","url":"https:\/\/www.civiltalaica.it\/cms\/comunione-e-liberazione-la-fatale-attrazione\/","name":"COMUNIONE E LIBERAZIONE: LA FATALE ATTRAZIONE - Associazione Culturale Civilt\u00e0 Laica","isPartOf":{"@id":"https:\/\/www.civiltalaica.it\/cms\/#website"},"datePublished":"2011-01-22T00:38:00+00:00","dateModified":"2011-01-27T11:53:29+00:00","author":{"@id":"https:\/\/www.civiltalaica.it\/cms\/#\/schema\/person\/4efef56f866329a1e0943eb27336df1d"},"breadcrumb":{"@id":"https:\/\/www.civiltalaica.it\/cms\/comunione-e-liberazione-la-fatale-attrazione\/#breadcrumb"},"inLanguage":"it-IT","potentialAction":[{"@type":"ReadAction","target":["https:\/\/www.civiltalaica.it\/cms\/comunione-e-liberazione-la-fatale-attrazione\/"]}]},{"@type":"BreadcrumbList","@id":"https:\/\/www.civiltalaica.it\/cms\/comunione-e-liberazione-la-fatale-attrazione\/#breadcrumb","itemListElement":[{"@type":"ListItem","position":1,"name":"Home","item":"https:\/\/www.civiltalaica.it\/cms\/"},{"@type":"ListItem","position":2,"name":"COMUNIONE E LIBERAZIONE: LA FATALE ATTRAZIONE"}]},{"@type":"WebSite","@id":"https:\/\/www.civiltalaica.it\/cms\/#website","url":"https:\/\/www.civiltalaica.it\/cms\/","name":"Associazione Culturale Civilt\u00e0 Laica","description":"Per un movimento culturale volto a difendere la Laicit\u00e0 dello Stato.","potentialAction":[{"@type":"SearchAction","target":{"@type":"EntryPoint","urlTemplate":"https:\/\/www.civiltalaica.it\/cms\/?s={search_term_string}"},"query-input":{"@type":"PropertyValueSpecification","valueRequired":true,"valueName":"search_term_string"}}],"inLanguage":"it-IT"},{"@type":"Person","@id":"https:\/\/www.civiltalaica.it\/cms\/#\/schema\/person\/4efef56f866329a1e0943eb27336df1d","name":"alexjc","url":"https:\/\/www.civiltalaica.it\/cms\/author\/alexjc\/"}]}},"_links":{"self":[{"href":"https:\/\/www.civiltalaica.it\/cms\/wp-json\/wp\/v2\/posts\/9559","targetHints":{"allow":["GET"]}}],"collection":[{"href":"https:\/\/www.civiltalaica.it\/cms\/wp-json\/wp\/v2\/posts"}],"about":[{"href":"https:\/\/www.civiltalaica.it\/cms\/wp-json\/wp\/v2\/types\/post"}],"author":[{"embeddable":true,"href":"https:\/\/www.civiltalaica.it\/cms\/wp-json\/wp\/v2\/users\/7"}],"replies":[{"embeddable":true,"href":"https:\/\/www.civiltalaica.it\/cms\/wp-json\/wp\/v2\/comments?post=9559"}],"version-history":[{"count":0,"href":"https:\/\/www.civiltalaica.it\/cms\/wp-json\/wp\/v2\/posts\/9559\/revisions"}],"wp:attachment":[{"href":"https:\/\/www.civiltalaica.it\/cms\/wp-json\/wp\/v2\/media?parent=9559"}],"wp:term":[{"taxonomy":"category","embeddable":true,"href":"https:\/\/www.civiltalaica.it\/cms\/wp-json\/wp\/v2\/categories?post=9559"},{"taxonomy":"post_tag","embeddable":true,"href":"https:\/\/www.civiltalaica.it\/cms\/wp-json\/wp\/v2\/tags?post=9559"}],"curies":[{"name":"wp","href":"https:\/\/api.w.org\/{rel}","templated":true}]}}