{"id":939,"date":"2009-04-03T12:21:52","date_gmt":"2009-04-03T12:21:52","guid":{"rendered":""},"modified":"2011-01-26T09:36:15","modified_gmt":"2011-01-26T09:36:15","slug":"quellesasperato-paradigma-evoluzionista","status":"publish","type":"post","link":"https:\/\/www.civiltalaica.it\/cms\/quellesasperato-paradigma-evoluzionista\/","title":{"rendered":"QUELL&#8217;ESASPERATO PARADIGMA EVOLUZIONISTA"},"content":{"rendered":"<p>&quot;<em>Secondo Bagnasco, quindi, il vero scontro di civilt\u00e0 \u00e8 quello fra credenti e non credenti. Non quindi un conflitto fra culture religiose diverse, ma tra chi fa discendere l&#39;uomo da Dio, e da chi lo colloca nel mezzo di un&#39;evoluzione ancora in corso &#39;nell&#39;esasperato paradigma evoluzionista&#39; <\/em>&quot; (corriere.it)<br \/>Difficile concetto. Li per l\u00ec non capivo esattamente cosa volesse significare. Se non confondere le idee. Poi sono andata a cercare ogni singola parola nel vocabolario ed ho capito ci\u00f2 che il Cardinal Bagnasco intendeva dire: esasperata visione del mondo in termini evoluzionisti. Pensare al mondo in termini di evoluzione della specie, in maniera esasperata, cio\u00e8 fanatica. Dunque vedere il mondo in questi termini sarebbe fanatico. Darwin era un fanatico. <\/p>\n<p><a href=\"http:\/\/www.mauxa.com\/content\/view\/270\/36\/\" target=\"_blank\">Continua sul sito di mauxa.com<\/a><\/p>\n","protected":false},"excerpt":{"rendered":"<p>&quot;Secondo Bagnasco, quindi, il vero scontro di civilt\u00e0 \u00e8 quello fra credenti e non credenti. Non quindi un conflitto fra culture religiose diverse, ma tra chi fa discendere l&#39;uomo da Dio, e da chi lo colloca nel mezzo di un&#39;evoluzione ancora in corso &#39;nell&#39;esasperato paradigma evoluzionista&#39; &quot; (corriere.it)Difficile concetto. Li per l\u00ec non capivo esattamente [&hellip;]<\/p>\n","protected":false},"author":1,"featured_media":0,"comment_status":"closed","ping_status":"closed","sticky":false,"template":"","format":"standard","meta":{"footnotes":""},"categories":[238],"tags":[55],"class_list":["post-939","post","type-post","status-publish","format-standard","hentry","category-articoli","tag-societa"],"yoast_head":"<!-- This site is optimized with the Yoast SEO plugin v27.1.1 - https:\/\/yoast.com\/product\/yoast-seo-wordpress\/ -->\n<title>QUELL&#039;ESASPERATO PARADIGMA EVOLUZIONISTA - Associazione Culturale Civilt\u00e0 Laica<\/title>\n<meta name=\"robots\" content=\"index, follow, max-snippet:-1, max-image-preview:large, max-video-preview:-1\" \/>\n<link rel=\"canonical\" href=\"https:\/\/www.civiltalaica.it\/cms\/quellesasperato-paradigma-evoluzionista\/\" \/>\n<meta property=\"og:locale\" content=\"it_IT\" \/>\n<meta property=\"og:type\" content=\"article\" \/>\n<meta property=\"og:title\" content=\"QUELL&#039;ESASPERATO PARADIGMA EVOLUZIONISTA - Associazione Culturale Civilt\u00e0 Laica\" \/>\n<meta property=\"og:description\" content=\"&quot;Secondo Bagnasco, quindi, il vero scontro di civilt\u00e0 \u00e8 quello fra credenti e non credenti. Non quindi un conflitto fra culture religiose diverse, ma tra chi fa discendere l&#039;uomo da Dio, e da chi lo colloca nel mezzo di un&#039;evoluzione ancora in corso &#039;nell&#039;esasperato paradigma evoluzionista&#039; &quot; (corriere.it)Difficile concetto. Li per l\u00ec non capivo esattamente [&hellip;]\" \/>\n<meta property=\"og:url\" content=\"https:\/\/www.civiltalaica.it\/cms\/quellesasperato-paradigma-evoluzionista\/\" \/>\n<meta property=\"og:site_name\" content=\"Associazione Culturale Civilt\u00e0 Laica\" \/>\n<meta property=\"article:publisher\" content=\"https:\/\/www.facebook.com\/civiltalaica\" \/>\n<meta property=\"article:published_time\" content=\"2009-04-03T12:21:52+00:00\" \/>\n<meta property=\"article:modified_time\" content=\"2011-01-26T09:36:15+00:00\" \/>\n<meta property=\"og:image\" content=\"https:\/\/www.civiltalaica.it\/cms\/wp-content\/uploads\/2017\/06\/logo-cl.png\" \/>\n\t<meta property=\"og:image:width\" content=\"400\" \/>\n\t<meta property=\"og:image:height\" content=\"180\" \/>\n\t<meta property=\"og:image:type\" content=\"image\/png\" \/>\n<meta name=\"author\" content=\"cladmin\" \/>\n<meta name=\"twitter:card\" content=\"summary_large_image\" \/>\n<meta name=\"twitter:label1\" content=\"Scritto da\" \/>\n\t<meta name=\"twitter:data1\" content=\"cladmin\" \/>\n\t<meta name=\"twitter:label2\" content=\"Tempo di lettura stimato\" \/>\n\t<meta name=\"twitter:data2\" content=\"1 minuto\" \/>\n<script type=\"application\/ld+json\" class=\"yoast-schema-graph\">{\"@context\":\"https:\/\/schema.org\",\"@graph\":[{\"@type\":\"Article\",\"@id\":\"https:\/\/www.civiltalaica.it\/cms\/quellesasperato-paradigma-evoluzionista\/#article\",\"isPartOf\":{\"@id\":\"https:\/\/www.civiltalaica.it\/cms\/quellesasperato-paradigma-evoluzionista\/\"},\"author\":{\"name\":\"cladmin\",\"@id\":\"https:\/\/www.civiltalaica.it\/cms\/#\/schema\/person\/500a52762e2620e007d6333aa121f5e5\"},\"headline\":\"QUELL&#8217;ESASPERATO PARADIGMA EVOLUZIONISTA\",\"datePublished\":\"2009-04-03T12:21:52+00:00\",\"dateModified\":\"2011-01-26T09:36:15+00:00\",\"mainEntityOfPage\":{\"@id\":\"https:\/\/www.civiltalaica.it\/cms\/quellesasperato-paradigma-evoluzionista\/\"},\"wordCount\":131,\"keywords\":[\"Societ\u00e0\"],\"articleSection\":[\"articoli\"],\"inLanguage\":\"it-IT\"},{\"@type\":\"WebPage\",\"@id\":\"https:\/\/www.civiltalaica.it\/cms\/quellesasperato-paradigma-evoluzionista\/\",\"url\":\"https:\/\/www.civiltalaica.it\/cms\/quellesasperato-paradigma-evoluzionista\/\",\"name\":\"QUELL'ESASPERATO PARADIGMA EVOLUZIONISTA - Associazione Culturale Civilt\u00e0 Laica\",\"isPartOf\":{\"@id\":\"https:\/\/www.civiltalaica.it\/cms\/#website\"},\"datePublished\":\"2009-04-03T12:21:52+00:00\",\"dateModified\":\"2011-01-26T09:36:15+00:00\",\"author\":{\"@id\":\"https:\/\/www.civiltalaica.it\/cms\/#\/schema\/person\/500a52762e2620e007d6333aa121f5e5\"},\"breadcrumb\":{\"@id\":\"https:\/\/www.civiltalaica.it\/cms\/quellesasperato-paradigma-evoluzionista\/#breadcrumb\"},\"inLanguage\":\"it-IT\",\"potentialAction\":[{\"@type\":\"ReadAction\",\"target\":[\"https:\/\/www.civiltalaica.it\/cms\/quellesasperato-paradigma-evoluzionista\/\"]}]},{\"@type\":\"BreadcrumbList\",\"@id\":\"https:\/\/www.civiltalaica.it\/cms\/quellesasperato-paradigma-evoluzionista\/#breadcrumb\",\"itemListElement\":[{\"@type\":\"ListItem\",\"position\":1,\"name\":\"Home\",\"item\":\"https:\/\/www.civiltalaica.it\/cms\/\"},{\"@type\":\"ListItem\",\"position\":2,\"name\":\"Nuove difficolt\u00e0 nel dialogo tra laici e cattolici\",\"item\":\"https:\/\/www.civiltalaica.it\/cms\/nuove-difficolta-nel-dialogo-tra-laici-e-cattolici\/\"},{\"@type\":\"ListItem\",\"position\":3,\"name\":\"L\u2019etica laica e libertaria di Vasco Rossi (prima parte)\",\"item\":\"https:\/\/www.civiltalaica.it\/cms\/l%e2%80%99etica-laica-e-libertaria-di-vasco-rossi-prima-parte\/\"},{\"@type\":\"ListItem\",\"position\":4,\"name\":\"QUELL&#8217;ESASPERATO PARADIGMA EVOLUZIONISTA\"}]},{\"@type\":\"WebSite\",\"@id\":\"https:\/\/www.civiltalaica.it\/cms\/#website\",\"url\":\"https:\/\/www.civiltalaica.it\/cms\/\",\"name\":\"Associazione Culturale Civilt\u00e0 Laica\",\"description\":\"Per un movimento culturale volto a difendere la Laicit\u00e0 dello Stato.\",\"potentialAction\":[{\"@type\":\"SearchAction\",\"target\":{\"@type\":\"EntryPoint\",\"urlTemplate\":\"https:\/\/www.civiltalaica.it\/cms\/?s={search_term_string}\"},\"query-input\":{\"@type\":\"PropertyValueSpecification\",\"valueRequired\":true,\"valueName\":\"search_term_string\"}}],\"inLanguage\":\"it-IT\"},{\"@type\":\"Person\",\"@id\":\"https:\/\/www.civiltalaica.it\/cms\/#\/schema\/person\/500a52762e2620e007d6333aa121f5e5\",\"name\":\"cladmin\",\"url\":\"https:\/\/www.civiltalaica.it\/cms\/author\/cladmin\/\"}]}<\/script>\n<!-- \/ Yoast SEO plugin. -->","yoast_head_json":{"title":"QUELL'ESASPERATO PARADIGMA EVOLUZIONISTA - Associazione Culturale Civilt\u00e0 Laica","robots":{"index":"index","follow":"follow","max-snippet":"max-snippet:-1","max-image-preview":"max-image-preview:large","max-video-preview":"max-video-preview:-1"},"canonical":"https:\/\/www.civiltalaica.it\/cms\/quellesasperato-paradigma-evoluzionista\/","og_locale":"it_IT","og_type":"article","og_title":"QUELL'ESASPERATO PARADIGMA EVOLUZIONISTA - Associazione Culturale Civilt\u00e0 Laica","og_description":"&quot;Secondo Bagnasco, quindi, il vero scontro di civilt\u00e0 \u00e8 quello fra credenti e non credenti. Non quindi un conflitto fra culture religiose diverse, ma tra chi fa discendere l&#39;uomo da Dio, e da chi lo colloca nel mezzo di un&#39;evoluzione ancora in corso &#39;nell&#39;esasperato paradigma evoluzionista&#39; &quot; (corriere.it)Difficile concetto. Li per l\u00ec non capivo esattamente [&hellip;]","og_url":"https:\/\/www.civiltalaica.it\/cms\/quellesasperato-paradigma-evoluzionista\/","og_site_name":"Associazione Culturale Civilt\u00e0 Laica","article_publisher":"https:\/\/www.facebook.com\/civiltalaica","article_published_time":"2009-04-03T12:21:52+00:00","article_modified_time":"2011-01-26T09:36:15+00:00","og_image":[{"width":400,"height":180,"url":"https:\/\/www.civiltalaica.it\/cms\/wp-content\/uploads\/2017\/06\/logo-cl.png","type":"image\/png"}],"author":"cladmin","twitter_card":"summary_large_image","twitter_misc":{"Scritto da":"cladmin","Tempo di lettura stimato":"1 minuto"},"schema":{"@context":"https:\/\/schema.org","@graph":[{"@type":"Article","@id":"https:\/\/www.civiltalaica.it\/cms\/quellesasperato-paradigma-evoluzionista\/#article","isPartOf":{"@id":"https:\/\/www.civiltalaica.it\/cms\/quellesasperato-paradigma-evoluzionista\/"},"author":{"name":"cladmin","@id":"https:\/\/www.civiltalaica.it\/cms\/#\/schema\/person\/500a52762e2620e007d6333aa121f5e5"},"headline":"QUELL&#8217;ESASPERATO PARADIGMA EVOLUZIONISTA","datePublished":"2009-04-03T12:21:52+00:00","dateModified":"2011-01-26T09:36:15+00:00","mainEntityOfPage":{"@id":"https:\/\/www.civiltalaica.it\/cms\/quellesasperato-paradigma-evoluzionista\/"},"wordCount":131,"keywords":["Societ\u00e0"],"articleSection":["articoli"],"inLanguage":"it-IT"},{"@type":"WebPage","@id":"https:\/\/www.civiltalaica.it\/cms\/quellesasperato-paradigma-evoluzionista\/","url":"https:\/\/www.civiltalaica.it\/cms\/quellesasperato-paradigma-evoluzionista\/","name":"QUELL'ESASPERATO PARADIGMA EVOLUZIONISTA - Associazione Culturale Civilt\u00e0 Laica","isPartOf":{"@id":"https:\/\/www.civiltalaica.it\/cms\/#website"},"datePublished":"2009-04-03T12:21:52+00:00","dateModified":"2011-01-26T09:36:15+00:00","author":{"@id":"https:\/\/www.civiltalaica.it\/cms\/#\/schema\/person\/500a52762e2620e007d6333aa121f5e5"},"breadcrumb":{"@id":"https:\/\/www.civiltalaica.it\/cms\/quellesasperato-paradigma-evoluzionista\/#breadcrumb"},"inLanguage":"it-IT","potentialAction":[{"@type":"ReadAction","target":["https:\/\/www.civiltalaica.it\/cms\/quellesasperato-paradigma-evoluzionista\/"]}]},{"@type":"BreadcrumbList","@id":"https:\/\/www.civiltalaica.it\/cms\/quellesasperato-paradigma-evoluzionista\/#breadcrumb","itemListElement":[{"@type":"ListItem","position":1,"name":"Home","item":"https:\/\/www.civiltalaica.it\/cms\/"},{"@type":"ListItem","position":2,"name":"Nuove difficolt\u00e0 nel dialogo tra laici e cattolici","item":"https:\/\/www.civiltalaica.it\/cms\/nuove-difficolta-nel-dialogo-tra-laici-e-cattolici\/"},{"@type":"ListItem","position":3,"name":"L\u2019etica laica e libertaria di Vasco Rossi (prima parte)","item":"https:\/\/www.civiltalaica.it\/cms\/l%e2%80%99etica-laica-e-libertaria-di-vasco-rossi-prima-parte\/"},{"@type":"ListItem","position":4,"name":"QUELL&#8217;ESASPERATO PARADIGMA EVOLUZIONISTA"}]},{"@type":"WebSite","@id":"https:\/\/www.civiltalaica.it\/cms\/#website","url":"https:\/\/www.civiltalaica.it\/cms\/","name":"Associazione Culturale Civilt\u00e0 Laica","description":"Per un movimento culturale volto a difendere la Laicit\u00e0 dello Stato.","potentialAction":[{"@type":"SearchAction","target":{"@type":"EntryPoint","urlTemplate":"https:\/\/www.civiltalaica.it\/cms\/?s={search_term_string}"},"query-input":{"@type":"PropertyValueSpecification","valueRequired":true,"valueName":"search_term_string"}}],"inLanguage":"it-IT"},{"@type":"Person","@id":"https:\/\/www.civiltalaica.it\/cms\/#\/schema\/person\/500a52762e2620e007d6333aa121f5e5","name":"cladmin","url":"https:\/\/www.civiltalaica.it\/cms\/author\/cladmin\/"}]}},"_links":{"self":[{"href":"https:\/\/www.civiltalaica.it\/cms\/wp-json\/wp\/v2\/posts\/939","targetHints":{"allow":["GET"]}}],"collection":[{"href":"https:\/\/www.civiltalaica.it\/cms\/wp-json\/wp\/v2\/posts"}],"about":[{"href":"https:\/\/www.civiltalaica.it\/cms\/wp-json\/wp\/v2\/types\/post"}],"author":[{"embeddable":true,"href":"https:\/\/www.civiltalaica.it\/cms\/wp-json\/wp\/v2\/users\/1"}],"replies":[{"embeddable":true,"href":"https:\/\/www.civiltalaica.it\/cms\/wp-json\/wp\/v2\/comments?post=939"}],"version-history":[{"count":0,"href":"https:\/\/www.civiltalaica.it\/cms\/wp-json\/wp\/v2\/posts\/939\/revisions"}],"wp:attachment":[{"href":"https:\/\/www.civiltalaica.it\/cms\/wp-json\/wp\/v2\/media?parent=939"}],"wp:term":[{"taxonomy":"category","embeddable":true,"href":"https:\/\/www.civiltalaica.it\/cms\/wp-json\/wp\/v2\/categories?post=939"},{"taxonomy":"post_tag","embeddable":true,"href":"https:\/\/www.civiltalaica.it\/cms\/wp-json\/wp\/v2\/tags?post=939"}],"curies":[{"name":"wp","href":"https:\/\/api.w.org\/{rel}","templated":true}]}}