{"id":9374,"date":"2009-01-31T12:36:00","date_gmt":"2009-01-31T12:36:00","guid":{"rendered":"http:\/\/www.civiltalaica.it\/cms\/index.php\/settimana-del-libero-pensiero-2009-2.html"},"modified":"2009-01-31T12:36:00","modified_gmt":"2009-01-31T12:36:00","slug":"settimana-del-libero-pensiero-2009-2","status":"publish","type":"post","link":"https:\/\/www.civiltalaica.it\/cms\/settimana-del-libero-pensiero-2009-2\/","title":{"rendered":"Settimana del libero pensiero 2009"},"content":{"rendered":"<p><img loading=\"lazy\" decoding=\"async\" height=\"715\" width=\"423\" alt=\"\" src=\"http:\/\/www.civiltalaica.it\/documenti\/settimana\/SettimanaLiberoPensiero2009.jpg\" \/><\/p>\n<p>Siamo esattamente ad una settimana dall&#8217;inizio della &quot;<strong>Settimana del Libero Pensiero 2009<\/strong>&quot;, ecco il programma che invitiamo tutti i nostri amici a diffondere il pi&ugrave; possibile.<\/p>\n<p><strong>Sabato 7 Febbraio 2009<\/strong> &#8212; sala comunale di via Aminale ore 16.00<\/p>\n<p><strong>V DARWIN DAY<\/strong><\/p>\n<p>Quest&rsquo;anno il consueto appuntamento con la divulgazione scientifica vanter&agrave; la presenza di due dei maggiori biologi evoluzionisti italiani, il Prof. Gianfranco Biondi e la Prof.ssa Olga Rickards co-autori dei libri &ldquo;Uomini per caso&rdquo; e &ldquo;Il codice Darwin&rdquo;. <\/p>\n<p><strong>Martedi 10 Febbraio 2009 &#8211;<\/strong> Sala Laura in via Carrara 2 &#8211; Terni<br \/>\nDIBATTITO <br \/>\nLibert&agrave; di espressione? <br \/>\nOstacoli e assurdit&agrave; burocratiche nel nostro paese che limitano, di fatto, libert&agrave; costituzionali.<\/p>\n<p><strong>Giovedi 12 Febbraio 2009<\/strong> &#8211; Sala Laura in via Carrara 2 &#8211; Terni<br \/>\nSERATA DARWINIANA <br \/>\nNel giorno della nascita di Charles Darwin un appuntamento a sorpresa dedicato al grande naturalista.<\/p>\n<p><strong>Sabato 14 Febbraio 2009 <br \/>\n<\/strong>&ldquo;Festa delle Coppie di fatto&rdquo;- un appuntamento nuovo, tutto da scoprire per parlare di amore da un punto di vista laico senza chiamare in causa vincoli dogmaticamente eterni. Con l&#8217;allestimento di una lettura teatrale sul tema.<\/p>\n<p>Da Lunedi 9 Febbraio a Sabato 14 Febbraio sar&agrave; presente nei locali antistanti la sala Laura in via Carrara n. 2 una mostra di vignette satiriche.<\/p>\n<p align=\"right\"><strong>redazione[at]civiltalaica.it<\/strong><\/p>\n","protected":false},"excerpt":{"rendered":"<p>Siamo esattamente ad una settimana dall&#8217;inizio della &quot;Settimana del Libero Pensiero 2009&quot;, ecco il programma che invitiamo tutti i nostri amici a diffondere il pi&ugrave; possibile. Sabato 7 Febbraio 2009 &#8212; sala comunale di via Aminale ore 16.00 V DARWIN DAY Quest&rsquo;anno il consueto appuntamento con la divulgazione scientifica vanter&agrave; la presenza di due dei [&hellip;]<\/p>\n","protected":false},"author":7,"featured_media":0,"comment_status":"closed","ping_status":"closed","sticky":false,"template":"","format":"standard","meta":{"footnotes":""},"categories":[228],"tags":[483,304,580,526,426,383,259,166,127],"class_list":["post-9374","post","type-post","status-publish","format-standard","hentry","category-blog","tag-civilta-laica","tag-libero-pensiero","tag-liberta-di-cura","tag-liberta-di-espressione","tag-liberta-di-informazione","tag-liberta-di-pensiero","tag-liberta-di-stampa","tag-redazione","tag-terni"],"yoast_head":"<!-- This site is optimized with the Yoast SEO plugin v27.1.1 - https:\/\/yoast.com\/product\/yoast-seo-wordpress\/ -->\n<title>Settimana del libero pensiero 2009 - Associazione Culturale Civilt\u00e0 Laica<\/title>\n<meta name=\"robots\" content=\"index, follow, max-snippet:-1, max-image-preview:large, max-video-preview:-1\" \/>\n<link rel=\"canonical\" href=\"https:\/\/www.civiltalaica.it\/cms\/settimana-del-libero-pensiero-2009-2\/\" \/>\n<meta property=\"og:locale\" content=\"it_IT\" \/>\n<meta property=\"og:type\" content=\"article\" \/>\n<meta property=\"og:title\" content=\"Settimana del libero pensiero 2009 - Associazione Culturale Civilt\u00e0 Laica\" \/>\n<meta property=\"og:description\" content=\"Siamo esattamente ad una settimana dall&#8217;inizio della &quot;Settimana del Libero Pensiero 2009&quot;, ecco il programma che invitiamo tutti i nostri amici a diffondere il pi&ugrave; possibile. Sabato 7 Febbraio 2009 &#8212; sala comunale di via Aminale ore 16.00 V DARWIN DAY Quest&rsquo;anno il consueto appuntamento con la divulgazione scientifica vanter&agrave; la presenza di due dei [&hellip;]\" \/>\n<meta property=\"og:url\" content=\"https:\/\/www.civiltalaica.it\/cms\/settimana-del-libero-pensiero-2009-2\/\" \/>\n<meta property=\"og:site_name\" content=\"Associazione Culturale Civilt\u00e0 Laica\" \/>\n<meta property=\"article:publisher\" content=\"https:\/\/www.facebook.com\/civiltalaica\" \/>\n<meta property=\"article:published_time\" content=\"2009-01-31T12:36:00+00:00\" \/>\n<meta property=\"og:image\" content=\"http:\/\/www.civiltalaica.it\/documenti\/settimana\/SettimanaLiberoPensiero2009.jpg\" \/>\n<meta name=\"author\" content=\"alexjc\" \/>\n<meta name=\"twitter:card\" content=\"summary_large_image\" \/>\n<meta name=\"twitter:label1\" content=\"Scritto da\" \/>\n\t<meta name=\"twitter:data1\" content=\"alexjc\" \/>\n\t<meta name=\"twitter:label2\" content=\"Tempo di lettura stimato\" \/>\n\t<meta name=\"twitter:data2\" content=\"1 minuto\" \/>\n<script type=\"application\/ld+json\" class=\"yoast-schema-graph\">{\"@context\":\"https:\/\/schema.org\",\"@graph\":[{\"@type\":\"Article\",\"@id\":\"https:\/\/www.civiltalaica.it\/cms\/settimana-del-libero-pensiero-2009-2\/#article\",\"isPartOf\":{\"@id\":\"https:\/\/www.civiltalaica.it\/cms\/settimana-del-libero-pensiero-2009-2\/\"},\"author\":{\"name\":\"alexjc\",\"@id\":\"https:\/\/www.civiltalaica.it\/cms\/#\/schema\/person\/4efef56f866329a1e0943eb27336df1d\"},\"headline\":\"Settimana del libero pensiero 2009\",\"datePublished\":\"2009-01-31T12:36:00+00:00\",\"mainEntityOfPage\":{\"@id\":\"https:\/\/www.civiltalaica.it\/cms\/settimana-del-libero-pensiero-2009-2\/\"},\"wordCount\":215,\"image\":{\"@id\":\"https:\/\/www.civiltalaica.it\/cms\/settimana-del-libero-pensiero-2009-2\/#primaryimage\"},\"thumbnailUrl\":\"http:\/\/www.civiltalaica.it\/documenti\/settimana\/SettimanaLiberoPensiero2009.jpg\",\"keywords\":[\"civilt\u00e0 laica\",\"libero pensiero\",\"libert\u00e0 di cura\",\"libert\u00e0 di espressione\",\"libert\u00e0 di informazione\",\"libert\u00e0 di pensiero\",\"libert\u00e0 di stampa\",\"redazione\",\"terni\"],\"articleSection\":[\"blog\"],\"inLanguage\":\"it-IT\"},{\"@type\":\"WebPage\",\"@id\":\"https:\/\/www.civiltalaica.it\/cms\/settimana-del-libero-pensiero-2009-2\/\",\"url\":\"https:\/\/www.civiltalaica.it\/cms\/settimana-del-libero-pensiero-2009-2\/\",\"name\":\"Settimana del libero pensiero 2009 - Associazione Culturale Civilt\u00e0 Laica\",\"isPartOf\":{\"@id\":\"https:\/\/www.civiltalaica.it\/cms\/#website\"},\"primaryImageOfPage\":{\"@id\":\"https:\/\/www.civiltalaica.it\/cms\/settimana-del-libero-pensiero-2009-2\/#primaryimage\"},\"image\":{\"@id\":\"https:\/\/www.civiltalaica.it\/cms\/settimana-del-libero-pensiero-2009-2\/#primaryimage\"},\"thumbnailUrl\":\"http:\/\/www.civiltalaica.it\/documenti\/settimana\/SettimanaLiberoPensiero2009.jpg\",\"datePublished\":\"2009-01-31T12:36:00+00:00\",\"author\":{\"@id\":\"https:\/\/www.civiltalaica.it\/cms\/#\/schema\/person\/4efef56f866329a1e0943eb27336df1d\"},\"breadcrumb\":{\"@id\":\"https:\/\/www.civiltalaica.it\/cms\/settimana-del-libero-pensiero-2009-2\/#breadcrumb\"},\"inLanguage\":\"it-IT\",\"potentialAction\":[{\"@type\":\"ReadAction\",\"target\":[\"https:\/\/www.civiltalaica.it\/cms\/settimana-del-libero-pensiero-2009-2\/\"]}]},{\"@type\":\"ImageObject\",\"inLanguage\":\"it-IT\",\"@id\":\"https:\/\/www.civiltalaica.it\/cms\/settimana-del-libero-pensiero-2009-2\/#primaryimage\",\"url\":\"http:\/\/www.civiltalaica.it\/documenti\/settimana\/SettimanaLiberoPensiero2009.jpg\",\"contentUrl\":\"http:\/\/www.civiltalaica.it\/documenti\/settimana\/SettimanaLiberoPensiero2009.jpg\"},{\"@type\":\"BreadcrumbList\",\"@id\":\"https:\/\/www.civiltalaica.it\/cms\/settimana-del-libero-pensiero-2009-2\/#breadcrumb\",\"itemListElement\":[{\"@type\":\"ListItem\",\"position\":1,\"name\":\"Home\",\"item\":\"https:\/\/www.civiltalaica.it\/cms\/\"},{\"@type\":\"ListItem\",\"position\":2,\"name\":\"Settimana del libero pensiero 2009\"}]},{\"@type\":\"WebSite\",\"@id\":\"https:\/\/www.civiltalaica.it\/cms\/#website\",\"url\":\"https:\/\/www.civiltalaica.it\/cms\/\",\"name\":\"Associazione Culturale Civilt\u00e0 Laica\",\"description\":\"Per un movimento culturale volto a difendere la Laicit\u00e0 dello Stato.\",\"potentialAction\":[{\"@type\":\"SearchAction\",\"target\":{\"@type\":\"EntryPoint\",\"urlTemplate\":\"https:\/\/www.civiltalaica.it\/cms\/?s={search_term_string}\"},\"query-input\":{\"@type\":\"PropertyValueSpecification\",\"valueRequired\":true,\"valueName\":\"search_term_string\"}}],\"inLanguage\":\"it-IT\"},{\"@type\":\"Person\",\"@id\":\"https:\/\/www.civiltalaica.it\/cms\/#\/schema\/person\/4efef56f866329a1e0943eb27336df1d\",\"name\":\"alexjc\",\"url\":\"https:\/\/www.civiltalaica.it\/cms\/author\/alexjc\/\"}]}<\/script>\n<!-- \/ Yoast SEO plugin. -->","yoast_head_json":{"title":"Settimana del libero pensiero 2009 - Associazione Culturale Civilt\u00e0 Laica","robots":{"index":"index","follow":"follow","max-snippet":"max-snippet:-1","max-image-preview":"max-image-preview:large","max-video-preview":"max-video-preview:-1"},"canonical":"https:\/\/www.civiltalaica.it\/cms\/settimana-del-libero-pensiero-2009-2\/","og_locale":"it_IT","og_type":"article","og_title":"Settimana del libero pensiero 2009 - Associazione Culturale Civilt\u00e0 Laica","og_description":"Siamo esattamente ad una settimana dall&#8217;inizio della &quot;Settimana del Libero Pensiero 2009&quot;, ecco il programma che invitiamo tutti i nostri amici a diffondere il pi&ugrave; possibile. Sabato 7 Febbraio 2009 &#8212; sala comunale di via Aminale ore 16.00 V DARWIN DAY Quest&rsquo;anno il consueto appuntamento con la divulgazione scientifica vanter&agrave; la presenza di due dei [&hellip;]","og_url":"https:\/\/www.civiltalaica.it\/cms\/settimana-del-libero-pensiero-2009-2\/","og_site_name":"Associazione Culturale Civilt\u00e0 Laica","article_publisher":"https:\/\/www.facebook.com\/civiltalaica","article_published_time":"2009-01-31T12:36:00+00:00","og_image":[{"url":"http:\/\/www.civiltalaica.it\/documenti\/settimana\/SettimanaLiberoPensiero2009.jpg","type":"","width":"","height":""}],"author":"alexjc","twitter_card":"summary_large_image","twitter_misc":{"Scritto da":"alexjc","Tempo di lettura stimato":"1 minuto"},"schema":{"@context":"https:\/\/schema.org","@graph":[{"@type":"Article","@id":"https:\/\/www.civiltalaica.it\/cms\/settimana-del-libero-pensiero-2009-2\/#article","isPartOf":{"@id":"https:\/\/www.civiltalaica.it\/cms\/settimana-del-libero-pensiero-2009-2\/"},"author":{"name":"alexjc","@id":"https:\/\/www.civiltalaica.it\/cms\/#\/schema\/person\/4efef56f866329a1e0943eb27336df1d"},"headline":"Settimana del libero pensiero 2009","datePublished":"2009-01-31T12:36:00+00:00","mainEntityOfPage":{"@id":"https:\/\/www.civiltalaica.it\/cms\/settimana-del-libero-pensiero-2009-2\/"},"wordCount":215,"image":{"@id":"https:\/\/www.civiltalaica.it\/cms\/settimana-del-libero-pensiero-2009-2\/#primaryimage"},"thumbnailUrl":"http:\/\/www.civiltalaica.it\/documenti\/settimana\/SettimanaLiberoPensiero2009.jpg","keywords":["civilt\u00e0 laica","libero pensiero","libert\u00e0 di cura","libert\u00e0 di espressione","libert\u00e0 di informazione","libert\u00e0 di pensiero","libert\u00e0 di stampa","redazione","terni"],"articleSection":["blog"],"inLanguage":"it-IT"},{"@type":"WebPage","@id":"https:\/\/www.civiltalaica.it\/cms\/settimana-del-libero-pensiero-2009-2\/","url":"https:\/\/www.civiltalaica.it\/cms\/settimana-del-libero-pensiero-2009-2\/","name":"Settimana del libero pensiero 2009 - Associazione Culturale Civilt\u00e0 Laica","isPartOf":{"@id":"https:\/\/www.civiltalaica.it\/cms\/#website"},"primaryImageOfPage":{"@id":"https:\/\/www.civiltalaica.it\/cms\/settimana-del-libero-pensiero-2009-2\/#primaryimage"},"image":{"@id":"https:\/\/www.civiltalaica.it\/cms\/settimana-del-libero-pensiero-2009-2\/#primaryimage"},"thumbnailUrl":"http:\/\/www.civiltalaica.it\/documenti\/settimana\/SettimanaLiberoPensiero2009.jpg","datePublished":"2009-01-31T12:36:00+00:00","author":{"@id":"https:\/\/www.civiltalaica.it\/cms\/#\/schema\/person\/4efef56f866329a1e0943eb27336df1d"},"breadcrumb":{"@id":"https:\/\/www.civiltalaica.it\/cms\/settimana-del-libero-pensiero-2009-2\/#breadcrumb"},"inLanguage":"it-IT","potentialAction":[{"@type":"ReadAction","target":["https:\/\/www.civiltalaica.it\/cms\/settimana-del-libero-pensiero-2009-2\/"]}]},{"@type":"ImageObject","inLanguage":"it-IT","@id":"https:\/\/www.civiltalaica.it\/cms\/settimana-del-libero-pensiero-2009-2\/#primaryimage","url":"http:\/\/www.civiltalaica.it\/documenti\/settimana\/SettimanaLiberoPensiero2009.jpg","contentUrl":"http:\/\/www.civiltalaica.it\/documenti\/settimana\/SettimanaLiberoPensiero2009.jpg"},{"@type":"BreadcrumbList","@id":"https:\/\/www.civiltalaica.it\/cms\/settimana-del-libero-pensiero-2009-2\/#breadcrumb","itemListElement":[{"@type":"ListItem","position":1,"name":"Home","item":"https:\/\/www.civiltalaica.it\/cms\/"},{"@type":"ListItem","position":2,"name":"Settimana del libero pensiero 2009"}]},{"@type":"WebSite","@id":"https:\/\/www.civiltalaica.it\/cms\/#website","url":"https:\/\/www.civiltalaica.it\/cms\/","name":"Associazione Culturale Civilt\u00e0 Laica","description":"Per un movimento culturale volto a difendere la Laicit\u00e0 dello Stato.","potentialAction":[{"@type":"SearchAction","target":{"@type":"EntryPoint","urlTemplate":"https:\/\/www.civiltalaica.it\/cms\/?s={search_term_string}"},"query-input":{"@type":"PropertyValueSpecification","valueRequired":true,"valueName":"search_term_string"}}],"inLanguage":"it-IT"},{"@type":"Person","@id":"https:\/\/www.civiltalaica.it\/cms\/#\/schema\/person\/4efef56f866329a1e0943eb27336df1d","name":"alexjc","url":"https:\/\/www.civiltalaica.it\/cms\/author\/alexjc\/"}]}},"_links":{"self":[{"href":"https:\/\/www.civiltalaica.it\/cms\/wp-json\/wp\/v2\/posts\/9374","targetHints":{"allow":["GET"]}}],"collection":[{"href":"https:\/\/www.civiltalaica.it\/cms\/wp-json\/wp\/v2\/posts"}],"about":[{"href":"https:\/\/www.civiltalaica.it\/cms\/wp-json\/wp\/v2\/types\/post"}],"author":[{"embeddable":true,"href":"https:\/\/www.civiltalaica.it\/cms\/wp-json\/wp\/v2\/users\/7"}],"replies":[{"embeddable":true,"href":"https:\/\/www.civiltalaica.it\/cms\/wp-json\/wp\/v2\/comments?post=9374"}],"version-history":[{"count":0,"href":"https:\/\/www.civiltalaica.it\/cms\/wp-json\/wp\/v2\/posts\/9374\/revisions"}],"wp:attachment":[{"href":"https:\/\/www.civiltalaica.it\/cms\/wp-json\/wp\/v2\/media?parent=9374"}],"wp:term":[{"taxonomy":"category","embeddable":true,"href":"https:\/\/www.civiltalaica.it\/cms\/wp-json\/wp\/v2\/categories?post=9374"},{"taxonomy":"post_tag","embeddable":true,"href":"https:\/\/www.civiltalaica.it\/cms\/wp-json\/wp\/v2\/tags?post=9374"}],"curies":[{"name":"wp","href":"https:\/\/api.w.org\/{rel}","templated":true}]}}