{"id":9287,"date":"2008-03-15T17:49:00","date_gmt":"2008-03-15T17:49:00","guid":{"rendered":"http:\/\/www.civiltalaica.it\/cms\/index.php\/un-cristianesimo-che-va-daccordo-con-tutto-e-che-e-compatibile-con-tutto-e-superfluo.html"},"modified":"2008-03-15T17:49:00","modified_gmt":"2008-03-15T17:49:00","slug":"un-cristianesimo-che-va-daccordo-con-tutto-e-che-e-compatibile-con-tutto-e-superfluo","status":"publish","type":"post","link":"https:\/\/www.civiltalaica.it\/cms\/un-cristianesimo-che-va-daccordo-con-tutto-e-che-e-compatibile-con-tutto-e-superfluo\/","title":{"rendered":"&#8220;Un Cristianesimo che va d&#8217;accordo con tutto e che \u00e8 compatibile con tutto \u00e8 superfluo&#8221;"},"content":{"rendered":"<p class=\"MsoNormal\" style=\"MARGIN: 0cm 0cm 0pt; LINE-HEIGHT: normal; TEXT-ALIGN: justify\"><span style=\"FONT-SIZE: 10pt; FONT-FAMILY: &quot;Times New Roman&quot;,&quot;serif&quot;\"><font face=\"Tahoma\">Cos&igrave; disse nel 2002 nel corso di un&rsquo;intervista l&rsquo;allora cardinal Ratzinger. Sante parole, che gli andrebbero ricordate oggi.<o:p><\/o:p><\/font><\/span><\/p>\n<p class=\"MsoNormal\" style=\"MARGIN: 0cm 0cm 0pt; LINE-HEIGHT: normal; TEXT-ALIGN: justify\"><span style=\"FONT-SIZE: 10pt; FONT-FAMILY: &quot;Times New Roman&quot;,&quot;serif&quot;\"><font face=\"Tahoma\">Lo Stato totalitario cinese si sta preparando ad attuare un massacro inaudito a Lhasa. Un frangente delicato, non solo per i tibetani, ma anche e soprattutto per gli stessi cinesi: la repressione contro il Tibet non pu&ograve; infatti essere letta disgiuntamente dalla grave situazione per i diritti civili in Cina. Un&rsquo;evoluzione positiva, in senso nonviolento e del rispetto dei diritti della minoranza tibetana, potrebbe essere il primo passo per un cambiamento nello stesso Celeste Impero.<o:p><\/o:p><\/font><\/span><\/p>\n<p class=\"MsoNormal\" style=\"MARGIN: 0cm 0cm 0pt; LINE-HEIGHT: normal; TEXT-ALIGN: justify\"><span style=\"FONT-SIZE: 10pt; FONT-FAMILY: &quot;Times New Roman&quot;,&quot;serif&quot;\"><font face=\"Tahoma\">Quale pastore di anime potrebbe lasciarsi sfuggire tale occasione per contribuire con la propria parola &ndash; sappiamo, ahinoi, quanto pesante! &ndash; a dare una svolta positiva alla vicenda? Sappiamo quanto conti in queste occasioni l&rsquo;attenzione internazionale, quanto contribuisca ad evitare il peggio e consenta alle forze migliori di prevalere. <o:p><\/o:p><\/font><\/span><\/p>\n<p class=\"MsoNormal\" style=\"MARGIN: 0cm 0cm 0pt; LINE-HEIGHT: normal; TEXT-ALIGN: justify\"><span style=\"FONT-SIZE: 10pt; FONT-FAMILY: &quot;Times New Roman&quot;,&quot;serif&quot;\"><font face=\"Tahoma\">E cosa fa, invece, il pastore dei cattolici, papa Benedetto XVI? <o:p><\/o:p><\/font><\/span><\/p>\n<p class=\"MsoNormal\" style=\"MARGIN: 0cm 0cm 0pt; LINE-HEIGHT: normal; TEXT-ALIGN: justify\"><span style=\"FONT-SIZE: 10pt; FONT-FAMILY: &quot;Times New Roman&quot;,&quot;serif&quot;\"><font face=\"Tahoma\">Sapete quale posizione ha preso il Vaticano sulle recenti vicende tibetane? NESSUNA.<o:p><\/o:p><\/font><\/span><\/p>\n<p class=\"MsoNormal\" style=\"MARGIN: 0cm 0cm 0pt; LINE-HEIGHT: normal; TEXT-ALIGN: justify\"><span style=\"FONT-SIZE: 10pt; FONT-FAMILY: &quot;Times New Roman&quot;,&quot;serif&quot;\"><font face=\"Tahoma\">Se si va sul sito dell&rsquo;Osservatore romano e si inserisce la parola Tibet, sapete quale sia l&rsquo;esito: NULLA.<o:p><\/o:p><\/font><\/span><\/p>\n<p class=\"MsoNormal\" style=\"MARGIN: 0cm 0cm 0pt; LINE-HEIGHT: normal; TEXT-ALIGN: justify\"><span style=\"FONT-SIZE: 10pt; FONT-FAMILY: &quot;Times New Roman&quot;,&quot;serif&quot;\"><font face=\"Tahoma\">Se andate sul forum dedicato a papa Ratzinger, sapete quanti interventi sono dedicati al massacro di Lhasa? ZERO.<o:p><\/o:p><\/font><\/span><\/p>\n<p class=\"MsoNormal\" style=\"MARGIN: 0cm 0cm 0pt; LINE-HEIGHT: normal; TEXT-ALIGN: justify\"><span style=\"FONT-SIZE: 10pt; FONT-FAMILY: &quot;Times New Roman&quot;,&quot;serif&quot;\"><font face=\"Tahoma\">Le uniche parole che ha papa Ratzinger per la Cina sono contenute nella Lettera alla Chiesa Cinese, in cui il Santo Padre si preoccupa della sorte della minuscola Chiesa cattolica cinese e del dialogo con le Autorit&agrave; civili per assicurarle spazi di &ldquo;libert&agrave; religiosa&rdquo;, per portare avanti la propria missione evangelizzatrice.<o:p><\/o:p><\/font><\/span><\/p>\n<p class=\"MsoNormal\" style=\"MARGIN: 0cm 0cm 0pt; LINE-HEIGHT: normal; TEXT-ALIGN: justify\"><span style=\"FONT-SIZE: 10pt; FONT-FAMILY: &quot;Times New Roman&quot;,&quot;serif&quot;\"><font face=\"Tahoma\">Pur di trovare un accordo con le Autorit&agrave; cinesi il Papa gi&agrave; ha commesso ad ottobre l&rsquo;enorme mostruosit&agrave; di non ricevere il Dalai Lama, se non &ldquo;<em>in udienza privata per parlare di questioni strettamente religiose<\/em>&rdquo;, come hanno tenuto a farci sapere. Ora ripete il crimine, perch&eacute; tale &egrave; ormai: tacere mentre un assassino si appresta a compiere il proprio misfatto equivale ad esserne complice. <o:p><\/o:p><\/font><\/span><\/p>\n<p class=\"MsoNormal\" style=\"MARGIN: 0cm 0cm 0pt; LINE-HEIGHT: normal; TEXT-ALIGN: justify\"><span style=\"FONT-SIZE: 10pt; FONT-FAMILY: &quot;Times New Roman&quot;,&quot;serif&quot;\"><font face=\"Tahoma\">E tacere per cosa? Per salvaguardare la &ldquo;libert&agrave; religiosa&rdquo; della Chiesa cinese? Il Vaticano confonde, come sempre, la libert&agrave; religiosa con la propria libert&agrave;, confonde il privilegio con la vera libert&agrave;, che &egrave; di tutti o non &eacute;. E fra questi tutti ci sono anche i Tibetani.<o:p><\/o:p><\/font><\/span><\/p>\n<p class=\"MsoNormal\" style=\"MARGIN: 0cm 0cm 0pt; LINE-HEIGHT: normal; TEXT-ALIGN: justify\"><span style=\"FONT-SIZE: 10pt; FONT-FAMILY: &quot;Times New Roman&quot;,&quot;serif&quot;\"><font face=\"Tahoma\">Non si dica che una presa di posizione papale sul Tibet comporterebbe il sacrificio della Chiesa cinese. Non credo che verrebbero massacrati i cattolici, al pi&ugrave; il Vaticano perderebbe il terreno guadagnato nella riaconquista del&nbsp;pieno controllo sui cattolici cinesi, tutto giocato sul piano dei rapporti con le Autorit&agrave;,.<o:p><\/o:p><\/font><\/span><\/p>\n<p class=\"MsoNormal\" style=\"MARGIN: 0cm 0cm 0pt; LINE-HEIGHT: normal; TEXT-ALIGN: justify\"><span style=\"FONT-SIZE: 10pt; FONT-FAMILY: &quot;Times New Roman&quot;,&quot;serif&quot;\"><font face=\"Tahoma\">Da un lato la sicura tranquillit&agrave; per una piccola Chiesa cinese sotto il controllo Vaticano, dall&rsquo;altra, fare della Chiesa un elemento di contraddizione in seno al regime cinese, paladina nelle coscienze del rispetto dei diritti civili di tutti.<o:p><\/o:p><\/font><\/span><\/p>\n<p class=\"MsoNormal\" style=\"MARGIN: 0cm 0cm 0pt; LINE-HEIGHT: normal; TEXT-ALIGN: justify\"><span style=\"FONT-SIZE: 10pt; FONT-FAMILY: &quot;Times New Roman&quot;,&quot;serif&quot;\"><font face=\"Tahoma\">Benedetto XVI parrebbe aver fatto la scelta pi&ugrave; comoda, andar d&rsquo;accordo con tutto, anche con i cinesi&hellip;<o:p><\/o:p><\/font><\/span><\/p>\n<p class=\"MsoNormal\" style=\"MARGIN: 0cm 0cm 0pt; LINE-HEIGHT: normal; TEXT-ALIGN: justify\"><span style=\"FONT-SIZE: 10pt; FONT-FAMILY: &quot;Times New Roman&quot;,&quot;serif&quot;\"><font face=\"Tahoma\">Spero mi smentisca, altrimenti devo ritenere che il cardinale Ratzinger avrebbe ritenuto superfluo il cristianesimo di papa Benedetto XVI.<\/font><\/span><\/p>\n<p class=\"MsoNormal\" style=\"MARGIN: 0cm 0cm 0pt; LINE-HEIGHT: normal; TEXT-ALIGN: justify\"><span style=\"FONT-SIZE: 10pt; FONT-FAMILY: &quot;Times New Roman&quot;,&quot;serif&quot;\"><\/span><\/p>\n<p class=\"MsoNormal\" style=\"MARGIN: 0cm 0cm 0pt; LINE-HEIGHT: normal; TEXT-ALIGN: justify\"><span style=\"FONT-SIZE: 10pt; FONT-FAMILY: &quot;Times New Roman&quot;,&quot;serif&quot;\"><strong><font face=\"Tahoma\">&nbsp;&nbsp;&nbsp;&nbsp;&nbsp;&nbsp;&nbsp;&nbsp;&nbsp;&nbsp;&nbsp;&nbsp;&nbsp;&nbsp;&nbsp;&nbsp;&nbsp;&nbsp;&nbsp;&nbsp;&nbsp;&nbsp;&nbsp;&nbsp;&nbsp;&nbsp;&nbsp;&nbsp;&nbsp;&nbsp;&nbsp;&nbsp;&nbsp;&nbsp;&nbsp;&nbsp;&nbsp;&nbsp;&nbsp;&nbsp;&nbsp;&nbsp;&nbsp;&nbsp;&nbsp;&nbsp;&nbsp;&nbsp;&nbsp;&nbsp;&nbsp;&nbsp;&nbsp;&nbsp;&nbsp;&nbsp;&nbsp;&nbsp;&nbsp;&nbsp;&nbsp;&nbsp;&nbsp;&nbsp;&nbsp;&nbsp;&nbsp;&nbsp;&nbsp;&nbsp;&nbsp;&nbsp;&nbsp;&nbsp;&nbsp;&nbsp;&nbsp;&nbsp;&nbsp;&nbsp;&nbsp;&nbsp;&nbsp;&nbsp;&nbsp;&nbsp;&nbsp;&nbsp;&nbsp;&nbsp;&nbsp;&nbsp;&nbsp;&nbsp;&nbsp;&nbsp;&nbsp;&nbsp;&nbsp;&nbsp;&nbsp;&nbsp;&nbsp;&nbsp;&nbsp;&nbsp;&nbsp;&nbsp;&nbsp;&nbsp;&nbsp; Massimiliano Bardani<o:p><\/o:p><\/font><\/strong><\/span><\/p>\n<p class=\"MsoNormal\" style=\"MARGIN: 0cm 0cm 0pt; LINE-HEIGHT: normal; TEXT-ALIGN: justify\"><span style=\"FONT-SIZE: 10pt; FONT-FAMILY: &quot;Times New Roman&quot;,&quot;serif&quot;\"><o:p>&nbsp;<\/o:p><\/span><\/p>\n<p class=\"MsoNormal\" style=\"MARGIN: 0cm 0cm 0pt; LINE-HEIGHT: normal; TEXT-ALIGN: justify\" align=\"right\"><span style=\"FONT-SIZE: 10pt; FONT-FAMILY: &quot;Times New Roman&quot;,&quot;serif&quot;\"><o:p><\/o:p><\/span><\/p>\n<p class=\"MsoNormal\" style=\"MARGIN: 0cm 0cm 0pt; LINE-HEIGHT: normal; TEXT-ALIGN: justify\"><span style=\"FONT-SIZE: 10pt; FONT-FAMILY: &quot;Times New Roman&quot;,&quot;serif&quot;\"><o:p>&nbsp;<\/o:p><\/span><\/p>\n","protected":false},"excerpt":{"rendered":"<p>Cos&igrave; disse nel 2002 nel corso di un&rsquo;intervista l&rsquo;allora cardinal Ratzinger. Sante parole, che gli andrebbero ricordate oggi. Lo Stato totalitario cinese si sta preparando ad attuare un massacro inaudito a Lhasa. Un frangente delicato, non solo per i tibetani, ma anche e soprattutto per gli stessi cinesi: la repressione contro il Tibet non pu&ograve; [&hellip;]<\/p>\n","protected":false},"author":9,"featured_media":0,"comment_status":"closed","ping_status":"closed","sticky":false,"template":"","format":"standard","meta":{"footnotes":""},"categories":[228],"tags":[101,434,91,431,335,435],"class_list":["post-9287","post","type-post","status-publish","format-standard","hentry","category-blog","tag-benedetto-xvi","tag-cina","tag-cristianesimo","tag-massimiliano-bardani","tag-ratzinger","tag-tibet"],"yoast_head":"<!-- This site is optimized with the Yoast SEO plugin v27.1.1 - https:\/\/yoast.com\/product\/yoast-seo-wordpress\/ -->\n<title>&quot;Un Cristianesimo che va d&#039;accordo con tutto e che \u00e8 compatibile con tutto \u00e8 superfluo&quot; - Associazione Culturale Civilt\u00e0 Laica<\/title>\n<meta name=\"robots\" content=\"index, follow, max-snippet:-1, max-image-preview:large, max-video-preview:-1\" \/>\n<link rel=\"canonical\" href=\"https:\/\/www.civiltalaica.it\/cms\/un-cristianesimo-che-va-daccordo-con-tutto-e-che-e-compatibile-con-tutto-e-superfluo\/\" \/>\n<meta property=\"og:locale\" content=\"it_IT\" \/>\n<meta property=\"og:type\" content=\"article\" \/>\n<meta property=\"og:title\" content=\"&quot;Un Cristianesimo che va d&#039;accordo con tutto e che \u00e8 compatibile con tutto \u00e8 superfluo&quot; - Associazione Culturale Civilt\u00e0 Laica\" \/>\n<meta property=\"og:description\" content=\"Cos&igrave; disse nel 2002 nel corso di un&rsquo;intervista l&rsquo;allora cardinal Ratzinger. Sante parole, che gli andrebbero ricordate oggi. Lo Stato totalitario cinese si sta preparando ad attuare un massacro inaudito a Lhasa. Un frangente delicato, non solo per i tibetani, ma anche e soprattutto per gli stessi cinesi: la repressione contro il Tibet non pu&ograve; [&hellip;]\" \/>\n<meta property=\"og:url\" content=\"https:\/\/www.civiltalaica.it\/cms\/un-cristianesimo-che-va-daccordo-con-tutto-e-che-e-compatibile-con-tutto-e-superfluo\/\" \/>\n<meta property=\"og:site_name\" content=\"Associazione Culturale Civilt\u00e0 Laica\" \/>\n<meta property=\"article:publisher\" content=\"https:\/\/www.facebook.com\/civiltalaica\" \/>\n<meta property=\"article:published_time\" content=\"2008-03-15T17:49:00+00:00\" \/>\n<meta property=\"og:image\" content=\"https:\/\/www.civiltalaica.it\/cms\/wp-content\/uploads\/2017\/06\/logo-cl.png\" \/>\n\t<meta property=\"og:image:width\" content=\"400\" \/>\n\t<meta property=\"og:image:height\" content=\"180\" \/>\n\t<meta property=\"og:image:type\" content=\"image\/png\" \/>\n<meta name=\"author\" content=\"Bardani\" \/>\n<meta name=\"twitter:card\" content=\"summary_large_image\" \/>\n<meta name=\"twitter:label1\" content=\"Scritto da\" \/>\n\t<meta name=\"twitter:data1\" content=\"Bardani\" \/>\n\t<meta name=\"twitter:label2\" content=\"Tempo di lettura stimato\" \/>\n\t<meta name=\"twitter:data2\" content=\"3 minuti\" \/>\n<script type=\"application\/ld+json\" class=\"yoast-schema-graph\">{\"@context\":\"https:\/\/schema.org\",\"@graph\":[{\"@type\":\"Article\",\"@id\":\"https:\/\/www.civiltalaica.it\/cms\/un-cristianesimo-che-va-daccordo-con-tutto-e-che-e-compatibile-con-tutto-e-superfluo\/#article\",\"isPartOf\":{\"@id\":\"https:\/\/www.civiltalaica.it\/cms\/un-cristianesimo-che-va-daccordo-con-tutto-e-che-e-compatibile-con-tutto-e-superfluo\/\"},\"author\":{\"name\":\"Bardani\",\"@id\":\"https:\/\/www.civiltalaica.it\/cms\/#\/schema\/person\/5844ac593a7fbce185e1ac15f4c81134\"},\"headline\":\"&#8220;Un Cristianesimo che va d&#8217;accordo con tutto e che \u00e8 compatibile con tutto \u00e8 superfluo&#8221;\",\"datePublished\":\"2008-03-15T17:49:00+00:00\",\"mainEntityOfPage\":{\"@id\":\"https:\/\/www.civiltalaica.it\/cms\/un-cristianesimo-che-va-daccordo-con-tutto-e-che-e-compatibile-con-tutto-e-superfluo\/\"},\"wordCount\":655,\"keywords\":[\"benedetto xvi\",\"cina\",\"cristianesimo\",\"massimiliano bardani\",\"ratzinger\",\"tibet\"],\"articleSection\":[\"blog\"],\"inLanguage\":\"it-IT\"},{\"@type\":\"WebPage\",\"@id\":\"https:\/\/www.civiltalaica.it\/cms\/un-cristianesimo-che-va-daccordo-con-tutto-e-che-e-compatibile-con-tutto-e-superfluo\/\",\"url\":\"https:\/\/www.civiltalaica.it\/cms\/un-cristianesimo-che-va-daccordo-con-tutto-e-che-e-compatibile-con-tutto-e-superfluo\/\",\"name\":\"\\\"Un Cristianesimo che va d'accordo con tutto e che \u00e8 compatibile con tutto \u00e8 superfluo\\\" - Associazione Culturale Civilt\u00e0 Laica\",\"isPartOf\":{\"@id\":\"https:\/\/www.civiltalaica.it\/cms\/#website\"},\"datePublished\":\"2008-03-15T17:49:00+00:00\",\"author\":{\"@id\":\"https:\/\/www.civiltalaica.it\/cms\/#\/schema\/person\/5844ac593a7fbce185e1ac15f4c81134\"},\"breadcrumb\":{\"@id\":\"https:\/\/www.civiltalaica.it\/cms\/un-cristianesimo-che-va-daccordo-con-tutto-e-che-e-compatibile-con-tutto-e-superfluo\/#breadcrumb\"},\"inLanguage\":\"it-IT\",\"potentialAction\":[{\"@type\":\"ReadAction\",\"target\":[\"https:\/\/www.civiltalaica.it\/cms\/un-cristianesimo-che-va-daccordo-con-tutto-e-che-e-compatibile-con-tutto-e-superfluo\/\"]}]},{\"@type\":\"BreadcrumbList\",\"@id\":\"https:\/\/www.civiltalaica.it\/cms\/un-cristianesimo-che-va-daccordo-con-tutto-e-che-e-compatibile-con-tutto-e-superfluo\/#breadcrumb\",\"itemListElement\":[{\"@type\":\"ListItem\",\"position\":1,\"name\":\"Home\",\"item\":\"https:\/\/www.civiltalaica.it\/cms\/\"},{\"@type\":\"ListItem\",\"position\":2,\"name\":\"&#8220;Un Cristianesimo che va d&#8217;accordo con tutto e che \u00e8 compatibile con tutto \u00e8 superfluo&#8221;\"}]},{\"@type\":\"WebSite\",\"@id\":\"https:\/\/www.civiltalaica.it\/cms\/#website\",\"url\":\"https:\/\/www.civiltalaica.it\/cms\/\",\"name\":\"Associazione Culturale Civilt\u00e0 Laica\",\"description\":\"Per un movimento culturale volto a difendere la Laicit\u00e0 dello Stato.\",\"potentialAction\":[{\"@type\":\"SearchAction\",\"target\":{\"@type\":\"EntryPoint\",\"urlTemplate\":\"https:\/\/www.civiltalaica.it\/cms\/?s={search_term_string}\"},\"query-input\":{\"@type\":\"PropertyValueSpecification\",\"valueRequired\":true,\"valueName\":\"search_term_string\"}}],\"inLanguage\":\"it-IT\"},{\"@type\":\"Person\",\"@id\":\"https:\/\/www.civiltalaica.it\/cms\/#\/schema\/person\/5844ac593a7fbce185e1ac15f4c81134\",\"name\":\"Bardani\",\"url\":\"https:\/\/www.civiltalaica.it\/cms\/author\/bardani\/\"}]}<\/script>\n<!-- \/ Yoast SEO plugin. -->","yoast_head_json":{"title":"\"Un Cristianesimo che va d'accordo con tutto e che \u00e8 compatibile con tutto \u00e8 superfluo\" - Associazione Culturale Civilt\u00e0 Laica","robots":{"index":"index","follow":"follow","max-snippet":"max-snippet:-1","max-image-preview":"max-image-preview:large","max-video-preview":"max-video-preview:-1"},"canonical":"https:\/\/www.civiltalaica.it\/cms\/un-cristianesimo-che-va-daccordo-con-tutto-e-che-e-compatibile-con-tutto-e-superfluo\/","og_locale":"it_IT","og_type":"article","og_title":"\"Un Cristianesimo che va d'accordo con tutto e che \u00e8 compatibile con tutto \u00e8 superfluo\" - Associazione Culturale Civilt\u00e0 Laica","og_description":"Cos&igrave; disse nel 2002 nel corso di un&rsquo;intervista l&rsquo;allora cardinal Ratzinger. Sante parole, che gli andrebbero ricordate oggi. Lo Stato totalitario cinese si sta preparando ad attuare un massacro inaudito a Lhasa. Un frangente delicato, non solo per i tibetani, ma anche e soprattutto per gli stessi cinesi: la repressione contro il Tibet non pu&ograve; [&hellip;]","og_url":"https:\/\/www.civiltalaica.it\/cms\/un-cristianesimo-che-va-daccordo-con-tutto-e-che-e-compatibile-con-tutto-e-superfluo\/","og_site_name":"Associazione Culturale Civilt\u00e0 Laica","article_publisher":"https:\/\/www.facebook.com\/civiltalaica","article_published_time":"2008-03-15T17:49:00+00:00","og_image":[{"width":400,"height":180,"url":"https:\/\/www.civiltalaica.it\/cms\/wp-content\/uploads\/2017\/06\/logo-cl.png","type":"image\/png"}],"author":"Bardani","twitter_card":"summary_large_image","twitter_misc":{"Scritto da":"Bardani","Tempo di lettura stimato":"3 minuti"},"schema":{"@context":"https:\/\/schema.org","@graph":[{"@type":"Article","@id":"https:\/\/www.civiltalaica.it\/cms\/un-cristianesimo-che-va-daccordo-con-tutto-e-che-e-compatibile-con-tutto-e-superfluo\/#article","isPartOf":{"@id":"https:\/\/www.civiltalaica.it\/cms\/un-cristianesimo-che-va-daccordo-con-tutto-e-che-e-compatibile-con-tutto-e-superfluo\/"},"author":{"name":"Bardani","@id":"https:\/\/www.civiltalaica.it\/cms\/#\/schema\/person\/5844ac593a7fbce185e1ac15f4c81134"},"headline":"&#8220;Un Cristianesimo che va d&#8217;accordo con tutto e che \u00e8 compatibile con tutto \u00e8 superfluo&#8221;","datePublished":"2008-03-15T17:49:00+00:00","mainEntityOfPage":{"@id":"https:\/\/www.civiltalaica.it\/cms\/un-cristianesimo-che-va-daccordo-con-tutto-e-che-e-compatibile-con-tutto-e-superfluo\/"},"wordCount":655,"keywords":["benedetto xvi","cina","cristianesimo","massimiliano bardani","ratzinger","tibet"],"articleSection":["blog"],"inLanguage":"it-IT"},{"@type":"WebPage","@id":"https:\/\/www.civiltalaica.it\/cms\/un-cristianesimo-che-va-daccordo-con-tutto-e-che-e-compatibile-con-tutto-e-superfluo\/","url":"https:\/\/www.civiltalaica.it\/cms\/un-cristianesimo-che-va-daccordo-con-tutto-e-che-e-compatibile-con-tutto-e-superfluo\/","name":"\"Un Cristianesimo che va d'accordo con tutto e che \u00e8 compatibile con tutto \u00e8 superfluo\" - Associazione Culturale Civilt\u00e0 Laica","isPartOf":{"@id":"https:\/\/www.civiltalaica.it\/cms\/#website"},"datePublished":"2008-03-15T17:49:00+00:00","author":{"@id":"https:\/\/www.civiltalaica.it\/cms\/#\/schema\/person\/5844ac593a7fbce185e1ac15f4c81134"},"breadcrumb":{"@id":"https:\/\/www.civiltalaica.it\/cms\/un-cristianesimo-che-va-daccordo-con-tutto-e-che-e-compatibile-con-tutto-e-superfluo\/#breadcrumb"},"inLanguage":"it-IT","potentialAction":[{"@type":"ReadAction","target":["https:\/\/www.civiltalaica.it\/cms\/un-cristianesimo-che-va-daccordo-con-tutto-e-che-e-compatibile-con-tutto-e-superfluo\/"]}]},{"@type":"BreadcrumbList","@id":"https:\/\/www.civiltalaica.it\/cms\/un-cristianesimo-che-va-daccordo-con-tutto-e-che-e-compatibile-con-tutto-e-superfluo\/#breadcrumb","itemListElement":[{"@type":"ListItem","position":1,"name":"Home","item":"https:\/\/www.civiltalaica.it\/cms\/"},{"@type":"ListItem","position":2,"name":"&#8220;Un Cristianesimo che va d&#8217;accordo con tutto e che \u00e8 compatibile con tutto \u00e8 superfluo&#8221;"}]},{"@type":"WebSite","@id":"https:\/\/www.civiltalaica.it\/cms\/#website","url":"https:\/\/www.civiltalaica.it\/cms\/","name":"Associazione Culturale Civilt\u00e0 Laica","description":"Per un movimento culturale volto a difendere la Laicit\u00e0 dello Stato.","potentialAction":[{"@type":"SearchAction","target":{"@type":"EntryPoint","urlTemplate":"https:\/\/www.civiltalaica.it\/cms\/?s={search_term_string}"},"query-input":{"@type":"PropertyValueSpecification","valueRequired":true,"valueName":"search_term_string"}}],"inLanguage":"it-IT"},{"@type":"Person","@id":"https:\/\/www.civiltalaica.it\/cms\/#\/schema\/person\/5844ac593a7fbce185e1ac15f4c81134","name":"Bardani","url":"https:\/\/www.civiltalaica.it\/cms\/author\/bardani\/"}]}},"_links":{"self":[{"href":"https:\/\/www.civiltalaica.it\/cms\/wp-json\/wp\/v2\/posts\/9287","targetHints":{"allow":["GET"]}}],"collection":[{"href":"https:\/\/www.civiltalaica.it\/cms\/wp-json\/wp\/v2\/posts"}],"about":[{"href":"https:\/\/www.civiltalaica.it\/cms\/wp-json\/wp\/v2\/types\/post"}],"author":[{"embeddable":true,"href":"https:\/\/www.civiltalaica.it\/cms\/wp-json\/wp\/v2\/users\/9"}],"replies":[{"embeddable":true,"href":"https:\/\/www.civiltalaica.it\/cms\/wp-json\/wp\/v2\/comments?post=9287"}],"version-history":[{"count":0,"href":"https:\/\/www.civiltalaica.it\/cms\/wp-json\/wp\/v2\/posts\/9287\/revisions"}],"wp:attachment":[{"href":"https:\/\/www.civiltalaica.it\/cms\/wp-json\/wp\/v2\/media?parent=9287"}],"wp:term":[{"taxonomy":"category","embeddable":true,"href":"https:\/\/www.civiltalaica.it\/cms\/wp-json\/wp\/v2\/categories?post=9287"},{"taxonomy":"post_tag","embeddable":true,"href":"https:\/\/www.civiltalaica.it\/cms\/wp-json\/wp\/v2\/tags?post=9287"}],"curies":[{"name":"wp","href":"https:\/\/api.w.org\/{rel}","templated":true}]}}