{"id":923,"date":"2008-03-03T19:21:49","date_gmt":"2008-03-03T19:21:49","guid":{"rendered":""},"modified":"2011-01-26T09:42:09","modified_gmt":"2011-01-26T09:42:09","slug":"il-%c2%abnuovo-manifesto-di-bioetica-laica%c2%bb","status":"publish","type":"post","link":"https:\/\/www.civiltalaica.it\/cms\/il-%c2%abnuovo-manifesto-di-bioetica-laica%c2%bb\/","title":{"rendered":"IL \u00abNUOVO MANIFESTO DI BIOETICA LAICA\u00bb"},"content":{"rendered":"<p><em><br \/>Nella nostra societ\u00e0 singoli cittadini e gruppi manifestano sempre pi\u00f9 intensamente l&#39;intento di sperimentare forme di vita nuove e si organizzano per ottenerne il riconoscimento, mentre la ricerca scientifica e le tecnologie mediche offrono nuove opzioni nei confronti di aspetti fondamentali dell&#39;esistenza.<br \/>Profondamente coinvolta in questi processi, la bioetica suscita grande interesse nell&#39;opinione pubblica e assume un rilevante peso politico.<br \/>Talvolta essa \u00e8 intesa come uno strumento di difesa dalle innovazioni scientifiche e tecniche, capace di riportare la medicina sotto il controllo di credenze consolidate da tradizioni.<br \/>Chi si muove in una prospettiva laica, intende invece promuovere le nuove libert\u00e0, proponendo, ovunque sia possibile, regole tali da permettere la coesistenza di persone che seguono orientamenti diversi senza danni o sopraffazioni reciproche.<\/em><\/p>\n<p><a target=\"_blank\" href=\"..\/..\/..\/documenti\/manifesto di bioetica laica.pdf\">Testo completo in PDF<\/a><\/p>\n","protected":false},"excerpt":{"rendered":"<p>Nella nostra societ\u00e0 singoli cittadini e gruppi manifestano sempre pi\u00f9 intensamente l&#39;intento di sperimentare forme di vita nuove e si organizzano per ottenerne il riconoscimento, mentre la ricerca scientifica e le tecnologie mediche offrono nuove opzioni nei confronti di aspetti fondamentali dell&#39;esistenza.Profondamente coinvolta in questi processi, la bioetica suscita grande interesse nell&#39;opinione pubblica e assume [&hellip;]<\/p>\n","protected":false},"author":1,"featured_media":0,"comment_status":"closed","ping_status":"closed","sticky":false,"template":"","format":"standard","meta":{"footnotes":""},"categories":[238],"tags":[55],"class_list":["post-923","post","type-post","status-publish","format-standard","hentry","category-articoli","tag-societa"],"yoast_head":"<!-- This site is optimized with the Yoast SEO plugin v27.1.1 - https:\/\/yoast.com\/product\/yoast-seo-wordpress\/ -->\n<title>IL \u00abNUOVO MANIFESTO DI BIOETICA LAICA\u00bb - Associazione Culturale Civilt\u00e0 Laica<\/title>\n<meta name=\"robots\" content=\"index, follow, max-snippet:-1, max-image-preview:large, max-video-preview:-1\" \/>\n<link rel=\"canonical\" href=\"https:\/\/www.civiltalaica.it\/cms\/il-\u00abnuovo-manifesto-di-bioetica-laica\u00bb\/\" \/>\n<meta property=\"og:locale\" content=\"it_IT\" \/>\n<meta property=\"og:type\" content=\"article\" \/>\n<meta property=\"og:title\" content=\"IL \u00abNUOVO MANIFESTO DI BIOETICA LAICA\u00bb - Associazione Culturale Civilt\u00e0 Laica\" \/>\n<meta property=\"og:description\" content=\"Nella nostra societ\u00e0 singoli cittadini e gruppi manifestano sempre pi\u00f9 intensamente l&#039;intento di sperimentare forme di vita nuove e si organizzano per ottenerne il riconoscimento, mentre la ricerca scientifica e le tecnologie mediche offrono nuove opzioni nei confronti di aspetti fondamentali dell&#039;esistenza.Profondamente coinvolta in questi processi, la bioetica suscita grande interesse nell&#039;opinione pubblica e assume [&hellip;]\" \/>\n<meta property=\"og:url\" content=\"https:\/\/www.civiltalaica.it\/cms\/il-\u00abnuovo-manifesto-di-bioetica-laica\u00bb\/\" \/>\n<meta property=\"og:site_name\" content=\"Associazione Culturale Civilt\u00e0 Laica\" \/>\n<meta property=\"article:publisher\" content=\"https:\/\/www.facebook.com\/civiltalaica\" \/>\n<meta property=\"article:published_time\" content=\"2008-03-03T19:21:49+00:00\" \/>\n<meta property=\"article:modified_time\" content=\"2011-01-26T09:42:09+00:00\" \/>\n<meta property=\"og:image\" content=\"https:\/\/www.civiltalaica.it\/cms\/wp-content\/uploads\/2017\/06\/logo-cl.png\" \/>\n\t<meta property=\"og:image:width\" content=\"400\" \/>\n\t<meta property=\"og:image:height\" content=\"180\" \/>\n\t<meta property=\"og:image:type\" content=\"image\/png\" \/>\n<meta name=\"author\" content=\"cladmin\" \/>\n<meta name=\"twitter:card\" content=\"summary_large_image\" \/>\n<meta name=\"twitter:label1\" content=\"Scritto da\" \/>\n\t<meta name=\"twitter:data1\" content=\"cladmin\" \/>\n\t<meta name=\"twitter:label2\" content=\"Tempo di lettura stimato\" \/>\n\t<meta name=\"twitter:data2\" content=\"1 minuto\" \/>\n<script type=\"application\/ld+json\" class=\"yoast-schema-graph\">{\"@context\":\"https:\/\/schema.org\",\"@graph\":[{\"@type\":\"Article\",\"@id\":\"https:\/\/www.civiltalaica.it\/cms\/il-%c2%abnuovo-manifesto-di-bioetica-laica%c2%bb\/#article\",\"isPartOf\":{\"@id\":\"https:\/\/www.civiltalaica.it\/cms\/il-%c2%abnuovo-manifesto-di-bioetica-laica%c2%bb\/\"},\"author\":{\"name\":\"cladmin\",\"@id\":\"https:\/\/www.civiltalaica.it\/cms\/#\/schema\/person\/500a52762e2620e007d6333aa121f5e5\"},\"headline\":\"IL \u00abNUOVO MANIFESTO DI BIOETICA LAICA\u00bb\",\"datePublished\":\"2008-03-03T19:21:49+00:00\",\"dateModified\":\"2011-01-26T09:42:09+00:00\",\"mainEntityOfPage\":{\"@id\":\"https:\/\/www.civiltalaica.it\/cms\/il-%c2%abnuovo-manifesto-di-bioetica-laica%c2%bb\/\"},\"wordCount\":133,\"keywords\":[\"Societ\u00e0\"],\"articleSection\":[\"articoli\"],\"inLanguage\":\"it-IT\"},{\"@type\":\"WebPage\",\"@id\":\"https:\/\/www.civiltalaica.it\/cms\/il-%c2%abnuovo-manifesto-di-bioetica-laica%c2%bb\/\",\"url\":\"https:\/\/www.civiltalaica.it\/cms\/il-%c2%abnuovo-manifesto-di-bioetica-laica%c2%bb\/\",\"name\":\"IL \u00abNUOVO MANIFESTO DI BIOETICA LAICA\u00bb - Associazione Culturale Civilt\u00e0 Laica\",\"isPartOf\":{\"@id\":\"https:\/\/www.civiltalaica.it\/cms\/#website\"},\"datePublished\":\"2008-03-03T19:21:49+00:00\",\"dateModified\":\"2011-01-26T09:42:09+00:00\",\"author\":{\"@id\":\"https:\/\/www.civiltalaica.it\/cms\/#\/schema\/person\/500a52762e2620e007d6333aa121f5e5\"},\"breadcrumb\":{\"@id\":\"https:\/\/www.civiltalaica.it\/cms\/il-%c2%abnuovo-manifesto-di-bioetica-laica%c2%bb\/#breadcrumb\"},\"inLanguage\":\"it-IT\",\"potentialAction\":[{\"@type\":\"ReadAction\",\"target\":[\"https:\/\/www.civiltalaica.it\/cms\/il-%c2%abnuovo-manifesto-di-bioetica-laica%c2%bb\/\"]}]},{\"@type\":\"BreadcrumbList\",\"@id\":\"https:\/\/www.civiltalaica.it\/cms\/il-%c2%abnuovo-manifesto-di-bioetica-laica%c2%bb\/#breadcrumb\",\"itemListElement\":[{\"@type\":\"ListItem\",\"position\":1,\"name\":\"Home\",\"item\":\"https:\/\/www.civiltalaica.it\/cms\/\"},{\"@type\":\"ListItem\",\"position\":2,\"name\":\"Nuove difficolt\u00e0 nel dialogo tra laici e cattolici\",\"item\":\"https:\/\/www.civiltalaica.it\/cms\/nuove-difficolta-nel-dialogo-tra-laici-e-cattolici\/\"},{\"@type\":\"ListItem\",\"position\":3,\"name\":\"L\u2019etica laica e libertaria di Vasco Rossi (prima parte)\",\"item\":\"https:\/\/www.civiltalaica.it\/cms\/l%e2%80%99etica-laica-e-libertaria-di-vasco-rossi-prima-parte\/\"},{\"@type\":\"ListItem\",\"position\":4,\"name\":\"IL \u00abNUOVO MANIFESTO DI BIOETICA LAICA\u00bb\"}]},{\"@type\":\"WebSite\",\"@id\":\"https:\/\/www.civiltalaica.it\/cms\/#website\",\"url\":\"https:\/\/www.civiltalaica.it\/cms\/\",\"name\":\"Associazione Culturale Civilt\u00e0 Laica\",\"description\":\"Per un movimento culturale volto a difendere la Laicit\u00e0 dello Stato.\",\"potentialAction\":[{\"@type\":\"SearchAction\",\"target\":{\"@type\":\"EntryPoint\",\"urlTemplate\":\"https:\/\/www.civiltalaica.it\/cms\/?s={search_term_string}\"},\"query-input\":{\"@type\":\"PropertyValueSpecification\",\"valueRequired\":true,\"valueName\":\"search_term_string\"}}],\"inLanguage\":\"it-IT\"},{\"@type\":\"Person\",\"@id\":\"https:\/\/www.civiltalaica.it\/cms\/#\/schema\/person\/500a52762e2620e007d6333aa121f5e5\",\"name\":\"cladmin\",\"url\":\"https:\/\/www.civiltalaica.it\/cms\/author\/cladmin\/\"}]}<\/script>\n<!-- \/ Yoast SEO plugin. -->","yoast_head_json":{"title":"IL \u00abNUOVO MANIFESTO DI BIOETICA LAICA\u00bb - Associazione Culturale Civilt\u00e0 Laica","robots":{"index":"index","follow":"follow","max-snippet":"max-snippet:-1","max-image-preview":"max-image-preview:large","max-video-preview":"max-video-preview:-1"},"canonical":"https:\/\/www.civiltalaica.it\/cms\/il-\u00abnuovo-manifesto-di-bioetica-laica\u00bb\/","og_locale":"it_IT","og_type":"article","og_title":"IL \u00abNUOVO MANIFESTO DI BIOETICA LAICA\u00bb - Associazione Culturale Civilt\u00e0 Laica","og_description":"Nella nostra societ\u00e0 singoli cittadini e gruppi manifestano sempre pi\u00f9 intensamente l&#39;intento di sperimentare forme di vita nuove e si organizzano per ottenerne il riconoscimento, mentre la ricerca scientifica e le tecnologie mediche offrono nuove opzioni nei confronti di aspetti fondamentali dell&#39;esistenza.Profondamente coinvolta in questi processi, la bioetica suscita grande interesse nell&#39;opinione pubblica e assume [&hellip;]","og_url":"https:\/\/www.civiltalaica.it\/cms\/il-\u00abnuovo-manifesto-di-bioetica-laica\u00bb\/","og_site_name":"Associazione Culturale Civilt\u00e0 Laica","article_publisher":"https:\/\/www.facebook.com\/civiltalaica","article_published_time":"2008-03-03T19:21:49+00:00","article_modified_time":"2011-01-26T09:42:09+00:00","og_image":[{"width":400,"height":180,"url":"https:\/\/www.civiltalaica.it\/cms\/wp-content\/uploads\/2017\/06\/logo-cl.png","type":"image\/png"}],"author":"cladmin","twitter_card":"summary_large_image","twitter_misc":{"Scritto da":"cladmin","Tempo di lettura stimato":"1 minuto"},"schema":{"@context":"https:\/\/schema.org","@graph":[{"@type":"Article","@id":"https:\/\/www.civiltalaica.it\/cms\/il-%c2%abnuovo-manifesto-di-bioetica-laica%c2%bb\/#article","isPartOf":{"@id":"https:\/\/www.civiltalaica.it\/cms\/il-%c2%abnuovo-manifesto-di-bioetica-laica%c2%bb\/"},"author":{"name":"cladmin","@id":"https:\/\/www.civiltalaica.it\/cms\/#\/schema\/person\/500a52762e2620e007d6333aa121f5e5"},"headline":"IL \u00abNUOVO MANIFESTO DI BIOETICA LAICA\u00bb","datePublished":"2008-03-03T19:21:49+00:00","dateModified":"2011-01-26T09:42:09+00:00","mainEntityOfPage":{"@id":"https:\/\/www.civiltalaica.it\/cms\/il-%c2%abnuovo-manifesto-di-bioetica-laica%c2%bb\/"},"wordCount":133,"keywords":["Societ\u00e0"],"articleSection":["articoli"],"inLanguage":"it-IT"},{"@type":"WebPage","@id":"https:\/\/www.civiltalaica.it\/cms\/il-%c2%abnuovo-manifesto-di-bioetica-laica%c2%bb\/","url":"https:\/\/www.civiltalaica.it\/cms\/il-%c2%abnuovo-manifesto-di-bioetica-laica%c2%bb\/","name":"IL \u00abNUOVO MANIFESTO DI BIOETICA LAICA\u00bb - Associazione Culturale Civilt\u00e0 Laica","isPartOf":{"@id":"https:\/\/www.civiltalaica.it\/cms\/#website"},"datePublished":"2008-03-03T19:21:49+00:00","dateModified":"2011-01-26T09:42:09+00:00","author":{"@id":"https:\/\/www.civiltalaica.it\/cms\/#\/schema\/person\/500a52762e2620e007d6333aa121f5e5"},"breadcrumb":{"@id":"https:\/\/www.civiltalaica.it\/cms\/il-%c2%abnuovo-manifesto-di-bioetica-laica%c2%bb\/#breadcrumb"},"inLanguage":"it-IT","potentialAction":[{"@type":"ReadAction","target":["https:\/\/www.civiltalaica.it\/cms\/il-%c2%abnuovo-manifesto-di-bioetica-laica%c2%bb\/"]}]},{"@type":"BreadcrumbList","@id":"https:\/\/www.civiltalaica.it\/cms\/il-%c2%abnuovo-manifesto-di-bioetica-laica%c2%bb\/#breadcrumb","itemListElement":[{"@type":"ListItem","position":1,"name":"Home","item":"https:\/\/www.civiltalaica.it\/cms\/"},{"@type":"ListItem","position":2,"name":"Nuove difficolt\u00e0 nel dialogo tra laici e cattolici","item":"https:\/\/www.civiltalaica.it\/cms\/nuove-difficolta-nel-dialogo-tra-laici-e-cattolici\/"},{"@type":"ListItem","position":3,"name":"L\u2019etica laica e libertaria di Vasco Rossi (prima parte)","item":"https:\/\/www.civiltalaica.it\/cms\/l%e2%80%99etica-laica-e-libertaria-di-vasco-rossi-prima-parte\/"},{"@type":"ListItem","position":4,"name":"IL \u00abNUOVO MANIFESTO DI BIOETICA LAICA\u00bb"}]},{"@type":"WebSite","@id":"https:\/\/www.civiltalaica.it\/cms\/#website","url":"https:\/\/www.civiltalaica.it\/cms\/","name":"Associazione Culturale Civilt\u00e0 Laica","description":"Per un movimento culturale volto a difendere la Laicit\u00e0 dello Stato.","potentialAction":[{"@type":"SearchAction","target":{"@type":"EntryPoint","urlTemplate":"https:\/\/www.civiltalaica.it\/cms\/?s={search_term_string}"},"query-input":{"@type":"PropertyValueSpecification","valueRequired":true,"valueName":"search_term_string"}}],"inLanguage":"it-IT"},{"@type":"Person","@id":"https:\/\/www.civiltalaica.it\/cms\/#\/schema\/person\/500a52762e2620e007d6333aa121f5e5","name":"cladmin","url":"https:\/\/www.civiltalaica.it\/cms\/author\/cladmin\/"}]}},"_links":{"self":[{"href":"https:\/\/www.civiltalaica.it\/cms\/wp-json\/wp\/v2\/posts\/923","targetHints":{"allow":["GET"]}}],"collection":[{"href":"https:\/\/www.civiltalaica.it\/cms\/wp-json\/wp\/v2\/posts"}],"about":[{"href":"https:\/\/www.civiltalaica.it\/cms\/wp-json\/wp\/v2\/types\/post"}],"author":[{"embeddable":true,"href":"https:\/\/www.civiltalaica.it\/cms\/wp-json\/wp\/v2\/users\/1"}],"replies":[{"embeddable":true,"href":"https:\/\/www.civiltalaica.it\/cms\/wp-json\/wp\/v2\/comments?post=923"}],"version-history":[{"count":0,"href":"https:\/\/www.civiltalaica.it\/cms\/wp-json\/wp\/v2\/posts\/923\/revisions"}],"wp:attachment":[{"href":"https:\/\/www.civiltalaica.it\/cms\/wp-json\/wp\/v2\/media?parent=923"}],"wp:term":[{"taxonomy":"category","embeddable":true,"href":"https:\/\/www.civiltalaica.it\/cms\/wp-json\/wp\/v2\/categories?post=923"},{"taxonomy":"post_tag","embeddable":true,"href":"https:\/\/www.civiltalaica.it\/cms\/wp-json\/wp\/v2\/tags?post=923"}],"curies":[{"name":"wp","href":"https:\/\/api.w.org\/{rel}","templated":true}]}}