{"id":907,"date":"2007-04-10T20:04:35","date_gmt":"2007-04-10T20:04:35","guid":{"rendered":""},"modified":"2011-01-26T09:55:55","modified_gmt":"2011-01-26T09:55:55","slug":"la-foto-strappata-per-marco-suicida-per-laccusa-di-essere-gay","status":"publish","type":"post","link":"https:\/\/www.civiltalaica.it\/cms\/la-foto-strappata-per-marco-suicida-per-laccusa-di-essere-gay\/","title":{"rendered":"La foto strappata (per Marco, suicida per l&#8217;accusa di essere gay)"},"content":{"rendered":"<p>Testo di &quot;ElfoBruno&quot; pubblicato sul suo <a href=\"http:\/\/elfobruno.ilcannocchiale.it\/\" target=\"_blank\">blog<\/a>:<\/p>\n<p><em>Quando andavo a scuola ero una checca. Ok, qualcuno di voi dir\u00e0 che lo sono anche adesso. In tal caso rispondo come fece Woody Allen quando lo apostrofarono con l&#39;epiteto di comunista: lo prendo come un complimento.<\/em><\/p>\n<p><!--more--><br \/><em>Ma sta di fatto che la repressione del mio lato sessuale era cos\u00ec forte e crudele, che la mia gayetas &#8211; dispettosa gi\u00e0 da allora &#8211; scappava ad ogni forma di controllo e si concretizzava con quella postura definita a polso rotto o con una voce Amanda Lear style che, nel complesso di tutte le altre manifestazioni del mio io, mandava in visibilio i miei compagnetti di classe.<\/p>\n<p>L&#39;elenco degli insulti che ho ricevuto dalle elementari al liceo \u00e8 piuttosto monotono e ripetitivo.<br \/>Da Dario femmina &#8211; elementari, a causa della mia scarsa propensione a correre dietro un pallone sudando e gridando come un cretino &#8211; ad aricchione, alle medie.<br \/>Da puppo &#8211; epiteto siciliano che designa le persone omosessuali del luogo, e che va tradotto con &quot;polpo&quot; &#8211; al pi\u00f9 nazional-popolare frocio.<br \/>Mancavano all&#39;appello termini quali culattone e finocchio. Il primo perch\u00e9 Calderoli non faceva ancora parte dell&#39;arco costituzionale, il secondo perch\u00e9 troppo esotico per menti sofisticate come i miei compagnetti di classe.<\/p>\n<p>Ogni tanto, poi, tali esternazioni venivano accompagnate con qualche sberla, che fatti non fummo per viver come bruti ma evidentemente quel passo della &quot;Divina Commedia&quot; a Siracusa non devono averlo letto in molti.<\/p>\n<p>I professori facevano finta di non sentire, ma poi erano cazzi se non sapevi a memoria il paradigma di fio o gli essenziali procedimenti matematici che stavano alla base del teorema di De l&#39;H\u00f4pital. Per non parlare delle formule di prostaferesi o dell&#39;assonometria cavaliera.<\/p>\n<p>Tutto questo aveva ricadute sociali non indifferenti. Siccome ero bravino &#8211; e anche molto pi\u00f9 furbo di quanto si immaginasse, ma per tutti ero il frocetto rincoglionito &#8211; durante i compiti o le interrogazioni ero al centro di richieste di aiuto tra le pi\u00f9 svariate. Poi, a lezione finita, ritornavo il paria prescelto, tra sonore sghignazzate e scheccamenti auto-indotti che avevano l&#39;unico fine di umiliarmi.<\/p>\n<p>Ricordo poi un mio compagno di classe &#8211; col senno di poi posso capire il perch\u00e9 della sual cattiveria, direttamente connessa alla sua avvenenza e non a caso di lui si diceva che era una strana creatura met\u00e0 uomo e met\u00e0 se stesso &#8211; un mio compagno, dicevo, che mi guardava da lontano, durante la ricreazione. Mi avvicinai e mi disse: &quot;vattene, sei frocio e non voglio che la gente mi veda a parlare con te che poi pensano che lo sono anch&#39;io&quot;.<\/p>\n<p>(Dopo qualche anno ho saputo che andava a far pratica di sesso orale dalle trans che battono nei pressi del Teatro greco.)<\/p>\n<p>Ebbene, in tutto quel tempo mi sono odiato.<\/p>\n<p>Avevo una foto di me, di quando avevo due anni, e la strappai.<\/p>\n<p>Pregavo Dio di farmi guarire e sopportavo in silenzio tutto quel letamaio di odio e di violenza perch\u00e9 mi ero convinto che dentro di me ero sporco.<\/p>\n<p>Ho pensato al suicidio, per pi\u00f9 di una volta, e se non l&#39;ho mai fatto \u00e8 stato solo perch\u00e9 avrei dato un grandissimo dolore alla mia famiglia. E loro non si meritavano di avere un dolore simile a causa mia.<\/p>\n<p>Le cose poi cambiarono un po&#39; da sole, e altrove ho scritto cosa \u00e8 successo.<br \/>Forse c&#39;era qualcosa, dentro di me, che mi spingeva a pensare che anch&#39;io avevo le mie ragioni.<br \/>E ho indagato. E mi sono innamorato, sbagliando (ma questa \u00e8 un&#39;altra storia).<br \/>E ho smesso di scheccare. In modo involontario, \u00e7a va sans dire.<\/p>\n<p>Adesso quando qualcuno si permette, ma in modo allusivo, che dalla tracotanza si \u00e8 passati alla dissimulazione non onesta, lo guardo dritto negli occhi. E quel qualcuno sparisce.<br \/>Il mio lato luminoso della forza&#8230;<\/p>\n<p>Oddio, ricordo sempre il giorno in cui ho strappato quella foto e dovevate vedermi, ero davvero bello, puro. Un piccolo angelo. Forse da quel giorno ho strappato una parte di me, che cerco di ritrovare altrove. Un po&#39; come quella storia del mito platonico, non so se rendo l&#39;idea.<\/p>\n<p>Ma se vi scrivo tutto questo \u00e8 solo perch\u00e9 Marco \u00e8 morto. Suicida.<\/p>\n<p>La sua lettera scarlatta era l&#39;accusa di essere gay, &quot;come Jonathan del Grande Fratello&quot;.<br \/>Cio\u00e8, roba da dir loro: ragazzi, non solo siete dei colossali pezzi di merda ma i vostri riferimenti sub-culturali fanno anche abbastanza schifo.<\/p>\n<p>Marco \u00e8 morto e io non so se era omosessuale o meno. Ma una cosa mi \u00e8 molto chiara.<br \/>Di omofobia si pu\u00f2 morire. Malattia strana, certo, colpisce gli etero e fa fuori i gay (mi ispiro liberamente a non so chi, ma dico da subito che questa citazione non \u00e8 mia ma calza a pennello).<\/p>\n<p>Marco non ha avuto la fortuna di strappare una sua foto, per poi pentirsene amaramente e re-innamorarsi della vita. Marco l&#39;hanno strappato via dal suo futuro, con un insulto tanto stupido e inconsistente quanto drammatico e tragico.<\/p>\n<p>Io, forse, un giorno ritrover\u00f2 i frammenti di quell&#39;immagine buttata chiss\u00e0 dove.<br \/>Ma i frammenti di tutto l&#39;amore che Marco poteva trovare &#8211; per se stesso, per i suoi cari, per quelli che sarebbero stati i suoi amici e per qualcuno di speciale, fosse stato questo qualcuno uomo o donna &#8211; chi li ha fatti in mille pezzi?<\/p>\n<p>E soprattutto: per quanta giustizia verr\u00e0 mai fatta, ed io ci credo poco, chi cercher\u00e0 la sua immagine lacerata per restituirle vita, gioia e speranza? Il fatto che la risposta sia nessuno, non vi fa incazzare almeno un po&#39;?<\/p>\n<p>A me, moltissimo.<\/p>\n<p><a href=\"http:\/\/elfobruno.ilcannocchiale.it\/?id_blogdoc=1434431\" target=\"_blank\">Link al post<\/a> sul blog<\/em> di &quot;ElfoBruno&quot;<\/p>\n","protected":false},"excerpt":{"rendered":"<p>Testo di &quot;ElfoBruno&quot; pubblicato sul suo blog: Quando andavo a scuola ero una checca. Ok, qualcuno di voi dir\u00e0 che lo sono anche adesso. In tal caso rispondo come fece Woody Allen quando lo apostrofarono con l&#39;epiteto di comunista: lo prendo come un complimento.<\/p>\n","protected":false},"author":1,"featured_media":0,"comment_status":"closed","ping_status":"closed","sticky":false,"template":"","format":"standard","meta":{"footnotes":""},"categories":[238],"tags":[55],"class_list":["post-907","post","type-post","status-publish","format-standard","hentry","category-articoli","tag-societa"],"yoast_head":"<!-- This site is optimized with the Yoast SEO plugin v27.1.1 - https:\/\/yoast.com\/product\/yoast-seo-wordpress\/ -->\n<title>La foto strappata (per Marco, suicida per l&#039;accusa di essere gay) - Associazione Culturale Civilt\u00e0 Laica<\/title>\n<meta name=\"robots\" content=\"index, follow, max-snippet:-1, max-image-preview:large, max-video-preview:-1\" \/>\n<link rel=\"canonical\" href=\"https:\/\/www.civiltalaica.it\/cms\/la-foto-strappata-per-marco-suicida-per-laccusa-di-essere-gay\/\" \/>\n<meta property=\"og:locale\" content=\"it_IT\" \/>\n<meta property=\"og:type\" content=\"article\" \/>\n<meta property=\"og:title\" content=\"La foto strappata (per Marco, suicida per l&#039;accusa di essere gay) - Associazione Culturale Civilt\u00e0 Laica\" \/>\n<meta property=\"og:description\" content=\"Testo di &quot;ElfoBruno&quot; pubblicato sul suo blog: Quando andavo a scuola ero una checca. Ok, qualcuno di voi dir\u00e0 che lo sono anche adesso. In tal caso rispondo come fece Woody Allen quando lo apostrofarono con l&#039;epiteto di comunista: lo prendo come un complimento.\" \/>\n<meta property=\"og:url\" content=\"https:\/\/www.civiltalaica.it\/cms\/la-foto-strappata-per-marco-suicida-per-laccusa-di-essere-gay\/\" \/>\n<meta property=\"og:site_name\" content=\"Associazione Culturale Civilt\u00e0 Laica\" \/>\n<meta property=\"article:publisher\" content=\"https:\/\/www.facebook.com\/civiltalaica\" \/>\n<meta property=\"article:published_time\" content=\"2007-04-10T20:04:35+00:00\" \/>\n<meta property=\"article:modified_time\" content=\"2011-01-26T09:55:55+00:00\" \/>\n<meta property=\"og:image\" content=\"https:\/\/www.civiltalaica.it\/cms\/wp-content\/uploads\/2017\/06\/logo-cl.png\" \/>\n\t<meta property=\"og:image:width\" content=\"400\" \/>\n\t<meta property=\"og:image:height\" content=\"180\" \/>\n\t<meta property=\"og:image:type\" content=\"image\/png\" \/>\n<meta name=\"author\" content=\"cladmin\" \/>\n<meta name=\"twitter:card\" content=\"summary_large_image\" \/>\n<meta name=\"twitter:label1\" content=\"Scritto da\" \/>\n\t<meta name=\"twitter:data1\" content=\"cladmin\" \/>\n\t<meta name=\"twitter:label2\" content=\"Tempo di lettura stimato\" \/>\n\t<meta name=\"twitter:data2\" content=\"5 minuti\" \/>\n<script type=\"application\/ld+json\" class=\"yoast-schema-graph\">{\"@context\":\"https:\/\/schema.org\",\"@graph\":[{\"@type\":\"Article\",\"@id\":\"https:\/\/www.civiltalaica.it\/cms\/la-foto-strappata-per-marco-suicida-per-laccusa-di-essere-gay\/#article\",\"isPartOf\":{\"@id\":\"https:\/\/www.civiltalaica.it\/cms\/la-foto-strappata-per-marco-suicida-per-laccusa-di-essere-gay\/\"},\"author\":{\"name\":\"cladmin\",\"@id\":\"https:\/\/www.civiltalaica.it\/cms\/#\/schema\/person\/500a52762e2620e007d6333aa121f5e5\"},\"headline\":\"La foto strappata (per Marco, suicida per l&#8217;accusa di essere gay)\",\"datePublished\":\"2007-04-10T20:04:35+00:00\",\"dateModified\":\"2011-01-26T09:55:55+00:00\",\"mainEntityOfPage\":{\"@id\":\"https:\/\/www.civiltalaica.it\/cms\/la-foto-strappata-per-marco-suicida-per-laccusa-di-essere-gay\/\"},\"wordCount\":964,\"keywords\":[\"Societ\u00e0\"],\"articleSection\":[\"articoli\"],\"inLanguage\":\"it-IT\"},{\"@type\":\"WebPage\",\"@id\":\"https:\/\/www.civiltalaica.it\/cms\/la-foto-strappata-per-marco-suicida-per-laccusa-di-essere-gay\/\",\"url\":\"https:\/\/www.civiltalaica.it\/cms\/la-foto-strappata-per-marco-suicida-per-laccusa-di-essere-gay\/\",\"name\":\"La foto strappata (per Marco, suicida per l'accusa di essere gay) - Associazione Culturale Civilt\u00e0 Laica\",\"isPartOf\":{\"@id\":\"https:\/\/www.civiltalaica.it\/cms\/#website\"},\"datePublished\":\"2007-04-10T20:04:35+00:00\",\"dateModified\":\"2011-01-26T09:55:55+00:00\",\"author\":{\"@id\":\"https:\/\/www.civiltalaica.it\/cms\/#\/schema\/person\/500a52762e2620e007d6333aa121f5e5\"},\"breadcrumb\":{\"@id\":\"https:\/\/www.civiltalaica.it\/cms\/la-foto-strappata-per-marco-suicida-per-laccusa-di-essere-gay\/#breadcrumb\"},\"inLanguage\":\"it-IT\",\"potentialAction\":[{\"@type\":\"ReadAction\",\"target\":[\"https:\/\/www.civiltalaica.it\/cms\/la-foto-strappata-per-marco-suicida-per-laccusa-di-essere-gay\/\"]}]},{\"@type\":\"BreadcrumbList\",\"@id\":\"https:\/\/www.civiltalaica.it\/cms\/la-foto-strappata-per-marco-suicida-per-laccusa-di-essere-gay\/#breadcrumb\",\"itemListElement\":[{\"@type\":\"ListItem\",\"position\":1,\"name\":\"Home\",\"item\":\"https:\/\/www.civiltalaica.it\/cms\/\"},{\"@type\":\"ListItem\",\"position\":2,\"name\":\"Nuove difficolt\u00e0 nel dialogo tra laici e cattolici\",\"item\":\"https:\/\/www.civiltalaica.it\/cms\/nuove-difficolta-nel-dialogo-tra-laici-e-cattolici\/\"},{\"@type\":\"ListItem\",\"position\":3,\"name\":\"L\u2019etica laica e libertaria di Vasco Rossi (prima parte)\",\"item\":\"https:\/\/www.civiltalaica.it\/cms\/l%e2%80%99etica-laica-e-libertaria-di-vasco-rossi-prima-parte\/\"},{\"@type\":\"ListItem\",\"position\":4,\"name\":\"La foto strappata (per Marco, suicida per l&#8217;accusa di essere gay)\"}]},{\"@type\":\"WebSite\",\"@id\":\"https:\/\/www.civiltalaica.it\/cms\/#website\",\"url\":\"https:\/\/www.civiltalaica.it\/cms\/\",\"name\":\"Associazione Culturale Civilt\u00e0 Laica\",\"description\":\"Per un movimento culturale volto a difendere la Laicit\u00e0 dello Stato.\",\"potentialAction\":[{\"@type\":\"SearchAction\",\"target\":{\"@type\":\"EntryPoint\",\"urlTemplate\":\"https:\/\/www.civiltalaica.it\/cms\/?s={search_term_string}\"},\"query-input\":{\"@type\":\"PropertyValueSpecification\",\"valueRequired\":true,\"valueName\":\"search_term_string\"}}],\"inLanguage\":\"it-IT\"},{\"@type\":\"Person\",\"@id\":\"https:\/\/www.civiltalaica.it\/cms\/#\/schema\/person\/500a52762e2620e007d6333aa121f5e5\",\"name\":\"cladmin\",\"url\":\"https:\/\/www.civiltalaica.it\/cms\/author\/cladmin\/\"}]}<\/script>\n<!-- \/ Yoast SEO plugin. -->","yoast_head_json":{"title":"La foto strappata (per Marco, suicida per l'accusa di essere gay) - Associazione Culturale Civilt\u00e0 Laica","robots":{"index":"index","follow":"follow","max-snippet":"max-snippet:-1","max-image-preview":"max-image-preview:large","max-video-preview":"max-video-preview:-1"},"canonical":"https:\/\/www.civiltalaica.it\/cms\/la-foto-strappata-per-marco-suicida-per-laccusa-di-essere-gay\/","og_locale":"it_IT","og_type":"article","og_title":"La foto strappata (per Marco, suicida per l'accusa di essere gay) - Associazione Culturale Civilt\u00e0 Laica","og_description":"Testo di &quot;ElfoBruno&quot; pubblicato sul suo blog: Quando andavo a scuola ero una checca. Ok, qualcuno di voi dir\u00e0 che lo sono anche adesso. In tal caso rispondo come fece Woody Allen quando lo apostrofarono con l&#39;epiteto di comunista: lo prendo come un complimento.","og_url":"https:\/\/www.civiltalaica.it\/cms\/la-foto-strappata-per-marco-suicida-per-laccusa-di-essere-gay\/","og_site_name":"Associazione Culturale Civilt\u00e0 Laica","article_publisher":"https:\/\/www.facebook.com\/civiltalaica","article_published_time":"2007-04-10T20:04:35+00:00","article_modified_time":"2011-01-26T09:55:55+00:00","og_image":[{"width":400,"height":180,"url":"https:\/\/www.civiltalaica.it\/cms\/wp-content\/uploads\/2017\/06\/logo-cl.png","type":"image\/png"}],"author":"cladmin","twitter_card":"summary_large_image","twitter_misc":{"Scritto da":"cladmin","Tempo di lettura stimato":"5 minuti"},"schema":{"@context":"https:\/\/schema.org","@graph":[{"@type":"Article","@id":"https:\/\/www.civiltalaica.it\/cms\/la-foto-strappata-per-marco-suicida-per-laccusa-di-essere-gay\/#article","isPartOf":{"@id":"https:\/\/www.civiltalaica.it\/cms\/la-foto-strappata-per-marco-suicida-per-laccusa-di-essere-gay\/"},"author":{"name":"cladmin","@id":"https:\/\/www.civiltalaica.it\/cms\/#\/schema\/person\/500a52762e2620e007d6333aa121f5e5"},"headline":"La foto strappata (per Marco, suicida per l&#8217;accusa di essere gay)","datePublished":"2007-04-10T20:04:35+00:00","dateModified":"2011-01-26T09:55:55+00:00","mainEntityOfPage":{"@id":"https:\/\/www.civiltalaica.it\/cms\/la-foto-strappata-per-marco-suicida-per-laccusa-di-essere-gay\/"},"wordCount":964,"keywords":["Societ\u00e0"],"articleSection":["articoli"],"inLanguage":"it-IT"},{"@type":"WebPage","@id":"https:\/\/www.civiltalaica.it\/cms\/la-foto-strappata-per-marco-suicida-per-laccusa-di-essere-gay\/","url":"https:\/\/www.civiltalaica.it\/cms\/la-foto-strappata-per-marco-suicida-per-laccusa-di-essere-gay\/","name":"La foto strappata (per Marco, suicida per l'accusa di essere gay) - Associazione Culturale Civilt\u00e0 Laica","isPartOf":{"@id":"https:\/\/www.civiltalaica.it\/cms\/#website"},"datePublished":"2007-04-10T20:04:35+00:00","dateModified":"2011-01-26T09:55:55+00:00","author":{"@id":"https:\/\/www.civiltalaica.it\/cms\/#\/schema\/person\/500a52762e2620e007d6333aa121f5e5"},"breadcrumb":{"@id":"https:\/\/www.civiltalaica.it\/cms\/la-foto-strappata-per-marco-suicida-per-laccusa-di-essere-gay\/#breadcrumb"},"inLanguage":"it-IT","potentialAction":[{"@type":"ReadAction","target":["https:\/\/www.civiltalaica.it\/cms\/la-foto-strappata-per-marco-suicida-per-laccusa-di-essere-gay\/"]}]},{"@type":"BreadcrumbList","@id":"https:\/\/www.civiltalaica.it\/cms\/la-foto-strappata-per-marco-suicida-per-laccusa-di-essere-gay\/#breadcrumb","itemListElement":[{"@type":"ListItem","position":1,"name":"Home","item":"https:\/\/www.civiltalaica.it\/cms\/"},{"@type":"ListItem","position":2,"name":"Nuove difficolt\u00e0 nel dialogo tra laici e cattolici","item":"https:\/\/www.civiltalaica.it\/cms\/nuove-difficolta-nel-dialogo-tra-laici-e-cattolici\/"},{"@type":"ListItem","position":3,"name":"L\u2019etica laica e libertaria di Vasco Rossi (prima parte)","item":"https:\/\/www.civiltalaica.it\/cms\/l%e2%80%99etica-laica-e-libertaria-di-vasco-rossi-prima-parte\/"},{"@type":"ListItem","position":4,"name":"La foto strappata (per Marco, suicida per l&#8217;accusa di essere gay)"}]},{"@type":"WebSite","@id":"https:\/\/www.civiltalaica.it\/cms\/#website","url":"https:\/\/www.civiltalaica.it\/cms\/","name":"Associazione Culturale Civilt\u00e0 Laica","description":"Per un movimento culturale volto a difendere la Laicit\u00e0 dello Stato.","potentialAction":[{"@type":"SearchAction","target":{"@type":"EntryPoint","urlTemplate":"https:\/\/www.civiltalaica.it\/cms\/?s={search_term_string}"},"query-input":{"@type":"PropertyValueSpecification","valueRequired":true,"valueName":"search_term_string"}}],"inLanguage":"it-IT"},{"@type":"Person","@id":"https:\/\/www.civiltalaica.it\/cms\/#\/schema\/person\/500a52762e2620e007d6333aa121f5e5","name":"cladmin","url":"https:\/\/www.civiltalaica.it\/cms\/author\/cladmin\/"}]}},"_links":{"self":[{"href":"https:\/\/www.civiltalaica.it\/cms\/wp-json\/wp\/v2\/posts\/907","targetHints":{"allow":["GET"]}}],"collection":[{"href":"https:\/\/www.civiltalaica.it\/cms\/wp-json\/wp\/v2\/posts"}],"about":[{"href":"https:\/\/www.civiltalaica.it\/cms\/wp-json\/wp\/v2\/types\/post"}],"author":[{"embeddable":true,"href":"https:\/\/www.civiltalaica.it\/cms\/wp-json\/wp\/v2\/users\/1"}],"replies":[{"embeddable":true,"href":"https:\/\/www.civiltalaica.it\/cms\/wp-json\/wp\/v2\/comments?post=907"}],"version-history":[{"count":0,"href":"https:\/\/www.civiltalaica.it\/cms\/wp-json\/wp\/v2\/posts\/907\/revisions"}],"wp:attachment":[{"href":"https:\/\/www.civiltalaica.it\/cms\/wp-json\/wp\/v2\/media?parent=907"}],"wp:term":[{"taxonomy":"category","embeddable":true,"href":"https:\/\/www.civiltalaica.it\/cms\/wp-json\/wp\/v2\/categories?post=907"},{"taxonomy":"post_tag","embeddable":true,"href":"https:\/\/www.civiltalaica.it\/cms\/wp-json\/wp\/v2\/tags?post=907"}],"curies":[{"name":"wp","href":"https:\/\/api.w.org\/{rel}","templated":true}]}}