{"id":906,"date":"2007-04-02T13:01:59","date_gmt":"2007-04-02T13:01:59","guid":{"rendered":""},"modified":"2011-01-26T09:55:56","modified_gmt":"2011-01-26T09:55:56","slug":"quellinsostenibile-pressione-vaticana","status":"publish","type":"post","link":"https:\/\/www.civiltalaica.it\/cms\/quellinsostenibile-pressione-vaticana\/","title":{"rendered":"Quell&#8217;insostenibile pressione vaticana"},"content":{"rendered":"<p>* <a target=\"_blank\" href=\"http:\/\/www.cicap.org\/enciclop\/at101248.htm\">Margherita Hack<\/a><\/p>\n<p>Una ragione di tristi riflessioni sul nostro paese \u00e8 offerta<br \/>\ndallinsistente, martellante, continua ingerenza vaticana a proposito<br \/>\ndei Pacs.<\/p>\n<p><!--more--><br \/>Non ci si preoccupa della violenza degli stadi, se non in modo molto saltuario, non ci si preoccupa dellancora scarsa assistenza &#8211; in confronto ad altri paesi, quale ad esempio la Francia &#8211; offerta alle famiglie, naturali o ufficiali che siano, fornendo sufficienti asili, scuole materne e scuole a pieno tempo, che permettano ad ambedue i genitori di lavorare a tempo pieno, non ci si preoccupa dello sfruttamento a cui sono soggetti tanti immigrati costretti a vivere in catapecchie pagate a peso doro, n\u00e9 della mancanza di case a prezzi accessibili per le giovani famiglie, naturali o ufficiali che siano; no, ci si preoccupa solo dei Pacs, quelli s\u00ec che sarebbero un pericolo per la famiglia: non si capisce perch\u00e9 questa cristiana chiesa, che dovrebbe farsi guidare dallamore per tutte le creature, seguiti a sostenere che dare dei diritti a chi non ce li ha possa essere la rovina di chi questi diritti li ha. Ma cosa crede il papa, cosa credono tutti questi signori della chiesa, che la famiglia si basi su un pezzo di carta timbrato dal prete o dal sindaco, che sia la legge a tenere insieme due persone? Non sanno che quello che tiene insieme due persone per anni, che siano un uomo e una donna, oppure due donne oppure due uomini, \u00e8 soprattutto laffetto e la stima reciproci?<br \/>Fa un certo effetto vedere tanti nostri deputati e senatori, divorziati o separati, che sbraitano indignati contro i Pacs in difesa della sacralit\u00e0 della famiglia. Se per i cattolici osservanti il matrimonio \u00e8 un sacramento, come pu\u00f2 la chiesa pretendere di imporlo anche ai non credenti? Mi auguro ancora una volta che i membri di questo governo sappiano resistere alle ingerenze della chiesa e difendere la laicit\u00e0 dello stato e i diritti di tutti i cittadini, qualunque sia la loro fede personale. E questo governo, con una proposta di legge che \u00e8 un capolavoro di ipocrisia, ma comunque meglio che nulla, trasforma i Pacs (parola che alla chiesa fa lo stesso effetto che un drappo rosso al toro) in Dico e stabilisce che i due conviventi faranno in municipio una dichiarazione di convivenza non congiunta, perch\u00e9 somiglierebbe troppo a un matrimonio, ma contestuale. Suppongo che per essere contestuali ma non congiunte, le dichiarazioni dovranno avvenire nello stesso istante in due stanze diverse. Nemmeno il pi\u00f9 bravo dei comici avrebbe immaginato una simile scenetta. Ma sar\u00e0 mai possibile fare dellItalia un paese moderno, veramente laico e democratico, che rispetta le opinioni, le fedi e le non-fedi degli altri?<br \/>Credo che un ruolo importantissimo lo abbia la scuola e quindi la cultura, che pu\u00f2 liberare da tanti pregiudizi, che insegna a ragionare col proprio cervello, ad accettare o meno, in maniera critica, le idee e gli stimoli che ci vengono offerti dalla stessa scuola, dai giornali, dalle televisioni. E la cultura che pu\u00f2 aiutarci a divenire persone libere e autonome in grado di fare le proprie scelte senza farsi influenzare dagli imbonitori di turno. Una scuola che il ministro Fioroni sembra voglia far tornare ad una maggiore seriet\u00e0, con esami che non siano pi\u00f9 una burletta, e mi auguro sequestrando i telefonini allinizio delle lezioni e rendendoli solo alluscita da scuola. Si pu\u00f2 immaginare che razza di lezioni possano essere quelle in una classe di 20 studenti, ciascuno intento a scrivere e leggere messaggini o a fotografare compagni e professori. Come pu\u00f2 un docente, anche dotato della maggior capacit\u00e0 comunicativa e amante del proprio lavoro trovare ancora la voglia e lentusiasmo per comunicare a una platea cos\u00ec distratta?<br \/>Quello che avete letto \u00e8 lo stralcio di un lungo articolo di Margherita Hack che comparir\u00e0 nel numero 2 di aideM, la rivista di critica della comunicazione diretta da Giulietto Chiesa e Adalberto Minucci. aideM, Chimenti editore, sar\u00e0 in libreria a partire dal prossimo 6 aprile con un ampio dossier sul \u00abgiornalismo, radiografia di un mestiere in crisi\u00bb.<\/p>\n","protected":false},"excerpt":{"rendered":"<p>* Margherita Hack Una ragione di tristi riflessioni sul nostro paese \u00e8 offerta dallinsistente, martellante, continua ingerenza vaticana a proposito dei Pacs.<\/p>\n","protected":false},"author":1,"featured_media":0,"comment_status":"closed","ping_status":"closed","sticky":false,"template":"","format":"standard","meta":{"footnotes":""},"categories":[238],"tags":[55],"class_list":["post-906","post","type-post","status-publish","format-standard","hentry","category-articoli","tag-societa"],"yoast_head":"<!-- This site is optimized with the Yoast SEO plugin v27.1.1 - https:\/\/yoast.com\/product\/yoast-seo-wordpress\/ -->\n<title>Quell&#039;insostenibile pressione vaticana - Associazione Culturale Civilt\u00e0 Laica<\/title>\n<meta name=\"robots\" content=\"index, follow, max-snippet:-1, max-image-preview:large, max-video-preview:-1\" \/>\n<link rel=\"canonical\" href=\"https:\/\/www.civiltalaica.it\/cms\/quellinsostenibile-pressione-vaticana\/\" \/>\n<meta property=\"og:locale\" content=\"it_IT\" \/>\n<meta property=\"og:type\" content=\"article\" \/>\n<meta property=\"og:title\" content=\"Quell&#039;insostenibile pressione vaticana - Associazione Culturale Civilt\u00e0 Laica\" \/>\n<meta property=\"og:description\" content=\"* Margherita Hack Una ragione di tristi riflessioni sul nostro paese \u00e8 offerta dallinsistente, martellante, continua ingerenza vaticana a proposito dei Pacs.\" \/>\n<meta property=\"og:url\" content=\"https:\/\/www.civiltalaica.it\/cms\/quellinsostenibile-pressione-vaticana\/\" \/>\n<meta property=\"og:site_name\" content=\"Associazione Culturale Civilt\u00e0 Laica\" \/>\n<meta property=\"article:publisher\" content=\"https:\/\/www.facebook.com\/civiltalaica\" \/>\n<meta property=\"article:published_time\" content=\"2007-04-02T13:01:59+00:00\" \/>\n<meta property=\"article:modified_time\" content=\"2011-01-26T09:55:56+00:00\" \/>\n<meta property=\"og:image\" content=\"https:\/\/www.civiltalaica.it\/cms\/wp-content\/uploads\/2017\/06\/logo-cl.png\" \/>\n\t<meta property=\"og:image:width\" content=\"400\" \/>\n\t<meta property=\"og:image:height\" content=\"180\" \/>\n\t<meta property=\"og:image:type\" content=\"image\/png\" \/>\n<meta name=\"author\" content=\"cladmin\" \/>\n<meta name=\"twitter:card\" content=\"summary_large_image\" \/>\n<meta name=\"twitter:label1\" content=\"Scritto da\" \/>\n\t<meta name=\"twitter:data1\" content=\"cladmin\" \/>\n\t<meta name=\"twitter:label2\" content=\"Tempo di lettura stimato\" \/>\n\t<meta name=\"twitter:data2\" content=\"3 minuti\" \/>\n<script type=\"application\/ld+json\" class=\"yoast-schema-graph\">{\"@context\":\"https:\/\/schema.org\",\"@graph\":[{\"@type\":\"Article\",\"@id\":\"https:\/\/www.civiltalaica.it\/cms\/quellinsostenibile-pressione-vaticana\/#article\",\"isPartOf\":{\"@id\":\"https:\/\/www.civiltalaica.it\/cms\/quellinsostenibile-pressione-vaticana\/\"},\"author\":{\"name\":\"cladmin\",\"@id\":\"https:\/\/www.civiltalaica.it\/cms\/#\/schema\/person\/500a52762e2620e007d6333aa121f5e5\"},\"headline\":\"Quell&#8217;insostenibile pressione vaticana\",\"datePublished\":\"2007-04-02T13:01:59+00:00\",\"dateModified\":\"2011-01-26T09:55:56+00:00\",\"mainEntityOfPage\":{\"@id\":\"https:\/\/www.civiltalaica.it\/cms\/quellinsostenibile-pressione-vaticana\/\"},\"wordCount\":663,\"keywords\":[\"Societ\u00e0\"],\"articleSection\":[\"articoli\"],\"inLanguage\":\"it-IT\"},{\"@type\":\"WebPage\",\"@id\":\"https:\/\/www.civiltalaica.it\/cms\/quellinsostenibile-pressione-vaticana\/\",\"url\":\"https:\/\/www.civiltalaica.it\/cms\/quellinsostenibile-pressione-vaticana\/\",\"name\":\"Quell'insostenibile pressione vaticana - Associazione Culturale Civilt\u00e0 Laica\",\"isPartOf\":{\"@id\":\"https:\/\/www.civiltalaica.it\/cms\/#website\"},\"datePublished\":\"2007-04-02T13:01:59+00:00\",\"dateModified\":\"2011-01-26T09:55:56+00:00\",\"author\":{\"@id\":\"https:\/\/www.civiltalaica.it\/cms\/#\/schema\/person\/500a52762e2620e007d6333aa121f5e5\"},\"breadcrumb\":{\"@id\":\"https:\/\/www.civiltalaica.it\/cms\/quellinsostenibile-pressione-vaticana\/#breadcrumb\"},\"inLanguage\":\"it-IT\",\"potentialAction\":[{\"@type\":\"ReadAction\",\"target\":[\"https:\/\/www.civiltalaica.it\/cms\/quellinsostenibile-pressione-vaticana\/\"]}]},{\"@type\":\"BreadcrumbList\",\"@id\":\"https:\/\/www.civiltalaica.it\/cms\/quellinsostenibile-pressione-vaticana\/#breadcrumb\",\"itemListElement\":[{\"@type\":\"ListItem\",\"position\":1,\"name\":\"Home\",\"item\":\"https:\/\/www.civiltalaica.it\/cms\/\"},{\"@type\":\"ListItem\",\"position\":2,\"name\":\"Nuove difficolt\u00e0 nel dialogo tra laici e cattolici\",\"item\":\"https:\/\/www.civiltalaica.it\/cms\/nuove-difficolta-nel-dialogo-tra-laici-e-cattolici\/\"},{\"@type\":\"ListItem\",\"position\":3,\"name\":\"L\u2019etica laica e libertaria di Vasco Rossi (prima parte)\",\"item\":\"https:\/\/www.civiltalaica.it\/cms\/l%e2%80%99etica-laica-e-libertaria-di-vasco-rossi-prima-parte\/\"},{\"@type\":\"ListItem\",\"position\":4,\"name\":\"Quell&#8217;insostenibile pressione vaticana\"}]},{\"@type\":\"WebSite\",\"@id\":\"https:\/\/www.civiltalaica.it\/cms\/#website\",\"url\":\"https:\/\/www.civiltalaica.it\/cms\/\",\"name\":\"Associazione Culturale Civilt\u00e0 Laica\",\"description\":\"Per un movimento culturale volto a difendere la Laicit\u00e0 dello Stato.\",\"potentialAction\":[{\"@type\":\"SearchAction\",\"target\":{\"@type\":\"EntryPoint\",\"urlTemplate\":\"https:\/\/www.civiltalaica.it\/cms\/?s={search_term_string}\"},\"query-input\":{\"@type\":\"PropertyValueSpecification\",\"valueRequired\":true,\"valueName\":\"search_term_string\"}}],\"inLanguage\":\"it-IT\"},{\"@type\":\"Person\",\"@id\":\"https:\/\/www.civiltalaica.it\/cms\/#\/schema\/person\/500a52762e2620e007d6333aa121f5e5\",\"name\":\"cladmin\",\"url\":\"https:\/\/www.civiltalaica.it\/cms\/author\/cladmin\/\"}]}<\/script>\n<!-- \/ Yoast SEO plugin. -->","yoast_head_json":{"title":"Quell'insostenibile pressione vaticana - Associazione Culturale Civilt\u00e0 Laica","robots":{"index":"index","follow":"follow","max-snippet":"max-snippet:-1","max-image-preview":"max-image-preview:large","max-video-preview":"max-video-preview:-1"},"canonical":"https:\/\/www.civiltalaica.it\/cms\/quellinsostenibile-pressione-vaticana\/","og_locale":"it_IT","og_type":"article","og_title":"Quell'insostenibile pressione vaticana - Associazione Culturale Civilt\u00e0 Laica","og_description":"* Margherita Hack Una ragione di tristi riflessioni sul nostro paese \u00e8 offerta dallinsistente, martellante, continua ingerenza vaticana a proposito dei Pacs.","og_url":"https:\/\/www.civiltalaica.it\/cms\/quellinsostenibile-pressione-vaticana\/","og_site_name":"Associazione Culturale Civilt\u00e0 Laica","article_publisher":"https:\/\/www.facebook.com\/civiltalaica","article_published_time":"2007-04-02T13:01:59+00:00","article_modified_time":"2011-01-26T09:55:56+00:00","og_image":[{"width":400,"height":180,"url":"https:\/\/www.civiltalaica.it\/cms\/wp-content\/uploads\/2017\/06\/logo-cl.png","type":"image\/png"}],"author":"cladmin","twitter_card":"summary_large_image","twitter_misc":{"Scritto da":"cladmin","Tempo di lettura stimato":"3 minuti"},"schema":{"@context":"https:\/\/schema.org","@graph":[{"@type":"Article","@id":"https:\/\/www.civiltalaica.it\/cms\/quellinsostenibile-pressione-vaticana\/#article","isPartOf":{"@id":"https:\/\/www.civiltalaica.it\/cms\/quellinsostenibile-pressione-vaticana\/"},"author":{"name":"cladmin","@id":"https:\/\/www.civiltalaica.it\/cms\/#\/schema\/person\/500a52762e2620e007d6333aa121f5e5"},"headline":"Quell&#8217;insostenibile pressione vaticana","datePublished":"2007-04-02T13:01:59+00:00","dateModified":"2011-01-26T09:55:56+00:00","mainEntityOfPage":{"@id":"https:\/\/www.civiltalaica.it\/cms\/quellinsostenibile-pressione-vaticana\/"},"wordCount":663,"keywords":["Societ\u00e0"],"articleSection":["articoli"],"inLanguage":"it-IT"},{"@type":"WebPage","@id":"https:\/\/www.civiltalaica.it\/cms\/quellinsostenibile-pressione-vaticana\/","url":"https:\/\/www.civiltalaica.it\/cms\/quellinsostenibile-pressione-vaticana\/","name":"Quell'insostenibile pressione vaticana - Associazione Culturale Civilt\u00e0 Laica","isPartOf":{"@id":"https:\/\/www.civiltalaica.it\/cms\/#website"},"datePublished":"2007-04-02T13:01:59+00:00","dateModified":"2011-01-26T09:55:56+00:00","author":{"@id":"https:\/\/www.civiltalaica.it\/cms\/#\/schema\/person\/500a52762e2620e007d6333aa121f5e5"},"breadcrumb":{"@id":"https:\/\/www.civiltalaica.it\/cms\/quellinsostenibile-pressione-vaticana\/#breadcrumb"},"inLanguage":"it-IT","potentialAction":[{"@type":"ReadAction","target":["https:\/\/www.civiltalaica.it\/cms\/quellinsostenibile-pressione-vaticana\/"]}]},{"@type":"BreadcrumbList","@id":"https:\/\/www.civiltalaica.it\/cms\/quellinsostenibile-pressione-vaticana\/#breadcrumb","itemListElement":[{"@type":"ListItem","position":1,"name":"Home","item":"https:\/\/www.civiltalaica.it\/cms\/"},{"@type":"ListItem","position":2,"name":"Nuove difficolt\u00e0 nel dialogo tra laici e cattolici","item":"https:\/\/www.civiltalaica.it\/cms\/nuove-difficolta-nel-dialogo-tra-laici-e-cattolici\/"},{"@type":"ListItem","position":3,"name":"L\u2019etica laica e libertaria di Vasco Rossi (prima parte)","item":"https:\/\/www.civiltalaica.it\/cms\/l%e2%80%99etica-laica-e-libertaria-di-vasco-rossi-prima-parte\/"},{"@type":"ListItem","position":4,"name":"Quell&#8217;insostenibile pressione vaticana"}]},{"@type":"WebSite","@id":"https:\/\/www.civiltalaica.it\/cms\/#website","url":"https:\/\/www.civiltalaica.it\/cms\/","name":"Associazione Culturale Civilt\u00e0 Laica","description":"Per un movimento culturale volto a difendere la Laicit\u00e0 dello Stato.","potentialAction":[{"@type":"SearchAction","target":{"@type":"EntryPoint","urlTemplate":"https:\/\/www.civiltalaica.it\/cms\/?s={search_term_string}"},"query-input":{"@type":"PropertyValueSpecification","valueRequired":true,"valueName":"search_term_string"}}],"inLanguage":"it-IT"},{"@type":"Person","@id":"https:\/\/www.civiltalaica.it\/cms\/#\/schema\/person\/500a52762e2620e007d6333aa121f5e5","name":"cladmin","url":"https:\/\/www.civiltalaica.it\/cms\/author\/cladmin\/"}]}},"_links":{"self":[{"href":"https:\/\/www.civiltalaica.it\/cms\/wp-json\/wp\/v2\/posts\/906","targetHints":{"allow":["GET"]}}],"collection":[{"href":"https:\/\/www.civiltalaica.it\/cms\/wp-json\/wp\/v2\/posts"}],"about":[{"href":"https:\/\/www.civiltalaica.it\/cms\/wp-json\/wp\/v2\/types\/post"}],"author":[{"embeddable":true,"href":"https:\/\/www.civiltalaica.it\/cms\/wp-json\/wp\/v2\/users\/1"}],"replies":[{"embeddable":true,"href":"https:\/\/www.civiltalaica.it\/cms\/wp-json\/wp\/v2\/comments?post=906"}],"version-history":[{"count":0,"href":"https:\/\/www.civiltalaica.it\/cms\/wp-json\/wp\/v2\/posts\/906\/revisions"}],"wp:attachment":[{"href":"https:\/\/www.civiltalaica.it\/cms\/wp-json\/wp\/v2\/media?parent=906"}],"wp:term":[{"taxonomy":"category","embeddable":true,"href":"https:\/\/www.civiltalaica.it\/cms\/wp-json\/wp\/v2\/categories?post=906"},{"taxonomy":"post_tag","embeddable":true,"href":"https:\/\/www.civiltalaica.it\/cms\/wp-json\/wp\/v2\/tags?post=906"}],"curies":[{"name":"wp","href":"https:\/\/api.w.org\/{rel}","templated":true}]}}