{"id":903,"date":"2007-02-13T15:24:13","date_gmt":"2007-02-13T15:24:13","guid":{"rendered":""},"modified":"2011-01-26T09:56:52","modified_gmt":"2011-01-26T09:56:52","slug":"sui-pacs-dico-che","status":"publish","type":"post","link":"https:\/\/www.civiltalaica.it\/cms\/sui-pacs-dico-che\/","title":{"rendered":"Sui Pacs Dico che&#8230;"},"content":{"rendered":"<p>Lettera di Matteo Pegoraro<br \/>\nSegretario e responsabile attivit\u00e0 giovanili e culturali di Arcigay Firenze &quot;Il Giglio Rosa&quot;<\/p>\n<p><em><strong>DICO<\/strong> che c&#39;\u00e8 da avere paura.<\/p>\n<p><\/em><br \/><!--more--><br \/>Ho ventuno anni e per la prima volta ho davvero paura. Da giovane<br \/>\nomosessuale ho paura di cosa mi aspetta. E se ripenso a cosa \u00e8 stato<br \/>\nnel passato lo sterminio di migliaia di omosessuali &#8211; e dell&#39;attuale<br \/>\ncondizione in cui siamo, a discutere ancora di minaccia alla famiglia<br \/>\ntradizionale, fondata sul matrimonio (ma non sarebbe meglio a questo<br \/>\npunto dire sulla procreazione?) &#8211; mi viene davvero da credere che<br \/>\nverremo di nuovo emarginati e stipati nei nostri ghetti moderni e<br \/>\nconsiderati di nuovo malati, di nuovo oggetto di scherno, di violenza,<br \/>\ndi privazione della nostra dignit\u00e0.Certo, sembrer\u00e0 esagerato e sconnesso come pensiero; sembrer\u00e0 ipocrita, forse, per chi &#8211; come i nostri Ministri &#8211; \u00e8 convinto di averci dato fin troppo, di averci fatto un favore, di avere soddisfatto non solo le nostre richieste ma anche e soprattutto le nostre esigenze da cittadini di uno Stato che a quasi sessantun anni dalla proclamazione della Repubblica seguita a non riconoscerci, o a riconoscerci come una minoranza da non tutelare n\u00e9 considerare.<\/p>\n<p>Dovrebbero &#8211; e avrebbero dovuto &#8211; far pensare le ripetute aggressioni e violenze che avvengono in tutta Italia nei confronti di lesbiche, gay, bisessuali e transgender; e cos\u00ec lo straziante suicidio-protesta del siciliano <strong>Alfredo Ormando<\/strong>, omosessuale bruciatosi vivo in San Pietro nel &#39;98 nella speranza di poter cambiare le cose per noi lgbt; e, ancora: il recente stupro di <strong>Paola<\/strong> perch\u00e9 lesbica; il brutale assassinio nel \u201898, da parte di due uomini, del sedicenne americano <strong>Matthew Wayne Shepard<\/strong> perch\u00e9 gay; il ventiquattrenne di Cortina d&#39;Ampezzo <strong>Stefano Walpoth<\/strong>, toltosi la vita lo scorso anno con un colpo di pistola pochi giorni dopo aver confessato ai genitori il proprio orientamento sessuale; l&#39;impiccagione pubblica e barbaramente legale di due giovani sedicenni omosessuali in Iran, il 19 luglio 2005.<br \/>Dovrebbero &#8211; e avrebbero dovuto &#8211; far sussultare ogni persona dotata di un cuore, e cos\u00ec far urlare a squarciagola il disdegno, lo strazio e il forte senso di rabbia di fronte a simili tragedie alimentate dall&#39;ignoranza e dall&#39;omofobia. E, invece, ancora oggi, nel febbraio del 2007, sentiamo la Cei e gran parte dei politici italiani inorridire di fronte a un disegno di legge &#8211; i <strong>DICO<\/strong>, per l&#39;appunto &#8211; che riconoscono le unioni amorose tra noi omosessuali come un legame tra &quot;due persone maggiorenni e capaci, unite da reciproci vincoli affettivi, che convivono stabilmente e si prestano assistenza e solidariet\u00e0 materiale e morale&quot;.<br \/>Ci sentiamo definire nuovamente minoranza, nuovamente minaccia, nuovamente apocalisse di Dio. Sentiamo definire i nostri sentimenti e i nostri legami deboli e sterili. Ci vediamo di nuovo additati per strada; visti come appestati se ci teniamo per mano o ci scambiamo una carezza.<\/p>\n<p>S\u00ec, <strong>DICO<\/strong> che c&#39;\u00e8 da avere paura. Non distrugge forse l&#39;amore e la Famiglia il senso di odio che, pi\u00f9 che mai consapevolmente, la Chiesa e i politici &#8211; di destra e di sinistra, cattolici e non &#8211; stanno propagandando nell&#39;opinione pubblica per fermare una legge &#8211; per quanto mal costruita e ben poco rappresentativa &#8211; che proponga un riconoscimento minimo a due persone dello stesso sesso che si amano e pretendono solamente di assistersi e tutelarsi reciprocamente, con doveri e diritti comuni?<\/p>\n<p><strong>Io convivo<\/strong> da un anno e mezzo con il mio compagno. Insieme, ogni giorno, affrontiamo situazioni imbarazzanti e scomode, perch\u00e9 abbiamo deciso di non negare il nostro amore agli occhi degli altri, di non nasconderci, di non rinunciare &#8211; nonostante spesso possa venirci spontaneo di fronte a determinati atteggiamenti &#8211; a provare a vivere la nostra vita in libert\u00e0. E non \u00e8 facile, giorno dopo giorno, affrontare gli sguardi interrogatori e quasi turbati di persone comuni, per strada, in un bar o al supermercato, che vedono due ragazzi tenersi per mano, scambiarsi uno sguardo ricco d&#39;amore, darsi un bacio sulle labbra per salutarsi in vista di una giornata pesante da affrontare.<\/p>\n<p>A <strong>sedici anni<\/strong> mi sono forse reso conto davvero che ero omosessuale; cominciavo a provare non pi\u00f9 solo attrazione ma anche un forte sentimento verso una persona del mio stesso sesso. Ricordo le giornate passate in penombra in camera mia, quando ancora vivevo con i miei genitori, con il cuscino ficcato sulla faccia per soffocare un pianto strozzato; ricordo ancora le prese in giro dei compagni di classe maschi, a volte, che io accettavo col sorriso in volto &#8211; e anche un po&#39; nel cuore -, ma che avrebbero potuto ferire, anche in profondit\u00e0, chi non fosse stato in grado di affrontare serenamente certi attacchi. Ricordo anche il terrore con cui mi svegliavo nella notte, sudato fradicio dalla testa ai piedi e con le palpitazioni accelerate, dopo l&#39;incubo di aver raccontato a mio padre e a mia madre della mia omosessualit\u00e0. Rimanevo sveglio fino alle 6 del mattino, quando mi dovevo alzare per andare a scuola, a contemplare il nulla e a pregare, perch\u00e9 ci\u00f2 che il mio inconscio aveva ipotizzato non si realizzasse mai.<\/p>\n<p>Un giorno, invece, si \u00e8 realizzato. E dall&#39;altra parte ho trovato la <strong>comprensione<\/strong> di due genitori eccezionali, fortunatamente, che, seppure con qualche plausibile difficolt\u00e0, mi hanno accettato e hanno accolto a cuore aperto il mio compagno, me e la mia diversit\u00e0.<\/p>\n<p>Ma, ripeto, io <strong>sono stato fortunato<\/strong>, e non poco.<br \/>Esistono storie di ragazze e ragazzi ben pi\u00f9 tragiche, per cui un sorriso o una pacca sulla spalla non bastano a lenire il dolore di un distacco profondo con i genitori, o con un&#39;amica o un amico, in seguito al proprio coming out. Esistono ferite e traumi ben pi\u00f9 pesanti di un cuscino ficcato in faccia e di un incubo che ti corrode la coscienza, e non \u00e8 certo compito mio testimoniarlo: lo fanno gi\u00e0 le quotidiane pagine di cronaca delle associazioni lgbt e non, che denunciano la violenza e il disagio di migliaia e migliaia di persone che non vengono integrate e accettate nella nostra societ\u00e0.<\/p>\n<p>Ma per i <strong>Monsignori<\/strong> e i <strong>Cardinali<\/strong>, per coloro che interpretano il messaggio cristiano secondo le loro vedute, per i <strong>teodem<\/strong>, per il nostro papa <strong>Benedetto XVI<\/strong>, per la destra e la finta sinistra italiana, noi lesbiche, gay, bisessuali e transgender rischiamo di mettere in serio pericolo la Famiglia. Siamo un <strong>cancro da arginare<\/strong> prima che la metastasi prenda il sopravvento. E dunque si organizzano sedute straordinarie, discussioni, prediche, moniti, mentre intorno a tutto ci\u00f2 c&#39;\u00e8 ancora chi soffre, piange e si dispera; chi decide di dire addio alla vita perch\u00e9 non ce la fa pi\u00f9 a sopportare; chi, in casa con i propri genitori, si tortura psicologicamente per non far trasparire uno sguardo o un pensiero equivocabile; chi viene buttato in mezzo a una strada da un padre inferocito e ferito nel suo orgoglio maschile, o da una madre che non riesce a sopportare l&#39;idea di avere in casa una figlia o un figlio &quot;contro natura&quot;. C&#39;\u00e8 ancora chi non vuole arrendersi e continua a lottare, e testimonia con la propria forza e il proprio coraggio ci\u00f2 che sente dentro.<\/p>\n<p><strong>DICO<\/strong> che dopo anni e anni di lotte, di manifestazioni, di pride passati dai media agli occhi della gente come carnevalate, di spargimenti di odio e sangue che continuano a macchiare indelebilmente la nostra storia sociale, di candele che si affievoliscono o si spengono per il giudizio e il pregiudizio, forse \u00e8 l&#39;ora di finirla. \u00c8 l&#39;ora di smettere di <strong>strumentalizzare la parola di Dio<\/strong> per giustificare questa crociata.<\/p>\n<p>Come comunit\u00e0 lgbt chiedevamo dei diritti &#8211; e dei doveri, si badi bene! &#8211; che garantissero un riconoscimento sociale alle nostre unioni amorose e tutelassero la nostra quotidianit\u00e0: non chiedevamo la Luna, n\u00e9 ledevamo qualcun altro nella sua libert\u00e0; speravamo in una legge che ci desse la possibilit\u00e0 di essere integrati come cittadini, con tutti gli obblighi e le conseguenze che questo status avrebbe comportato. Chiedevamo che ci fosse permesso di assistere la nostra compagna o il nostro compagno di vita (ed essere assistiti) &#8211; &quot;moralmente e materialmente&quot;, s\u00ec &#8211; quando la salute avrebbe impedito il normale decorso di vita di entrambi, e come risposta c&#39;\u00e8 stato un <strong>DICO<\/strong>.<br \/>S\u00ec, un &quot;dico s\u00ec&quot; o &quot;dico no&quot; alla nostra richiesta di assistere e visitare la persona con cui condividiamo l&#39;esistenza, pronunciato da un medico che, a seconda del proprio umore o della propria visione mentale (e spirituale, aggiungo), \u00e8 favorevole o meno che tu stringa la mano a chi ami per testimoniargli il tuo amore e la tua vicinanza. Siamo nelle mani degli altri, e come cittadini di serie B dobbiamo sperare affinch\u00e9 chi ci curer\u00e0 o curer\u00e0 il nostro partner sia comprensivo e riconosca che la nostra salute dipende anche dalla vicinanza di chi fino a quel momento, da mattina a sera, ci \u00e8 stato accanto, ci ha riempito la vita di emozioni, belle e meno belle, di ricordi, di sospiri e brividi straordinari in grado di lenire ogni preoccupazione.<\/p>\n<p>Eppure questo <strong>sembra minacciare<\/strong>, sempre secondo i timori dei sopraccitati nemici delle unioni civili, due persone eterosessuali con la volont\u00e0 di concepire un bambino, di educarlo e di crescerlo con amore. Ma forse clericali e non, cattolici e non, &#8211; omofobi e transfobici &#8211; non sanno che da quella unione eterosessuale e da quell&#39;educazione fatta di amore e attenzioni potrebbe crescere una figlia lesbica o bisessuale, o un figlio gay o bisessuale, o un figlio transgender.<br \/>Ignorano che potrebbe essere proprio il frutto di quell&#39;unione a dover sortire le conseguenze della discriminazione, del bullismo, dell&#39;esclusione sociale e familiare. Ignorano che potrebbe essere proprio il frutto di quell&#39;unione a decidere, un giorno, di recarsi in piazza San Pietro a Roma, riversarsi addosso una tanica di benzina e accendersi come una torcia da giardino, e lasciare che quel fuoco purificatore che per troppi secoli ha lacerato anime proprio per ordine della Chiesa cattolica scalfisca anche la pi\u00f9 profonda ferita interiore dettata dall&#39;indifferenza e dallo scherno dei pi\u00f9.<\/p>\n<p><strong>DICO<\/strong> che ci sono mille altri aspetti del disegno di legge Bindi-Pollastrini che ci ridicolizzano e discriminano, e invito a visitare il sito di Arcigay per avere un&#39;idea di quelle che sono le dieci modifiche sostanziali e pi\u00f9 impellenti da apportare al testo prima di un&#39;eventuale discussione.<\/p>\n<p><strong>DICO<\/strong> anche al cardinale <strong>Camillo Ruini<\/strong> che Dio ci insegna ad amare e ad accogliere, e, da credente, che sono disponibile a un incontro sereno e costruttivo con lui e con tutti coloro che siano disposti a un dialogo e a un confronto pacifico su questi temi, per cercare per lo meno di comprendere le loro posizioni e di portare la mia testimonianza e la mia assoluta volont\u00e0 di non incrinare alcun fondamento cristiano nel pretendere un sacrosanto diritto alla libert\u00e0.<\/p>\n<p><strong>CHIEDO<\/strong>, da cittadino italiano maggiorenne e capace, a tutte e tutti coloro che leggeranno questo testo, al mondo della Stampa, ai parlamentari, alle Istituzioni, ai rappresentanti di associazioni lgbt e non, a personaggi del mondo dello spettacolo e della cultura italiana, a coloro che si battono quotidianamente perch\u00e9 vengano riconosciuti i diritti primari dell&#39;uomo, alla base della Dichiarazione Universale adottata dall&#39;Assemblea Generale delle Nazioni Unite il 10 dicembre 1948, di sostenere, con chiare prese di posizione, tutta la comunit\u00e0 lesbica, gay, bisessuale e transgender che mai come in questi momenti sta vedendo i propri diritti intaccati dal dilagante senso di pregiudizio e viene ingiustamente esclusa dagli articoli 1 e 2 della suddetta Dichiarazione, che affermano:<\/p>\n<p><strong>Articolo 1.<\/strong> Tutti gli esseri umani nascono liberi ed eguali in dignit\u00e0 e diritti. Essi sono dotati di ragione di coscienza e devono agire gli uni verso gli altri in spirito di fratellanza.<br \/><strong>Articolo 2.<\/strong> 1) Ad ogni individuo spettano tutti i diritti e tutte le libert\u00e0 enunciati nella presente Dichiarazione, senza distinzione alcuna, per ragioni di razza, di colore, di sesso, di lingua, di religione, di opinione politica o di altro genere, di origine nazionale o sociale, di ricchezza, di nascita o di altra condizione. 2) Nessuna distinzione sar\u00e0 inoltre stabilita sulla base dello statuto politico, giuridico o internazionale del Paese o del territorio cui una persona appartiene, sia che tale Paese o territorio sia indipendente, o sottoposto ad amministrazione fiduciaria o non autonomo, o soggetto a qualsiasi altra limitazione di sovranit\u00e0.<\/p>\n<p>Infine, auspico che lo Stato italiano, nella figura delle sue pi\u00f9 alte cariche rappresentative, voglia applicare pienamente e quanto prima gli articoli di cui sopra per non venire meno a un accordo internazionale che sta alla base &#8211; e regola i rapporti &#8211; della nostra Societ\u00e0 Civile.<\/p>\n<p>Matteo Pegoraro<br \/>Segretario e responsabile attivit\u00e0 giovanili e culturali di Arcigay Firenze &quot;Il Giglio Rosa&quot;<br \/>Tel. (+39) 340 8135204 ::: Fax (+39) 055 0518897<br \/>e-mail: matteopegoraro@emergentesgomita.com<\/p>\n","protected":false},"excerpt":{"rendered":"<p>Lettera di Matteo Pegoraro Segretario e responsabile attivit\u00e0 giovanili e culturali di Arcigay Firenze &quot;Il Giglio Rosa&quot; DICO che c&#39;\u00e8 da avere paura.<\/p>\n","protected":false},"author":1,"featured_media":0,"comment_status":"closed","ping_status":"closed","sticky":false,"template":"","format":"standard","meta":{"footnotes":""},"categories":[238],"tags":[55],"class_list":["post-903","post","type-post","status-publish","format-standard","hentry","category-articoli","tag-societa"],"yoast_head":"<!-- This site is optimized with the Yoast SEO plugin v27.1.1 - https:\/\/yoast.com\/product\/yoast-seo-wordpress\/ -->\n<title>Sui Pacs Dico che... - Associazione Culturale Civilt\u00e0 Laica<\/title>\n<meta name=\"robots\" content=\"index, follow, max-snippet:-1, max-image-preview:large, max-video-preview:-1\" \/>\n<link rel=\"canonical\" href=\"https:\/\/www.civiltalaica.it\/cms\/sui-pacs-dico-che\/\" \/>\n<meta property=\"og:locale\" content=\"it_IT\" \/>\n<meta property=\"og:type\" content=\"article\" \/>\n<meta property=\"og:title\" content=\"Sui Pacs Dico che... - Associazione Culturale Civilt\u00e0 Laica\" \/>\n<meta property=\"og:description\" content=\"Lettera di Matteo Pegoraro Segretario e responsabile attivit\u00e0 giovanili e culturali di Arcigay Firenze &quot;Il Giglio Rosa&quot; DICO che c&#039;\u00e8 da avere paura.\" \/>\n<meta property=\"og:url\" content=\"https:\/\/www.civiltalaica.it\/cms\/sui-pacs-dico-che\/\" \/>\n<meta property=\"og:site_name\" content=\"Associazione Culturale Civilt\u00e0 Laica\" \/>\n<meta property=\"article:publisher\" content=\"https:\/\/www.facebook.com\/civiltalaica\" \/>\n<meta property=\"article:published_time\" content=\"2007-02-13T15:24:13+00:00\" \/>\n<meta property=\"article:modified_time\" content=\"2011-01-26T09:56:52+00:00\" \/>\n<meta property=\"og:image\" content=\"https:\/\/www.civiltalaica.it\/cms\/wp-content\/uploads\/2017\/06\/logo-cl.png\" \/>\n\t<meta property=\"og:image:width\" content=\"400\" \/>\n\t<meta property=\"og:image:height\" content=\"180\" \/>\n\t<meta property=\"og:image:type\" content=\"image\/png\" \/>\n<meta name=\"author\" content=\"cladmin\" \/>\n<meta name=\"twitter:card\" content=\"summary_large_image\" \/>\n<meta name=\"twitter:label1\" content=\"Scritto da\" \/>\n\t<meta name=\"twitter:data1\" content=\"cladmin\" \/>\n\t<meta name=\"twitter:label2\" content=\"Tempo di lettura stimato\" \/>\n\t<meta name=\"twitter:data2\" content=\"11 minuti\" \/>\n<script type=\"application\/ld+json\" class=\"yoast-schema-graph\">{\"@context\":\"https:\/\/schema.org\",\"@graph\":[{\"@type\":\"Article\",\"@id\":\"https:\/\/www.civiltalaica.it\/cms\/sui-pacs-dico-che\/#article\",\"isPartOf\":{\"@id\":\"https:\/\/www.civiltalaica.it\/cms\/sui-pacs-dico-che\/\"},\"author\":{\"name\":\"cladmin\",\"@id\":\"https:\/\/www.civiltalaica.it\/cms\/#\/schema\/person\/500a52762e2620e007d6333aa121f5e5\"},\"headline\":\"Sui Pacs Dico che&#8230;\",\"datePublished\":\"2007-02-13T15:24:13+00:00\",\"dateModified\":\"2011-01-26T09:56:52+00:00\",\"mainEntityOfPage\":{\"@id\":\"https:\/\/www.civiltalaica.it\/cms\/sui-pacs-dico-che\/\"},\"wordCount\":2110,\"keywords\":[\"Societ\u00e0\"],\"articleSection\":[\"articoli\"],\"inLanguage\":\"it-IT\"},{\"@type\":\"WebPage\",\"@id\":\"https:\/\/www.civiltalaica.it\/cms\/sui-pacs-dico-che\/\",\"url\":\"https:\/\/www.civiltalaica.it\/cms\/sui-pacs-dico-che\/\",\"name\":\"Sui Pacs Dico che... - Associazione Culturale Civilt\u00e0 Laica\",\"isPartOf\":{\"@id\":\"https:\/\/www.civiltalaica.it\/cms\/#website\"},\"datePublished\":\"2007-02-13T15:24:13+00:00\",\"dateModified\":\"2011-01-26T09:56:52+00:00\",\"author\":{\"@id\":\"https:\/\/www.civiltalaica.it\/cms\/#\/schema\/person\/500a52762e2620e007d6333aa121f5e5\"},\"breadcrumb\":{\"@id\":\"https:\/\/www.civiltalaica.it\/cms\/sui-pacs-dico-che\/#breadcrumb\"},\"inLanguage\":\"it-IT\",\"potentialAction\":[{\"@type\":\"ReadAction\",\"target\":[\"https:\/\/www.civiltalaica.it\/cms\/sui-pacs-dico-che\/\"]}]},{\"@type\":\"BreadcrumbList\",\"@id\":\"https:\/\/www.civiltalaica.it\/cms\/sui-pacs-dico-che\/#breadcrumb\",\"itemListElement\":[{\"@type\":\"ListItem\",\"position\":1,\"name\":\"Home\",\"item\":\"https:\/\/www.civiltalaica.it\/cms\/\"},{\"@type\":\"ListItem\",\"position\":2,\"name\":\"Nuove difficolt\u00e0 nel dialogo tra laici e cattolici\",\"item\":\"https:\/\/www.civiltalaica.it\/cms\/nuove-difficolta-nel-dialogo-tra-laici-e-cattolici\/\"},{\"@type\":\"ListItem\",\"position\":3,\"name\":\"L\u2019etica laica e libertaria di Vasco Rossi (prima parte)\",\"item\":\"https:\/\/www.civiltalaica.it\/cms\/l%e2%80%99etica-laica-e-libertaria-di-vasco-rossi-prima-parte\/\"},{\"@type\":\"ListItem\",\"position\":4,\"name\":\"Sui Pacs Dico che&#8230;\"}]},{\"@type\":\"WebSite\",\"@id\":\"https:\/\/www.civiltalaica.it\/cms\/#website\",\"url\":\"https:\/\/www.civiltalaica.it\/cms\/\",\"name\":\"Associazione Culturale Civilt\u00e0 Laica\",\"description\":\"Per un movimento culturale volto a difendere la Laicit\u00e0 dello Stato.\",\"potentialAction\":[{\"@type\":\"SearchAction\",\"target\":{\"@type\":\"EntryPoint\",\"urlTemplate\":\"https:\/\/www.civiltalaica.it\/cms\/?s={search_term_string}\"},\"query-input\":{\"@type\":\"PropertyValueSpecification\",\"valueRequired\":true,\"valueName\":\"search_term_string\"}}],\"inLanguage\":\"it-IT\"},{\"@type\":\"Person\",\"@id\":\"https:\/\/www.civiltalaica.it\/cms\/#\/schema\/person\/500a52762e2620e007d6333aa121f5e5\",\"name\":\"cladmin\",\"url\":\"https:\/\/www.civiltalaica.it\/cms\/author\/cladmin\/\"}]}<\/script>\n<!-- \/ Yoast SEO plugin. -->","yoast_head_json":{"title":"Sui Pacs Dico che... - Associazione Culturale Civilt\u00e0 Laica","robots":{"index":"index","follow":"follow","max-snippet":"max-snippet:-1","max-image-preview":"max-image-preview:large","max-video-preview":"max-video-preview:-1"},"canonical":"https:\/\/www.civiltalaica.it\/cms\/sui-pacs-dico-che\/","og_locale":"it_IT","og_type":"article","og_title":"Sui Pacs Dico che... - Associazione Culturale Civilt\u00e0 Laica","og_description":"Lettera di Matteo Pegoraro Segretario e responsabile attivit\u00e0 giovanili e culturali di Arcigay Firenze &quot;Il Giglio Rosa&quot; DICO che c&#39;\u00e8 da avere paura.","og_url":"https:\/\/www.civiltalaica.it\/cms\/sui-pacs-dico-che\/","og_site_name":"Associazione Culturale Civilt\u00e0 Laica","article_publisher":"https:\/\/www.facebook.com\/civiltalaica","article_published_time":"2007-02-13T15:24:13+00:00","article_modified_time":"2011-01-26T09:56:52+00:00","og_image":[{"width":400,"height":180,"url":"https:\/\/www.civiltalaica.it\/cms\/wp-content\/uploads\/2017\/06\/logo-cl.png","type":"image\/png"}],"author":"cladmin","twitter_card":"summary_large_image","twitter_misc":{"Scritto da":"cladmin","Tempo di lettura stimato":"11 minuti"},"schema":{"@context":"https:\/\/schema.org","@graph":[{"@type":"Article","@id":"https:\/\/www.civiltalaica.it\/cms\/sui-pacs-dico-che\/#article","isPartOf":{"@id":"https:\/\/www.civiltalaica.it\/cms\/sui-pacs-dico-che\/"},"author":{"name":"cladmin","@id":"https:\/\/www.civiltalaica.it\/cms\/#\/schema\/person\/500a52762e2620e007d6333aa121f5e5"},"headline":"Sui Pacs Dico che&#8230;","datePublished":"2007-02-13T15:24:13+00:00","dateModified":"2011-01-26T09:56:52+00:00","mainEntityOfPage":{"@id":"https:\/\/www.civiltalaica.it\/cms\/sui-pacs-dico-che\/"},"wordCount":2110,"keywords":["Societ\u00e0"],"articleSection":["articoli"],"inLanguage":"it-IT"},{"@type":"WebPage","@id":"https:\/\/www.civiltalaica.it\/cms\/sui-pacs-dico-che\/","url":"https:\/\/www.civiltalaica.it\/cms\/sui-pacs-dico-che\/","name":"Sui Pacs Dico che... - Associazione Culturale Civilt\u00e0 Laica","isPartOf":{"@id":"https:\/\/www.civiltalaica.it\/cms\/#website"},"datePublished":"2007-02-13T15:24:13+00:00","dateModified":"2011-01-26T09:56:52+00:00","author":{"@id":"https:\/\/www.civiltalaica.it\/cms\/#\/schema\/person\/500a52762e2620e007d6333aa121f5e5"},"breadcrumb":{"@id":"https:\/\/www.civiltalaica.it\/cms\/sui-pacs-dico-che\/#breadcrumb"},"inLanguage":"it-IT","potentialAction":[{"@type":"ReadAction","target":["https:\/\/www.civiltalaica.it\/cms\/sui-pacs-dico-che\/"]}]},{"@type":"BreadcrumbList","@id":"https:\/\/www.civiltalaica.it\/cms\/sui-pacs-dico-che\/#breadcrumb","itemListElement":[{"@type":"ListItem","position":1,"name":"Home","item":"https:\/\/www.civiltalaica.it\/cms\/"},{"@type":"ListItem","position":2,"name":"Nuove difficolt\u00e0 nel dialogo tra laici e cattolici","item":"https:\/\/www.civiltalaica.it\/cms\/nuove-difficolta-nel-dialogo-tra-laici-e-cattolici\/"},{"@type":"ListItem","position":3,"name":"L\u2019etica laica e libertaria di Vasco Rossi (prima parte)","item":"https:\/\/www.civiltalaica.it\/cms\/l%e2%80%99etica-laica-e-libertaria-di-vasco-rossi-prima-parte\/"},{"@type":"ListItem","position":4,"name":"Sui Pacs Dico che&#8230;"}]},{"@type":"WebSite","@id":"https:\/\/www.civiltalaica.it\/cms\/#website","url":"https:\/\/www.civiltalaica.it\/cms\/","name":"Associazione Culturale Civilt\u00e0 Laica","description":"Per un movimento culturale volto a difendere la Laicit\u00e0 dello Stato.","potentialAction":[{"@type":"SearchAction","target":{"@type":"EntryPoint","urlTemplate":"https:\/\/www.civiltalaica.it\/cms\/?s={search_term_string}"},"query-input":{"@type":"PropertyValueSpecification","valueRequired":true,"valueName":"search_term_string"}}],"inLanguage":"it-IT"},{"@type":"Person","@id":"https:\/\/www.civiltalaica.it\/cms\/#\/schema\/person\/500a52762e2620e007d6333aa121f5e5","name":"cladmin","url":"https:\/\/www.civiltalaica.it\/cms\/author\/cladmin\/"}]}},"_links":{"self":[{"href":"https:\/\/www.civiltalaica.it\/cms\/wp-json\/wp\/v2\/posts\/903","targetHints":{"allow":["GET"]}}],"collection":[{"href":"https:\/\/www.civiltalaica.it\/cms\/wp-json\/wp\/v2\/posts"}],"about":[{"href":"https:\/\/www.civiltalaica.it\/cms\/wp-json\/wp\/v2\/types\/post"}],"author":[{"embeddable":true,"href":"https:\/\/www.civiltalaica.it\/cms\/wp-json\/wp\/v2\/users\/1"}],"replies":[{"embeddable":true,"href":"https:\/\/www.civiltalaica.it\/cms\/wp-json\/wp\/v2\/comments?post=903"}],"version-history":[{"count":0,"href":"https:\/\/www.civiltalaica.it\/cms\/wp-json\/wp\/v2\/posts\/903\/revisions"}],"wp:attachment":[{"href":"https:\/\/www.civiltalaica.it\/cms\/wp-json\/wp\/v2\/media?parent=903"}],"wp:term":[{"taxonomy":"category","embeddable":true,"href":"https:\/\/www.civiltalaica.it\/cms\/wp-json\/wp\/v2\/categories?post=903"},{"taxonomy":"post_tag","embeddable":true,"href":"https:\/\/www.civiltalaica.it\/cms\/wp-json\/wp\/v2\/tags?post=903"}],"curies":[{"name":"wp","href":"https:\/\/api.w.org\/{rel}","templated":true}]}}