{"id":863,"date":"2006-03-23T20:27:58","date_gmt":"2006-03-23T20:27:58","guid":{"rendered":""},"modified":"2011-01-26T10:04:43","modified_gmt":"2011-01-26T10:04:43","slug":"ai-rappresentanti-dei-partiti","status":"publish","type":"post","link":"https:\/\/www.civiltalaica.it\/cms\/ai-rappresentanti-dei-partiti\/","title":{"rendered":"Ai rappresentanti dei Partiti"},"content":{"rendered":"<p>Ai rappresentanti locali del [Partito xy]<\/p>\n<p>Il mio nome \u00e8 Alessandro Chiometti e Vi scrivo in qualit\u00e0 di presidente <br \/>dell&#39;Associazione Culturale Civilt\u00e0 Laica. <br \/>La nostra associazione nasce a Terni nel Febbraio 2005 ed ha fra i suoi scopi <br \/>generali i seguenti punti:<br \/>&#160;<\/p>\n<p><!--more--><br \/>1) Difesa della laicit\u00e0 dello Stato Italiano promuovendo azioni per <br \/>l&#39;abolizione di ogni privilegio accordato a qualsiasi religione e contro le <br \/>discriminazioni giuridiche e di fatto, aperte e subdole, subite da atei, <br \/>agnostici, non aderenti ad alcuna confessione religiosa, credenti e non <br \/>credenti.<\/p>\n<p>2) Sostegno alle istanze pluralistiche nella divulgazione delle concezioni <br \/>razionaliste e non dogmatiche del mondo e nel confronto fra di esse, <br \/>opponendosi all&#39;intolleranza, alla discriminazione e alla prevaricazione e ad <br \/>ogni forma di integralismo religioso ed ideologico;<\/p>\n<p>3) Sostegno ad ogni iniziativa volta a promuovere la conoscenza e <br \/>l&#39;applicazione della Dichiarazione dei Diritti dell&#39;Uomo emanata dall&#39;ONU il 10 <br \/>Dicembre del 1948, dei trattati e delle convenzione successive ad essa;<\/p>\n<p>La presente lettera \u00e8 volta a capire, in occasione delle prossime elezioni <br \/>politiche del 9 Aprile 2006, come si pone il suo partito di fronte alle <br \/>esigenze per cui \u00e8 nata questa associazione e soprattutto per chiederle di <br \/>darci una risposta precisa di fronte alle seguenti tematiche di impellente <br \/>attualit\u00e0 per il nostro paese:<\/p>\n<p>a) riconoscimento dei diritti delle coppie di fatto attraverso la proposta di <br \/>carattere giuridico-legislativo comunemente nota come PACS;<\/p>\n<p>b) separazione chiara ed inequivocabile di chiesa e stato per porre la parola <br \/>fine alla continua ingerenza nell&#39;opera legislativa ed amministrativa dello <br \/>stato a cui siamo stati costretti ad assistere in questi anni;<\/p>\n<p>c) riconoscimento del diritto individuale di CHIEDERE l&#39;eutanasia, nel caso di <br \/>malattie e\/o condizioni fisiche gravi e per questo ritenute dal richiedente <br \/>umanamente degradanti;<\/p>\n<p>d) possibilit\u00e0 di destinare l&#39;8 per mille a enti non confessionali per <br \/>rispettare, oltre a tutte le religioni, chi non si riconosce in nessuna di esse <br \/>(ad es. atei ed agnostici);<\/p>\n<p>e) difesa della legge 194 sull&#39;aborto, perch\u00e8 i diritti civili acquisiti dalle <br \/>donne con le lotte degli anni passati non vengano rimessi in discussione a <br \/>causa di preconcetti morali NON condivisibili da tutti;<\/p>\n<p>f) superamento dell&#39;anacronistica legge 40 sulla fecondazione medicalmente <br \/>assistita attraverso consultazioni con le commissioni di medici e ricercatori <br \/>scientifici, e pi\u00f9 in generale operare per far si che l&#39;Italia non rimanga un <br \/>paese arretrato in cui la libert\u00e0 di ricerca scientifica sia piegata a precetti <br \/>morali che come gi\u00e0 detto NON possono essere condivisi da tutti;<\/p>\n<p>Abbiamo scelto di spedire questa lettera a tutti i partiti dell&#39;arco <br \/>costituzionale presenti nella nostra zona per conoscere meglio le vostre <br \/>posizioni e capire finanche le differenze all&#39;interno delle stesse coalizioni <br \/>politiche nonch\u00e9 quelle dei singoli candidati (che a loro volta possono avere <br \/>idee diverse l&#39;uno dall&#39;altro su questi temi etici). <br \/>Dato che la nostra associazione pu\u00f2 contare su circa cento iscritti a cui si <br \/>aggiungono almeno altrettanti simpatizzanti, posso assicurare che la Vostra <br \/>eventuale risposta sar\u00e0 fatta conoscere a circa 200 persone, il che in vista <br \/>delle elezioni mi sembra una cosa importante a livello locale.<\/p>\n<p>In attesa di avere un vostro riscontro la saluto e le invio i miei pi\u00f9 cordiali <br \/>saluti.<\/p>\n<p>Terni, 20 Marzo 2006<br \/>&#160;&#160;&#160;&#160;&#160;&#160;&#160;&#160;&#160;&#160;&#160;&#160;&#160;&#160;&#160;&#160;&#160;&#160;&#160;&#160;&#160;&#160;&#160;&#160;&#160;&#160;&#160;&#160;&#160;&#160;&#160;&#160;&#160;&#160;&#160;&#160;&#160;&#160;&#160;&#160;&#160;&#160;&#160;&#160;&#160;&#160;&#160;&#160; Alessandro Chiometti<\/p>\n","protected":false},"excerpt":{"rendered":"<p>Ai rappresentanti locali del [Partito xy] Il mio nome \u00e8 Alessandro Chiometti e Vi scrivo in qualit\u00e0 di presidente dell&#39;Associazione Culturale Civilt\u00e0 Laica. La nostra associazione nasce a Terni nel Febbraio 2005 ed ha fra i suoi scopi generali i seguenti punti:&#160;<\/p>\n","protected":false},"author":1,"featured_media":0,"comment_status":"closed","ping_status":"closed","sticky":false,"template":"","format":"standard","meta":{"footnotes":""},"categories":[238],"tags":[51],"class_list":["post-863","post","type-post","status-publish","format-standard","hentry","category-articoli","tag-politica"],"yoast_head":"<!-- This site is optimized with the Yoast SEO plugin v27.1.1 - https:\/\/yoast.com\/product\/yoast-seo-wordpress\/ -->\n<title>Ai rappresentanti dei Partiti - Associazione Culturale Civilt\u00e0 Laica<\/title>\n<meta name=\"robots\" content=\"index, follow, max-snippet:-1, max-image-preview:large, max-video-preview:-1\" \/>\n<link rel=\"canonical\" href=\"https:\/\/www.civiltalaica.it\/cms\/ai-rappresentanti-dei-partiti\/\" \/>\n<meta property=\"og:locale\" content=\"it_IT\" \/>\n<meta property=\"og:type\" content=\"article\" \/>\n<meta property=\"og:title\" content=\"Ai rappresentanti dei Partiti - Associazione Culturale Civilt\u00e0 Laica\" \/>\n<meta property=\"og:description\" content=\"Ai rappresentanti locali del [Partito xy] Il mio nome \u00e8 Alessandro Chiometti e Vi scrivo in qualit\u00e0 di presidente dell&#039;Associazione Culturale Civilt\u00e0 Laica. La nostra associazione nasce a Terni nel Febbraio 2005 ed ha fra i suoi scopi generali i seguenti punti:&#160;\" \/>\n<meta property=\"og:url\" content=\"https:\/\/www.civiltalaica.it\/cms\/ai-rappresentanti-dei-partiti\/\" \/>\n<meta property=\"og:site_name\" content=\"Associazione Culturale Civilt\u00e0 Laica\" \/>\n<meta property=\"article:publisher\" content=\"https:\/\/www.facebook.com\/civiltalaica\" \/>\n<meta property=\"article:published_time\" content=\"2006-03-23T20:27:58+00:00\" \/>\n<meta property=\"article:modified_time\" content=\"2011-01-26T10:04:43+00:00\" \/>\n<meta property=\"og:image\" content=\"https:\/\/www.civiltalaica.it\/cms\/wp-content\/uploads\/2017\/06\/logo-cl.png\" \/>\n\t<meta property=\"og:image:width\" content=\"400\" \/>\n\t<meta property=\"og:image:height\" content=\"180\" \/>\n\t<meta property=\"og:image:type\" content=\"image\/png\" \/>\n<meta name=\"author\" content=\"cladmin\" \/>\n<meta name=\"twitter:card\" content=\"summary_large_image\" \/>\n<meta name=\"twitter:label1\" content=\"Scritto da\" \/>\n\t<meta name=\"twitter:data1\" content=\"cladmin\" \/>\n\t<meta name=\"twitter:label2\" content=\"Tempo di lettura stimato\" \/>\n\t<meta name=\"twitter:data2\" content=\"3 minuti\" \/>\n<script type=\"application\/ld+json\" class=\"yoast-schema-graph\">{\"@context\":\"https:\/\/schema.org\",\"@graph\":[{\"@type\":\"Article\",\"@id\":\"https:\/\/www.civiltalaica.it\/cms\/ai-rappresentanti-dei-partiti\/#article\",\"isPartOf\":{\"@id\":\"https:\/\/www.civiltalaica.it\/cms\/ai-rappresentanti-dei-partiti\/\"},\"author\":{\"name\":\"cladmin\",\"@id\":\"https:\/\/www.civiltalaica.it\/cms\/#\/schema\/person\/500a52762e2620e007d6333aa121f5e5\"},\"headline\":\"Ai rappresentanti dei Partiti\",\"datePublished\":\"2006-03-23T20:27:58+00:00\",\"dateModified\":\"2011-01-26T10:04:43+00:00\",\"mainEntityOfPage\":{\"@id\":\"https:\/\/www.civiltalaica.it\/cms\/ai-rappresentanti-dei-partiti\/\"},\"wordCount\":527,\"keywords\":[\"Politica\"],\"articleSection\":[\"articoli\"],\"inLanguage\":\"it-IT\"},{\"@type\":\"WebPage\",\"@id\":\"https:\/\/www.civiltalaica.it\/cms\/ai-rappresentanti-dei-partiti\/\",\"url\":\"https:\/\/www.civiltalaica.it\/cms\/ai-rappresentanti-dei-partiti\/\",\"name\":\"Ai rappresentanti dei Partiti - Associazione Culturale Civilt\u00e0 Laica\",\"isPartOf\":{\"@id\":\"https:\/\/www.civiltalaica.it\/cms\/#website\"},\"datePublished\":\"2006-03-23T20:27:58+00:00\",\"dateModified\":\"2011-01-26T10:04:43+00:00\",\"author\":{\"@id\":\"https:\/\/www.civiltalaica.it\/cms\/#\/schema\/person\/500a52762e2620e007d6333aa121f5e5\"},\"breadcrumb\":{\"@id\":\"https:\/\/www.civiltalaica.it\/cms\/ai-rappresentanti-dei-partiti\/#breadcrumb\"},\"inLanguage\":\"it-IT\",\"potentialAction\":[{\"@type\":\"ReadAction\",\"target\":[\"https:\/\/www.civiltalaica.it\/cms\/ai-rappresentanti-dei-partiti\/\"]}]},{\"@type\":\"BreadcrumbList\",\"@id\":\"https:\/\/www.civiltalaica.it\/cms\/ai-rappresentanti-dei-partiti\/#breadcrumb\",\"itemListElement\":[{\"@type\":\"ListItem\",\"position\":1,\"name\":\"Home\",\"item\":\"https:\/\/www.civiltalaica.it\/cms\/\"},{\"@type\":\"ListItem\",\"position\":2,\"name\":\"Nuove difficolt\u00e0 nel dialogo tra laici e cattolici\",\"item\":\"https:\/\/www.civiltalaica.it\/cms\/nuove-difficolta-nel-dialogo-tra-laici-e-cattolici\/\"},{\"@type\":\"ListItem\",\"position\":3,\"name\":\"L&#8217;ipocrisia del libero arbitrio\",\"item\":\"https:\/\/www.civiltalaica.it\/cms\/lipocrisia-del-libero-arbitrio\/\"},{\"@type\":\"ListItem\",\"position\":4,\"name\":\"Ai rappresentanti dei Partiti\"}]},{\"@type\":\"WebSite\",\"@id\":\"https:\/\/www.civiltalaica.it\/cms\/#website\",\"url\":\"https:\/\/www.civiltalaica.it\/cms\/\",\"name\":\"Associazione Culturale Civilt\u00e0 Laica\",\"description\":\"Per un movimento culturale volto a difendere la Laicit\u00e0 dello Stato.\",\"potentialAction\":[{\"@type\":\"SearchAction\",\"target\":{\"@type\":\"EntryPoint\",\"urlTemplate\":\"https:\/\/www.civiltalaica.it\/cms\/?s={search_term_string}\"},\"query-input\":{\"@type\":\"PropertyValueSpecification\",\"valueRequired\":true,\"valueName\":\"search_term_string\"}}],\"inLanguage\":\"it-IT\"},{\"@type\":\"Person\",\"@id\":\"https:\/\/www.civiltalaica.it\/cms\/#\/schema\/person\/500a52762e2620e007d6333aa121f5e5\",\"name\":\"cladmin\",\"url\":\"https:\/\/www.civiltalaica.it\/cms\/author\/cladmin\/\"}]}<\/script>\n<!-- \/ Yoast SEO plugin. -->","yoast_head_json":{"title":"Ai rappresentanti dei Partiti - Associazione Culturale Civilt\u00e0 Laica","robots":{"index":"index","follow":"follow","max-snippet":"max-snippet:-1","max-image-preview":"max-image-preview:large","max-video-preview":"max-video-preview:-1"},"canonical":"https:\/\/www.civiltalaica.it\/cms\/ai-rappresentanti-dei-partiti\/","og_locale":"it_IT","og_type":"article","og_title":"Ai rappresentanti dei Partiti - Associazione Culturale Civilt\u00e0 Laica","og_description":"Ai rappresentanti locali del [Partito xy] Il mio nome \u00e8 Alessandro Chiometti e Vi scrivo in qualit\u00e0 di presidente dell&#39;Associazione Culturale Civilt\u00e0 Laica. La nostra associazione nasce a Terni nel Febbraio 2005 ed ha fra i suoi scopi generali i seguenti punti:&#160;","og_url":"https:\/\/www.civiltalaica.it\/cms\/ai-rappresentanti-dei-partiti\/","og_site_name":"Associazione Culturale Civilt\u00e0 Laica","article_publisher":"https:\/\/www.facebook.com\/civiltalaica","article_published_time":"2006-03-23T20:27:58+00:00","article_modified_time":"2011-01-26T10:04:43+00:00","og_image":[{"width":400,"height":180,"url":"https:\/\/www.civiltalaica.it\/cms\/wp-content\/uploads\/2017\/06\/logo-cl.png","type":"image\/png"}],"author":"cladmin","twitter_card":"summary_large_image","twitter_misc":{"Scritto da":"cladmin","Tempo di lettura stimato":"3 minuti"},"schema":{"@context":"https:\/\/schema.org","@graph":[{"@type":"Article","@id":"https:\/\/www.civiltalaica.it\/cms\/ai-rappresentanti-dei-partiti\/#article","isPartOf":{"@id":"https:\/\/www.civiltalaica.it\/cms\/ai-rappresentanti-dei-partiti\/"},"author":{"name":"cladmin","@id":"https:\/\/www.civiltalaica.it\/cms\/#\/schema\/person\/500a52762e2620e007d6333aa121f5e5"},"headline":"Ai rappresentanti dei Partiti","datePublished":"2006-03-23T20:27:58+00:00","dateModified":"2011-01-26T10:04:43+00:00","mainEntityOfPage":{"@id":"https:\/\/www.civiltalaica.it\/cms\/ai-rappresentanti-dei-partiti\/"},"wordCount":527,"keywords":["Politica"],"articleSection":["articoli"],"inLanguage":"it-IT"},{"@type":"WebPage","@id":"https:\/\/www.civiltalaica.it\/cms\/ai-rappresentanti-dei-partiti\/","url":"https:\/\/www.civiltalaica.it\/cms\/ai-rappresentanti-dei-partiti\/","name":"Ai rappresentanti dei Partiti - Associazione Culturale Civilt\u00e0 Laica","isPartOf":{"@id":"https:\/\/www.civiltalaica.it\/cms\/#website"},"datePublished":"2006-03-23T20:27:58+00:00","dateModified":"2011-01-26T10:04:43+00:00","author":{"@id":"https:\/\/www.civiltalaica.it\/cms\/#\/schema\/person\/500a52762e2620e007d6333aa121f5e5"},"breadcrumb":{"@id":"https:\/\/www.civiltalaica.it\/cms\/ai-rappresentanti-dei-partiti\/#breadcrumb"},"inLanguage":"it-IT","potentialAction":[{"@type":"ReadAction","target":["https:\/\/www.civiltalaica.it\/cms\/ai-rappresentanti-dei-partiti\/"]}]},{"@type":"BreadcrumbList","@id":"https:\/\/www.civiltalaica.it\/cms\/ai-rappresentanti-dei-partiti\/#breadcrumb","itemListElement":[{"@type":"ListItem","position":1,"name":"Home","item":"https:\/\/www.civiltalaica.it\/cms\/"},{"@type":"ListItem","position":2,"name":"Nuove difficolt\u00e0 nel dialogo tra laici e cattolici","item":"https:\/\/www.civiltalaica.it\/cms\/nuove-difficolta-nel-dialogo-tra-laici-e-cattolici\/"},{"@type":"ListItem","position":3,"name":"L&#8217;ipocrisia del libero arbitrio","item":"https:\/\/www.civiltalaica.it\/cms\/lipocrisia-del-libero-arbitrio\/"},{"@type":"ListItem","position":4,"name":"Ai rappresentanti dei Partiti"}]},{"@type":"WebSite","@id":"https:\/\/www.civiltalaica.it\/cms\/#website","url":"https:\/\/www.civiltalaica.it\/cms\/","name":"Associazione Culturale Civilt\u00e0 Laica","description":"Per un movimento culturale volto a difendere la Laicit\u00e0 dello Stato.","potentialAction":[{"@type":"SearchAction","target":{"@type":"EntryPoint","urlTemplate":"https:\/\/www.civiltalaica.it\/cms\/?s={search_term_string}"},"query-input":{"@type":"PropertyValueSpecification","valueRequired":true,"valueName":"search_term_string"}}],"inLanguage":"it-IT"},{"@type":"Person","@id":"https:\/\/www.civiltalaica.it\/cms\/#\/schema\/person\/500a52762e2620e007d6333aa121f5e5","name":"cladmin","url":"https:\/\/www.civiltalaica.it\/cms\/author\/cladmin\/"}]}},"_links":{"self":[{"href":"https:\/\/www.civiltalaica.it\/cms\/wp-json\/wp\/v2\/posts\/863","targetHints":{"allow":["GET"]}}],"collection":[{"href":"https:\/\/www.civiltalaica.it\/cms\/wp-json\/wp\/v2\/posts"}],"about":[{"href":"https:\/\/www.civiltalaica.it\/cms\/wp-json\/wp\/v2\/types\/post"}],"author":[{"embeddable":true,"href":"https:\/\/www.civiltalaica.it\/cms\/wp-json\/wp\/v2\/users\/1"}],"replies":[{"embeddable":true,"href":"https:\/\/www.civiltalaica.it\/cms\/wp-json\/wp\/v2\/comments?post=863"}],"version-history":[{"count":0,"href":"https:\/\/www.civiltalaica.it\/cms\/wp-json\/wp\/v2\/posts\/863\/revisions"}],"wp:attachment":[{"href":"https:\/\/www.civiltalaica.it\/cms\/wp-json\/wp\/v2\/media?parent=863"}],"wp:term":[{"taxonomy":"category","embeddable":true,"href":"https:\/\/www.civiltalaica.it\/cms\/wp-json\/wp\/v2\/categories?post=863"},{"taxonomy":"post_tag","embeddable":true,"href":"https:\/\/www.civiltalaica.it\/cms\/wp-json\/wp\/v2\/tags?post=863"}],"curies":[{"name":"wp","href":"https:\/\/api.w.org\/{rel}","templated":true}]}}