{"id":818,"date":"2010-03-18T10:25:06","date_gmt":"2010-03-18T10:25:06","guid":{"rendered":""},"modified":"2011-01-26T09:23:03","modified_gmt":"2011-01-26T09:23:03","slug":"levoluzionismo-si-paga-ed-il-creazionismo-no","status":"publish","type":"post","link":"https:\/\/www.civiltalaica.it\/cms\/levoluzionismo-si-paga-ed-il-creazionismo-no\/","title":{"rendered":"L&#8217;Evoluzionismo (si) paga ed il Creazionismo no"},"content":{"rendered":"<p><a href=\"http:\/\/temi.repubblica.it\/micromega-online\/brescia-capitale-del-creazionismo\/\" target=\"_blank\"><br \/>Dal sito di MicroMega<\/a>:<\/p>\n<p>Brescia capitale del creazionismo<br \/>\ndi Paolo Vitale<\/p>\n<p>J.B.S. Haldane, celebre biologo noto per il suo contributo alla nascita<br \/>\ndella genetica di popolazioni, interpellato su come potesse essere<br \/>\nfalsificata l&#39;evoluzione diede una famosa risposta: &quot;Conigli fossili<br \/>\nnel Precambriano&quot;. In effetti nessuno ha mai trovato fossili di<br \/>\nmammifero in rocce pi\u00f9 antiche di 250 milioni di anni, nemmeno nelle<br \/>\nrocce sedimentarie del territorio bresciano. Eppure a Brescia<br \/>\nl&#39;evoluzione dei viventi non \u00e8 considerata un fatto accertato da chi<br \/>\namministra la citt\u00e0. E non si tratta di una diatriba scientifica, \u00e8<br \/>\nsolo una questione politica: nella citt\u00e0 lombarda il sindaco e<br \/>\nl&#39;assessore alla cultura, entrambi avvocati del Popolo delle Libert\u00e0,<br \/>\nnon gradiscono che si parli di evoluzione, e soprattutto al museo di<br \/>\nStoria Naturale!<\/p>\n<p><!--more--><br \/>Tutto cominci\u00f2 nel febbraio del 2009 quando, in occasione del Darwin day, UAAR e libreria Rinascita invitarono Telmo Pievani, studioso della teoria dell&#39;evoluzione e professore di Filosofia della Scienza all&#39;Universit\u00e0 di Milano Bicocca, a presentare il libro di cui \u00e8 coautore &quot;Nati per credere&quot;. Gli organizzatori dell&#39;evento chiesero di poter svolgere la conferenza nello stesso luogo in cui avevano, con la precedente amministrazione, organizzato iniziative simili: l&#39;auditorium del museo di Storia Naturale. Il sindaco neg\u00f2 l&#39;autorizzazione e il patrocinio del Comune e la conferenza fu spostata nell&#39;aula magna di un liceo cittadino.<\/p>\n<p>Poche settimane dopo nello stesso auditorium, per ben tre serate consecutive, un gruppo di creazionisti fu ospitato per esporre tesi bizzarre e antiscientifiche, per giunta con il patrocinio del Comune. Immediate furono le proteste nel mondo scientifico; anche Giacomo Giacobini, Presidente dell&#39;Associazione Nazionale Musei Scientifici, mand\u00f2 una lettera all&#39;assessore alla cultura di Brescia. L&#39;assessore rispose con un lungo scritto in cui difendeva il diritto di parola anche dei creazionisti in un istituto scientifico. Alle rimostranze di Telmo Pievani che chiedeva come mai il diritto di parola gli fosse invece stato negato nessuno rispose. Ma non fin\u00ec cos\u00ec.<\/p>\n<p>Nel 2010 l&#39;UAAR e la libreria Rinascita organizzano altre due conferenze analoghe, una ancora con Telmo Pievani e l&#39;altra con Guido Barbujani, genetista dell&#39;Universit\u00e0 di Ferrara. E quest&#39;anno la strategia cambia: il sindaco non nega l&#39;uso della sala, ma solo il patrocinio. Si \u00e8 ricreduto? Niente affatto. Ha concesso l&#39;uso della sala, prenotata con molto anticipo, solo perch\u00e9 regolarmente autorizzato dai funzionari. Poi ha spedito il conto all&#39;UAAR. Il trucco \u00e8 chiaro: la sala \u00e8 stata semplicemente affittata per qualche ora e questo non si pu\u00f2 negare a nessuno, ma senza il patrocinio si paga.<\/p>\n<p>E i creazionisti? Hanno ottenuto il patrocinio &quot;per il rilievo culturale dell&#39;evento&quot; e quindi non affittano l&#39;auditorium del museo, lo usano a beneficio della cittadinanza e non pagano nulla. Tutto ci\u00f2 a Brescia dove non si \u00e8 scoperto nulla di nuovo sul passato dei viventi, ma solamente si conferma che la cattiva politica \u00e8 ostile al pensiero scientifico. E questo accade nel Cenozoico, l&#39;era geologica attuale.<\/p>\n<p>(16 marzo 2010)<\/p>\n","protected":false},"excerpt":{"rendered":"<p>Dal sito di MicroMega: Brescia capitale del creazionismo di Paolo Vitale J.B.S. Haldane, celebre biologo noto per il suo contributo alla nascita della genetica di popolazioni, interpellato su come potesse essere falsificata l&#39;evoluzione diede una famosa risposta: &quot;Conigli fossili nel Precambriano&quot;. In effetti nessuno ha mai trovato fossili di mammifero in rocce pi\u00f9 antiche di [&hellip;]<\/p>\n","protected":false},"author":1,"featured_media":0,"comment_status":"closed","ping_status":"closed","sticky":false,"template":"","format":"standard","meta":{"footnotes":""},"categories":[238],"tags":[41],"class_list":["post-818","post","type-post","status-publish","format-standard","hentry","category-articoli","tag-web"],"yoast_head":"<!-- This site is optimized with the Yoast SEO plugin v27.1.1 - https:\/\/yoast.com\/product\/yoast-seo-wordpress\/ -->\n<title>L&#039;Evoluzionismo (si) paga ed il Creazionismo no - Associazione Culturale Civilt\u00e0 Laica<\/title>\n<meta name=\"robots\" content=\"index, follow, max-snippet:-1, max-image-preview:large, max-video-preview:-1\" \/>\n<link rel=\"canonical\" href=\"https:\/\/www.civiltalaica.it\/cms\/levoluzionismo-si-paga-ed-il-creazionismo-no\/\" \/>\n<meta property=\"og:locale\" content=\"it_IT\" \/>\n<meta property=\"og:type\" content=\"article\" \/>\n<meta property=\"og:title\" content=\"L&#039;Evoluzionismo (si) paga ed il Creazionismo no - Associazione Culturale Civilt\u00e0 Laica\" \/>\n<meta property=\"og:description\" content=\"Dal sito di MicroMega: Brescia capitale del creazionismo di Paolo Vitale J.B.S. Haldane, celebre biologo noto per il suo contributo alla nascita della genetica di popolazioni, interpellato su come potesse essere falsificata l&#039;evoluzione diede una famosa risposta: &quot;Conigli fossili nel Precambriano&quot;. In effetti nessuno ha mai trovato fossili di mammifero in rocce pi\u00f9 antiche di [&hellip;]\" \/>\n<meta property=\"og:url\" content=\"https:\/\/www.civiltalaica.it\/cms\/levoluzionismo-si-paga-ed-il-creazionismo-no\/\" \/>\n<meta property=\"og:site_name\" content=\"Associazione Culturale Civilt\u00e0 Laica\" \/>\n<meta property=\"article:publisher\" content=\"https:\/\/www.facebook.com\/civiltalaica\" \/>\n<meta property=\"article:published_time\" content=\"2010-03-18T10:25:06+00:00\" \/>\n<meta property=\"article:modified_time\" content=\"2011-01-26T09:23:03+00:00\" \/>\n<meta property=\"og:image\" content=\"https:\/\/www.civiltalaica.it\/cms\/wp-content\/uploads\/2017\/06\/logo-cl.png\" \/>\n\t<meta property=\"og:image:width\" content=\"400\" \/>\n\t<meta property=\"og:image:height\" content=\"180\" \/>\n\t<meta property=\"og:image:type\" content=\"image\/png\" \/>\n<meta name=\"author\" content=\"cladmin\" \/>\n<meta name=\"twitter:card\" content=\"summary_large_image\" \/>\n<meta name=\"twitter:label1\" content=\"Scritto da\" \/>\n\t<meta name=\"twitter:data1\" content=\"cladmin\" \/>\n\t<meta name=\"twitter:label2\" content=\"Tempo di lettura stimato\" \/>\n\t<meta name=\"twitter:data2\" content=\"2 minuti\" \/>\n<script type=\"application\/ld+json\" class=\"yoast-schema-graph\">{\"@context\":\"https:\/\/schema.org\",\"@graph\":[{\"@type\":\"Article\",\"@id\":\"https:\/\/www.civiltalaica.it\/cms\/levoluzionismo-si-paga-ed-il-creazionismo-no\/#article\",\"isPartOf\":{\"@id\":\"https:\/\/www.civiltalaica.it\/cms\/levoluzionismo-si-paga-ed-il-creazionismo-no\/\"},\"author\":{\"name\":\"cladmin\",\"@id\":\"https:\/\/www.civiltalaica.it\/cms\/#\/schema\/person\/500a52762e2620e007d6333aa121f5e5\"},\"headline\":\"L&#8217;Evoluzionismo (si) paga ed il Creazionismo no\",\"datePublished\":\"2010-03-18T10:25:06+00:00\",\"dateModified\":\"2011-01-26T09:23:03+00:00\",\"mainEntityOfPage\":{\"@id\":\"https:\/\/www.civiltalaica.it\/cms\/levoluzionismo-si-paga-ed-il-creazionismo-no\/\"},\"wordCount\":502,\"keywords\":[\"Web\"],\"articleSection\":[\"articoli\"],\"inLanguage\":\"it-IT\"},{\"@type\":\"WebPage\",\"@id\":\"https:\/\/www.civiltalaica.it\/cms\/levoluzionismo-si-paga-ed-il-creazionismo-no\/\",\"url\":\"https:\/\/www.civiltalaica.it\/cms\/levoluzionismo-si-paga-ed-il-creazionismo-no\/\",\"name\":\"L'Evoluzionismo (si) paga ed il Creazionismo no - Associazione Culturale Civilt\u00e0 Laica\",\"isPartOf\":{\"@id\":\"https:\/\/www.civiltalaica.it\/cms\/#website\"},\"datePublished\":\"2010-03-18T10:25:06+00:00\",\"dateModified\":\"2011-01-26T09:23:03+00:00\",\"author\":{\"@id\":\"https:\/\/www.civiltalaica.it\/cms\/#\/schema\/person\/500a52762e2620e007d6333aa121f5e5\"},\"breadcrumb\":{\"@id\":\"https:\/\/www.civiltalaica.it\/cms\/levoluzionismo-si-paga-ed-il-creazionismo-no\/#breadcrumb\"},\"inLanguage\":\"it-IT\",\"potentialAction\":[{\"@type\":\"ReadAction\",\"target\":[\"https:\/\/www.civiltalaica.it\/cms\/levoluzionismo-si-paga-ed-il-creazionismo-no\/\"]}]},{\"@type\":\"BreadcrumbList\",\"@id\":\"https:\/\/www.civiltalaica.it\/cms\/levoluzionismo-si-paga-ed-il-creazionismo-no\/#breadcrumb\",\"itemListElement\":[{\"@type\":\"ListItem\",\"position\":1,\"name\":\"Home\",\"item\":\"https:\/\/www.civiltalaica.it\/cms\/\"},{\"@type\":\"ListItem\",\"position\":2,\"name\":\"1\u00b0 Meeting delle Associazioni Laiche\",\"item\":\"https:\/\/www.civiltalaica.it\/cms\/1%c2%b0-meeting-delle-associazioni-laiche-2\/\"},{\"@type\":\"ListItem\",\"position\":3,\"name\":\"L&#8217;Evoluzionismo (si) paga ed il Creazionismo no\"}]},{\"@type\":\"WebSite\",\"@id\":\"https:\/\/www.civiltalaica.it\/cms\/#website\",\"url\":\"https:\/\/www.civiltalaica.it\/cms\/\",\"name\":\"Associazione Culturale Civilt\u00e0 Laica\",\"description\":\"Per un movimento culturale volto a difendere la Laicit\u00e0 dello Stato.\",\"potentialAction\":[{\"@type\":\"SearchAction\",\"target\":{\"@type\":\"EntryPoint\",\"urlTemplate\":\"https:\/\/www.civiltalaica.it\/cms\/?s={search_term_string}\"},\"query-input\":{\"@type\":\"PropertyValueSpecification\",\"valueRequired\":true,\"valueName\":\"search_term_string\"}}],\"inLanguage\":\"it-IT\"},{\"@type\":\"Person\",\"@id\":\"https:\/\/www.civiltalaica.it\/cms\/#\/schema\/person\/500a52762e2620e007d6333aa121f5e5\",\"name\":\"cladmin\",\"url\":\"https:\/\/www.civiltalaica.it\/cms\/author\/cladmin\/\"}]}<\/script>\n<!-- \/ Yoast SEO plugin. -->","yoast_head_json":{"title":"L'Evoluzionismo (si) paga ed il Creazionismo no - Associazione Culturale Civilt\u00e0 Laica","robots":{"index":"index","follow":"follow","max-snippet":"max-snippet:-1","max-image-preview":"max-image-preview:large","max-video-preview":"max-video-preview:-1"},"canonical":"https:\/\/www.civiltalaica.it\/cms\/levoluzionismo-si-paga-ed-il-creazionismo-no\/","og_locale":"it_IT","og_type":"article","og_title":"L'Evoluzionismo (si) paga ed il Creazionismo no - Associazione Culturale Civilt\u00e0 Laica","og_description":"Dal sito di MicroMega: Brescia capitale del creazionismo di Paolo Vitale J.B.S. Haldane, celebre biologo noto per il suo contributo alla nascita della genetica di popolazioni, interpellato su come potesse essere falsificata l&#39;evoluzione diede una famosa risposta: &quot;Conigli fossili nel Precambriano&quot;. In effetti nessuno ha mai trovato fossili di mammifero in rocce pi\u00f9 antiche di [&hellip;]","og_url":"https:\/\/www.civiltalaica.it\/cms\/levoluzionismo-si-paga-ed-il-creazionismo-no\/","og_site_name":"Associazione Culturale Civilt\u00e0 Laica","article_publisher":"https:\/\/www.facebook.com\/civiltalaica","article_published_time":"2010-03-18T10:25:06+00:00","article_modified_time":"2011-01-26T09:23:03+00:00","og_image":[{"width":400,"height":180,"url":"https:\/\/www.civiltalaica.it\/cms\/wp-content\/uploads\/2017\/06\/logo-cl.png","type":"image\/png"}],"author":"cladmin","twitter_card":"summary_large_image","twitter_misc":{"Scritto da":"cladmin","Tempo di lettura stimato":"2 minuti"},"schema":{"@context":"https:\/\/schema.org","@graph":[{"@type":"Article","@id":"https:\/\/www.civiltalaica.it\/cms\/levoluzionismo-si-paga-ed-il-creazionismo-no\/#article","isPartOf":{"@id":"https:\/\/www.civiltalaica.it\/cms\/levoluzionismo-si-paga-ed-il-creazionismo-no\/"},"author":{"name":"cladmin","@id":"https:\/\/www.civiltalaica.it\/cms\/#\/schema\/person\/500a52762e2620e007d6333aa121f5e5"},"headline":"L&#8217;Evoluzionismo (si) paga ed il Creazionismo no","datePublished":"2010-03-18T10:25:06+00:00","dateModified":"2011-01-26T09:23:03+00:00","mainEntityOfPage":{"@id":"https:\/\/www.civiltalaica.it\/cms\/levoluzionismo-si-paga-ed-il-creazionismo-no\/"},"wordCount":502,"keywords":["Web"],"articleSection":["articoli"],"inLanguage":"it-IT"},{"@type":"WebPage","@id":"https:\/\/www.civiltalaica.it\/cms\/levoluzionismo-si-paga-ed-il-creazionismo-no\/","url":"https:\/\/www.civiltalaica.it\/cms\/levoluzionismo-si-paga-ed-il-creazionismo-no\/","name":"L'Evoluzionismo (si) paga ed il Creazionismo no - Associazione Culturale Civilt\u00e0 Laica","isPartOf":{"@id":"https:\/\/www.civiltalaica.it\/cms\/#website"},"datePublished":"2010-03-18T10:25:06+00:00","dateModified":"2011-01-26T09:23:03+00:00","author":{"@id":"https:\/\/www.civiltalaica.it\/cms\/#\/schema\/person\/500a52762e2620e007d6333aa121f5e5"},"breadcrumb":{"@id":"https:\/\/www.civiltalaica.it\/cms\/levoluzionismo-si-paga-ed-il-creazionismo-no\/#breadcrumb"},"inLanguage":"it-IT","potentialAction":[{"@type":"ReadAction","target":["https:\/\/www.civiltalaica.it\/cms\/levoluzionismo-si-paga-ed-il-creazionismo-no\/"]}]},{"@type":"BreadcrumbList","@id":"https:\/\/www.civiltalaica.it\/cms\/levoluzionismo-si-paga-ed-il-creazionismo-no\/#breadcrumb","itemListElement":[{"@type":"ListItem","position":1,"name":"Home","item":"https:\/\/www.civiltalaica.it\/cms\/"},{"@type":"ListItem","position":2,"name":"1\u00b0 Meeting delle Associazioni Laiche","item":"https:\/\/www.civiltalaica.it\/cms\/1%c2%b0-meeting-delle-associazioni-laiche-2\/"},{"@type":"ListItem","position":3,"name":"L&#8217;Evoluzionismo (si) paga ed il Creazionismo no"}]},{"@type":"WebSite","@id":"https:\/\/www.civiltalaica.it\/cms\/#website","url":"https:\/\/www.civiltalaica.it\/cms\/","name":"Associazione Culturale Civilt\u00e0 Laica","description":"Per un movimento culturale volto a difendere la Laicit\u00e0 dello Stato.","potentialAction":[{"@type":"SearchAction","target":{"@type":"EntryPoint","urlTemplate":"https:\/\/www.civiltalaica.it\/cms\/?s={search_term_string}"},"query-input":{"@type":"PropertyValueSpecification","valueRequired":true,"valueName":"search_term_string"}}],"inLanguage":"it-IT"},{"@type":"Person","@id":"https:\/\/www.civiltalaica.it\/cms\/#\/schema\/person\/500a52762e2620e007d6333aa121f5e5","name":"cladmin","url":"https:\/\/www.civiltalaica.it\/cms\/author\/cladmin\/"}]}},"_links":{"self":[{"href":"https:\/\/www.civiltalaica.it\/cms\/wp-json\/wp\/v2\/posts\/818","targetHints":{"allow":["GET"]}}],"collection":[{"href":"https:\/\/www.civiltalaica.it\/cms\/wp-json\/wp\/v2\/posts"}],"about":[{"href":"https:\/\/www.civiltalaica.it\/cms\/wp-json\/wp\/v2\/types\/post"}],"author":[{"embeddable":true,"href":"https:\/\/www.civiltalaica.it\/cms\/wp-json\/wp\/v2\/users\/1"}],"replies":[{"embeddable":true,"href":"https:\/\/www.civiltalaica.it\/cms\/wp-json\/wp\/v2\/comments?post=818"}],"version-history":[{"count":0,"href":"https:\/\/www.civiltalaica.it\/cms\/wp-json\/wp\/v2\/posts\/818\/revisions"}],"wp:attachment":[{"href":"https:\/\/www.civiltalaica.it\/cms\/wp-json\/wp\/v2\/media?parent=818"}],"wp:term":[{"taxonomy":"category","embeddable":true,"href":"https:\/\/www.civiltalaica.it\/cms\/wp-json\/wp\/v2\/categories?post=818"},{"taxonomy":"post_tag","embeddable":true,"href":"https:\/\/www.civiltalaica.it\/cms\/wp-json\/wp\/v2\/tags?post=818"}],"curies":[{"name":"wp","href":"https:\/\/api.w.org\/{rel}","templated":true}]}}