{"id":813,"date":"2009-09-03T11:28:49","date_gmt":"2009-09-03T11:28:49","guid":{"rendered":""},"modified":"2011-01-26T09:26:01","modified_gmt":"2011-01-26T09:26:01","slug":"i-preti-che-fanno-paura","status":"publish","type":"post","link":"https:\/\/www.civiltalaica.it\/cms\/i-preti-che-fanno-paura\/","title":{"rendered":"I preti che fanno paura"},"content":{"rendered":"<p>Nell&#39;Italia di oggi, malata di egoismo ed individualismo, sempre pi\u00f9 alla deriva dal punto di vista ormai anche della normale convivenza e civilt\u00e0, non poteva mancare in questa ripresa dalle vacanze &#8211; che sempre meno gente pu\u00f2 permettersi &#8211; la silenziosa e mortale clava del Vaticano, a rimettere ordine tra i sacerdoti non allineati con il pensiero unico autorizzato sotto i porticati di San Pietro.<\/p>\n<p>A pochi giorni dalla ripresa dei lavori parlamentari sul testamento biologico, il Vaticano ha diffuso infatti una dura nota di condanna contro i 41 sacerdoti che &#8211; ormai 5 mesi fa &#8211; si erano espressi a favore della libert\u00e0 di scelta sulla fine della vita, firmando un appello pubblicato poi dalla rivista Micromega. Erano i giorni in cui si susseguivano uno dopo l&#39;altro gli sconcertanti episodi di bigottismo e populismo politico-istituzional-ecclesiale che hanno accompagnato passo passo le sofferte evoluzioni del caso Eluana Englaro.<br \/><a href=\"http:\/\/www.asud.net\/index.php?option=com_content&#038;view=article&#038;id=795%3Ai-preti-che-fanno-paura&#038;catid=6%3Aitalia&#038;Itemid=38&#038;lang=it\" target=\"_blank\"><br \/>Continua la lettura sul sito &quot;A Sud&quot;<\/a><\/p>\n","protected":false},"excerpt":{"rendered":"<p>Nell&#39;Italia di oggi, malata di egoismo ed individualismo, sempre pi\u00f9 alla deriva dal punto di vista ormai anche della normale convivenza e civilt\u00e0, non poteva mancare in questa ripresa dalle vacanze &#8211; che sempre meno gente pu\u00f2 permettersi &#8211; la silenziosa e mortale clava del Vaticano, a rimettere ordine tra i sacerdoti non allineati con [&hellip;]<\/p>\n","protected":false},"author":1,"featured_media":0,"comment_status":"closed","ping_status":"closed","sticky":false,"template":"","format":"standard","meta":{"footnotes":""},"categories":[238],"tags":[41],"class_list":["post-813","post","type-post","status-publish","format-standard","hentry","category-articoli","tag-web"],"yoast_head":"<!-- This site is optimized with the Yoast SEO plugin v27.1.1 - https:\/\/yoast.com\/product\/yoast-seo-wordpress\/ -->\n<title>I preti che fanno paura - Associazione Culturale Civilt\u00e0 Laica<\/title>\n<meta name=\"robots\" content=\"index, follow, max-snippet:-1, max-image-preview:large, max-video-preview:-1\" \/>\n<link rel=\"canonical\" href=\"https:\/\/www.civiltalaica.it\/cms\/i-preti-che-fanno-paura\/\" \/>\n<meta property=\"og:locale\" content=\"it_IT\" \/>\n<meta property=\"og:type\" content=\"article\" \/>\n<meta property=\"og:title\" content=\"I preti che fanno paura - Associazione Culturale Civilt\u00e0 Laica\" \/>\n<meta property=\"og:description\" content=\"Nell&#039;Italia di oggi, malata di egoismo ed individualismo, sempre pi\u00f9 alla deriva dal punto di vista ormai anche della normale convivenza e civilt\u00e0, non poteva mancare in questa ripresa dalle vacanze &#8211; che sempre meno gente pu\u00f2 permettersi &#8211; la silenziosa e mortale clava del Vaticano, a rimettere ordine tra i sacerdoti non allineati con [&hellip;]\" \/>\n<meta property=\"og:url\" content=\"https:\/\/www.civiltalaica.it\/cms\/i-preti-che-fanno-paura\/\" \/>\n<meta property=\"og:site_name\" content=\"Associazione Culturale Civilt\u00e0 Laica\" \/>\n<meta property=\"article:publisher\" content=\"https:\/\/www.facebook.com\/civiltalaica\" \/>\n<meta property=\"article:published_time\" content=\"2009-09-03T11:28:49+00:00\" \/>\n<meta property=\"article:modified_time\" content=\"2011-01-26T09:26:01+00:00\" \/>\n<meta property=\"og:image\" content=\"https:\/\/www.civiltalaica.it\/cms\/wp-content\/uploads\/2017\/06\/logo-cl.png\" \/>\n\t<meta property=\"og:image:width\" content=\"400\" \/>\n\t<meta property=\"og:image:height\" content=\"180\" \/>\n\t<meta property=\"og:image:type\" content=\"image\/png\" \/>\n<meta name=\"author\" content=\"cladmin\" \/>\n<meta name=\"twitter:card\" content=\"summary_large_image\" \/>\n<meta name=\"twitter:label1\" content=\"Scritto da\" \/>\n\t<meta name=\"twitter:data1\" content=\"cladmin\" \/>\n\t<meta name=\"twitter:label2\" content=\"Tempo di lettura stimato\" \/>\n\t<meta name=\"twitter:data2\" content=\"1 minuto\" \/>\n<script type=\"application\/ld+json\" class=\"yoast-schema-graph\">{\"@context\":\"https:\/\/schema.org\",\"@graph\":[{\"@type\":\"Article\",\"@id\":\"https:\/\/www.civiltalaica.it\/cms\/i-preti-che-fanno-paura\/#article\",\"isPartOf\":{\"@id\":\"https:\/\/www.civiltalaica.it\/cms\/i-preti-che-fanno-paura\/\"},\"author\":{\"name\":\"cladmin\",\"@id\":\"https:\/\/www.civiltalaica.it\/cms\/#\/schema\/person\/500a52762e2620e007d6333aa121f5e5\"},\"headline\":\"I preti che fanno paura\",\"datePublished\":\"2009-09-03T11:28:49+00:00\",\"dateModified\":\"2011-01-26T09:26:01+00:00\",\"mainEntityOfPage\":{\"@id\":\"https:\/\/www.civiltalaica.it\/cms\/i-preti-che-fanno-paura\/\"},\"wordCount\":162,\"keywords\":[\"Web\"],\"articleSection\":[\"articoli\"],\"inLanguage\":\"it-IT\"},{\"@type\":\"WebPage\",\"@id\":\"https:\/\/www.civiltalaica.it\/cms\/i-preti-che-fanno-paura\/\",\"url\":\"https:\/\/www.civiltalaica.it\/cms\/i-preti-che-fanno-paura\/\",\"name\":\"I preti che fanno paura - Associazione Culturale Civilt\u00e0 Laica\",\"isPartOf\":{\"@id\":\"https:\/\/www.civiltalaica.it\/cms\/#website\"},\"datePublished\":\"2009-09-03T11:28:49+00:00\",\"dateModified\":\"2011-01-26T09:26:01+00:00\",\"author\":{\"@id\":\"https:\/\/www.civiltalaica.it\/cms\/#\/schema\/person\/500a52762e2620e007d6333aa121f5e5\"},\"breadcrumb\":{\"@id\":\"https:\/\/www.civiltalaica.it\/cms\/i-preti-che-fanno-paura\/#breadcrumb\"},\"inLanguage\":\"it-IT\",\"potentialAction\":[{\"@type\":\"ReadAction\",\"target\":[\"https:\/\/www.civiltalaica.it\/cms\/i-preti-che-fanno-paura\/\"]}]},{\"@type\":\"BreadcrumbList\",\"@id\":\"https:\/\/www.civiltalaica.it\/cms\/i-preti-che-fanno-paura\/#breadcrumb\",\"itemListElement\":[{\"@type\":\"ListItem\",\"position\":1,\"name\":\"Home\",\"item\":\"https:\/\/www.civiltalaica.it\/cms\/\"},{\"@type\":\"ListItem\",\"position\":2,\"name\":\"1\u00b0 Meeting delle Associazioni Laiche\",\"item\":\"https:\/\/www.civiltalaica.it\/cms\/1%c2%b0-meeting-delle-associazioni-laiche-2\/\"},{\"@type\":\"ListItem\",\"position\":3,\"name\":\"I preti che fanno paura\"}]},{\"@type\":\"WebSite\",\"@id\":\"https:\/\/www.civiltalaica.it\/cms\/#website\",\"url\":\"https:\/\/www.civiltalaica.it\/cms\/\",\"name\":\"Associazione Culturale Civilt\u00e0 Laica\",\"description\":\"Per un movimento culturale volto a difendere la Laicit\u00e0 dello Stato.\",\"potentialAction\":[{\"@type\":\"SearchAction\",\"target\":{\"@type\":\"EntryPoint\",\"urlTemplate\":\"https:\/\/www.civiltalaica.it\/cms\/?s={search_term_string}\"},\"query-input\":{\"@type\":\"PropertyValueSpecification\",\"valueRequired\":true,\"valueName\":\"search_term_string\"}}],\"inLanguage\":\"it-IT\"},{\"@type\":\"Person\",\"@id\":\"https:\/\/www.civiltalaica.it\/cms\/#\/schema\/person\/500a52762e2620e007d6333aa121f5e5\",\"name\":\"cladmin\",\"url\":\"https:\/\/www.civiltalaica.it\/cms\/author\/cladmin\/\"}]}<\/script>\n<!-- \/ Yoast SEO plugin. -->","yoast_head_json":{"title":"I preti che fanno paura - Associazione Culturale Civilt\u00e0 Laica","robots":{"index":"index","follow":"follow","max-snippet":"max-snippet:-1","max-image-preview":"max-image-preview:large","max-video-preview":"max-video-preview:-1"},"canonical":"https:\/\/www.civiltalaica.it\/cms\/i-preti-che-fanno-paura\/","og_locale":"it_IT","og_type":"article","og_title":"I preti che fanno paura - Associazione Culturale Civilt\u00e0 Laica","og_description":"Nell&#39;Italia di oggi, malata di egoismo ed individualismo, sempre pi\u00f9 alla deriva dal punto di vista ormai anche della normale convivenza e civilt\u00e0, non poteva mancare in questa ripresa dalle vacanze &#8211; che sempre meno gente pu\u00f2 permettersi &#8211; la silenziosa e mortale clava del Vaticano, a rimettere ordine tra i sacerdoti non allineati con [&hellip;]","og_url":"https:\/\/www.civiltalaica.it\/cms\/i-preti-che-fanno-paura\/","og_site_name":"Associazione Culturale Civilt\u00e0 Laica","article_publisher":"https:\/\/www.facebook.com\/civiltalaica","article_published_time":"2009-09-03T11:28:49+00:00","article_modified_time":"2011-01-26T09:26:01+00:00","og_image":[{"width":400,"height":180,"url":"https:\/\/www.civiltalaica.it\/cms\/wp-content\/uploads\/2017\/06\/logo-cl.png","type":"image\/png"}],"author":"cladmin","twitter_card":"summary_large_image","twitter_misc":{"Scritto da":"cladmin","Tempo di lettura stimato":"1 minuto"},"schema":{"@context":"https:\/\/schema.org","@graph":[{"@type":"Article","@id":"https:\/\/www.civiltalaica.it\/cms\/i-preti-che-fanno-paura\/#article","isPartOf":{"@id":"https:\/\/www.civiltalaica.it\/cms\/i-preti-che-fanno-paura\/"},"author":{"name":"cladmin","@id":"https:\/\/www.civiltalaica.it\/cms\/#\/schema\/person\/500a52762e2620e007d6333aa121f5e5"},"headline":"I preti che fanno paura","datePublished":"2009-09-03T11:28:49+00:00","dateModified":"2011-01-26T09:26:01+00:00","mainEntityOfPage":{"@id":"https:\/\/www.civiltalaica.it\/cms\/i-preti-che-fanno-paura\/"},"wordCount":162,"keywords":["Web"],"articleSection":["articoli"],"inLanguage":"it-IT"},{"@type":"WebPage","@id":"https:\/\/www.civiltalaica.it\/cms\/i-preti-che-fanno-paura\/","url":"https:\/\/www.civiltalaica.it\/cms\/i-preti-che-fanno-paura\/","name":"I preti che fanno paura - Associazione Culturale Civilt\u00e0 Laica","isPartOf":{"@id":"https:\/\/www.civiltalaica.it\/cms\/#website"},"datePublished":"2009-09-03T11:28:49+00:00","dateModified":"2011-01-26T09:26:01+00:00","author":{"@id":"https:\/\/www.civiltalaica.it\/cms\/#\/schema\/person\/500a52762e2620e007d6333aa121f5e5"},"breadcrumb":{"@id":"https:\/\/www.civiltalaica.it\/cms\/i-preti-che-fanno-paura\/#breadcrumb"},"inLanguage":"it-IT","potentialAction":[{"@type":"ReadAction","target":["https:\/\/www.civiltalaica.it\/cms\/i-preti-che-fanno-paura\/"]}]},{"@type":"BreadcrumbList","@id":"https:\/\/www.civiltalaica.it\/cms\/i-preti-che-fanno-paura\/#breadcrumb","itemListElement":[{"@type":"ListItem","position":1,"name":"Home","item":"https:\/\/www.civiltalaica.it\/cms\/"},{"@type":"ListItem","position":2,"name":"1\u00b0 Meeting delle Associazioni Laiche","item":"https:\/\/www.civiltalaica.it\/cms\/1%c2%b0-meeting-delle-associazioni-laiche-2\/"},{"@type":"ListItem","position":3,"name":"I preti che fanno paura"}]},{"@type":"WebSite","@id":"https:\/\/www.civiltalaica.it\/cms\/#website","url":"https:\/\/www.civiltalaica.it\/cms\/","name":"Associazione Culturale Civilt\u00e0 Laica","description":"Per un movimento culturale volto a difendere la Laicit\u00e0 dello Stato.","potentialAction":[{"@type":"SearchAction","target":{"@type":"EntryPoint","urlTemplate":"https:\/\/www.civiltalaica.it\/cms\/?s={search_term_string}"},"query-input":{"@type":"PropertyValueSpecification","valueRequired":true,"valueName":"search_term_string"}}],"inLanguage":"it-IT"},{"@type":"Person","@id":"https:\/\/www.civiltalaica.it\/cms\/#\/schema\/person\/500a52762e2620e007d6333aa121f5e5","name":"cladmin","url":"https:\/\/www.civiltalaica.it\/cms\/author\/cladmin\/"}]}},"_links":{"self":[{"href":"https:\/\/www.civiltalaica.it\/cms\/wp-json\/wp\/v2\/posts\/813","targetHints":{"allow":["GET"]}}],"collection":[{"href":"https:\/\/www.civiltalaica.it\/cms\/wp-json\/wp\/v2\/posts"}],"about":[{"href":"https:\/\/www.civiltalaica.it\/cms\/wp-json\/wp\/v2\/types\/post"}],"author":[{"embeddable":true,"href":"https:\/\/www.civiltalaica.it\/cms\/wp-json\/wp\/v2\/users\/1"}],"replies":[{"embeddable":true,"href":"https:\/\/www.civiltalaica.it\/cms\/wp-json\/wp\/v2\/comments?post=813"}],"version-history":[{"count":0,"href":"https:\/\/www.civiltalaica.it\/cms\/wp-json\/wp\/v2\/posts\/813\/revisions"}],"wp:attachment":[{"href":"https:\/\/www.civiltalaica.it\/cms\/wp-json\/wp\/v2\/media?parent=813"}],"wp:term":[{"taxonomy":"category","embeddable":true,"href":"https:\/\/www.civiltalaica.it\/cms\/wp-json\/wp\/v2\/categories?post=813"},{"taxonomy":"post_tag","embeddable":true,"href":"https:\/\/www.civiltalaica.it\/cms\/wp-json\/wp\/v2\/tags?post=813"}],"curies":[{"name":"wp","href":"https:\/\/api.w.org\/{rel}","templated":true}]}}