{"id":810,"date":"2009-06-10T14:32:18","date_gmt":"2009-06-10T14:32:18","guid":{"rendered":""},"modified":"2011-01-26T09:27:32","modified_gmt":"2011-01-26T09:27:32","slug":"chiesa-e-silvio-due-pesi-e-due-misure","status":"publish","type":"post","link":"https:\/\/www.civiltalaica.it\/cms\/chiesa-e-silvio-due-pesi-e-due-misure\/","title":{"rendered":"Chiesa e Silvio, due pesi e due misure"},"content":{"rendered":"<p><a href=\"http:\/\/speciale-elezioni-europee-micromega.blogautore.espresso.repubblica.it\/2009\/05\/29\/chiesa-e-silvio-due-pesi-e-due-misure\/\" target=\"_blank\"><br \/>Gianni Barbacetto sul sito di MicroMega<\/a><\/p>\n<p>La Chiesa cattolica \u00e8 coerente, dal suo punto di vista, quando<br \/>\ndistribuisce scomuniche, precetti morali e indicazioni politiche.<br \/>\nPeccato lo faccia in maniera politicamente selettiva: severissima, per<br \/>\nesempio, con chi vuol decidere della sua vita e della sua morte,<br \/>\nestremamente tollerante con un corruttore di giudici, di testimoni e di<br \/>\nminorenni.<br \/>\nEcco infatti come risponde su Silvio-Noemi un campione del<br \/>\ncattolicesimo, Giorgio Vittadini, fondatore della Compagnia delle Opere<br \/>\ne oggi presidente della Fondazione per la sussidiariet\u00e0: \u00abVede, io<br \/>\ncredo molto nel peccato originale e me lo sento addosso. E questo<br \/>\nriguarda tutti: chi \u00e8 senza peccato, scagli la prima pietra. Si figuri<br \/>\nse mi metto a giudicare come fossi un Torquemada il comportamento<br \/>\nmorale degli altri\u00bb.<\/p>\n<p><!--more--><br \/>\u00abNon possiamo fare una questione politica di fatti specifici, dallo svolgimento dubbio, costruiti attraverso inchieste giornalistiche, quasi si volesse dare loro un valore giudiziario. I fatti da appurare sarebbero infiniti e si ricreerebbe quel tipo di sospetto generalizzato di cui abbiamo sofferto nel dopo Tangentopoli\u00bb. \u00abLa questione morale \u00e8 una tensione al vero, non soltanto una coerenza\u00bb. \u00abI vescovi hanno detto che oggi come ieri, in Italia, di questioni morali ce ne sono tante, ed \u00e8 giusto tenerle vive tutte. Hanno aggiunto: &quot;Ognuno ha la propria coscienza, la propria capacit\u00e0 di giudizio&quot;\u00bb. \u00abAdesso c&#39;\u00e8 un governo in azione che deve rispondere dei suoi atti, abbiamo problemi gravi da affrontare. E chi ha votato, cattolico o no, ha il diritto di avere un governo che governi, senza altre interferenze\u00bb. \u00abDon Giussani (&#8230;) spiegava che l&#39;essenziale \u00e8 la devozione sincera al bene comune e la competenza reale adeguata. Su questo giudica un cristiano. Io valuto un governo sul fatto che tuteli la dignit\u00e0 della persona, favorisca la sussidiariet\u00e0 come welfare partecipato dalla gente, sviluppi la libert\u00e0 di educazione e cos\u00ec via. Se \u00e8 cos\u00ec, bene. Dopodich\u00e9 (Berlusconi) risponder\u00e0 del suo comportamento davanti a Dio, se ci crede\u00bb. \u00abVede, io sono per una visione laica della politica. Non mi pongo il problema Berlusconi e valori cattolici. Piuttosto mi chiedo: che cosa ha fatto di positivo? E penso tra l&#39;altro al libro bianco, alla politica estera, alla gestione delle emergenze come in Abruzzo, alla tutela della vita. Punto\u00bb. (29 maggio 2009)<\/p>\n","protected":false},"excerpt":{"rendered":"<p>Gianni Barbacetto sul sito di MicroMega La Chiesa cattolica \u00e8 coerente, dal suo punto di vista, quando distribuisce scomuniche, precetti morali e indicazioni politiche. Peccato lo faccia in maniera politicamente selettiva: severissima, per esempio, con chi vuol decidere della sua vita e della sua morte, estremamente tollerante con un corruttore di giudici, di testimoni e [&hellip;]<\/p>\n","protected":false},"author":1,"featured_media":0,"comment_status":"closed","ping_status":"closed","sticky":false,"template":"","format":"standard","meta":{"footnotes":""},"categories":[238],"tags":[41],"class_list":["post-810","post","type-post","status-publish","format-standard","hentry","category-articoli","tag-web"],"yoast_head":"<!-- This site is optimized with the Yoast SEO plugin v27.1.1 - https:\/\/yoast.com\/product\/yoast-seo-wordpress\/ -->\n<title>Chiesa e Silvio, due pesi e due misure - Associazione Culturale Civilt\u00e0 Laica<\/title>\n<meta name=\"robots\" content=\"index, follow, max-snippet:-1, max-image-preview:large, max-video-preview:-1\" \/>\n<link rel=\"canonical\" href=\"https:\/\/www.civiltalaica.it\/cms\/chiesa-e-silvio-due-pesi-e-due-misure\/\" \/>\n<meta property=\"og:locale\" content=\"it_IT\" \/>\n<meta property=\"og:type\" content=\"article\" \/>\n<meta property=\"og:title\" content=\"Chiesa e Silvio, due pesi e due misure - Associazione Culturale Civilt\u00e0 Laica\" \/>\n<meta property=\"og:description\" content=\"Gianni Barbacetto sul sito di MicroMega La Chiesa cattolica \u00e8 coerente, dal suo punto di vista, quando distribuisce scomuniche, precetti morali e indicazioni politiche. Peccato lo faccia in maniera politicamente selettiva: severissima, per esempio, con chi vuol decidere della sua vita e della sua morte, estremamente tollerante con un corruttore di giudici, di testimoni e [&hellip;]\" \/>\n<meta property=\"og:url\" content=\"https:\/\/www.civiltalaica.it\/cms\/chiesa-e-silvio-due-pesi-e-due-misure\/\" \/>\n<meta property=\"og:site_name\" content=\"Associazione Culturale Civilt\u00e0 Laica\" \/>\n<meta property=\"article:publisher\" content=\"https:\/\/www.facebook.com\/civiltalaica\" \/>\n<meta property=\"article:published_time\" content=\"2009-06-10T14:32:18+00:00\" \/>\n<meta property=\"article:modified_time\" content=\"2011-01-26T09:27:32+00:00\" \/>\n<meta property=\"og:image\" content=\"https:\/\/www.civiltalaica.it\/cms\/wp-content\/uploads\/2017\/06\/logo-cl.png\" \/>\n\t<meta property=\"og:image:width\" content=\"400\" \/>\n\t<meta property=\"og:image:height\" content=\"180\" \/>\n\t<meta property=\"og:image:type\" content=\"image\/png\" \/>\n<meta name=\"author\" content=\"cladmin\" \/>\n<meta name=\"twitter:card\" content=\"summary_large_image\" \/>\n<meta name=\"twitter:label1\" content=\"Scritto da\" \/>\n\t<meta name=\"twitter:data1\" content=\"cladmin\" \/>\n\t<meta name=\"twitter:label2\" content=\"Tempo di lettura stimato\" \/>\n\t<meta name=\"twitter:data2\" content=\"2 minuti\" \/>\n<script type=\"application\/ld+json\" class=\"yoast-schema-graph\">{\"@context\":\"https:\/\/schema.org\",\"@graph\":[{\"@type\":\"Article\",\"@id\":\"https:\/\/www.civiltalaica.it\/cms\/chiesa-e-silvio-due-pesi-e-due-misure\/#article\",\"isPartOf\":{\"@id\":\"https:\/\/www.civiltalaica.it\/cms\/chiesa-e-silvio-due-pesi-e-due-misure\/\"},\"author\":{\"name\":\"cladmin\",\"@id\":\"https:\/\/www.civiltalaica.it\/cms\/#\/schema\/person\/500a52762e2620e007d6333aa121f5e5\"},\"headline\":\"Chiesa e Silvio, due pesi e due misure\",\"datePublished\":\"2009-06-10T14:32:18+00:00\",\"dateModified\":\"2011-01-26T09:27:32+00:00\",\"mainEntityOfPage\":{\"@id\":\"https:\/\/www.civiltalaica.it\/cms\/chiesa-e-silvio-due-pesi-e-due-misure\/\"},\"wordCount\":372,\"keywords\":[\"Web\"],\"articleSection\":[\"articoli\"],\"inLanguage\":\"it-IT\"},{\"@type\":\"WebPage\",\"@id\":\"https:\/\/www.civiltalaica.it\/cms\/chiesa-e-silvio-due-pesi-e-due-misure\/\",\"url\":\"https:\/\/www.civiltalaica.it\/cms\/chiesa-e-silvio-due-pesi-e-due-misure\/\",\"name\":\"Chiesa e Silvio, due pesi e due misure - Associazione Culturale Civilt\u00e0 Laica\",\"isPartOf\":{\"@id\":\"https:\/\/www.civiltalaica.it\/cms\/#website\"},\"datePublished\":\"2009-06-10T14:32:18+00:00\",\"dateModified\":\"2011-01-26T09:27:32+00:00\",\"author\":{\"@id\":\"https:\/\/www.civiltalaica.it\/cms\/#\/schema\/person\/500a52762e2620e007d6333aa121f5e5\"},\"breadcrumb\":{\"@id\":\"https:\/\/www.civiltalaica.it\/cms\/chiesa-e-silvio-due-pesi-e-due-misure\/#breadcrumb\"},\"inLanguage\":\"it-IT\",\"potentialAction\":[{\"@type\":\"ReadAction\",\"target\":[\"https:\/\/www.civiltalaica.it\/cms\/chiesa-e-silvio-due-pesi-e-due-misure\/\"]}]},{\"@type\":\"BreadcrumbList\",\"@id\":\"https:\/\/www.civiltalaica.it\/cms\/chiesa-e-silvio-due-pesi-e-due-misure\/#breadcrumb\",\"itemListElement\":[{\"@type\":\"ListItem\",\"position\":1,\"name\":\"Home\",\"item\":\"https:\/\/www.civiltalaica.it\/cms\/\"},{\"@type\":\"ListItem\",\"position\":2,\"name\":\"1\u00b0 Meeting delle Associazioni Laiche\",\"item\":\"https:\/\/www.civiltalaica.it\/cms\/1%c2%b0-meeting-delle-associazioni-laiche-2\/\"},{\"@type\":\"ListItem\",\"position\":3,\"name\":\"Chiesa e Silvio, due pesi e due misure\"}]},{\"@type\":\"WebSite\",\"@id\":\"https:\/\/www.civiltalaica.it\/cms\/#website\",\"url\":\"https:\/\/www.civiltalaica.it\/cms\/\",\"name\":\"Associazione Culturale Civilt\u00e0 Laica\",\"description\":\"Per un movimento culturale volto a difendere la Laicit\u00e0 dello Stato.\",\"potentialAction\":[{\"@type\":\"SearchAction\",\"target\":{\"@type\":\"EntryPoint\",\"urlTemplate\":\"https:\/\/www.civiltalaica.it\/cms\/?s={search_term_string}\"},\"query-input\":{\"@type\":\"PropertyValueSpecification\",\"valueRequired\":true,\"valueName\":\"search_term_string\"}}],\"inLanguage\":\"it-IT\"},{\"@type\":\"Person\",\"@id\":\"https:\/\/www.civiltalaica.it\/cms\/#\/schema\/person\/500a52762e2620e007d6333aa121f5e5\",\"name\":\"cladmin\",\"url\":\"https:\/\/www.civiltalaica.it\/cms\/author\/cladmin\/\"}]}<\/script>\n<!-- \/ Yoast SEO plugin. -->","yoast_head_json":{"title":"Chiesa e Silvio, due pesi e due misure - Associazione Culturale Civilt\u00e0 Laica","robots":{"index":"index","follow":"follow","max-snippet":"max-snippet:-1","max-image-preview":"max-image-preview:large","max-video-preview":"max-video-preview:-1"},"canonical":"https:\/\/www.civiltalaica.it\/cms\/chiesa-e-silvio-due-pesi-e-due-misure\/","og_locale":"it_IT","og_type":"article","og_title":"Chiesa e Silvio, due pesi e due misure - Associazione Culturale Civilt\u00e0 Laica","og_description":"Gianni Barbacetto sul sito di MicroMega La Chiesa cattolica \u00e8 coerente, dal suo punto di vista, quando distribuisce scomuniche, precetti morali e indicazioni politiche. Peccato lo faccia in maniera politicamente selettiva: severissima, per esempio, con chi vuol decidere della sua vita e della sua morte, estremamente tollerante con un corruttore di giudici, di testimoni e [&hellip;]","og_url":"https:\/\/www.civiltalaica.it\/cms\/chiesa-e-silvio-due-pesi-e-due-misure\/","og_site_name":"Associazione Culturale Civilt\u00e0 Laica","article_publisher":"https:\/\/www.facebook.com\/civiltalaica","article_published_time":"2009-06-10T14:32:18+00:00","article_modified_time":"2011-01-26T09:27:32+00:00","og_image":[{"width":400,"height":180,"url":"https:\/\/www.civiltalaica.it\/cms\/wp-content\/uploads\/2017\/06\/logo-cl.png","type":"image\/png"}],"author":"cladmin","twitter_card":"summary_large_image","twitter_misc":{"Scritto da":"cladmin","Tempo di lettura stimato":"2 minuti"},"schema":{"@context":"https:\/\/schema.org","@graph":[{"@type":"Article","@id":"https:\/\/www.civiltalaica.it\/cms\/chiesa-e-silvio-due-pesi-e-due-misure\/#article","isPartOf":{"@id":"https:\/\/www.civiltalaica.it\/cms\/chiesa-e-silvio-due-pesi-e-due-misure\/"},"author":{"name":"cladmin","@id":"https:\/\/www.civiltalaica.it\/cms\/#\/schema\/person\/500a52762e2620e007d6333aa121f5e5"},"headline":"Chiesa e Silvio, due pesi e due misure","datePublished":"2009-06-10T14:32:18+00:00","dateModified":"2011-01-26T09:27:32+00:00","mainEntityOfPage":{"@id":"https:\/\/www.civiltalaica.it\/cms\/chiesa-e-silvio-due-pesi-e-due-misure\/"},"wordCount":372,"keywords":["Web"],"articleSection":["articoli"],"inLanguage":"it-IT"},{"@type":"WebPage","@id":"https:\/\/www.civiltalaica.it\/cms\/chiesa-e-silvio-due-pesi-e-due-misure\/","url":"https:\/\/www.civiltalaica.it\/cms\/chiesa-e-silvio-due-pesi-e-due-misure\/","name":"Chiesa e Silvio, due pesi e due misure - Associazione Culturale Civilt\u00e0 Laica","isPartOf":{"@id":"https:\/\/www.civiltalaica.it\/cms\/#website"},"datePublished":"2009-06-10T14:32:18+00:00","dateModified":"2011-01-26T09:27:32+00:00","author":{"@id":"https:\/\/www.civiltalaica.it\/cms\/#\/schema\/person\/500a52762e2620e007d6333aa121f5e5"},"breadcrumb":{"@id":"https:\/\/www.civiltalaica.it\/cms\/chiesa-e-silvio-due-pesi-e-due-misure\/#breadcrumb"},"inLanguage":"it-IT","potentialAction":[{"@type":"ReadAction","target":["https:\/\/www.civiltalaica.it\/cms\/chiesa-e-silvio-due-pesi-e-due-misure\/"]}]},{"@type":"BreadcrumbList","@id":"https:\/\/www.civiltalaica.it\/cms\/chiesa-e-silvio-due-pesi-e-due-misure\/#breadcrumb","itemListElement":[{"@type":"ListItem","position":1,"name":"Home","item":"https:\/\/www.civiltalaica.it\/cms\/"},{"@type":"ListItem","position":2,"name":"1\u00b0 Meeting delle Associazioni Laiche","item":"https:\/\/www.civiltalaica.it\/cms\/1%c2%b0-meeting-delle-associazioni-laiche-2\/"},{"@type":"ListItem","position":3,"name":"Chiesa e Silvio, due pesi e due misure"}]},{"@type":"WebSite","@id":"https:\/\/www.civiltalaica.it\/cms\/#website","url":"https:\/\/www.civiltalaica.it\/cms\/","name":"Associazione Culturale Civilt\u00e0 Laica","description":"Per un movimento culturale volto a difendere la Laicit\u00e0 dello Stato.","potentialAction":[{"@type":"SearchAction","target":{"@type":"EntryPoint","urlTemplate":"https:\/\/www.civiltalaica.it\/cms\/?s={search_term_string}"},"query-input":{"@type":"PropertyValueSpecification","valueRequired":true,"valueName":"search_term_string"}}],"inLanguage":"it-IT"},{"@type":"Person","@id":"https:\/\/www.civiltalaica.it\/cms\/#\/schema\/person\/500a52762e2620e007d6333aa121f5e5","name":"cladmin","url":"https:\/\/www.civiltalaica.it\/cms\/author\/cladmin\/"}]}},"_links":{"self":[{"href":"https:\/\/www.civiltalaica.it\/cms\/wp-json\/wp\/v2\/posts\/810","targetHints":{"allow":["GET"]}}],"collection":[{"href":"https:\/\/www.civiltalaica.it\/cms\/wp-json\/wp\/v2\/posts"}],"about":[{"href":"https:\/\/www.civiltalaica.it\/cms\/wp-json\/wp\/v2\/types\/post"}],"author":[{"embeddable":true,"href":"https:\/\/www.civiltalaica.it\/cms\/wp-json\/wp\/v2\/users\/1"}],"replies":[{"embeddable":true,"href":"https:\/\/www.civiltalaica.it\/cms\/wp-json\/wp\/v2\/comments?post=810"}],"version-history":[{"count":0,"href":"https:\/\/www.civiltalaica.it\/cms\/wp-json\/wp\/v2\/posts\/810\/revisions"}],"wp:attachment":[{"href":"https:\/\/www.civiltalaica.it\/cms\/wp-json\/wp\/v2\/media?parent=810"}],"wp:term":[{"taxonomy":"category","embeddable":true,"href":"https:\/\/www.civiltalaica.it\/cms\/wp-json\/wp\/v2\/categories?post=810"},{"taxonomy":"post_tag","embeddable":true,"href":"https:\/\/www.civiltalaica.it\/cms\/wp-json\/wp\/v2\/tags?post=810"}],"curies":[{"name":"wp","href":"https:\/\/api.w.org\/{rel}","templated":true}]}}