{"id":809,"date":"2009-04-27T10:58:25","date_gmt":"2009-04-27T10:58:25","guid":{"rendered":""},"modified":"2011-01-26T09:35:54","modified_gmt":"2011-01-26T09:35:54","slug":"il-registro-per-le-dichiarazioni-anticipate-di-volonta-al-x-municipio","status":"publish","type":"post","link":"https:\/\/www.civiltalaica.it\/cms\/il-registro-per-le-dichiarazioni-anticipate-di-volonta-al-x-municipio\/","title":{"rendered":"Il registro per le dichiarazioni anticipate di volont\u00e0 al X Municipio"},"content":{"rendered":"<p>COMUNICATO STAMPA UNITARIO DELLE ASSOCIAZIONI LAICHE DI ROMA<\/p>\n<p>Il registro per le dichiarazioni anticipate di volont\u00e0 al X Municipio di Roma<\/p>\n<p>Le associazioni laiche operanti in Roma hanno apprezzato la delibera<br \/>\nadottata il 31 marzo 2009 dalla Giunta del X Municipio di Roma che ha<br \/>\nconsentito l&#39;autenticazione e la registrazione da parte degli uffici<br \/>\ndelle dichiarazioni di trattamenti sanitari ai quali i cittadini<br \/>\nvogliono o non vogliono essere sottoposti nel caso che si trovassero<br \/>\nnella impossibilit\u00e0 di esprimere le loro volont\u00e0.<\/p>\n<p>Ad avviso delle predette associazioni, la successiva decisione adottata<br \/>\na stretta maggioranza dal Consiglio dello stesso Municipio di<br \/>\nsospendere tale iniziativa, su discutibile invito del Sindaco di Roma<br \/>\nAlemanno, \u00e8 del tutto incomprensibile e fondata su argomentazioni<br \/>\nstrumentali.<\/p>\n<p><!--more--><br \/>E infatti:<\/p>\n<p>&#8211; il registro per le dichiarazioni anticipate di volont\u00e0 rientra nelle normali competenze anagrafiche del X Municipio, essendo basato sulla autenticazione delle dichiarazioni sostitutive di atto notorio previste dall&#39;art. 76 del D.P.R. n. 445\/2000, ed in quanto tale dovrebbe anzi essere esteso a tutti i Comuni italiani;<\/p>\n<p>&#8211; non \u00e8 vero che il registro sostituisca la legge sul testamento biologico, legge che come tutti sanno \u00e8 in corso di approvazione da parte del Parlamento;<\/p>\n<p>&#8211; \u00e8 solo propaganda ingannevole assimilare il rifiuto di trattamenti terapeutici all&#39;eutanasia, e peggio ancora l&#39;eutanasia all&#39;omicidio;<\/p>\n<p>&#8211; l&#39;iniziativa del X Municipio non pu\u00f2 essere definita un &quot;manifesto ideologico&quot;, come ha affermato il sindaco Alemanno: rispettare le leggi, la Costituzione della Repubblica Italiana, le convenzioni internazionali (Oviedo), le sentenze della Magistratura non costituisce una deviazione rispetto alle forme democratiche di convivenza civile. Ideologica \u00e8 semmai la posizione di quanti ritengono che i diritti personali e riconosciuti dalla Costituzione a tutti i cittadini debbano conformarsi alle convinzioni religiose di una maggioranza politica.<\/p>\n<p>&#8211; l&#39;iniziativa del X Municipio \u00e8 stata definita anche &quot;scandalosa&quot;, dimenticando o ignorando che il testamento biologico \u00e8 da tempo una prassi ordinaria in molti Stati europei ed Americani e che in Spagna lo stesso Episcopato cattolico ha approvato un proprio modello di testamento biologico che viene pacificamente sottoscritto dai fedeli.<\/p>\n<p>Le associazioni laiche di Roma assicurano tutto il loro sostegno al Presidente Medici, alla delegata ai diritti civili Mina Welby e alla Giunta del X Municipio e li invitano a mantenere ferma la loro decisione di civilt\u00e0, nella convinzione di&#160; interpretare la volont\u00e0 della maggioranza dei cittadini della capitale e di tutti gli italiani, i quali vogliono poter esprimere le loro volont\u00e0 in modo semplice, sicuro e gratuito senza necessit\u00e0 di ricorrere a procedure complesse e costose quali l&#39;intervento di notai, o la nomina di amministratori di sostegno con decreto giudiziario, o la registrazione di audiovideo su internet.<\/p>\n<p>Le associazioni laiche di Roma sottolineano infine che l&#39;istituzione del registro potrebbe essere l&#39;occasione per raccogliere altre dichiarazioni di volont\u00e0 connesse alla fase finale della vita, quali la donazione di organi, la cremazione, la dispersione delle ceneri, il tipo di esequie. Ci\u00f2 consentirebbe di unificare procedure oggi diversificate, di far risparmiare tempo e denaro sia ai cittadini che alle stesse istituzioni ed anche di rilasciare ad ogni dichiarante una &quot;biocard&quot; sintetica delle sue volont\u00e0 tramite un tesserino da conservare fra i propri documenti personali.<\/p>\n<p>Roma, li 26 aprile 2009<\/p>\n<p>Altrevie &#8211; Claudio Bocci<br \/>Arcigay Roma &#8211; Fabrizio Marrazzo<br \/>Consulta romana per la laicit\u00e0 delle istituzioni &#8211; Piergiorgio Donatelli<br \/>CRIDES \u2014 Antonia Baraldi Sani<br \/>Cultura omosessuale &quot;Mario Mieli&quot; &#8211; Andrea Maccarrone<br \/>Italia Laica \u2014 Mirella Sartori<br \/>LiberaUscita \u2014 Giampietro Sestini<br \/>Libero pensiero &quot;Giordano Bruno&quot; &#8211; Maria Mantello<br \/>Luca Coscioni Roma &#8211; Mario Staderini<br \/>NoGod &#8211; Giulio Cesare Vallocchia<br \/>Societ\u00e0 laica e plurale &#8211; Nico Sferragatta<br \/>UAAR Roma &#8211; Francesco Paoletti<\/p>\n","protected":false},"excerpt":{"rendered":"<p>COMUNICATO STAMPA UNITARIO DELLE ASSOCIAZIONI LAICHE DI ROMA Il registro per le dichiarazioni anticipate di volont\u00e0 al X Municipio di Roma Le associazioni laiche operanti in Roma hanno apprezzato la delibera adottata il 31 marzo 2009 dalla Giunta del X Municipio di Roma che ha consentito l&#39;autenticazione e la registrazione da parte degli uffici delle [&hellip;]<\/p>\n","protected":false},"author":1,"featured_media":0,"comment_status":"closed","ping_status":"closed","sticky":false,"template":"","format":"standard","meta":{"footnotes":""},"categories":[238],"tags":[41],"class_list":["post-809","post","type-post","status-publish","format-standard","hentry","category-articoli","tag-web"],"yoast_head":"<!-- This site is optimized with the Yoast SEO plugin v27.1.1 - https:\/\/yoast.com\/product\/yoast-seo-wordpress\/ -->\n<title>Il registro per le dichiarazioni anticipate di volont\u00e0 al X Municipio - Associazione Culturale Civilt\u00e0 Laica<\/title>\n<meta name=\"robots\" content=\"index, follow, max-snippet:-1, max-image-preview:large, max-video-preview:-1\" \/>\n<link rel=\"canonical\" href=\"https:\/\/www.civiltalaica.it\/cms\/il-registro-per-le-dichiarazioni-anticipate-di-volonta-al-x-municipio\/\" \/>\n<meta property=\"og:locale\" content=\"it_IT\" \/>\n<meta property=\"og:type\" content=\"article\" \/>\n<meta property=\"og:title\" content=\"Il registro per le dichiarazioni anticipate di volont\u00e0 al X Municipio - Associazione Culturale Civilt\u00e0 Laica\" \/>\n<meta property=\"og:description\" content=\"COMUNICATO STAMPA UNITARIO DELLE ASSOCIAZIONI LAICHE DI ROMA Il registro per le dichiarazioni anticipate di volont\u00e0 al X Municipio di Roma Le associazioni laiche operanti in Roma hanno apprezzato la delibera adottata il 31 marzo 2009 dalla Giunta del X Municipio di Roma che ha consentito l&#039;autenticazione e la registrazione da parte degli uffici delle [&hellip;]\" \/>\n<meta property=\"og:url\" content=\"https:\/\/www.civiltalaica.it\/cms\/il-registro-per-le-dichiarazioni-anticipate-di-volonta-al-x-municipio\/\" \/>\n<meta property=\"og:site_name\" content=\"Associazione Culturale Civilt\u00e0 Laica\" \/>\n<meta property=\"article:publisher\" content=\"https:\/\/www.facebook.com\/civiltalaica\" \/>\n<meta property=\"article:published_time\" content=\"2009-04-27T10:58:25+00:00\" \/>\n<meta property=\"article:modified_time\" content=\"2011-01-26T09:35:54+00:00\" \/>\n<meta property=\"og:image\" content=\"https:\/\/www.civiltalaica.it\/cms\/wp-content\/uploads\/2017\/06\/logo-cl.png\" \/>\n\t<meta property=\"og:image:width\" content=\"400\" \/>\n\t<meta property=\"og:image:height\" content=\"180\" \/>\n\t<meta property=\"og:image:type\" content=\"image\/png\" \/>\n<meta name=\"author\" content=\"cladmin\" \/>\n<meta name=\"twitter:card\" content=\"summary_large_image\" \/>\n<meta name=\"twitter:label1\" content=\"Scritto da\" \/>\n\t<meta name=\"twitter:data1\" content=\"cladmin\" \/>\n\t<meta name=\"twitter:label2\" content=\"Tempo di lettura stimato\" \/>\n\t<meta name=\"twitter:data2\" content=\"3 minuti\" \/>\n<script type=\"application\/ld+json\" class=\"yoast-schema-graph\">{\"@context\":\"https:\/\/schema.org\",\"@graph\":[{\"@type\":\"Article\",\"@id\":\"https:\/\/www.civiltalaica.it\/cms\/il-registro-per-le-dichiarazioni-anticipate-di-volonta-al-x-municipio\/#article\",\"isPartOf\":{\"@id\":\"https:\/\/www.civiltalaica.it\/cms\/il-registro-per-le-dichiarazioni-anticipate-di-volonta-al-x-municipio\/\"},\"author\":{\"name\":\"cladmin\",\"@id\":\"https:\/\/www.civiltalaica.it\/cms\/#\/schema\/person\/500a52762e2620e007d6333aa121f5e5\"},\"headline\":\"Il registro per le dichiarazioni anticipate di volont\u00e0 al X Municipio\",\"datePublished\":\"2009-04-27T10:58:25+00:00\",\"dateModified\":\"2011-01-26T09:35:54+00:00\",\"mainEntityOfPage\":{\"@id\":\"https:\/\/www.civiltalaica.it\/cms\/il-registro-per-le-dichiarazioni-anticipate-di-volonta-al-x-municipio\/\"},\"wordCount\":600,\"keywords\":[\"Web\"],\"articleSection\":[\"articoli\"],\"inLanguage\":\"it-IT\"},{\"@type\":\"WebPage\",\"@id\":\"https:\/\/www.civiltalaica.it\/cms\/il-registro-per-le-dichiarazioni-anticipate-di-volonta-al-x-municipio\/\",\"url\":\"https:\/\/www.civiltalaica.it\/cms\/il-registro-per-le-dichiarazioni-anticipate-di-volonta-al-x-municipio\/\",\"name\":\"Il registro per le dichiarazioni anticipate di volont\u00e0 al X Municipio - Associazione Culturale Civilt\u00e0 Laica\",\"isPartOf\":{\"@id\":\"https:\/\/www.civiltalaica.it\/cms\/#website\"},\"datePublished\":\"2009-04-27T10:58:25+00:00\",\"dateModified\":\"2011-01-26T09:35:54+00:00\",\"author\":{\"@id\":\"https:\/\/www.civiltalaica.it\/cms\/#\/schema\/person\/500a52762e2620e007d6333aa121f5e5\"},\"breadcrumb\":{\"@id\":\"https:\/\/www.civiltalaica.it\/cms\/il-registro-per-le-dichiarazioni-anticipate-di-volonta-al-x-municipio\/#breadcrumb\"},\"inLanguage\":\"it-IT\",\"potentialAction\":[{\"@type\":\"ReadAction\",\"target\":[\"https:\/\/www.civiltalaica.it\/cms\/il-registro-per-le-dichiarazioni-anticipate-di-volonta-al-x-municipio\/\"]}]},{\"@type\":\"BreadcrumbList\",\"@id\":\"https:\/\/www.civiltalaica.it\/cms\/il-registro-per-le-dichiarazioni-anticipate-di-volonta-al-x-municipio\/#breadcrumb\",\"itemListElement\":[{\"@type\":\"ListItem\",\"position\":1,\"name\":\"Home\",\"item\":\"https:\/\/www.civiltalaica.it\/cms\/\"},{\"@type\":\"ListItem\",\"position\":2,\"name\":\"1\u00b0 Meeting delle Associazioni Laiche\",\"item\":\"https:\/\/www.civiltalaica.it\/cms\/1%c2%b0-meeting-delle-associazioni-laiche-2\/\"},{\"@type\":\"ListItem\",\"position\":3,\"name\":\"Il registro per le dichiarazioni anticipate di volont\u00e0 al X Municipio\"}]},{\"@type\":\"WebSite\",\"@id\":\"https:\/\/www.civiltalaica.it\/cms\/#website\",\"url\":\"https:\/\/www.civiltalaica.it\/cms\/\",\"name\":\"Associazione Culturale Civilt\u00e0 Laica\",\"description\":\"Per un movimento culturale volto a difendere la Laicit\u00e0 dello Stato.\",\"potentialAction\":[{\"@type\":\"SearchAction\",\"target\":{\"@type\":\"EntryPoint\",\"urlTemplate\":\"https:\/\/www.civiltalaica.it\/cms\/?s={search_term_string}\"},\"query-input\":{\"@type\":\"PropertyValueSpecification\",\"valueRequired\":true,\"valueName\":\"search_term_string\"}}],\"inLanguage\":\"it-IT\"},{\"@type\":\"Person\",\"@id\":\"https:\/\/www.civiltalaica.it\/cms\/#\/schema\/person\/500a52762e2620e007d6333aa121f5e5\",\"name\":\"cladmin\",\"url\":\"https:\/\/www.civiltalaica.it\/cms\/author\/cladmin\/\"}]}<\/script>\n<!-- \/ Yoast SEO plugin. -->","yoast_head_json":{"title":"Il registro per le dichiarazioni anticipate di volont\u00e0 al X Municipio - Associazione Culturale Civilt\u00e0 Laica","robots":{"index":"index","follow":"follow","max-snippet":"max-snippet:-1","max-image-preview":"max-image-preview:large","max-video-preview":"max-video-preview:-1"},"canonical":"https:\/\/www.civiltalaica.it\/cms\/il-registro-per-le-dichiarazioni-anticipate-di-volonta-al-x-municipio\/","og_locale":"it_IT","og_type":"article","og_title":"Il registro per le dichiarazioni anticipate di volont\u00e0 al X Municipio - Associazione Culturale Civilt\u00e0 Laica","og_description":"COMUNICATO STAMPA UNITARIO DELLE ASSOCIAZIONI LAICHE DI ROMA Il registro per le dichiarazioni anticipate di volont\u00e0 al X Municipio di Roma Le associazioni laiche operanti in Roma hanno apprezzato la delibera adottata il 31 marzo 2009 dalla Giunta del X Municipio di Roma che ha consentito l&#39;autenticazione e la registrazione da parte degli uffici delle [&hellip;]","og_url":"https:\/\/www.civiltalaica.it\/cms\/il-registro-per-le-dichiarazioni-anticipate-di-volonta-al-x-municipio\/","og_site_name":"Associazione Culturale Civilt\u00e0 Laica","article_publisher":"https:\/\/www.facebook.com\/civiltalaica","article_published_time":"2009-04-27T10:58:25+00:00","article_modified_time":"2011-01-26T09:35:54+00:00","og_image":[{"width":400,"height":180,"url":"https:\/\/www.civiltalaica.it\/cms\/wp-content\/uploads\/2017\/06\/logo-cl.png","type":"image\/png"}],"author":"cladmin","twitter_card":"summary_large_image","twitter_misc":{"Scritto da":"cladmin","Tempo di lettura stimato":"3 minuti"},"schema":{"@context":"https:\/\/schema.org","@graph":[{"@type":"Article","@id":"https:\/\/www.civiltalaica.it\/cms\/il-registro-per-le-dichiarazioni-anticipate-di-volonta-al-x-municipio\/#article","isPartOf":{"@id":"https:\/\/www.civiltalaica.it\/cms\/il-registro-per-le-dichiarazioni-anticipate-di-volonta-al-x-municipio\/"},"author":{"name":"cladmin","@id":"https:\/\/www.civiltalaica.it\/cms\/#\/schema\/person\/500a52762e2620e007d6333aa121f5e5"},"headline":"Il registro per le dichiarazioni anticipate di volont\u00e0 al X Municipio","datePublished":"2009-04-27T10:58:25+00:00","dateModified":"2011-01-26T09:35:54+00:00","mainEntityOfPage":{"@id":"https:\/\/www.civiltalaica.it\/cms\/il-registro-per-le-dichiarazioni-anticipate-di-volonta-al-x-municipio\/"},"wordCount":600,"keywords":["Web"],"articleSection":["articoli"],"inLanguage":"it-IT"},{"@type":"WebPage","@id":"https:\/\/www.civiltalaica.it\/cms\/il-registro-per-le-dichiarazioni-anticipate-di-volonta-al-x-municipio\/","url":"https:\/\/www.civiltalaica.it\/cms\/il-registro-per-le-dichiarazioni-anticipate-di-volonta-al-x-municipio\/","name":"Il registro per le dichiarazioni anticipate di volont\u00e0 al X Municipio - Associazione Culturale Civilt\u00e0 Laica","isPartOf":{"@id":"https:\/\/www.civiltalaica.it\/cms\/#website"},"datePublished":"2009-04-27T10:58:25+00:00","dateModified":"2011-01-26T09:35:54+00:00","author":{"@id":"https:\/\/www.civiltalaica.it\/cms\/#\/schema\/person\/500a52762e2620e007d6333aa121f5e5"},"breadcrumb":{"@id":"https:\/\/www.civiltalaica.it\/cms\/il-registro-per-le-dichiarazioni-anticipate-di-volonta-al-x-municipio\/#breadcrumb"},"inLanguage":"it-IT","potentialAction":[{"@type":"ReadAction","target":["https:\/\/www.civiltalaica.it\/cms\/il-registro-per-le-dichiarazioni-anticipate-di-volonta-al-x-municipio\/"]}]},{"@type":"BreadcrumbList","@id":"https:\/\/www.civiltalaica.it\/cms\/il-registro-per-le-dichiarazioni-anticipate-di-volonta-al-x-municipio\/#breadcrumb","itemListElement":[{"@type":"ListItem","position":1,"name":"Home","item":"https:\/\/www.civiltalaica.it\/cms\/"},{"@type":"ListItem","position":2,"name":"1\u00b0 Meeting delle Associazioni Laiche","item":"https:\/\/www.civiltalaica.it\/cms\/1%c2%b0-meeting-delle-associazioni-laiche-2\/"},{"@type":"ListItem","position":3,"name":"Il registro per le dichiarazioni anticipate di volont\u00e0 al X Municipio"}]},{"@type":"WebSite","@id":"https:\/\/www.civiltalaica.it\/cms\/#website","url":"https:\/\/www.civiltalaica.it\/cms\/","name":"Associazione Culturale Civilt\u00e0 Laica","description":"Per un movimento culturale volto a difendere la Laicit\u00e0 dello Stato.","potentialAction":[{"@type":"SearchAction","target":{"@type":"EntryPoint","urlTemplate":"https:\/\/www.civiltalaica.it\/cms\/?s={search_term_string}"},"query-input":{"@type":"PropertyValueSpecification","valueRequired":true,"valueName":"search_term_string"}}],"inLanguage":"it-IT"},{"@type":"Person","@id":"https:\/\/www.civiltalaica.it\/cms\/#\/schema\/person\/500a52762e2620e007d6333aa121f5e5","name":"cladmin","url":"https:\/\/www.civiltalaica.it\/cms\/author\/cladmin\/"}]}},"_links":{"self":[{"href":"https:\/\/www.civiltalaica.it\/cms\/wp-json\/wp\/v2\/posts\/809","targetHints":{"allow":["GET"]}}],"collection":[{"href":"https:\/\/www.civiltalaica.it\/cms\/wp-json\/wp\/v2\/posts"}],"about":[{"href":"https:\/\/www.civiltalaica.it\/cms\/wp-json\/wp\/v2\/types\/post"}],"author":[{"embeddable":true,"href":"https:\/\/www.civiltalaica.it\/cms\/wp-json\/wp\/v2\/users\/1"}],"replies":[{"embeddable":true,"href":"https:\/\/www.civiltalaica.it\/cms\/wp-json\/wp\/v2\/comments?post=809"}],"version-history":[{"count":0,"href":"https:\/\/www.civiltalaica.it\/cms\/wp-json\/wp\/v2\/posts\/809\/revisions"}],"wp:attachment":[{"href":"https:\/\/www.civiltalaica.it\/cms\/wp-json\/wp\/v2\/media?parent=809"}],"wp:term":[{"taxonomy":"category","embeddable":true,"href":"https:\/\/www.civiltalaica.it\/cms\/wp-json\/wp\/v2\/categories?post=809"},{"taxonomy":"post_tag","embeddable":true,"href":"https:\/\/www.civiltalaica.it\/cms\/wp-json\/wp\/v2\/tags?post=809"}],"curies":[{"name":"wp","href":"https:\/\/api.w.org\/{rel}","templated":true}]}}