{"id":808,"date":"2009-04-14T09:59:57","date_gmt":"2009-04-14T09:59:57","guid":{"rendered":""},"modified":"2011-01-26T09:36:15","modified_gmt":"2011-01-26T09:36:15","slug":"la-terra-trema-i-poteri-si-rafforzano","status":"publish","type":"post","link":"https:\/\/www.civiltalaica.it\/cms\/la-terra-trema-i-poteri-si-rafforzano\/","title":{"rendered":"La terra trema, i poteri si rafforzano"},"content":{"rendered":"<p>[&#8230;]<br \/>Non a caso, da quando l&#39;Abruzzo ha subito le gravi<br \/>\ncatastrofi legate sia ai fenomeni sismici che ad&#160;una edilizia<br \/>\ncriminale, in proporzioni tuttora da stabilire, la Chiesa cattolica,<br \/>\ngi\u00e0 onnipresente in TV,&#160;\u00e8 incredibilmente riuscita a superare s\u00e9<br \/>\nstessa, e cio\u00e8 a raddoppiare la sua&#160;presenza mediatica con una<br \/>\ninvadenza che non ha precedenti, nemmeno in occasione dei terremoti<br \/>\ndegli ultimi decenni che colpirono Umbria, Irpinia, Friuli, Belice.<\/p>\n<p>Cosa avranno mai da dire preti e vescovi a questa<br \/>\ndisastrata popolazione? Se perlomeno in Italia ci fosse una religione<br \/>\netica, che pretendesse sincera moralit\u00e0 da parte dei suoi adepti, forse<br \/>\npotevamo sperare che quei costruttori edili che hanno costruito case di<br \/>\nsabbia anzich\u00e9 di cemento avessero qualche salutare senso di colpa,<br \/>\nanzi, che non fosse nemmeno venuta loro la tentazione di costruire<br \/>\ntrappole che uccidono al posto di case vere, solo per guadagnare un po&#39;<br \/>\ndi pi\u00f9.<\/p>\n<p><a href=\"http:\/\/civiltalaica.splinder.com\/post\/20314165\/La+terra+trema%2C+i+poteri+si+ra\" target=\"_blank\">Testo completo sul blog<\/a><\/p>\n","protected":false},"excerpt":{"rendered":"<p>[&#8230;]Non a caso, da quando l&#39;Abruzzo ha subito le gravi catastrofi legate sia ai fenomeni sismici che ad&#160;una edilizia criminale, in proporzioni tuttora da stabilire, la Chiesa cattolica, gi\u00e0 onnipresente in TV,&#160;\u00e8 incredibilmente riuscita a superare s\u00e9 stessa, e cio\u00e8 a raddoppiare la sua&#160;presenza mediatica con una invadenza che non ha precedenti, nemmeno in occasione [&hellip;]<\/p>\n","protected":false},"author":1,"featured_media":0,"comment_status":"closed","ping_status":"closed","sticky":false,"template":"","format":"standard","meta":{"footnotes":""},"categories":[238],"tags":[41],"class_list":["post-808","post","type-post","status-publish","format-standard","hentry","category-articoli","tag-web"],"yoast_head":"<!-- This site is optimized with the Yoast SEO plugin v27.1.1 - https:\/\/yoast.com\/product\/yoast-seo-wordpress\/ -->\n<title>La terra trema, i poteri si rafforzano - Associazione Culturale Civilt\u00e0 Laica<\/title>\n<meta name=\"robots\" content=\"index, follow, max-snippet:-1, max-image-preview:large, max-video-preview:-1\" \/>\n<link rel=\"canonical\" href=\"https:\/\/www.civiltalaica.it\/cms\/la-terra-trema-i-poteri-si-rafforzano\/\" \/>\n<meta property=\"og:locale\" content=\"it_IT\" \/>\n<meta property=\"og:type\" content=\"article\" \/>\n<meta property=\"og:title\" content=\"La terra trema, i poteri si rafforzano - Associazione Culturale Civilt\u00e0 Laica\" \/>\n<meta property=\"og:description\" content=\"[&#8230;]Non a caso, da quando l&#039;Abruzzo ha subito le gravi catastrofi legate sia ai fenomeni sismici che ad&#160;una edilizia criminale, in proporzioni tuttora da stabilire, la Chiesa cattolica, gi\u00e0 onnipresente in TV,&#160;\u00e8 incredibilmente riuscita a superare s\u00e9 stessa, e cio\u00e8 a raddoppiare la sua&#160;presenza mediatica con una invadenza che non ha precedenti, nemmeno in occasione [&hellip;]\" \/>\n<meta property=\"og:url\" content=\"https:\/\/www.civiltalaica.it\/cms\/la-terra-trema-i-poteri-si-rafforzano\/\" \/>\n<meta property=\"og:site_name\" content=\"Associazione Culturale Civilt\u00e0 Laica\" \/>\n<meta property=\"article:publisher\" content=\"https:\/\/www.facebook.com\/civiltalaica\" \/>\n<meta property=\"article:published_time\" content=\"2009-04-14T09:59:57+00:00\" \/>\n<meta property=\"article:modified_time\" content=\"2011-01-26T09:36:15+00:00\" \/>\n<meta property=\"og:image\" content=\"https:\/\/www.civiltalaica.it\/cms\/wp-content\/uploads\/2017\/06\/logo-cl.png\" \/>\n\t<meta property=\"og:image:width\" content=\"400\" \/>\n\t<meta property=\"og:image:height\" content=\"180\" \/>\n\t<meta property=\"og:image:type\" content=\"image\/png\" \/>\n<meta name=\"author\" content=\"cladmin\" \/>\n<meta name=\"twitter:card\" content=\"summary_large_image\" \/>\n<meta name=\"twitter:label1\" content=\"Scritto da\" \/>\n\t<meta name=\"twitter:data1\" content=\"cladmin\" \/>\n\t<meta name=\"twitter:label2\" content=\"Tempo di lettura stimato\" \/>\n\t<meta name=\"twitter:data2\" content=\"1 minuto\" \/>\n<script type=\"application\/ld+json\" class=\"yoast-schema-graph\">{\"@context\":\"https:\/\/schema.org\",\"@graph\":[{\"@type\":\"Article\",\"@id\":\"https:\/\/www.civiltalaica.it\/cms\/la-terra-trema-i-poteri-si-rafforzano\/#article\",\"isPartOf\":{\"@id\":\"https:\/\/www.civiltalaica.it\/cms\/la-terra-trema-i-poteri-si-rafforzano\/\"},\"author\":{\"name\":\"cladmin\",\"@id\":\"https:\/\/www.civiltalaica.it\/cms\/#\/schema\/person\/500a52762e2620e007d6333aa121f5e5\"},\"headline\":\"La terra trema, i poteri si rafforzano\",\"datePublished\":\"2009-04-14T09:59:57+00:00\",\"dateModified\":\"2011-01-26T09:36:15+00:00\",\"mainEntityOfPage\":{\"@id\":\"https:\/\/www.civiltalaica.it\/cms\/la-terra-trema-i-poteri-si-rafforzano\/\"},\"wordCount\":158,\"keywords\":[\"Web\"],\"articleSection\":[\"articoli\"],\"inLanguage\":\"it-IT\"},{\"@type\":\"WebPage\",\"@id\":\"https:\/\/www.civiltalaica.it\/cms\/la-terra-trema-i-poteri-si-rafforzano\/\",\"url\":\"https:\/\/www.civiltalaica.it\/cms\/la-terra-trema-i-poteri-si-rafforzano\/\",\"name\":\"La terra trema, i poteri si rafforzano - Associazione Culturale Civilt\u00e0 Laica\",\"isPartOf\":{\"@id\":\"https:\/\/www.civiltalaica.it\/cms\/#website\"},\"datePublished\":\"2009-04-14T09:59:57+00:00\",\"dateModified\":\"2011-01-26T09:36:15+00:00\",\"author\":{\"@id\":\"https:\/\/www.civiltalaica.it\/cms\/#\/schema\/person\/500a52762e2620e007d6333aa121f5e5\"},\"breadcrumb\":{\"@id\":\"https:\/\/www.civiltalaica.it\/cms\/la-terra-trema-i-poteri-si-rafforzano\/#breadcrumb\"},\"inLanguage\":\"it-IT\",\"potentialAction\":[{\"@type\":\"ReadAction\",\"target\":[\"https:\/\/www.civiltalaica.it\/cms\/la-terra-trema-i-poteri-si-rafforzano\/\"]}]},{\"@type\":\"BreadcrumbList\",\"@id\":\"https:\/\/www.civiltalaica.it\/cms\/la-terra-trema-i-poteri-si-rafforzano\/#breadcrumb\",\"itemListElement\":[{\"@type\":\"ListItem\",\"position\":1,\"name\":\"Home\",\"item\":\"https:\/\/www.civiltalaica.it\/cms\/\"},{\"@type\":\"ListItem\",\"position\":2,\"name\":\"1\u00b0 Meeting delle Associazioni Laiche\",\"item\":\"https:\/\/www.civiltalaica.it\/cms\/1%c2%b0-meeting-delle-associazioni-laiche-2\/\"},{\"@type\":\"ListItem\",\"position\":3,\"name\":\"La terra trema, i poteri si rafforzano\"}]},{\"@type\":\"WebSite\",\"@id\":\"https:\/\/www.civiltalaica.it\/cms\/#website\",\"url\":\"https:\/\/www.civiltalaica.it\/cms\/\",\"name\":\"Associazione Culturale Civilt\u00e0 Laica\",\"description\":\"Per un movimento culturale volto a difendere la Laicit\u00e0 dello Stato.\",\"potentialAction\":[{\"@type\":\"SearchAction\",\"target\":{\"@type\":\"EntryPoint\",\"urlTemplate\":\"https:\/\/www.civiltalaica.it\/cms\/?s={search_term_string}\"},\"query-input\":{\"@type\":\"PropertyValueSpecification\",\"valueRequired\":true,\"valueName\":\"search_term_string\"}}],\"inLanguage\":\"it-IT\"},{\"@type\":\"Person\",\"@id\":\"https:\/\/www.civiltalaica.it\/cms\/#\/schema\/person\/500a52762e2620e007d6333aa121f5e5\",\"name\":\"cladmin\",\"url\":\"https:\/\/www.civiltalaica.it\/cms\/author\/cladmin\/\"}]}<\/script>\n<!-- \/ Yoast SEO plugin. -->","yoast_head_json":{"title":"La terra trema, i poteri si rafforzano - Associazione Culturale Civilt\u00e0 Laica","robots":{"index":"index","follow":"follow","max-snippet":"max-snippet:-1","max-image-preview":"max-image-preview:large","max-video-preview":"max-video-preview:-1"},"canonical":"https:\/\/www.civiltalaica.it\/cms\/la-terra-trema-i-poteri-si-rafforzano\/","og_locale":"it_IT","og_type":"article","og_title":"La terra trema, i poteri si rafforzano - Associazione Culturale Civilt\u00e0 Laica","og_description":"[&#8230;]Non a caso, da quando l&#39;Abruzzo ha subito le gravi catastrofi legate sia ai fenomeni sismici che ad&#160;una edilizia criminale, in proporzioni tuttora da stabilire, la Chiesa cattolica, gi\u00e0 onnipresente in TV,&#160;\u00e8 incredibilmente riuscita a superare s\u00e9 stessa, e cio\u00e8 a raddoppiare la sua&#160;presenza mediatica con una invadenza che non ha precedenti, nemmeno in occasione [&hellip;]","og_url":"https:\/\/www.civiltalaica.it\/cms\/la-terra-trema-i-poteri-si-rafforzano\/","og_site_name":"Associazione Culturale Civilt\u00e0 Laica","article_publisher":"https:\/\/www.facebook.com\/civiltalaica","article_published_time":"2009-04-14T09:59:57+00:00","article_modified_time":"2011-01-26T09:36:15+00:00","og_image":[{"width":400,"height":180,"url":"https:\/\/www.civiltalaica.it\/cms\/wp-content\/uploads\/2017\/06\/logo-cl.png","type":"image\/png"}],"author":"cladmin","twitter_card":"summary_large_image","twitter_misc":{"Scritto da":"cladmin","Tempo di lettura stimato":"1 minuto"},"schema":{"@context":"https:\/\/schema.org","@graph":[{"@type":"Article","@id":"https:\/\/www.civiltalaica.it\/cms\/la-terra-trema-i-poteri-si-rafforzano\/#article","isPartOf":{"@id":"https:\/\/www.civiltalaica.it\/cms\/la-terra-trema-i-poteri-si-rafforzano\/"},"author":{"name":"cladmin","@id":"https:\/\/www.civiltalaica.it\/cms\/#\/schema\/person\/500a52762e2620e007d6333aa121f5e5"},"headline":"La terra trema, i poteri si rafforzano","datePublished":"2009-04-14T09:59:57+00:00","dateModified":"2011-01-26T09:36:15+00:00","mainEntityOfPage":{"@id":"https:\/\/www.civiltalaica.it\/cms\/la-terra-trema-i-poteri-si-rafforzano\/"},"wordCount":158,"keywords":["Web"],"articleSection":["articoli"],"inLanguage":"it-IT"},{"@type":"WebPage","@id":"https:\/\/www.civiltalaica.it\/cms\/la-terra-trema-i-poteri-si-rafforzano\/","url":"https:\/\/www.civiltalaica.it\/cms\/la-terra-trema-i-poteri-si-rafforzano\/","name":"La terra trema, i poteri si rafforzano - Associazione Culturale Civilt\u00e0 Laica","isPartOf":{"@id":"https:\/\/www.civiltalaica.it\/cms\/#website"},"datePublished":"2009-04-14T09:59:57+00:00","dateModified":"2011-01-26T09:36:15+00:00","author":{"@id":"https:\/\/www.civiltalaica.it\/cms\/#\/schema\/person\/500a52762e2620e007d6333aa121f5e5"},"breadcrumb":{"@id":"https:\/\/www.civiltalaica.it\/cms\/la-terra-trema-i-poteri-si-rafforzano\/#breadcrumb"},"inLanguage":"it-IT","potentialAction":[{"@type":"ReadAction","target":["https:\/\/www.civiltalaica.it\/cms\/la-terra-trema-i-poteri-si-rafforzano\/"]}]},{"@type":"BreadcrumbList","@id":"https:\/\/www.civiltalaica.it\/cms\/la-terra-trema-i-poteri-si-rafforzano\/#breadcrumb","itemListElement":[{"@type":"ListItem","position":1,"name":"Home","item":"https:\/\/www.civiltalaica.it\/cms\/"},{"@type":"ListItem","position":2,"name":"1\u00b0 Meeting delle Associazioni Laiche","item":"https:\/\/www.civiltalaica.it\/cms\/1%c2%b0-meeting-delle-associazioni-laiche-2\/"},{"@type":"ListItem","position":3,"name":"La terra trema, i poteri si rafforzano"}]},{"@type":"WebSite","@id":"https:\/\/www.civiltalaica.it\/cms\/#website","url":"https:\/\/www.civiltalaica.it\/cms\/","name":"Associazione Culturale Civilt\u00e0 Laica","description":"Per un movimento culturale volto a difendere la Laicit\u00e0 dello Stato.","potentialAction":[{"@type":"SearchAction","target":{"@type":"EntryPoint","urlTemplate":"https:\/\/www.civiltalaica.it\/cms\/?s={search_term_string}"},"query-input":{"@type":"PropertyValueSpecification","valueRequired":true,"valueName":"search_term_string"}}],"inLanguage":"it-IT"},{"@type":"Person","@id":"https:\/\/www.civiltalaica.it\/cms\/#\/schema\/person\/500a52762e2620e007d6333aa121f5e5","name":"cladmin","url":"https:\/\/www.civiltalaica.it\/cms\/author\/cladmin\/"}]}},"_links":{"self":[{"href":"https:\/\/www.civiltalaica.it\/cms\/wp-json\/wp\/v2\/posts\/808","targetHints":{"allow":["GET"]}}],"collection":[{"href":"https:\/\/www.civiltalaica.it\/cms\/wp-json\/wp\/v2\/posts"}],"about":[{"href":"https:\/\/www.civiltalaica.it\/cms\/wp-json\/wp\/v2\/types\/post"}],"author":[{"embeddable":true,"href":"https:\/\/www.civiltalaica.it\/cms\/wp-json\/wp\/v2\/users\/1"}],"replies":[{"embeddable":true,"href":"https:\/\/www.civiltalaica.it\/cms\/wp-json\/wp\/v2\/comments?post=808"}],"version-history":[{"count":0,"href":"https:\/\/www.civiltalaica.it\/cms\/wp-json\/wp\/v2\/posts\/808\/revisions"}],"wp:attachment":[{"href":"https:\/\/www.civiltalaica.it\/cms\/wp-json\/wp\/v2\/media?parent=808"}],"wp:term":[{"taxonomy":"category","embeddable":true,"href":"https:\/\/www.civiltalaica.it\/cms\/wp-json\/wp\/v2\/categories?post=808"},{"taxonomy":"post_tag","embeddable":true,"href":"https:\/\/www.civiltalaica.it\/cms\/wp-json\/wp\/v2\/tags?post=808"}],"curies":[{"name":"wp","href":"https:\/\/api.w.org\/{rel}","templated":true}]}}