{"id":806,"date":"2009-02-11T16:28:37","date_gmt":"2009-02-11T16:28:37","guid":{"rendered":""},"modified":"2011-01-26T09:36:48","modified_gmt":"2011-01-26T09:36:48","slug":"se-ottantanni-vi-sembran-pochi%e2%80%a6","status":"publish","type":"post","link":"https:\/\/www.civiltalaica.it\/cms\/se-ottantanni-vi-sembran-pochi%e2%80%a6\/","title":{"rendered":"Se ottant&#8217;anni vi sembran pochi\u2026"},"content":{"rendered":"<p>Ha ottant&#39;anni e li dimostra tutti. Pi\u00f9 passa il tempo, pi\u00f9 il<br \/>\nconcordato siglato da Mussolini e dal Vaticano dimostra tutta la sua<br \/>\ninadeguatezza rivelandosi seriamente lesivo della libert\u00e0 di coscienza<br \/>\ndei cattolici, dei diversamente credenti, dei non credenti.<\/p>\n<p>La revisione, firmata nel 1984 da Craxi e dal card. Casaroli, non ha modificato granch\u00e9.<\/p>\n<p>Di fatto, la Chiesa romana ha continuato e continua a beneficiare di innumerevoli privilegi ingiustificati.<\/p>\n<p><!--more--><br \/>Si pensi all&#39;istituto dell&#39;otto per mille, all&#39;esenzione del pagamento dell&#39;Ici per le attivit\u00e0 commerciali, all&#39;insegnamento dell&#39;ora di religione, cio\u00e8 all&#39;immissione nelle scuole statali di ben quindicimila docenti (diversi dei quali neppure laureati) designati esclusivamente dai vescovi ma retribuiti dallo Stato. Una disposizione introdotta nel 2003 prevede, tra l&#39;altro, che qualora il vescovo, a suo insindacabile giudizio, non li ritenga pi\u00f9 adatti ad insegnare religione cattolica, ottengano la docenza di materie obbligatorie, in barba a tanti precari che, nonostante abbiano sostenuto regolari concorsi, sono ancora in attesa di una cattedra.<\/p>\n<p>Forte dei patti lateranensi, a causa di questi, l&#39;istituzione vaticana ha potuto via via accumulare potere e introiti favolosi nonch\u00e9 esercitare un&#39;opera di intromissione e controllo politico sia in modo larvato che spudoratamente.<\/p>\n<p>L&#39;arrivo al soglio pontificio di Joseph Ratzinger ha contribuito a rendere pi\u00f9 marcato questo secondo aspetto. Ne deriva una distanza, il cui divario si accentua paurosamente, abissalmente, a dismisura, tra societ\u00e0 e gerarchia (dichiaratamente teocratica, assolutistica) d&#39;Oltretevere, tra quest&#39;ultima e la stessa comunit\u00e0 cattolica. E&#39; lo scisma sommerso indagato&#160; dallo scomparso Pietro Prini. Ne va di mezzo un intero percorso di attenzione e rinnovamento avviato dal concilio giovanneo. La situazione \u00e8 tale che non \u00e8 sicuramente eccessivo affermare che la Chiesa ratzingeriana costituisce oggi una seria minaccia implosiva, un ostacolo alla piena affermazione di qualsiasi tipo di fede, prima di tutto di quella cattolica.<\/p>\n<p>Riteniamo non sia casuale l&#39;uscita proprio in questi giorni di un libro come quello che Marco Politi ha voluto significativamente intitolare La Chiesa del no (pref. di Emma Bonino, Mondadori). Ne parleremo pi\u00f9 diffusamente. Ci bastino, per ora, due citazioni esemplari: &quot;gli italiani chiedono testimonianza, non comandi dal pulpito&quot; e &quot;la Chiesa ha paura di una societ\u00e0 in cui \u00e8 esplosa la soggettivit\u00e0 di massa&quot;, in cui si va affermando &quot;il diritto di impostare la propria esistenza secondo la propria coscienza e le proprie convinzioni&quot;.<\/p>\n<p>La Chiesa, nella versione ratzingeriana-lefebvriana, si trincera dietro una miriade di no perch\u00e9 \u00e8 terrorizzata dallo sfaldamento delle illusorie e pretestuose certezze su cui ha alimentato, nei secoli, il proprio impero. Teme la vita, per questo si oppone alle libert\u00e0, a tutto ci\u00f2 che abbia a che fare con scelte responsabili. La vicenda di Eluana ne \u00e8, purtroppo, drammaticamente riprova.<\/p>\n","protected":false},"excerpt":{"rendered":"<p>Ha ottant&#39;anni e li dimostra tutti. Pi\u00f9 passa il tempo, pi\u00f9 il concordato siglato da Mussolini e dal Vaticano dimostra tutta la sua inadeguatezza rivelandosi seriamente lesivo della libert\u00e0 di coscienza dei cattolici, dei diversamente credenti, dei non credenti. La revisione, firmata nel 1984 da Craxi e dal card. Casaroli, non ha modificato granch\u00e9. Di [&hellip;]<\/p>\n","protected":false},"author":1,"featured_media":0,"comment_status":"closed","ping_status":"closed","sticky":false,"template":"","format":"standard","meta":{"footnotes":""},"categories":[238],"tags":[41],"class_list":["post-806","post","type-post","status-publish","format-standard","hentry","category-articoli","tag-web"],"yoast_head":"<!-- This site is optimized with the Yoast SEO plugin v27.1.1 - https:\/\/yoast.com\/product\/yoast-seo-wordpress\/ -->\n<title>Se ottant&#039;anni vi sembran pochi\u2026 - Associazione Culturale Civilt\u00e0 Laica<\/title>\n<meta name=\"robots\" content=\"index, follow, max-snippet:-1, max-image-preview:large, max-video-preview:-1\" \/>\n<link rel=\"canonical\" href=\"https:\/\/www.civiltalaica.it\/cms\/se-ottantanni-vi-sembran-pochi\u2026\/\" \/>\n<meta property=\"og:locale\" content=\"it_IT\" \/>\n<meta property=\"og:type\" content=\"article\" \/>\n<meta property=\"og:title\" content=\"Se ottant&#039;anni vi sembran pochi\u2026 - Associazione Culturale Civilt\u00e0 Laica\" \/>\n<meta property=\"og:description\" content=\"Ha ottant&#039;anni e li dimostra tutti. Pi\u00f9 passa il tempo, pi\u00f9 il concordato siglato da Mussolini e dal Vaticano dimostra tutta la sua inadeguatezza rivelandosi seriamente lesivo della libert\u00e0 di coscienza dei cattolici, dei diversamente credenti, dei non credenti. La revisione, firmata nel 1984 da Craxi e dal card. Casaroli, non ha modificato granch\u00e9. Di [&hellip;]\" \/>\n<meta property=\"og:url\" content=\"https:\/\/www.civiltalaica.it\/cms\/se-ottantanni-vi-sembran-pochi\u2026\/\" \/>\n<meta property=\"og:site_name\" content=\"Associazione Culturale Civilt\u00e0 Laica\" \/>\n<meta property=\"article:publisher\" content=\"https:\/\/www.facebook.com\/civiltalaica\" \/>\n<meta property=\"article:published_time\" content=\"2009-02-11T16:28:37+00:00\" \/>\n<meta property=\"article:modified_time\" content=\"2011-01-26T09:36:48+00:00\" \/>\n<meta property=\"og:image\" content=\"https:\/\/www.civiltalaica.it\/cms\/wp-content\/uploads\/2017\/06\/logo-cl.png\" \/>\n\t<meta property=\"og:image:width\" content=\"400\" \/>\n\t<meta property=\"og:image:height\" content=\"180\" \/>\n\t<meta property=\"og:image:type\" content=\"image\/png\" \/>\n<meta name=\"author\" content=\"cladmin\" \/>\n<meta name=\"twitter:card\" content=\"summary_large_image\" \/>\n<meta name=\"twitter:label1\" content=\"Scritto da\" \/>\n\t<meta name=\"twitter:data1\" content=\"cladmin\" \/>\n\t<meta name=\"twitter:label2\" content=\"Tempo di lettura stimato\" \/>\n\t<meta name=\"twitter:data2\" content=\"2 minuti\" \/>\n<script type=\"application\/ld+json\" class=\"yoast-schema-graph\">{\"@context\":\"https:\/\/schema.org\",\"@graph\":[{\"@type\":\"Article\",\"@id\":\"https:\/\/www.civiltalaica.it\/cms\/se-ottantanni-vi-sembran-pochi%e2%80%a6\/#article\",\"isPartOf\":{\"@id\":\"https:\/\/www.civiltalaica.it\/cms\/se-ottantanni-vi-sembran-pochi%e2%80%a6\/\"},\"author\":{\"name\":\"cladmin\",\"@id\":\"https:\/\/www.civiltalaica.it\/cms\/#\/schema\/person\/500a52762e2620e007d6333aa121f5e5\"},\"headline\":\"Se ottant&#8217;anni vi sembran pochi\u2026\",\"datePublished\":\"2009-02-11T16:28:37+00:00\",\"dateModified\":\"2011-01-26T09:36:48+00:00\",\"mainEntityOfPage\":{\"@id\":\"https:\/\/www.civiltalaica.it\/cms\/se-ottantanni-vi-sembran-pochi%e2%80%a6\/\"},\"wordCount\":459,\"keywords\":[\"Web\"],\"articleSection\":[\"articoli\"],\"inLanguage\":\"it-IT\"},{\"@type\":\"WebPage\",\"@id\":\"https:\/\/www.civiltalaica.it\/cms\/se-ottantanni-vi-sembran-pochi%e2%80%a6\/\",\"url\":\"https:\/\/www.civiltalaica.it\/cms\/se-ottantanni-vi-sembran-pochi%e2%80%a6\/\",\"name\":\"Se ottant'anni vi sembran pochi\u2026 - Associazione Culturale Civilt\u00e0 Laica\",\"isPartOf\":{\"@id\":\"https:\/\/www.civiltalaica.it\/cms\/#website\"},\"datePublished\":\"2009-02-11T16:28:37+00:00\",\"dateModified\":\"2011-01-26T09:36:48+00:00\",\"author\":{\"@id\":\"https:\/\/www.civiltalaica.it\/cms\/#\/schema\/person\/500a52762e2620e007d6333aa121f5e5\"},\"breadcrumb\":{\"@id\":\"https:\/\/www.civiltalaica.it\/cms\/se-ottantanni-vi-sembran-pochi%e2%80%a6\/#breadcrumb\"},\"inLanguage\":\"it-IT\",\"potentialAction\":[{\"@type\":\"ReadAction\",\"target\":[\"https:\/\/www.civiltalaica.it\/cms\/se-ottantanni-vi-sembran-pochi%e2%80%a6\/\"]}]},{\"@type\":\"BreadcrumbList\",\"@id\":\"https:\/\/www.civiltalaica.it\/cms\/se-ottantanni-vi-sembran-pochi%e2%80%a6\/#breadcrumb\",\"itemListElement\":[{\"@type\":\"ListItem\",\"position\":1,\"name\":\"Home\",\"item\":\"https:\/\/www.civiltalaica.it\/cms\/\"},{\"@type\":\"ListItem\",\"position\":2,\"name\":\"1\u00b0 Meeting delle Associazioni Laiche\",\"item\":\"https:\/\/www.civiltalaica.it\/cms\/1%c2%b0-meeting-delle-associazioni-laiche-2\/\"},{\"@type\":\"ListItem\",\"position\":3,\"name\":\"Se ottant&#8217;anni vi sembran pochi\u2026\"}]},{\"@type\":\"WebSite\",\"@id\":\"https:\/\/www.civiltalaica.it\/cms\/#website\",\"url\":\"https:\/\/www.civiltalaica.it\/cms\/\",\"name\":\"Associazione Culturale Civilt\u00e0 Laica\",\"description\":\"Per un movimento culturale volto a difendere la Laicit\u00e0 dello Stato.\",\"potentialAction\":[{\"@type\":\"SearchAction\",\"target\":{\"@type\":\"EntryPoint\",\"urlTemplate\":\"https:\/\/www.civiltalaica.it\/cms\/?s={search_term_string}\"},\"query-input\":{\"@type\":\"PropertyValueSpecification\",\"valueRequired\":true,\"valueName\":\"search_term_string\"}}],\"inLanguage\":\"it-IT\"},{\"@type\":\"Person\",\"@id\":\"https:\/\/www.civiltalaica.it\/cms\/#\/schema\/person\/500a52762e2620e007d6333aa121f5e5\",\"name\":\"cladmin\",\"url\":\"https:\/\/www.civiltalaica.it\/cms\/author\/cladmin\/\"}]}<\/script>\n<!-- \/ Yoast SEO plugin. -->","yoast_head_json":{"title":"Se ottant'anni vi sembran pochi\u2026 - Associazione Culturale Civilt\u00e0 Laica","robots":{"index":"index","follow":"follow","max-snippet":"max-snippet:-1","max-image-preview":"max-image-preview:large","max-video-preview":"max-video-preview:-1"},"canonical":"https:\/\/www.civiltalaica.it\/cms\/se-ottantanni-vi-sembran-pochi\u2026\/","og_locale":"it_IT","og_type":"article","og_title":"Se ottant'anni vi sembran pochi\u2026 - Associazione Culturale Civilt\u00e0 Laica","og_description":"Ha ottant&#39;anni e li dimostra tutti. Pi\u00f9 passa il tempo, pi\u00f9 il concordato siglato da Mussolini e dal Vaticano dimostra tutta la sua inadeguatezza rivelandosi seriamente lesivo della libert\u00e0 di coscienza dei cattolici, dei diversamente credenti, dei non credenti. La revisione, firmata nel 1984 da Craxi e dal card. Casaroli, non ha modificato granch\u00e9. Di [&hellip;]","og_url":"https:\/\/www.civiltalaica.it\/cms\/se-ottantanni-vi-sembran-pochi\u2026\/","og_site_name":"Associazione Culturale Civilt\u00e0 Laica","article_publisher":"https:\/\/www.facebook.com\/civiltalaica","article_published_time":"2009-02-11T16:28:37+00:00","article_modified_time":"2011-01-26T09:36:48+00:00","og_image":[{"width":400,"height":180,"url":"https:\/\/www.civiltalaica.it\/cms\/wp-content\/uploads\/2017\/06\/logo-cl.png","type":"image\/png"}],"author":"cladmin","twitter_card":"summary_large_image","twitter_misc":{"Scritto da":"cladmin","Tempo di lettura stimato":"2 minuti"},"schema":{"@context":"https:\/\/schema.org","@graph":[{"@type":"Article","@id":"https:\/\/www.civiltalaica.it\/cms\/se-ottantanni-vi-sembran-pochi%e2%80%a6\/#article","isPartOf":{"@id":"https:\/\/www.civiltalaica.it\/cms\/se-ottantanni-vi-sembran-pochi%e2%80%a6\/"},"author":{"name":"cladmin","@id":"https:\/\/www.civiltalaica.it\/cms\/#\/schema\/person\/500a52762e2620e007d6333aa121f5e5"},"headline":"Se ottant&#8217;anni vi sembran pochi\u2026","datePublished":"2009-02-11T16:28:37+00:00","dateModified":"2011-01-26T09:36:48+00:00","mainEntityOfPage":{"@id":"https:\/\/www.civiltalaica.it\/cms\/se-ottantanni-vi-sembran-pochi%e2%80%a6\/"},"wordCount":459,"keywords":["Web"],"articleSection":["articoli"],"inLanguage":"it-IT"},{"@type":"WebPage","@id":"https:\/\/www.civiltalaica.it\/cms\/se-ottantanni-vi-sembran-pochi%e2%80%a6\/","url":"https:\/\/www.civiltalaica.it\/cms\/se-ottantanni-vi-sembran-pochi%e2%80%a6\/","name":"Se ottant'anni vi sembran pochi\u2026 - Associazione Culturale Civilt\u00e0 Laica","isPartOf":{"@id":"https:\/\/www.civiltalaica.it\/cms\/#website"},"datePublished":"2009-02-11T16:28:37+00:00","dateModified":"2011-01-26T09:36:48+00:00","author":{"@id":"https:\/\/www.civiltalaica.it\/cms\/#\/schema\/person\/500a52762e2620e007d6333aa121f5e5"},"breadcrumb":{"@id":"https:\/\/www.civiltalaica.it\/cms\/se-ottantanni-vi-sembran-pochi%e2%80%a6\/#breadcrumb"},"inLanguage":"it-IT","potentialAction":[{"@type":"ReadAction","target":["https:\/\/www.civiltalaica.it\/cms\/se-ottantanni-vi-sembran-pochi%e2%80%a6\/"]}]},{"@type":"BreadcrumbList","@id":"https:\/\/www.civiltalaica.it\/cms\/se-ottantanni-vi-sembran-pochi%e2%80%a6\/#breadcrumb","itemListElement":[{"@type":"ListItem","position":1,"name":"Home","item":"https:\/\/www.civiltalaica.it\/cms\/"},{"@type":"ListItem","position":2,"name":"1\u00b0 Meeting delle Associazioni Laiche","item":"https:\/\/www.civiltalaica.it\/cms\/1%c2%b0-meeting-delle-associazioni-laiche-2\/"},{"@type":"ListItem","position":3,"name":"Se ottant&#8217;anni vi sembran pochi\u2026"}]},{"@type":"WebSite","@id":"https:\/\/www.civiltalaica.it\/cms\/#website","url":"https:\/\/www.civiltalaica.it\/cms\/","name":"Associazione Culturale Civilt\u00e0 Laica","description":"Per un movimento culturale volto a difendere la Laicit\u00e0 dello Stato.","potentialAction":[{"@type":"SearchAction","target":{"@type":"EntryPoint","urlTemplate":"https:\/\/www.civiltalaica.it\/cms\/?s={search_term_string}"},"query-input":{"@type":"PropertyValueSpecification","valueRequired":true,"valueName":"search_term_string"}}],"inLanguage":"it-IT"},{"@type":"Person","@id":"https:\/\/www.civiltalaica.it\/cms\/#\/schema\/person\/500a52762e2620e007d6333aa121f5e5","name":"cladmin","url":"https:\/\/www.civiltalaica.it\/cms\/author\/cladmin\/"}]}},"_links":{"self":[{"href":"https:\/\/www.civiltalaica.it\/cms\/wp-json\/wp\/v2\/posts\/806","targetHints":{"allow":["GET"]}}],"collection":[{"href":"https:\/\/www.civiltalaica.it\/cms\/wp-json\/wp\/v2\/posts"}],"about":[{"href":"https:\/\/www.civiltalaica.it\/cms\/wp-json\/wp\/v2\/types\/post"}],"author":[{"embeddable":true,"href":"https:\/\/www.civiltalaica.it\/cms\/wp-json\/wp\/v2\/users\/1"}],"replies":[{"embeddable":true,"href":"https:\/\/www.civiltalaica.it\/cms\/wp-json\/wp\/v2\/comments?post=806"}],"version-history":[{"count":0,"href":"https:\/\/www.civiltalaica.it\/cms\/wp-json\/wp\/v2\/posts\/806\/revisions"}],"wp:attachment":[{"href":"https:\/\/www.civiltalaica.it\/cms\/wp-json\/wp\/v2\/media?parent=806"}],"wp:term":[{"taxonomy":"category","embeddable":true,"href":"https:\/\/www.civiltalaica.it\/cms\/wp-json\/wp\/v2\/categories?post=806"},{"taxonomy":"post_tag","embeddable":true,"href":"https:\/\/www.civiltalaica.it\/cms\/wp-json\/wp\/v2\/tags?post=806"}],"curies":[{"name":"wp","href":"https:\/\/api.w.org\/{rel}","templated":true}]}}