{"id":804,"date":"2009-01-29T18:57:44","date_gmt":"2009-01-29T18:57:44","guid":{"rendered":""},"modified":"2011-01-26T09:36:48","modified_gmt":"2011-01-26T09:36:48","slug":"dare-ragione-alla-ragione","status":"publish","type":"post","link":"https:\/\/www.civiltalaica.it\/cms\/dare-ragione-alla-ragione\/","title":{"rendered":"Dare ragione alla Ragione"},"content":{"rendered":"<p>Dal sito della <a target=\"_blank\" href=\"http:\/\/www.casainternazionaledelledonne.org\/\">Casa Internazionale delle Donne<\/a>:<\/p>\n<p>La compostezza di un padre, quello di Eluana Englaro,<br \/>contro l&#39;irrispettosa e proterva tracotanza di troppi integralisti.<\/p>\n<p>Il rispetto verso la legge di un padre, quello di Eluana Englaro,<br \/>contro la violenza esercitata dal diktat di un ministro che si crede al di sopra della legge.<\/p>\n<p>17 rose rosse a testimoniare gli anni di torture sopportate da un corpo<br \/>che l&#39;associazione Luca Coscioni ha portato vicino al letto di ci\u00f2 che resta di una vita;<br \/>per una questione di libert\u00e0, perch\u00e9 c&#39;\u00e8 chi crede di poterla calpestare<br \/>in nome di una verit\u00e0 che \u00e8 solo la loro ma che si pretende sia di tutti, di tutte.<\/p>\n<p>Ancora una volta una donna si fa carico del dolore del padre e della volont\u00e0 espressa dalla figlia: Mercedes Bresso rid\u00e0 valore e senso alla legge e con sobriet\u00e0 prova a por fine a questa angoscia che dura ormai da troppo tempo.<\/p>\n","protected":false},"excerpt":{"rendered":"<p>Dal sito della Casa Internazionale delle Donne: La compostezza di un padre, quello di Eluana Englaro,contro l&#39;irrispettosa e proterva tracotanza di troppi integralisti. Il rispetto verso la legge di un padre, quello di Eluana Englaro,contro la violenza esercitata dal diktat di un ministro che si crede al di sopra della legge. 17 rose rosse a [&hellip;]<\/p>\n","protected":false},"author":1,"featured_media":0,"comment_status":"closed","ping_status":"closed","sticky":false,"template":"","format":"standard","meta":{"footnotes":""},"categories":[238],"tags":[41],"class_list":["post-804","post","type-post","status-publish","format-standard","hentry","category-articoli","tag-web"],"yoast_head":"<!-- This site is optimized with the Yoast SEO plugin v27.1.1 - https:\/\/yoast.com\/product\/yoast-seo-wordpress\/ -->\n<title>Dare ragione alla Ragione - Associazione Culturale Civilt\u00e0 Laica<\/title>\n<meta name=\"robots\" content=\"index, follow, max-snippet:-1, max-image-preview:large, max-video-preview:-1\" \/>\n<link rel=\"canonical\" href=\"https:\/\/www.civiltalaica.it\/cms\/dare-ragione-alla-ragione\/\" \/>\n<meta property=\"og:locale\" content=\"it_IT\" \/>\n<meta property=\"og:type\" content=\"article\" \/>\n<meta property=\"og:title\" content=\"Dare ragione alla Ragione - Associazione Culturale Civilt\u00e0 Laica\" \/>\n<meta property=\"og:description\" content=\"Dal sito della Casa Internazionale delle Donne: La compostezza di un padre, quello di Eluana Englaro,contro l&#039;irrispettosa e proterva tracotanza di troppi integralisti. Il rispetto verso la legge di un padre, quello di Eluana Englaro,contro la violenza esercitata dal diktat di un ministro che si crede al di sopra della legge. 17 rose rosse a [&hellip;]\" \/>\n<meta property=\"og:url\" content=\"https:\/\/www.civiltalaica.it\/cms\/dare-ragione-alla-ragione\/\" \/>\n<meta property=\"og:site_name\" content=\"Associazione Culturale Civilt\u00e0 Laica\" \/>\n<meta property=\"article:publisher\" content=\"https:\/\/www.facebook.com\/civiltalaica\" \/>\n<meta property=\"article:published_time\" content=\"2009-01-29T18:57:44+00:00\" \/>\n<meta property=\"article:modified_time\" content=\"2011-01-26T09:36:48+00:00\" \/>\n<meta property=\"og:image\" content=\"https:\/\/www.civiltalaica.it\/cms\/wp-content\/uploads\/2017\/06\/logo-cl.png\" \/>\n\t<meta property=\"og:image:width\" content=\"400\" \/>\n\t<meta property=\"og:image:height\" content=\"180\" \/>\n\t<meta property=\"og:image:type\" content=\"image\/png\" \/>\n<meta name=\"author\" content=\"cladmin\" \/>\n<meta name=\"twitter:card\" content=\"summary_large_image\" \/>\n<meta name=\"twitter:label1\" content=\"Scritto da\" \/>\n\t<meta name=\"twitter:data1\" content=\"cladmin\" \/>\n\t<meta name=\"twitter:label2\" content=\"Tempo di lettura stimato\" \/>\n\t<meta name=\"twitter:data2\" content=\"1 minuto\" \/>\n<script type=\"application\/ld+json\" class=\"yoast-schema-graph\">{\"@context\":\"https:\/\/schema.org\",\"@graph\":[{\"@type\":\"Article\",\"@id\":\"https:\/\/www.civiltalaica.it\/cms\/dare-ragione-alla-ragione\/#article\",\"isPartOf\":{\"@id\":\"https:\/\/www.civiltalaica.it\/cms\/dare-ragione-alla-ragione\/\"},\"author\":{\"name\":\"cladmin\",\"@id\":\"https:\/\/www.civiltalaica.it\/cms\/#\/schema\/person\/500a52762e2620e007d6333aa121f5e5\"},\"headline\":\"Dare ragione alla Ragione\",\"datePublished\":\"2009-01-29T18:57:44+00:00\",\"dateModified\":\"2011-01-26T09:36:48+00:00\",\"mainEntityOfPage\":{\"@id\":\"https:\/\/www.civiltalaica.it\/cms\/dare-ragione-alla-ragione\/\"},\"wordCount\":157,\"keywords\":[\"Web\"],\"articleSection\":[\"articoli\"],\"inLanguage\":\"it-IT\"},{\"@type\":\"WebPage\",\"@id\":\"https:\/\/www.civiltalaica.it\/cms\/dare-ragione-alla-ragione\/\",\"url\":\"https:\/\/www.civiltalaica.it\/cms\/dare-ragione-alla-ragione\/\",\"name\":\"Dare ragione alla Ragione - Associazione Culturale Civilt\u00e0 Laica\",\"isPartOf\":{\"@id\":\"https:\/\/www.civiltalaica.it\/cms\/#website\"},\"datePublished\":\"2009-01-29T18:57:44+00:00\",\"dateModified\":\"2011-01-26T09:36:48+00:00\",\"author\":{\"@id\":\"https:\/\/www.civiltalaica.it\/cms\/#\/schema\/person\/500a52762e2620e007d6333aa121f5e5\"},\"breadcrumb\":{\"@id\":\"https:\/\/www.civiltalaica.it\/cms\/dare-ragione-alla-ragione\/#breadcrumb\"},\"inLanguage\":\"it-IT\",\"potentialAction\":[{\"@type\":\"ReadAction\",\"target\":[\"https:\/\/www.civiltalaica.it\/cms\/dare-ragione-alla-ragione\/\"]}]},{\"@type\":\"BreadcrumbList\",\"@id\":\"https:\/\/www.civiltalaica.it\/cms\/dare-ragione-alla-ragione\/#breadcrumb\",\"itemListElement\":[{\"@type\":\"ListItem\",\"position\":1,\"name\":\"Home\",\"item\":\"https:\/\/www.civiltalaica.it\/cms\/\"},{\"@type\":\"ListItem\",\"position\":2,\"name\":\"1\u00b0 Meeting delle Associazioni Laiche\",\"item\":\"https:\/\/www.civiltalaica.it\/cms\/1%c2%b0-meeting-delle-associazioni-laiche-2\/\"},{\"@type\":\"ListItem\",\"position\":3,\"name\":\"Dare ragione alla Ragione\"}]},{\"@type\":\"WebSite\",\"@id\":\"https:\/\/www.civiltalaica.it\/cms\/#website\",\"url\":\"https:\/\/www.civiltalaica.it\/cms\/\",\"name\":\"Associazione Culturale Civilt\u00e0 Laica\",\"description\":\"Per un movimento culturale volto a difendere la Laicit\u00e0 dello Stato.\",\"potentialAction\":[{\"@type\":\"SearchAction\",\"target\":{\"@type\":\"EntryPoint\",\"urlTemplate\":\"https:\/\/www.civiltalaica.it\/cms\/?s={search_term_string}\"},\"query-input\":{\"@type\":\"PropertyValueSpecification\",\"valueRequired\":true,\"valueName\":\"search_term_string\"}}],\"inLanguage\":\"it-IT\"},{\"@type\":\"Person\",\"@id\":\"https:\/\/www.civiltalaica.it\/cms\/#\/schema\/person\/500a52762e2620e007d6333aa121f5e5\",\"name\":\"cladmin\",\"url\":\"https:\/\/www.civiltalaica.it\/cms\/author\/cladmin\/\"}]}<\/script>\n<!-- \/ Yoast SEO plugin. -->","yoast_head_json":{"title":"Dare ragione alla Ragione - Associazione Culturale Civilt\u00e0 Laica","robots":{"index":"index","follow":"follow","max-snippet":"max-snippet:-1","max-image-preview":"max-image-preview:large","max-video-preview":"max-video-preview:-1"},"canonical":"https:\/\/www.civiltalaica.it\/cms\/dare-ragione-alla-ragione\/","og_locale":"it_IT","og_type":"article","og_title":"Dare ragione alla Ragione - Associazione Culturale Civilt\u00e0 Laica","og_description":"Dal sito della Casa Internazionale delle Donne: La compostezza di un padre, quello di Eluana Englaro,contro l&#39;irrispettosa e proterva tracotanza di troppi integralisti. Il rispetto verso la legge di un padre, quello di Eluana Englaro,contro la violenza esercitata dal diktat di un ministro che si crede al di sopra della legge. 17 rose rosse a [&hellip;]","og_url":"https:\/\/www.civiltalaica.it\/cms\/dare-ragione-alla-ragione\/","og_site_name":"Associazione Culturale Civilt\u00e0 Laica","article_publisher":"https:\/\/www.facebook.com\/civiltalaica","article_published_time":"2009-01-29T18:57:44+00:00","article_modified_time":"2011-01-26T09:36:48+00:00","og_image":[{"width":400,"height":180,"url":"https:\/\/www.civiltalaica.it\/cms\/wp-content\/uploads\/2017\/06\/logo-cl.png","type":"image\/png"}],"author":"cladmin","twitter_card":"summary_large_image","twitter_misc":{"Scritto da":"cladmin","Tempo di lettura stimato":"1 minuto"},"schema":{"@context":"https:\/\/schema.org","@graph":[{"@type":"Article","@id":"https:\/\/www.civiltalaica.it\/cms\/dare-ragione-alla-ragione\/#article","isPartOf":{"@id":"https:\/\/www.civiltalaica.it\/cms\/dare-ragione-alla-ragione\/"},"author":{"name":"cladmin","@id":"https:\/\/www.civiltalaica.it\/cms\/#\/schema\/person\/500a52762e2620e007d6333aa121f5e5"},"headline":"Dare ragione alla Ragione","datePublished":"2009-01-29T18:57:44+00:00","dateModified":"2011-01-26T09:36:48+00:00","mainEntityOfPage":{"@id":"https:\/\/www.civiltalaica.it\/cms\/dare-ragione-alla-ragione\/"},"wordCount":157,"keywords":["Web"],"articleSection":["articoli"],"inLanguage":"it-IT"},{"@type":"WebPage","@id":"https:\/\/www.civiltalaica.it\/cms\/dare-ragione-alla-ragione\/","url":"https:\/\/www.civiltalaica.it\/cms\/dare-ragione-alla-ragione\/","name":"Dare ragione alla Ragione - Associazione Culturale Civilt\u00e0 Laica","isPartOf":{"@id":"https:\/\/www.civiltalaica.it\/cms\/#website"},"datePublished":"2009-01-29T18:57:44+00:00","dateModified":"2011-01-26T09:36:48+00:00","author":{"@id":"https:\/\/www.civiltalaica.it\/cms\/#\/schema\/person\/500a52762e2620e007d6333aa121f5e5"},"breadcrumb":{"@id":"https:\/\/www.civiltalaica.it\/cms\/dare-ragione-alla-ragione\/#breadcrumb"},"inLanguage":"it-IT","potentialAction":[{"@type":"ReadAction","target":["https:\/\/www.civiltalaica.it\/cms\/dare-ragione-alla-ragione\/"]}]},{"@type":"BreadcrumbList","@id":"https:\/\/www.civiltalaica.it\/cms\/dare-ragione-alla-ragione\/#breadcrumb","itemListElement":[{"@type":"ListItem","position":1,"name":"Home","item":"https:\/\/www.civiltalaica.it\/cms\/"},{"@type":"ListItem","position":2,"name":"1\u00b0 Meeting delle Associazioni Laiche","item":"https:\/\/www.civiltalaica.it\/cms\/1%c2%b0-meeting-delle-associazioni-laiche-2\/"},{"@type":"ListItem","position":3,"name":"Dare ragione alla Ragione"}]},{"@type":"WebSite","@id":"https:\/\/www.civiltalaica.it\/cms\/#website","url":"https:\/\/www.civiltalaica.it\/cms\/","name":"Associazione Culturale Civilt\u00e0 Laica","description":"Per un movimento culturale volto a difendere la Laicit\u00e0 dello Stato.","potentialAction":[{"@type":"SearchAction","target":{"@type":"EntryPoint","urlTemplate":"https:\/\/www.civiltalaica.it\/cms\/?s={search_term_string}"},"query-input":{"@type":"PropertyValueSpecification","valueRequired":true,"valueName":"search_term_string"}}],"inLanguage":"it-IT"},{"@type":"Person","@id":"https:\/\/www.civiltalaica.it\/cms\/#\/schema\/person\/500a52762e2620e007d6333aa121f5e5","name":"cladmin","url":"https:\/\/www.civiltalaica.it\/cms\/author\/cladmin\/"}]}},"_links":{"self":[{"href":"https:\/\/www.civiltalaica.it\/cms\/wp-json\/wp\/v2\/posts\/804","targetHints":{"allow":["GET"]}}],"collection":[{"href":"https:\/\/www.civiltalaica.it\/cms\/wp-json\/wp\/v2\/posts"}],"about":[{"href":"https:\/\/www.civiltalaica.it\/cms\/wp-json\/wp\/v2\/types\/post"}],"author":[{"embeddable":true,"href":"https:\/\/www.civiltalaica.it\/cms\/wp-json\/wp\/v2\/users\/1"}],"replies":[{"embeddable":true,"href":"https:\/\/www.civiltalaica.it\/cms\/wp-json\/wp\/v2\/comments?post=804"}],"version-history":[{"count":0,"href":"https:\/\/www.civiltalaica.it\/cms\/wp-json\/wp\/v2\/posts\/804\/revisions"}],"wp:attachment":[{"href":"https:\/\/www.civiltalaica.it\/cms\/wp-json\/wp\/v2\/media?parent=804"}],"wp:term":[{"taxonomy":"category","embeddable":true,"href":"https:\/\/www.civiltalaica.it\/cms\/wp-json\/wp\/v2\/categories?post=804"},{"taxonomy":"post_tag","embeddable":true,"href":"https:\/\/www.civiltalaica.it\/cms\/wp-json\/wp\/v2\/tags?post=804"}],"curies":[{"name":"wp","href":"https:\/\/api.w.org\/{rel}","templated":true}]}}