{"id":803,"date":"2008-12-25T09:51:25","date_gmt":"2008-12-25T09:51:25","guid":{"rendered":""},"modified":"2011-01-26T09:37:12","modified_gmt":"2011-01-26T09:37:12","slug":"anche-in-italia-la-pillola-ru-486","status":"publish","type":"post","link":"https:\/\/www.civiltalaica.it\/cms\/anche-in-italia-la-pillola-ru-486\/","title":{"rendered":"Anche in Italia la pillola Ru 486"},"content":{"rendered":"<p>di <a href=\"http:\/\/opinione.it\/pages.php?dir=naz&#038;act=art&#038;edi=272&#038;id_art=10295\" target=\"_self\">Alessandro Litta Modignani su L&#39;opinione.it<\/a><\/p>\n<p>Una sconfitta per gli integralisti<\/p>\n<p>Il veto oscurantista e anti-scientifico era ridicolo e nei prossimi<br \/>\ngiorni verr\u00e0 travolto dalla realt\u00e0. N\u00e9 il prezzo n\u00e9 le norme previste<br \/>\ndalla legge 194 possono impedire l&#39;uso del farmaco.<br \/>Annunciando come ormai inevitabile, fra pochi giorni, l&#39;introduzione<br \/>\nanche in Italia della pillola abortiva Ru 486, e proclamandosi<br \/>\nrassegnata al triste evento, il sottosegretario Eugenia Roccella<br \/>\nsperava forse di sollevare un polverone in extremis, chiamandosi fuori<br \/>\nal contempo dalle sue responsabilit\u00e0 istituzionali. Non riuscir\u00e0 n\u00e9<br \/>\nnell&#39;uno n\u00e9 nell&#39;altro scopo.<\/p>\n<p><!--more--><br \/>Un farmaco diffuso da oltre vent&#39;anni in Francia, Gran Bretagna e Svezia e da almeno dieci anni nel resto dell&#39;Europa, sta per entrare in commercio anche nel nostro paese, superando l&#39;ostruzionismo degli integralisti. Tutti i comitati scientifici &#8211; assolutamente tutti, nessuno escluso &#8211; che in Italia si sono occupati di questo farmaco, non hanno potuto che confermarne la validit\u00e0. I casi negativi, in tutto il mondo, sono a tal punto rari da essere giudicati trascurabili dall&#39;intera comunit\u00e0 scientifica internazionale. Per intenderci, la stessa gravidanza \u00e8 statisticamente 10 volte pi\u00f9 pericolosa della Ru 486: significa forse che le donne dovrebbero smettere di fare figli e abortire? Valga per tutti l&#39;esempio del Portogallo. Questo paese ha legalizzato l&#39;interruzione della gravidanza solo l&#39;anno scorso e qui l&#39;aborto farmacologico \u00e8 praticato persino in misura superiore a quello tradizionale. Non avendo alle spalle una pluridecennale consuetudine di aborto chirurgico, il paese ultimo arrivato si \u00e8 subito adeguato ai canoni pi\u00f9 avanzati della ricerca scientifica, senza alcuno scandalo.<\/p>\n<p>Dov&#39;\u00e8 il problema dunque? Il problema \u00e8 tutto ideologico e politico, naturalmente. In questi anni la Ru 486 \u00e8 stata sperimentalmente utilizzata in Italia da circa 40 centri sanitari, dopo la coraggiosa iniziativa del ginecologo torinese Silvio Viale. I vari ministri che si sono succeduti (prima Storace, poi Bindi, ora Sacconi), al di l\u00e0 del solito teatrino propagandistico, si sono guardati bene dall&#39;intervenire. N\u00e9 del resto si vede come avrebbero potuto. Fra l&#39;altro, il mifepristone (la sostanza che blocca il nutrimento dell&#39;embrione) ha dimostrato propriet\u00e0 che vanno ben al di l\u00e0 della sua funzione abortiva: dei circa 50 studi in corso attualmente nel mondo, solo 10 riguardano l&#39;interruzione della gravidanza, mentre gli altri 40 sono concentrati sui possibili effetti contro malattie come la depressione, alcune forme di tumore e altre ancora. Di fronte a tutto questo, il veto oscurantista e anti-scientifico era francamente ridicolo e infatti nei prossimi giorni verr\u00e0 travolto dalla realt\u00e0, come \u00e8 giusto che sia. Se ne deve essere accorta per prima la stessa Roccella, alzando bandiera bianca: &quot;Non possiamo fare pi\u00f9 niente per bloccare il farmaco&quot;, ha candidamente confessato. Persino il cardinale Barragan non ha potuto fare altro che ribadire che &quot;la Chiesa condanna tutti gli aborti&quot;, definendo la pillola Ru 486 &quot;non tanto innocente&quot;.<\/p>\n<p>Viale, che ha collezionato una serie di denunce destinate naturalmente a finire nel cestino, spiega che n\u00e9 il prezzo &#8211; che verr\u00e0 verosimilmente fissato a 20 euro &#8211; n\u00e9 le norme previste dalla legge 194, possono essere prese a pretesto per impedire l&#39;uso del farmaco. Gli ospedali non sono galere e nessuno pu\u00f2 costringere una paziente al ricovero obbligatorio, contro la sua volont\u00e0.<br \/>Ad abbaiare alla luna \u00e8 rimasto perci\u00f2 soltanto il povero Luca Volont\u00e9, che in un malinconico comunicato esprime &quot;profonda delusione per l&#39;incomprensibile inerzia dell&#39;attuale governo&quot; e reclama anche la mancanza di iniziative, contro le linee guida espresse dal precedente ministro di centro-sinistra, in materia di fecondazione assistita. &quot;Coerenza vuole &#8211; si infervora il deputato Udc &#8211; che il ministro Sacconi venga attaccato come lo \u00e8 stata Livia Turco&quot;. Corri, Forrest, corri.<\/p>\n","protected":false},"excerpt":{"rendered":"<p>di Alessandro Litta Modignani su L&#39;opinione.it Una sconfitta per gli integralisti Il veto oscurantista e anti-scientifico era ridicolo e nei prossimi giorni verr\u00e0 travolto dalla realt\u00e0. N\u00e9 il prezzo n\u00e9 le norme previste dalla legge 194 possono impedire l&#39;uso del farmaco.Annunciando come ormai inevitabile, fra pochi giorni, l&#39;introduzione anche in Italia della pillola abortiva Ru [&hellip;]<\/p>\n","protected":false},"author":1,"featured_media":0,"comment_status":"closed","ping_status":"closed","sticky":false,"template":"","format":"standard","meta":{"footnotes":""},"categories":[238],"tags":[41],"class_list":["post-803","post","type-post","status-publish","format-standard","hentry","category-articoli","tag-web"],"yoast_head":"<!-- This site is optimized with the Yoast SEO plugin v27.1.1 - https:\/\/yoast.com\/product\/yoast-seo-wordpress\/ -->\n<title>Anche in Italia la pillola Ru 486 - Associazione Culturale Civilt\u00e0 Laica<\/title>\n<meta name=\"robots\" content=\"index, follow, max-snippet:-1, max-image-preview:large, max-video-preview:-1\" \/>\n<link rel=\"canonical\" href=\"https:\/\/www.civiltalaica.it\/cms\/anche-in-italia-la-pillola-ru-486\/\" \/>\n<meta property=\"og:locale\" content=\"it_IT\" \/>\n<meta property=\"og:type\" content=\"article\" \/>\n<meta property=\"og:title\" content=\"Anche in Italia la pillola Ru 486 - Associazione Culturale Civilt\u00e0 Laica\" \/>\n<meta property=\"og:description\" content=\"di Alessandro Litta Modignani su L&#039;opinione.it Una sconfitta per gli integralisti Il veto oscurantista e anti-scientifico era ridicolo e nei prossimi giorni verr\u00e0 travolto dalla realt\u00e0. N\u00e9 il prezzo n\u00e9 le norme previste dalla legge 194 possono impedire l&#039;uso del farmaco.Annunciando come ormai inevitabile, fra pochi giorni, l&#039;introduzione anche in Italia della pillola abortiva Ru [&hellip;]\" \/>\n<meta property=\"og:url\" content=\"https:\/\/www.civiltalaica.it\/cms\/anche-in-italia-la-pillola-ru-486\/\" \/>\n<meta property=\"og:site_name\" content=\"Associazione Culturale Civilt\u00e0 Laica\" \/>\n<meta property=\"article:publisher\" content=\"https:\/\/www.facebook.com\/civiltalaica\" \/>\n<meta property=\"article:published_time\" content=\"2008-12-25T09:51:25+00:00\" \/>\n<meta property=\"article:modified_time\" content=\"2011-01-26T09:37:12+00:00\" \/>\n<meta property=\"og:image\" content=\"https:\/\/www.civiltalaica.it\/cms\/wp-content\/uploads\/2017\/06\/logo-cl.png\" \/>\n\t<meta property=\"og:image:width\" content=\"400\" \/>\n\t<meta property=\"og:image:height\" content=\"180\" \/>\n\t<meta property=\"og:image:type\" content=\"image\/png\" \/>\n<meta name=\"author\" content=\"cladmin\" \/>\n<meta name=\"twitter:card\" content=\"summary_large_image\" \/>\n<meta name=\"twitter:label1\" content=\"Scritto da\" \/>\n\t<meta name=\"twitter:data1\" content=\"cladmin\" \/>\n\t<meta name=\"twitter:label2\" content=\"Tempo di lettura stimato\" \/>\n\t<meta name=\"twitter:data2\" content=\"3 minuti\" \/>\n<script type=\"application\/ld+json\" class=\"yoast-schema-graph\">{\"@context\":\"https:\/\/schema.org\",\"@graph\":[{\"@type\":\"Article\",\"@id\":\"https:\/\/www.civiltalaica.it\/cms\/anche-in-italia-la-pillola-ru-486\/#article\",\"isPartOf\":{\"@id\":\"https:\/\/www.civiltalaica.it\/cms\/anche-in-italia-la-pillola-ru-486\/\"},\"author\":{\"name\":\"cladmin\",\"@id\":\"https:\/\/www.civiltalaica.it\/cms\/#\/schema\/person\/500a52762e2620e007d6333aa121f5e5\"},\"headline\":\"Anche in Italia la pillola Ru 486\",\"datePublished\":\"2008-12-25T09:51:25+00:00\",\"dateModified\":\"2011-01-26T09:37:12+00:00\",\"mainEntityOfPage\":{\"@id\":\"https:\/\/www.civiltalaica.it\/cms\/anche-in-italia-la-pillola-ru-486\/\"},\"wordCount\":612,\"keywords\":[\"Web\"],\"articleSection\":[\"articoli\"],\"inLanguage\":\"it-IT\"},{\"@type\":\"WebPage\",\"@id\":\"https:\/\/www.civiltalaica.it\/cms\/anche-in-italia-la-pillola-ru-486\/\",\"url\":\"https:\/\/www.civiltalaica.it\/cms\/anche-in-italia-la-pillola-ru-486\/\",\"name\":\"Anche in Italia la pillola Ru 486 - Associazione Culturale Civilt\u00e0 Laica\",\"isPartOf\":{\"@id\":\"https:\/\/www.civiltalaica.it\/cms\/#website\"},\"datePublished\":\"2008-12-25T09:51:25+00:00\",\"dateModified\":\"2011-01-26T09:37:12+00:00\",\"author\":{\"@id\":\"https:\/\/www.civiltalaica.it\/cms\/#\/schema\/person\/500a52762e2620e007d6333aa121f5e5\"},\"breadcrumb\":{\"@id\":\"https:\/\/www.civiltalaica.it\/cms\/anche-in-italia-la-pillola-ru-486\/#breadcrumb\"},\"inLanguage\":\"it-IT\",\"potentialAction\":[{\"@type\":\"ReadAction\",\"target\":[\"https:\/\/www.civiltalaica.it\/cms\/anche-in-italia-la-pillola-ru-486\/\"]}]},{\"@type\":\"BreadcrumbList\",\"@id\":\"https:\/\/www.civiltalaica.it\/cms\/anche-in-italia-la-pillola-ru-486\/#breadcrumb\",\"itemListElement\":[{\"@type\":\"ListItem\",\"position\":1,\"name\":\"Home\",\"item\":\"https:\/\/www.civiltalaica.it\/cms\/\"},{\"@type\":\"ListItem\",\"position\":2,\"name\":\"1\u00b0 Meeting delle Associazioni Laiche\",\"item\":\"https:\/\/www.civiltalaica.it\/cms\/1%c2%b0-meeting-delle-associazioni-laiche-2\/\"},{\"@type\":\"ListItem\",\"position\":3,\"name\":\"Anche in Italia la pillola Ru 486\"}]},{\"@type\":\"WebSite\",\"@id\":\"https:\/\/www.civiltalaica.it\/cms\/#website\",\"url\":\"https:\/\/www.civiltalaica.it\/cms\/\",\"name\":\"Associazione Culturale Civilt\u00e0 Laica\",\"description\":\"Per un movimento culturale volto a difendere la Laicit\u00e0 dello Stato.\",\"potentialAction\":[{\"@type\":\"SearchAction\",\"target\":{\"@type\":\"EntryPoint\",\"urlTemplate\":\"https:\/\/www.civiltalaica.it\/cms\/?s={search_term_string}\"},\"query-input\":{\"@type\":\"PropertyValueSpecification\",\"valueRequired\":true,\"valueName\":\"search_term_string\"}}],\"inLanguage\":\"it-IT\"},{\"@type\":\"Person\",\"@id\":\"https:\/\/www.civiltalaica.it\/cms\/#\/schema\/person\/500a52762e2620e007d6333aa121f5e5\",\"name\":\"cladmin\",\"url\":\"https:\/\/www.civiltalaica.it\/cms\/author\/cladmin\/\"}]}<\/script>\n<!-- \/ Yoast SEO plugin. -->","yoast_head_json":{"title":"Anche in Italia la pillola Ru 486 - Associazione Culturale Civilt\u00e0 Laica","robots":{"index":"index","follow":"follow","max-snippet":"max-snippet:-1","max-image-preview":"max-image-preview:large","max-video-preview":"max-video-preview:-1"},"canonical":"https:\/\/www.civiltalaica.it\/cms\/anche-in-italia-la-pillola-ru-486\/","og_locale":"it_IT","og_type":"article","og_title":"Anche in Italia la pillola Ru 486 - Associazione Culturale Civilt\u00e0 Laica","og_description":"di Alessandro Litta Modignani su L&#39;opinione.it Una sconfitta per gli integralisti Il veto oscurantista e anti-scientifico era ridicolo e nei prossimi giorni verr\u00e0 travolto dalla realt\u00e0. N\u00e9 il prezzo n\u00e9 le norme previste dalla legge 194 possono impedire l&#39;uso del farmaco.Annunciando come ormai inevitabile, fra pochi giorni, l&#39;introduzione anche in Italia della pillola abortiva Ru [&hellip;]","og_url":"https:\/\/www.civiltalaica.it\/cms\/anche-in-italia-la-pillola-ru-486\/","og_site_name":"Associazione Culturale Civilt\u00e0 Laica","article_publisher":"https:\/\/www.facebook.com\/civiltalaica","article_published_time":"2008-12-25T09:51:25+00:00","article_modified_time":"2011-01-26T09:37:12+00:00","og_image":[{"width":400,"height":180,"url":"https:\/\/www.civiltalaica.it\/cms\/wp-content\/uploads\/2017\/06\/logo-cl.png","type":"image\/png"}],"author":"cladmin","twitter_card":"summary_large_image","twitter_misc":{"Scritto da":"cladmin","Tempo di lettura stimato":"3 minuti"},"schema":{"@context":"https:\/\/schema.org","@graph":[{"@type":"Article","@id":"https:\/\/www.civiltalaica.it\/cms\/anche-in-italia-la-pillola-ru-486\/#article","isPartOf":{"@id":"https:\/\/www.civiltalaica.it\/cms\/anche-in-italia-la-pillola-ru-486\/"},"author":{"name":"cladmin","@id":"https:\/\/www.civiltalaica.it\/cms\/#\/schema\/person\/500a52762e2620e007d6333aa121f5e5"},"headline":"Anche in Italia la pillola Ru 486","datePublished":"2008-12-25T09:51:25+00:00","dateModified":"2011-01-26T09:37:12+00:00","mainEntityOfPage":{"@id":"https:\/\/www.civiltalaica.it\/cms\/anche-in-italia-la-pillola-ru-486\/"},"wordCount":612,"keywords":["Web"],"articleSection":["articoli"],"inLanguage":"it-IT"},{"@type":"WebPage","@id":"https:\/\/www.civiltalaica.it\/cms\/anche-in-italia-la-pillola-ru-486\/","url":"https:\/\/www.civiltalaica.it\/cms\/anche-in-italia-la-pillola-ru-486\/","name":"Anche in Italia la pillola Ru 486 - Associazione Culturale Civilt\u00e0 Laica","isPartOf":{"@id":"https:\/\/www.civiltalaica.it\/cms\/#website"},"datePublished":"2008-12-25T09:51:25+00:00","dateModified":"2011-01-26T09:37:12+00:00","author":{"@id":"https:\/\/www.civiltalaica.it\/cms\/#\/schema\/person\/500a52762e2620e007d6333aa121f5e5"},"breadcrumb":{"@id":"https:\/\/www.civiltalaica.it\/cms\/anche-in-italia-la-pillola-ru-486\/#breadcrumb"},"inLanguage":"it-IT","potentialAction":[{"@type":"ReadAction","target":["https:\/\/www.civiltalaica.it\/cms\/anche-in-italia-la-pillola-ru-486\/"]}]},{"@type":"BreadcrumbList","@id":"https:\/\/www.civiltalaica.it\/cms\/anche-in-italia-la-pillola-ru-486\/#breadcrumb","itemListElement":[{"@type":"ListItem","position":1,"name":"Home","item":"https:\/\/www.civiltalaica.it\/cms\/"},{"@type":"ListItem","position":2,"name":"1\u00b0 Meeting delle Associazioni Laiche","item":"https:\/\/www.civiltalaica.it\/cms\/1%c2%b0-meeting-delle-associazioni-laiche-2\/"},{"@type":"ListItem","position":3,"name":"Anche in Italia la pillola Ru 486"}]},{"@type":"WebSite","@id":"https:\/\/www.civiltalaica.it\/cms\/#website","url":"https:\/\/www.civiltalaica.it\/cms\/","name":"Associazione Culturale Civilt\u00e0 Laica","description":"Per un movimento culturale volto a difendere la Laicit\u00e0 dello Stato.","potentialAction":[{"@type":"SearchAction","target":{"@type":"EntryPoint","urlTemplate":"https:\/\/www.civiltalaica.it\/cms\/?s={search_term_string}"},"query-input":{"@type":"PropertyValueSpecification","valueRequired":true,"valueName":"search_term_string"}}],"inLanguage":"it-IT"},{"@type":"Person","@id":"https:\/\/www.civiltalaica.it\/cms\/#\/schema\/person\/500a52762e2620e007d6333aa121f5e5","name":"cladmin","url":"https:\/\/www.civiltalaica.it\/cms\/author\/cladmin\/"}]}},"_links":{"self":[{"href":"https:\/\/www.civiltalaica.it\/cms\/wp-json\/wp\/v2\/posts\/803","targetHints":{"allow":["GET"]}}],"collection":[{"href":"https:\/\/www.civiltalaica.it\/cms\/wp-json\/wp\/v2\/posts"}],"about":[{"href":"https:\/\/www.civiltalaica.it\/cms\/wp-json\/wp\/v2\/types\/post"}],"author":[{"embeddable":true,"href":"https:\/\/www.civiltalaica.it\/cms\/wp-json\/wp\/v2\/users\/1"}],"replies":[{"embeddable":true,"href":"https:\/\/www.civiltalaica.it\/cms\/wp-json\/wp\/v2\/comments?post=803"}],"version-history":[{"count":0,"href":"https:\/\/www.civiltalaica.it\/cms\/wp-json\/wp\/v2\/posts\/803\/revisions"}],"wp:attachment":[{"href":"https:\/\/www.civiltalaica.it\/cms\/wp-json\/wp\/v2\/media?parent=803"}],"wp:term":[{"taxonomy":"category","embeddable":true,"href":"https:\/\/www.civiltalaica.it\/cms\/wp-json\/wp\/v2\/categories?post=803"},{"taxonomy":"post_tag","embeddable":true,"href":"https:\/\/www.civiltalaica.it\/cms\/wp-json\/wp\/v2\/tags?post=803"}],"curies":[{"name":"wp","href":"https:\/\/api.w.org\/{rel}","templated":true}]}}