{"id":801,"date":"2008-11-19T14:15:18","date_gmt":"2008-11-19T14:15:18","guid":{"rendered":""},"modified":"2011-01-26T09:37:44","modified_gmt":"2011-01-26T09:37:44","slug":"sia-fatta-la-mia-volonta-amen","status":"publish","type":"post","link":"https:\/\/www.civiltalaica.it\/cms\/sia-fatta-la-mia-volonta-amen\/","title":{"rendered":"Sia fatta la mia volont\u00e0, amen"},"content":{"rendered":"<p>Dal sito <a href=\"http:\/\/www3.varesenews.it\/varese\/articolo.php?id=112348\" target=\"_blank\">Varese News<\/a><\/p>\n<p>Alla Parrocchia di San Vittore, Varese<br \/>\nAl Responsabile della Parrocchia<\/p>\n<p><em>Gentile sacerdote,<br \/>\nvenuto a conoscenza dell&#39;iniziativa promossa dalla UAAR (Unione degli<br \/>\natei e degli agnostici razionalisti) per lo scorso 25 ottobre, volta a<br \/>\nfar annotare sui registri dei battezzati la dichiarazione di non<br \/>\nappartenenza alla chiesa cattolica e di nullit\u00e0 degli effetti<br \/>\nstatistici e giuridici del battesimo da parte di quanti non si<br \/>\nriconoscano in un atto loro imposto dai genitori, pienamente e<br \/>\nfelicemente consapevole delle conseguenze di diritto canonico derivanti<br \/>\ndal peccato di apostasia, con ferma, cosciente e risoluta volont\u00e0,<br \/>\ntutelata da numerose sentenze e provvedimenti del Garante per la<br \/>\nPrivacy a partire dal 13.9.1999, io sottoscritto Valerio Arturo<br \/>\nCrugnola chiedo alla parrocchia in oggetto, dove fui sottoposto al rito<br \/>\ndel battesimo nell&#39;ottobre 1947, che presso l&#39;atto di battesimo venga<br \/>\nannotata la mia dichiarazione di disconoscimento dell&#39;atto battesimale,<br \/>\ndi non appartenenza alla chiesa cattolica e di conseguente nullit\u00e0 di<br \/>\ntutti gli effetti statistici, economici e giuridici derivanti da tale<br \/>\natto.<\/p>\n<p><\/em><br \/><!--more--><br \/><em>Chiedo mi venga inviata per conoscenza, a tutela della mia volont\u00e0, copia della avvenuta annotazione al mio domicilio, nonch\u00e9 alla parrocchia dei Frati minori della Brunella, dalla cui attivit\u00e0 &quot;pastorale&quot; la mia presunta &quot;anima&quot; di sereno, radioso e saldo non credente dovrebbe dipendere.<br \/>Compio questo atto in nome del supremo principio della libert\u00e0 individuale, costituzionalmente tutelato come diritto inviolabile.<\/p>\n<p>Il mio gesto serve, nel suo piccolo, a confermare che esiste in Italia una maggioranza reale (ma ahim\u00e9 silenziosa, troppo silenziosa) di non aderenti ad alcuna religione, che chiamerei non tanto atei quanto agnostici, indifferenti, scettici o dubbiosi. Nulla significano le statistiche dei battezzati, dacch\u00e9 i frequentanti le messe obbligatorie di Natale e Pasqua, ossia i cattolici convinti, si aggirano attorno al 35% della popolazione. Questa maggioranza reale non trova per\u00f2 espressione pubblica e finisce schiacciata dal soverchiante potere, mediatico e di lobby, della Chiesa, con il risultato che leggi doverose in un paese liberale e pluralista, che non accoglie nell&#39;attivit\u00e0 legislativa alcuna pretesa verit\u00e0 assoluta di ordine ideologico, non possono essere introdotte anche da noi, bench\u00e9 adottate nella stragrande maggioranza dei paesi europei. Gli esiti sono nefasti: coppie lasciate senza tutele di legge; la ricerca scientifica azzerata in interi settori; persone in carne ed ossa, come la famiglia Englaro, trascinate in un circuito infernale di sofferenza perch\u00e9 l&#39;Italia ignora il diritto al testamento biologico. L\u00e0 dove dovrebbero dare esempio di amore per gli altri &#8211; intendo gli altri in nome e cognome, gli individui con i loro problemi e le loro sofferenze, come i Welby e gli Englaro, veri santi moderni -, la Chiesa italiana e il Vaticano mostrano di amare soltanto i loro principi, la loro saldezza ideologica, la loro pretesa di Verit\u00e0, i loro metafisici embrioni, il loro potere di lobby. Trovo questo un doppio pericoloso segnale. Ve n&#39;\u00e8 uno di sottile e ben celata intolleranza, in un&#39;epoca in cui avremmo bisogno almeno di quattro cose: un&#39;esplicita, aperta, fraterna tolleranza; un dialogo aperto tra le religioni e tra queste e i non credenti o semplicemente i non praticanti; il ripudio di qualunque forma di integralismo, comunque si manifesti; pi\u00f9 moschee, per garantire a tutti i residenti la piena libert\u00e0 religiosa in barba agli operatori politici dell&#39;odio (ma il solo che ho sentito pronunciarsi in tal senso \u00e8 l&#39;arcivescovo di Milano, vox clamans in deserto mediolanensi!). E vi \u00e8 un segnale di incomprensione da parte della Chiesa della societ\u00e0 reale, che la rende incapace di entrarvi in autentica relazione, come ha di recente sostenuto parlando al Centro San Fedele lo stesso cardinal Martini, figura stimabile proprio perch\u00e9 capace, al contrario dell&#39;istituzione e di molti altri ecclesiastici, di ascolto e non di prediche dottrinarie dal pulpito, magari da un pulpito che si vuole per giunta, in spregio ad ogni ragionevolezza, dogmaticamente infallibile!<\/p>\n<p>In ogni caso esiste in Italia un vasto numero di persone che hanno subito la volont\u00e0 dei loro genitori. Una volont\u00e0 totalitaria, proprio come i regimi nazifascisti tanto cari alla chiesa italiana, spagnola, portoghese, ungherese, slovacca e croata, al beatificando Pacelli, ai beati Schuster, Escriv\u00e0 e Stepina&#269; e a San Pio, al secolo Forgione. Esiste infatti anche un totalitarismo familiare, oltre che politico, come ovunque non siano consentite scelte alternative e quando un&#39;autorit\u00e0 purchessia, in virt\u00f9 del suo nudo potere, decida per conto dei diretti interessati, i quali altrimenti, in una societ\u00e0 liberale, sarebbero i soli titolati a decidere.<\/p>\n<p>Nel mio caso, quella volont\u00e0 fu invero assai tiepida, non spacciabile per il cosiddetto &quot;dono della fede&quot;, che comunque dovrebbe essere sempre possibile restituire al mittente. Nessuno dei miei genitori \u00e8 mai stato particolarmente devoto, anzi. La loro scelta fu compiuta per abitudine, per una malintesa premura, se non per vilt\u00e0, perch\u00e9 negli anni oscurantistici in cui sono nato pochissimi se la sentivano di fare altrimenti, e cos\u00ec persone di fatto laiche come i miei preferirono battezzarmi per evitarmi in futuro qualunque rischio di emarginazione. Ho un dolce ricordo di mio padre, gli sono grato per quanto mi ha dato, ma non posso perdonare &#8211; a lui antifascista, che sub\u00ec il primo processo politico a Varese durante la guerra mentre il beato Schuster benediceva truppe e cannoni, e che fu rinchiuso tre anni nella galera nazifascista dei Miogni &#8211; di avere scelto per me, in modo totalitario, anzich\u00e9 consentire a me, da grande, di scegliere in modo libero, autonomo e consapevole. Perch\u00e9 non consentire finalmente il battesimo da adulti, come accadde, a quanto si legge, allo stesso Ges\u00f9, con pi\u00f9 sintonia con le libert\u00e0 individuali di scelta, ossia con i principi fondanti della modernit\u00e0 e della civilt\u00e0 in cui viviamo? Gli anabattisti avevano ragione? Costa troppo alla Chiesa riconoscerlo a mezzo millennio di distanza?<\/p>\n<p>Ci\u00f2 detto, non mi dichiaro ateo: sono, semplicemente, a-religioso, quale che sia la religione (inclusi il marxismo o l&#39;ateismo, l&#39;omeopatia o la tecnica, il Denaro o il Mercato, insomma qualunque credenza dogmatica e non accertabile razionalmente, o qualunque corrente idolatria), ma non a-teo. Le religioni sono un fatto culturale, storico e antropologico; Dio pu\u00f2 darsi di no, anche se qualunque Dio possibile somiglia ben poco a quello che le religioni positive hanno fatto esistere. Del divino ho un mio personale sentimento, che coltivo salendo in montagna, o recandomi in quei luoghi di misticismo, come il Monte Athos, le abbazie cisterciensi, la tomba di Mevlana a Konya o certi monasteri buddisti in Nepal, dove l&#39;opera dell&#39;uomo ha saputo far dimorare un Dio che l\u00ec sento vicino. E apprezzo molti dei miei amici, siano essi cattolici, valdesi, ebrei, buddisti, islamici o atei senza trattino, perch\u00e9 sanno testimoniarmi con dolcezza, mitezza, senza dogmatismi o ostensioni di verit\u00e0, in modo vissuto e reciprocamente rispettoso, i loro valori.<\/p>\n<p>In attesa della conferma da parte vostra dell&#39;avvenuta annotazione, ringrazio la parrocchia per la sollecita espletazione della pratica richiesta.<\/p>\n<p>Sia fatta la mia volont\u00e0, amen.<br \/><\/em><br \/>Valerio Crugnola<\/p>\n<p>Varese, 29 ottobre 2008<\/p>\n<p>___________________________________________<\/p>\n<p>La risposta dell&#39;Arcidiocesi di Milano<\/p>\n<p>ARCIDIOCESI DI MILANO<br \/>Curia Arcivescovile<br \/>servizio per la disciplina dei sacramenti<\/p>\n<p>Milano, 5 novembre 2008<\/p>\n<p>Egregio signore,<\/p>\n<p>ho preso atto della Sua richiesta di &quot;disconoscimento dell&#39;atto battesimale, di non appartenenza alla Chiesa cattolica e di conseguente nullit\u00e0 di tutti gli effetti statistici, economici e giuridici derivanti da tale atto&quot;, datata 30 ottobre 2008, espressa con lettera raccomandata del 29.10.2008, indirizzata al Parroco della parrocchia di S. Vittore in Varese, inviatami in data odierna (brevi manu) dal medesimo parroco per competenza e dar\u00f2 disposizione al Parroco del luogo del suo battesimo, secondo quanto da Lei richiesto.<\/p>\n<p>Nel frattempo mi sembra doveroso, lo riterr\u00e0 opportuno, invitarla ad un incontro per illustrarLe le conseguenze di ordine giuridico-canonico della Sua scelta[1][1].<\/p>\n<p>L&#39;incontro potr\u00e0 essere fissato telefonicamente.<\/p>\n<p>Mi preme ricordarLe che un tale atto rompe i legami di comunione con la Chiesa, che esistevano dal momento del Battesimo e viene considerato non solo un grave peccato, ma anche un delitto nell&#39;ordinamento ecclesiastico, per cui \u00e8 prescritta la pi\u00f9 onerosa delle pene canoniche, cio\u00e8 la scomunica. Tuttavia, come Lei ben certo sapr\u00e0, il legame sacramentale di appartenenza al Corpo di Cristo, che \u00e8 la Chiesa, dato dal carattere del sacramento del battesimo, viene considerato dalla Chiesa stessa un legame ontologico permanente e non viene meno a motivo di nessun atto o fatto di defezione.<\/p>\n<p>Nel caso in cui, entro quindici giorni a partire dalla data sopra riportata, non ricevessi alcun riscontro da parte Sua, nei tempi ragionevoli degli invii e delle risposte per posta, dar\u00f2 disposizioni al parroco e, successivamente, Le confermer\u00f2 l&#39;avvenuta annotazione.<\/p>\n<p>Pur rammaricandomi per la Sua decisione, desidero anche manifestarLe sentimenti di fiducia nel cammino di ricerca della verit\u00e0, che idealmente ci accomuna, e distintamente La saluto.<\/p>\n<p>Don Mario Bonsignori, Responsabile<\/p>\n<p>[1] Conseguenze di ordine giuridico:<br \/>&#8211; esclusione dall&#39;incarico di padrino per battesimo e confermazione (cann. 874 \u00a7 1; 983 \u00a7 1);<br \/>&#8211; licenza dell&#39;Ordinario del luogo per l&#39;ammissione al matrimonio (cann. 1971 \u00a7 1 n.5; 1124);<br \/>&#8211; esenzione dall&#39;obbligo della forma canonica per il matrimonio (can. 1117):<br \/>&#8211; privazione delle esequie ecclesiastiche in mancanza di segni di pentimento (can. 1884 \u00a7 1, 1\u00b0);<br \/>&#8211; esclusione dai sacramenti e dai sacramentali (cann. 1331 \u00a7 1, 2\u00b0; 915);<br \/>&#8211; scomunica latae sententiae (can. 1364 \u00a7 1).<\/p>\n","protected":false},"excerpt":{"rendered":"<p>Dal sito Varese News Alla Parrocchia di San Vittore, Varese Al Responsabile della Parrocchia Gentile sacerdote, venuto a conoscenza dell&#39;iniziativa promossa dalla UAAR (Unione degli atei e degli agnostici razionalisti) per lo scorso 25 ottobre, volta a far annotare sui registri dei battezzati la dichiarazione di non appartenenza alla chiesa cattolica e di nullit\u00e0 degli [&hellip;]<\/p>\n","protected":false},"author":1,"featured_media":0,"comment_status":"closed","ping_status":"closed","sticky":false,"template":"","format":"standard","meta":{"footnotes":""},"categories":[238],"tags":[41],"class_list":["post-801","post","type-post","status-publish","format-standard","hentry","category-articoli","tag-web"],"yoast_head":"<!-- This site is optimized with the Yoast SEO plugin v27.1.1 - https:\/\/yoast.com\/product\/yoast-seo-wordpress\/ -->\n<title>Sia fatta la mia volont\u00e0, amen - Associazione Culturale Civilt\u00e0 Laica<\/title>\n<meta name=\"robots\" content=\"index, follow, max-snippet:-1, max-image-preview:large, max-video-preview:-1\" \/>\n<link rel=\"canonical\" href=\"https:\/\/www.civiltalaica.it\/cms\/sia-fatta-la-mia-volonta-amen\/\" \/>\n<meta property=\"og:locale\" content=\"it_IT\" \/>\n<meta property=\"og:type\" content=\"article\" \/>\n<meta property=\"og:title\" content=\"Sia fatta la mia volont\u00e0, amen - Associazione Culturale Civilt\u00e0 Laica\" \/>\n<meta property=\"og:description\" content=\"Dal sito Varese News Alla Parrocchia di San Vittore, Varese Al Responsabile della Parrocchia Gentile sacerdote, venuto a conoscenza dell&#039;iniziativa promossa dalla UAAR (Unione degli atei e degli agnostici razionalisti) per lo scorso 25 ottobre, volta a far annotare sui registri dei battezzati la dichiarazione di non appartenenza alla chiesa cattolica e di nullit\u00e0 degli [&hellip;]\" \/>\n<meta property=\"og:url\" content=\"https:\/\/www.civiltalaica.it\/cms\/sia-fatta-la-mia-volonta-amen\/\" \/>\n<meta property=\"og:site_name\" content=\"Associazione Culturale Civilt\u00e0 Laica\" \/>\n<meta property=\"article:publisher\" content=\"https:\/\/www.facebook.com\/civiltalaica\" \/>\n<meta property=\"article:published_time\" content=\"2008-11-19T14:15:18+00:00\" \/>\n<meta property=\"article:modified_time\" content=\"2011-01-26T09:37:44+00:00\" \/>\n<meta property=\"og:image\" content=\"https:\/\/www.civiltalaica.it\/cms\/wp-content\/uploads\/2017\/06\/logo-cl.png\" \/>\n\t<meta property=\"og:image:width\" content=\"400\" \/>\n\t<meta property=\"og:image:height\" content=\"180\" \/>\n\t<meta property=\"og:image:type\" content=\"image\/png\" \/>\n<meta name=\"author\" content=\"cladmin\" \/>\n<meta name=\"twitter:card\" content=\"summary_large_image\" \/>\n<meta name=\"twitter:label1\" content=\"Scritto da\" \/>\n\t<meta name=\"twitter:data1\" content=\"cladmin\" \/>\n\t<meta name=\"twitter:label2\" content=\"Tempo di lettura stimato\" \/>\n\t<meta name=\"twitter:data2\" content=\"7 minuti\" \/>\n<script type=\"application\/ld+json\" class=\"yoast-schema-graph\">{\"@context\":\"https:\/\/schema.org\",\"@graph\":[{\"@type\":\"Article\",\"@id\":\"https:\/\/www.civiltalaica.it\/cms\/sia-fatta-la-mia-volonta-amen\/#article\",\"isPartOf\":{\"@id\":\"https:\/\/www.civiltalaica.it\/cms\/sia-fatta-la-mia-volonta-amen\/\"},\"author\":{\"name\":\"cladmin\",\"@id\":\"https:\/\/www.civiltalaica.it\/cms\/#\/schema\/person\/500a52762e2620e007d6333aa121f5e5\"},\"headline\":\"Sia fatta la mia volont\u00e0, amen\",\"datePublished\":\"2008-11-19T14:15:18+00:00\",\"dateModified\":\"2011-01-26T09:37:44+00:00\",\"mainEntityOfPage\":{\"@id\":\"https:\/\/www.civiltalaica.it\/cms\/sia-fatta-la-mia-volonta-amen\/\"},\"wordCount\":1509,\"keywords\":[\"Web\"],\"articleSection\":[\"articoli\"],\"inLanguage\":\"it-IT\"},{\"@type\":\"WebPage\",\"@id\":\"https:\/\/www.civiltalaica.it\/cms\/sia-fatta-la-mia-volonta-amen\/\",\"url\":\"https:\/\/www.civiltalaica.it\/cms\/sia-fatta-la-mia-volonta-amen\/\",\"name\":\"Sia fatta la mia volont\u00e0, amen - Associazione Culturale Civilt\u00e0 Laica\",\"isPartOf\":{\"@id\":\"https:\/\/www.civiltalaica.it\/cms\/#website\"},\"datePublished\":\"2008-11-19T14:15:18+00:00\",\"dateModified\":\"2011-01-26T09:37:44+00:00\",\"author\":{\"@id\":\"https:\/\/www.civiltalaica.it\/cms\/#\/schema\/person\/500a52762e2620e007d6333aa121f5e5\"},\"breadcrumb\":{\"@id\":\"https:\/\/www.civiltalaica.it\/cms\/sia-fatta-la-mia-volonta-amen\/#breadcrumb\"},\"inLanguage\":\"it-IT\",\"potentialAction\":[{\"@type\":\"ReadAction\",\"target\":[\"https:\/\/www.civiltalaica.it\/cms\/sia-fatta-la-mia-volonta-amen\/\"]}]},{\"@type\":\"BreadcrumbList\",\"@id\":\"https:\/\/www.civiltalaica.it\/cms\/sia-fatta-la-mia-volonta-amen\/#breadcrumb\",\"itemListElement\":[{\"@type\":\"ListItem\",\"position\":1,\"name\":\"Home\",\"item\":\"https:\/\/www.civiltalaica.it\/cms\/\"},{\"@type\":\"ListItem\",\"position\":2,\"name\":\"1\u00b0 Meeting delle Associazioni Laiche\",\"item\":\"https:\/\/www.civiltalaica.it\/cms\/1%c2%b0-meeting-delle-associazioni-laiche-2\/\"},{\"@type\":\"ListItem\",\"position\":3,\"name\":\"Sia fatta la mia volont\u00e0, amen\"}]},{\"@type\":\"WebSite\",\"@id\":\"https:\/\/www.civiltalaica.it\/cms\/#website\",\"url\":\"https:\/\/www.civiltalaica.it\/cms\/\",\"name\":\"Associazione Culturale Civilt\u00e0 Laica\",\"description\":\"Per un movimento culturale volto a difendere la Laicit\u00e0 dello Stato.\",\"potentialAction\":[{\"@type\":\"SearchAction\",\"target\":{\"@type\":\"EntryPoint\",\"urlTemplate\":\"https:\/\/www.civiltalaica.it\/cms\/?s={search_term_string}\"},\"query-input\":{\"@type\":\"PropertyValueSpecification\",\"valueRequired\":true,\"valueName\":\"search_term_string\"}}],\"inLanguage\":\"it-IT\"},{\"@type\":\"Person\",\"@id\":\"https:\/\/www.civiltalaica.it\/cms\/#\/schema\/person\/500a52762e2620e007d6333aa121f5e5\",\"name\":\"cladmin\",\"url\":\"https:\/\/www.civiltalaica.it\/cms\/author\/cladmin\/\"}]}<\/script>\n<!-- \/ Yoast SEO plugin. -->","yoast_head_json":{"title":"Sia fatta la mia volont\u00e0, amen - Associazione Culturale Civilt\u00e0 Laica","robots":{"index":"index","follow":"follow","max-snippet":"max-snippet:-1","max-image-preview":"max-image-preview:large","max-video-preview":"max-video-preview:-1"},"canonical":"https:\/\/www.civiltalaica.it\/cms\/sia-fatta-la-mia-volonta-amen\/","og_locale":"it_IT","og_type":"article","og_title":"Sia fatta la mia volont\u00e0, amen - Associazione Culturale Civilt\u00e0 Laica","og_description":"Dal sito Varese News Alla Parrocchia di San Vittore, Varese Al Responsabile della Parrocchia Gentile sacerdote, venuto a conoscenza dell&#39;iniziativa promossa dalla UAAR (Unione degli atei e degli agnostici razionalisti) per lo scorso 25 ottobre, volta a far annotare sui registri dei battezzati la dichiarazione di non appartenenza alla chiesa cattolica e di nullit\u00e0 degli [&hellip;]","og_url":"https:\/\/www.civiltalaica.it\/cms\/sia-fatta-la-mia-volonta-amen\/","og_site_name":"Associazione Culturale Civilt\u00e0 Laica","article_publisher":"https:\/\/www.facebook.com\/civiltalaica","article_published_time":"2008-11-19T14:15:18+00:00","article_modified_time":"2011-01-26T09:37:44+00:00","og_image":[{"width":400,"height":180,"url":"https:\/\/www.civiltalaica.it\/cms\/wp-content\/uploads\/2017\/06\/logo-cl.png","type":"image\/png"}],"author":"cladmin","twitter_card":"summary_large_image","twitter_misc":{"Scritto da":"cladmin","Tempo di lettura stimato":"7 minuti"},"schema":{"@context":"https:\/\/schema.org","@graph":[{"@type":"Article","@id":"https:\/\/www.civiltalaica.it\/cms\/sia-fatta-la-mia-volonta-amen\/#article","isPartOf":{"@id":"https:\/\/www.civiltalaica.it\/cms\/sia-fatta-la-mia-volonta-amen\/"},"author":{"name":"cladmin","@id":"https:\/\/www.civiltalaica.it\/cms\/#\/schema\/person\/500a52762e2620e007d6333aa121f5e5"},"headline":"Sia fatta la mia volont\u00e0, amen","datePublished":"2008-11-19T14:15:18+00:00","dateModified":"2011-01-26T09:37:44+00:00","mainEntityOfPage":{"@id":"https:\/\/www.civiltalaica.it\/cms\/sia-fatta-la-mia-volonta-amen\/"},"wordCount":1509,"keywords":["Web"],"articleSection":["articoli"],"inLanguage":"it-IT"},{"@type":"WebPage","@id":"https:\/\/www.civiltalaica.it\/cms\/sia-fatta-la-mia-volonta-amen\/","url":"https:\/\/www.civiltalaica.it\/cms\/sia-fatta-la-mia-volonta-amen\/","name":"Sia fatta la mia volont\u00e0, amen - Associazione Culturale Civilt\u00e0 Laica","isPartOf":{"@id":"https:\/\/www.civiltalaica.it\/cms\/#website"},"datePublished":"2008-11-19T14:15:18+00:00","dateModified":"2011-01-26T09:37:44+00:00","author":{"@id":"https:\/\/www.civiltalaica.it\/cms\/#\/schema\/person\/500a52762e2620e007d6333aa121f5e5"},"breadcrumb":{"@id":"https:\/\/www.civiltalaica.it\/cms\/sia-fatta-la-mia-volonta-amen\/#breadcrumb"},"inLanguage":"it-IT","potentialAction":[{"@type":"ReadAction","target":["https:\/\/www.civiltalaica.it\/cms\/sia-fatta-la-mia-volonta-amen\/"]}]},{"@type":"BreadcrumbList","@id":"https:\/\/www.civiltalaica.it\/cms\/sia-fatta-la-mia-volonta-amen\/#breadcrumb","itemListElement":[{"@type":"ListItem","position":1,"name":"Home","item":"https:\/\/www.civiltalaica.it\/cms\/"},{"@type":"ListItem","position":2,"name":"1\u00b0 Meeting delle Associazioni Laiche","item":"https:\/\/www.civiltalaica.it\/cms\/1%c2%b0-meeting-delle-associazioni-laiche-2\/"},{"@type":"ListItem","position":3,"name":"Sia fatta la mia volont\u00e0, amen"}]},{"@type":"WebSite","@id":"https:\/\/www.civiltalaica.it\/cms\/#website","url":"https:\/\/www.civiltalaica.it\/cms\/","name":"Associazione Culturale Civilt\u00e0 Laica","description":"Per un movimento culturale volto a difendere la Laicit\u00e0 dello Stato.","potentialAction":[{"@type":"SearchAction","target":{"@type":"EntryPoint","urlTemplate":"https:\/\/www.civiltalaica.it\/cms\/?s={search_term_string}"},"query-input":{"@type":"PropertyValueSpecification","valueRequired":true,"valueName":"search_term_string"}}],"inLanguage":"it-IT"},{"@type":"Person","@id":"https:\/\/www.civiltalaica.it\/cms\/#\/schema\/person\/500a52762e2620e007d6333aa121f5e5","name":"cladmin","url":"https:\/\/www.civiltalaica.it\/cms\/author\/cladmin\/"}]}},"_links":{"self":[{"href":"https:\/\/www.civiltalaica.it\/cms\/wp-json\/wp\/v2\/posts\/801","targetHints":{"allow":["GET"]}}],"collection":[{"href":"https:\/\/www.civiltalaica.it\/cms\/wp-json\/wp\/v2\/posts"}],"about":[{"href":"https:\/\/www.civiltalaica.it\/cms\/wp-json\/wp\/v2\/types\/post"}],"author":[{"embeddable":true,"href":"https:\/\/www.civiltalaica.it\/cms\/wp-json\/wp\/v2\/users\/1"}],"replies":[{"embeddable":true,"href":"https:\/\/www.civiltalaica.it\/cms\/wp-json\/wp\/v2\/comments?post=801"}],"version-history":[{"count":0,"href":"https:\/\/www.civiltalaica.it\/cms\/wp-json\/wp\/v2\/posts\/801\/revisions"}],"wp:attachment":[{"href":"https:\/\/www.civiltalaica.it\/cms\/wp-json\/wp\/v2\/media?parent=801"}],"wp:term":[{"taxonomy":"category","embeddable":true,"href":"https:\/\/www.civiltalaica.it\/cms\/wp-json\/wp\/v2\/categories?post=801"},{"taxonomy":"post_tag","embeddable":true,"href":"https:\/\/www.civiltalaica.it\/cms\/wp-json\/wp\/v2\/tags?post=801"}],"curies":[{"name":"wp","href":"https:\/\/api.w.org\/{rel}","templated":true}]}}