{"id":798,"date":"2008-10-09T08:28:23","date_gmt":"2008-10-09T08:28:23","guid":{"rendered":""},"modified":"2011-01-26T09:38:49","modified_gmt":"2011-01-26T09:38:49","slug":"papa-sex","status":"publish","type":"post","link":"https:\/\/www.civiltalaica.it\/cms\/papa-sex\/","title":{"rendered":"Papa sex"},"content":{"rendered":"<p><a target=\"_blank\" href=\"http:\/\/www.voglioscendere.ilcannocchiale.it\/?r=85821\"><br \/>Pino Corrias sul blog &quot;Voglio scendere&quot;<\/a> (8\/10\/2008)<\/p>\n<p>Papa Ratzinger ha 80 anni compiuti. Non c&#39;\u00e8 da stupirsi se non<br \/>\ntrascorre giorno &#8211; ora che purtroppo ha alle spalle l&#39;intera vita<br \/>\ntrascorsa presumibilmente illibata &#8211; senza che in nome e per conto di<br \/>\nDio si occupi di sesso. Il sesso degli uomini che lo inquieta. Il sesso<br \/>\ndelle donne che ha solo immaginato. Il sesso dei riti coniugali che non<br \/>\nconosce. La purezza opposta al sesso. La procreazione opposta al<br \/>\npiacere. Lo spavento per l&#39;omosessualit\u00e0, la masturbazione, la<br \/>\npornografia. Una vera ossessione.<\/p>\n<p><!--more--><br \/>L&#39;ultima \u00e8 che &quot;la contraccezione nega il significato stesso del matrimonio&quot;. La pienezza dell&#39;amore, dice il Papa, non ammette preservativi, pillole o il diaframma, anche se \u00e8 disposto a chiudere un occhio sul calcolo delle ovulazioni Ogino Knaus. Come se il Dio universale si occupasse di frugare in ogni letto, quando cala la sera, per controllarne il candore o l&#39;impudicizia, la regolarit\u00e0 delle intenzioni e dei metodi, proprio come facevano le nonne di casa Gozzano, ignare anche loro di quanta impudicizia e di quante irregolarit\u00e0 si nutra l&#39;amore.<\/p>\n<p>Quello che fa sorridere, di quei risibili precetti \u00e8 il tono altisonante con cui vengono pronunciati dai tempi dell&#39;Humanae Vitae. Le sedi pomposamente dorate. Le circostanze rituali che li accompagnano, ermellini, pergamene, scarpini di seta. La convinzione che siano destinati a un gregge di quadrupedi e non a una contemporanea societ\u00e0 di donne e uomini consapevolmente adulti.<\/p>\n<p>Ma se uno considera i rischi planetari della demografia, la povert\u00e0, la fame, le malattie, i dolori universali riservati ai nuovi nati nei due terzi del pianeta, quei precetti d&#39;alto intelletto, sentenziati al sicuro, nel tepore dei ricchi palazzi vaticani, non fanno pi\u00f9 sorridere, ma risultano cos\u00ec irresponsabili da diventare offensivi. Il papa, a fine prolusione s&#39;\u00e8 lamentato che &quot;i cattolici non ascoltano abbastanza&quot;. Meno male.<\/p>\n","protected":false},"excerpt":{"rendered":"<p>Pino Corrias sul blog &quot;Voglio scendere&quot; (8\/10\/2008) Papa Ratzinger ha 80 anni compiuti. Non c&#39;\u00e8 da stupirsi se non trascorre giorno &#8211; ora che purtroppo ha alle spalle l&#39;intera vita trascorsa presumibilmente illibata &#8211; senza che in nome e per conto di Dio si occupi di sesso. Il sesso degli uomini che lo inquieta. Il [&hellip;]<\/p>\n","protected":false},"author":1,"featured_media":0,"comment_status":"closed","ping_status":"closed","sticky":false,"template":"","format":"standard","meta":{"footnotes":""},"categories":[238],"tags":[41],"class_list":["post-798","post","type-post","status-publish","format-standard","hentry","category-articoli","tag-web"],"yoast_head":"<!-- This site is optimized with the Yoast SEO plugin v27.1.1 - https:\/\/yoast.com\/product\/yoast-seo-wordpress\/ -->\n<title>Papa sex - Associazione Culturale Civilt\u00e0 Laica<\/title>\n<meta name=\"robots\" content=\"index, follow, max-snippet:-1, max-image-preview:large, max-video-preview:-1\" \/>\n<link rel=\"canonical\" href=\"https:\/\/www.civiltalaica.it\/cms\/papa-sex\/\" \/>\n<meta property=\"og:locale\" content=\"it_IT\" \/>\n<meta property=\"og:type\" content=\"article\" \/>\n<meta property=\"og:title\" content=\"Papa sex - Associazione Culturale Civilt\u00e0 Laica\" \/>\n<meta property=\"og:description\" content=\"Pino Corrias sul blog &quot;Voglio scendere&quot; (8\/10\/2008) Papa Ratzinger ha 80 anni compiuti. Non c&#039;\u00e8 da stupirsi se non trascorre giorno &#8211; ora che purtroppo ha alle spalle l&#039;intera vita trascorsa presumibilmente illibata &#8211; senza che in nome e per conto di Dio si occupi di sesso. Il sesso degli uomini che lo inquieta. Il [&hellip;]\" \/>\n<meta property=\"og:url\" content=\"https:\/\/www.civiltalaica.it\/cms\/papa-sex\/\" \/>\n<meta property=\"og:site_name\" content=\"Associazione Culturale Civilt\u00e0 Laica\" \/>\n<meta property=\"article:publisher\" content=\"https:\/\/www.facebook.com\/civiltalaica\" \/>\n<meta property=\"article:published_time\" content=\"2008-10-09T08:28:23+00:00\" \/>\n<meta property=\"article:modified_time\" content=\"2011-01-26T09:38:49+00:00\" \/>\n<meta property=\"og:image\" content=\"https:\/\/www.civiltalaica.it\/cms\/wp-content\/uploads\/2017\/06\/logo-cl.png\" \/>\n\t<meta property=\"og:image:width\" content=\"400\" \/>\n\t<meta property=\"og:image:height\" content=\"180\" \/>\n\t<meta property=\"og:image:type\" content=\"image\/png\" \/>\n<meta name=\"author\" content=\"cladmin\" \/>\n<meta name=\"twitter:card\" content=\"summary_large_image\" \/>\n<meta name=\"twitter:label1\" content=\"Scritto da\" \/>\n\t<meta name=\"twitter:data1\" content=\"cladmin\" \/>\n\t<meta name=\"twitter:label2\" content=\"Tempo di lettura stimato\" \/>\n\t<meta name=\"twitter:data2\" content=\"2 minuti\" \/>\n<script type=\"application\/ld+json\" class=\"yoast-schema-graph\">{\"@context\":\"https:\/\/schema.org\",\"@graph\":[{\"@type\":\"Article\",\"@id\":\"https:\/\/www.civiltalaica.it\/cms\/papa-sex\/#article\",\"isPartOf\":{\"@id\":\"https:\/\/www.civiltalaica.it\/cms\/papa-sex\/\"},\"author\":{\"name\":\"cladmin\",\"@id\":\"https:\/\/www.civiltalaica.it\/cms\/#\/schema\/person\/500a52762e2620e007d6333aa121f5e5\"},\"headline\":\"Papa sex\",\"datePublished\":\"2008-10-09T08:28:23+00:00\",\"dateModified\":\"2011-01-26T09:38:49+00:00\",\"mainEntityOfPage\":{\"@id\":\"https:\/\/www.civiltalaica.it\/cms\/papa-sex\/\"},\"wordCount\":313,\"keywords\":[\"Web\"],\"articleSection\":[\"articoli\"],\"inLanguage\":\"it-IT\"},{\"@type\":\"WebPage\",\"@id\":\"https:\/\/www.civiltalaica.it\/cms\/papa-sex\/\",\"url\":\"https:\/\/www.civiltalaica.it\/cms\/papa-sex\/\",\"name\":\"Papa sex - Associazione Culturale Civilt\u00e0 Laica\",\"isPartOf\":{\"@id\":\"https:\/\/www.civiltalaica.it\/cms\/#website\"},\"datePublished\":\"2008-10-09T08:28:23+00:00\",\"dateModified\":\"2011-01-26T09:38:49+00:00\",\"author\":{\"@id\":\"https:\/\/www.civiltalaica.it\/cms\/#\/schema\/person\/500a52762e2620e007d6333aa121f5e5\"},\"breadcrumb\":{\"@id\":\"https:\/\/www.civiltalaica.it\/cms\/papa-sex\/#breadcrumb\"},\"inLanguage\":\"it-IT\",\"potentialAction\":[{\"@type\":\"ReadAction\",\"target\":[\"https:\/\/www.civiltalaica.it\/cms\/papa-sex\/\"]}]},{\"@type\":\"BreadcrumbList\",\"@id\":\"https:\/\/www.civiltalaica.it\/cms\/papa-sex\/#breadcrumb\",\"itemListElement\":[{\"@type\":\"ListItem\",\"position\":1,\"name\":\"Home\",\"item\":\"https:\/\/www.civiltalaica.it\/cms\/\"},{\"@type\":\"ListItem\",\"position\":2,\"name\":\"1\u00b0 Meeting delle Associazioni Laiche\",\"item\":\"https:\/\/www.civiltalaica.it\/cms\/1%c2%b0-meeting-delle-associazioni-laiche-2\/\"},{\"@type\":\"ListItem\",\"position\":3,\"name\":\"Papa sex\"}]},{\"@type\":\"WebSite\",\"@id\":\"https:\/\/www.civiltalaica.it\/cms\/#website\",\"url\":\"https:\/\/www.civiltalaica.it\/cms\/\",\"name\":\"Associazione Culturale Civilt\u00e0 Laica\",\"description\":\"Per un movimento culturale volto a difendere la Laicit\u00e0 dello Stato.\",\"potentialAction\":[{\"@type\":\"SearchAction\",\"target\":{\"@type\":\"EntryPoint\",\"urlTemplate\":\"https:\/\/www.civiltalaica.it\/cms\/?s={search_term_string}\"},\"query-input\":{\"@type\":\"PropertyValueSpecification\",\"valueRequired\":true,\"valueName\":\"search_term_string\"}}],\"inLanguage\":\"it-IT\"},{\"@type\":\"Person\",\"@id\":\"https:\/\/www.civiltalaica.it\/cms\/#\/schema\/person\/500a52762e2620e007d6333aa121f5e5\",\"name\":\"cladmin\",\"url\":\"https:\/\/www.civiltalaica.it\/cms\/author\/cladmin\/\"}]}<\/script>\n<!-- \/ Yoast SEO plugin. -->","yoast_head_json":{"title":"Papa sex - Associazione Culturale Civilt\u00e0 Laica","robots":{"index":"index","follow":"follow","max-snippet":"max-snippet:-1","max-image-preview":"max-image-preview:large","max-video-preview":"max-video-preview:-1"},"canonical":"https:\/\/www.civiltalaica.it\/cms\/papa-sex\/","og_locale":"it_IT","og_type":"article","og_title":"Papa sex - Associazione Culturale Civilt\u00e0 Laica","og_description":"Pino Corrias sul blog &quot;Voglio scendere&quot; (8\/10\/2008) Papa Ratzinger ha 80 anni compiuti. Non c&#39;\u00e8 da stupirsi se non trascorre giorno &#8211; ora che purtroppo ha alle spalle l&#39;intera vita trascorsa presumibilmente illibata &#8211; senza che in nome e per conto di Dio si occupi di sesso. Il sesso degli uomini che lo inquieta. Il [&hellip;]","og_url":"https:\/\/www.civiltalaica.it\/cms\/papa-sex\/","og_site_name":"Associazione Culturale Civilt\u00e0 Laica","article_publisher":"https:\/\/www.facebook.com\/civiltalaica","article_published_time":"2008-10-09T08:28:23+00:00","article_modified_time":"2011-01-26T09:38:49+00:00","og_image":[{"width":400,"height":180,"url":"https:\/\/www.civiltalaica.it\/cms\/wp-content\/uploads\/2017\/06\/logo-cl.png","type":"image\/png"}],"author":"cladmin","twitter_card":"summary_large_image","twitter_misc":{"Scritto da":"cladmin","Tempo di lettura stimato":"2 minuti"},"schema":{"@context":"https:\/\/schema.org","@graph":[{"@type":"Article","@id":"https:\/\/www.civiltalaica.it\/cms\/papa-sex\/#article","isPartOf":{"@id":"https:\/\/www.civiltalaica.it\/cms\/papa-sex\/"},"author":{"name":"cladmin","@id":"https:\/\/www.civiltalaica.it\/cms\/#\/schema\/person\/500a52762e2620e007d6333aa121f5e5"},"headline":"Papa sex","datePublished":"2008-10-09T08:28:23+00:00","dateModified":"2011-01-26T09:38:49+00:00","mainEntityOfPage":{"@id":"https:\/\/www.civiltalaica.it\/cms\/papa-sex\/"},"wordCount":313,"keywords":["Web"],"articleSection":["articoli"],"inLanguage":"it-IT"},{"@type":"WebPage","@id":"https:\/\/www.civiltalaica.it\/cms\/papa-sex\/","url":"https:\/\/www.civiltalaica.it\/cms\/papa-sex\/","name":"Papa sex - Associazione Culturale Civilt\u00e0 Laica","isPartOf":{"@id":"https:\/\/www.civiltalaica.it\/cms\/#website"},"datePublished":"2008-10-09T08:28:23+00:00","dateModified":"2011-01-26T09:38:49+00:00","author":{"@id":"https:\/\/www.civiltalaica.it\/cms\/#\/schema\/person\/500a52762e2620e007d6333aa121f5e5"},"breadcrumb":{"@id":"https:\/\/www.civiltalaica.it\/cms\/papa-sex\/#breadcrumb"},"inLanguage":"it-IT","potentialAction":[{"@type":"ReadAction","target":["https:\/\/www.civiltalaica.it\/cms\/papa-sex\/"]}]},{"@type":"BreadcrumbList","@id":"https:\/\/www.civiltalaica.it\/cms\/papa-sex\/#breadcrumb","itemListElement":[{"@type":"ListItem","position":1,"name":"Home","item":"https:\/\/www.civiltalaica.it\/cms\/"},{"@type":"ListItem","position":2,"name":"1\u00b0 Meeting delle Associazioni Laiche","item":"https:\/\/www.civiltalaica.it\/cms\/1%c2%b0-meeting-delle-associazioni-laiche-2\/"},{"@type":"ListItem","position":3,"name":"Papa sex"}]},{"@type":"WebSite","@id":"https:\/\/www.civiltalaica.it\/cms\/#website","url":"https:\/\/www.civiltalaica.it\/cms\/","name":"Associazione Culturale Civilt\u00e0 Laica","description":"Per un movimento culturale volto a difendere la Laicit\u00e0 dello Stato.","potentialAction":[{"@type":"SearchAction","target":{"@type":"EntryPoint","urlTemplate":"https:\/\/www.civiltalaica.it\/cms\/?s={search_term_string}"},"query-input":{"@type":"PropertyValueSpecification","valueRequired":true,"valueName":"search_term_string"}}],"inLanguage":"it-IT"},{"@type":"Person","@id":"https:\/\/www.civiltalaica.it\/cms\/#\/schema\/person\/500a52762e2620e007d6333aa121f5e5","name":"cladmin","url":"https:\/\/www.civiltalaica.it\/cms\/author\/cladmin\/"}]}},"_links":{"self":[{"href":"https:\/\/www.civiltalaica.it\/cms\/wp-json\/wp\/v2\/posts\/798","targetHints":{"allow":["GET"]}}],"collection":[{"href":"https:\/\/www.civiltalaica.it\/cms\/wp-json\/wp\/v2\/posts"}],"about":[{"href":"https:\/\/www.civiltalaica.it\/cms\/wp-json\/wp\/v2\/types\/post"}],"author":[{"embeddable":true,"href":"https:\/\/www.civiltalaica.it\/cms\/wp-json\/wp\/v2\/users\/1"}],"replies":[{"embeddable":true,"href":"https:\/\/www.civiltalaica.it\/cms\/wp-json\/wp\/v2\/comments?post=798"}],"version-history":[{"count":0,"href":"https:\/\/www.civiltalaica.it\/cms\/wp-json\/wp\/v2\/posts\/798\/revisions"}],"wp:attachment":[{"href":"https:\/\/www.civiltalaica.it\/cms\/wp-json\/wp\/v2\/media?parent=798"}],"wp:term":[{"taxonomy":"category","embeddable":true,"href":"https:\/\/www.civiltalaica.it\/cms\/wp-json\/wp\/v2\/categories?post=798"},{"taxonomy":"post_tag","embeddable":true,"href":"https:\/\/www.civiltalaica.it\/cms\/wp-json\/wp\/v2\/tags?post=798"}],"curies":[{"name":"wp","href":"https:\/\/api.w.org\/{rel}","templated":true}]}}