{"id":794,"date":"2008-09-05T18:06:17","date_gmt":"2008-09-05T18:06:17","guid":{"rendered":""},"modified":"2011-01-26T09:39:38","modified_gmt":"2011-01-26T09:39:38","slug":"rileggiamo-il-xx-settembre","status":"publish","type":"post","link":"https:\/\/www.civiltalaica.it\/cms\/rileggiamo-il-xx-settembre\/","title":{"rendered":"Rileggiamo il XX Settembre"},"content":{"rendered":"<p>* <a target=\"_blank\" href=\"http:\/\/www.radicali.it\/newsletter\/view.php?id=128187&#038;numero=9381&#038;title=DOWNLOAD\">Francesco Pullia su Notizie Radicali<\/a><\/p>\n<p>Il venti settembre non \u00e8 una data qualsiasi e non pu\u00f2 essere<br \/>\nconsiderata una semplice ricorrenza. Segna, invece, un momento storico<br \/>\nla cui portata travalica connotati nazionali e confinati ad una<br \/>\nspecifica contingenza per affermarsi come punto cruciale e di svolta<br \/>\nnon tanto, come ben si sa, nei rapporti tra Stato italiano e Chiesa<br \/>\ncattolica quanto, invece, tra religiosit\u00e0 e religione.<\/p>\n<p><!--more--><br \/>Contrariamente, infatti, a chi intende artatamente rimarcare e accentuare l&#39;aspetto conflittuale, quasi di irrisolvibile dualismo, di insanabile opposizione cui alluderebbe la celebre breccia che pose fine ad undici secoli di dominio temporale da parte dei pontefici, riteniamo importante andare al di l\u00e0 delle interpretazioni scontate e valutare approfonditamente lo scenario completamente innovativo che da quella giornata cos\u00ec ricca di significati \u00e8 venuto a configurarsi.<\/p>\n<p>Il venti settembre, in sostanza, va a nostro avviso riletto non come accezione di scarto, cesura, netta divisione e, quindi, scontro frontale tra laicismo e religione ma come un incentivo ad affrancare il sentimento religioso, e l&#39;etica ad esso connessa, dalle grinfie di un deleterio assolutismo.<\/p>\n<p>Ecco perch\u00e9 in tempi come i nostri in cui torna ad aggirarsi il terribile, spaventoso, spettro del fondamentalismo, con il suo carico di foschi presagi e insanguinato presente, quella giornata va sottratta al passato e attualizzata come simbolo non tanto di tolleranza quanto di fecondo, costruttivo, ecumenismo dialogale, di ermeneutica scaturita dalla profondit\u00e0 dell&#39;incontro e ascolto. Sappiamo quanto sia difficile riuscire a veicolare questa posizione in un periodo in cui, purtroppo, prevale il parossismo intollerante, in cui l&#39;intersecazione (che \u00e8 ben altro della e dalla contaminazione) \u00e8 diuturnamente minacciata dalla sopraffazione e dall&#39;unilateralismo estremizzato. Proprio per questo \u00e8 necessario avviare una seria riflessione, in modo da abbattere inutili muri e steccati.<\/p>\n<p>Va, in primo luogo, oltrepassato e finalmente risolto l&#39;equivoco che vorrebbe il laicismo come irreligioso e antireligioso, cos\u00ec come, d&#39;altra parte, deve essere superata l&#39;insussistente concezione secondo cui la religiosit\u00e0 sarebbe completamente avulsa dalla sfera cosiddetta laica.<\/p>\n<p>Laicismo e religiosit\u00e0 diventano e sono sinomini non appena cessano di autorelegarsi entro gli stretti confini delle convinzioni apodittiche, irrefutabili e, quindi, del totalitarismo, vale a dire di un orizzonte esaustivo e onnicomprensivo, per destinarsi ad essere strumenti di orientamento relazionale e relativo.<\/p>\n<p>Cosa intendiamo dire? Semplicemente che laicismo e religiosit\u00e0 si negano e oppongono quando vicendevolmente mirano ad erodere e schiacciare la propria reciprocit\u00e0 mentre si fondono quando, partendo dagli interrogativi basilari, costitutivi della nostra finitudine, aprono sentieri, anche intentati, all&#39;alterit\u00e0.<\/p>\n<p>Di conseguenza, non pu\u00f2 darsi divario tra laicismo e religiosit\u00e0 ma tra quest&#39;ultima e religione codificata, istituzionalizzata, assolutizzata, privata cio\u00e8 di quella tensione veritativa che \u00e8 tipica del ricercare e, dunque, dell&#39;anelito all&#39;altro.<\/p>\n<p>E&#39; implicito ed evidente che ci\u00f2 vale anche nel caso in cui il laicismo pretenda di erigersi a religione, deprivando, per di pi\u00f9, il sacro, snaturandolo nell&#39;enfasi secolaristica. Ci\u00f2 che \u00e8 mistero non pu\u00f2 essere ridotto a mondano.<\/p>\n<p>E, allora, il venti settembre rappresenta la restituzione del sacro alla propria sacralit\u00e0, la sua sottrazione alla mondanit\u00e0, la riappropriazione, da parte di un sentire finalmente non pi\u00f9 condizionato e sottoposto a coercizione confessionale, di quel totalmente altro (che nulla a che fare con il totalitarismo) di cui la nostra umana avventura \u00e8 parte e partecipe.<\/p>\n<p>E&#39; religiosamente laico o, il che \u00e8 uguale, laicamente religioso porre attenzione e conferire centralit\u00e0, in un&#39;accorta analisi, alla nascita, alla morte, alla dignit\u00e0 del vivere come a quella del trapassare, farlo senza preclusioni di sorta, esaltando, potenziando l&#39;ascolto e, ancor di pi\u00f9, rendendo quest&#39;ultimo parola, comprensione, compassione, compresenza.<\/p>\n<p>Se si dovesse efficacemente raffigurare ci\u00f2 che il venti settembre, secondo quest&#39;ottica propositiva, rappresenta dovremmo probabilmente pensare al tao, alla compenetrazione delle polarit\u00e0 dello yin e dello yang o anche alla scacchiera in cui il nero e il bianco non si escludono ma si amalgamano.<\/p>\n<p>In questo senso, il venti settembre va visto come un punto di svolta (e d&#39;unione) in cui il sacro \u00e8 riuscito ad evincersi dal proprio depauperamento temporale per tornare a muovere le coscienze.<\/p>\n<p>Per questo, la riflessione sulla data del venti settembre, che non per niente anticipa di un giorno l&#39;equinozio autunnale, cio\u00e8 l&#39;istante in cui il sole viene a trovarsi esattamente sull&#39;equatore, dovrebbe andare oltre gli angusti limiti nazionali e porsi come garanzia nei confronti di ogni insorgente integralismo, di ogni fanatico estremismo.<\/p>\n","protected":false},"excerpt":{"rendered":"<p>* Francesco Pullia su Notizie Radicali Il venti settembre non \u00e8 una data qualsiasi e non pu\u00f2 essere considerata una semplice ricorrenza. Segna, invece, un momento storico la cui portata travalica connotati nazionali e confinati ad una specifica contingenza per affermarsi come punto cruciale e di svolta non tanto, come ben si sa, nei rapporti [&hellip;]<\/p>\n","protected":false},"author":1,"featured_media":0,"comment_status":"closed","ping_status":"closed","sticky":false,"template":"","format":"standard","meta":{"footnotes":""},"categories":[238],"tags":[41],"class_list":["post-794","post","type-post","status-publish","format-standard","hentry","category-articoli","tag-web"],"yoast_head":"<!-- This site is optimized with the Yoast SEO plugin v27.1.1 - https:\/\/yoast.com\/product\/yoast-seo-wordpress\/ -->\n<title>Rileggiamo il XX Settembre - Associazione Culturale Civilt\u00e0 Laica<\/title>\n<meta name=\"robots\" content=\"index, follow, max-snippet:-1, max-image-preview:large, max-video-preview:-1\" \/>\n<link rel=\"canonical\" href=\"https:\/\/www.civiltalaica.it\/cms\/rileggiamo-il-xx-settembre\/\" \/>\n<meta property=\"og:locale\" content=\"it_IT\" \/>\n<meta property=\"og:type\" content=\"article\" \/>\n<meta property=\"og:title\" content=\"Rileggiamo il XX Settembre - Associazione Culturale Civilt\u00e0 Laica\" \/>\n<meta property=\"og:description\" content=\"* Francesco Pullia su Notizie Radicali Il venti settembre non \u00e8 una data qualsiasi e non pu\u00f2 essere considerata una semplice ricorrenza. Segna, invece, un momento storico la cui portata travalica connotati nazionali e confinati ad una specifica contingenza per affermarsi come punto cruciale e di svolta non tanto, come ben si sa, nei rapporti [&hellip;]\" \/>\n<meta property=\"og:url\" content=\"https:\/\/www.civiltalaica.it\/cms\/rileggiamo-il-xx-settembre\/\" \/>\n<meta property=\"og:site_name\" content=\"Associazione Culturale Civilt\u00e0 Laica\" \/>\n<meta property=\"article:publisher\" content=\"https:\/\/www.facebook.com\/civiltalaica\" \/>\n<meta property=\"article:published_time\" content=\"2008-09-05T18:06:17+00:00\" \/>\n<meta property=\"article:modified_time\" content=\"2011-01-26T09:39:38+00:00\" \/>\n<meta property=\"og:image\" content=\"https:\/\/www.civiltalaica.it\/cms\/wp-content\/uploads\/2017\/06\/logo-cl.png\" \/>\n\t<meta property=\"og:image:width\" content=\"400\" \/>\n\t<meta property=\"og:image:height\" content=\"180\" \/>\n\t<meta property=\"og:image:type\" content=\"image\/png\" \/>\n<meta name=\"author\" content=\"cladmin\" \/>\n<meta name=\"twitter:card\" content=\"summary_large_image\" \/>\n<meta name=\"twitter:label1\" content=\"Scritto da\" \/>\n\t<meta name=\"twitter:data1\" content=\"cladmin\" \/>\n\t<meta name=\"twitter:label2\" content=\"Tempo di lettura stimato\" \/>\n\t<meta name=\"twitter:data2\" content=\"4 minuti\" \/>\n<script type=\"application\/ld+json\" class=\"yoast-schema-graph\">{\"@context\":\"https:\/\/schema.org\",\"@graph\":[{\"@type\":\"Article\",\"@id\":\"https:\/\/www.civiltalaica.it\/cms\/rileggiamo-il-xx-settembre\/#article\",\"isPartOf\":{\"@id\":\"https:\/\/www.civiltalaica.it\/cms\/rileggiamo-il-xx-settembre\/\"},\"author\":{\"name\":\"cladmin\",\"@id\":\"https:\/\/www.civiltalaica.it\/cms\/#\/schema\/person\/500a52762e2620e007d6333aa121f5e5\"},\"headline\":\"Rileggiamo il XX Settembre\",\"datePublished\":\"2008-09-05T18:06:17+00:00\",\"dateModified\":\"2011-01-26T09:39:38+00:00\",\"mainEntityOfPage\":{\"@id\":\"https:\/\/www.civiltalaica.it\/cms\/rileggiamo-il-xx-settembre\/\"},\"wordCount\":726,\"keywords\":[\"Web\"],\"articleSection\":[\"articoli\"],\"inLanguage\":\"it-IT\"},{\"@type\":\"WebPage\",\"@id\":\"https:\/\/www.civiltalaica.it\/cms\/rileggiamo-il-xx-settembre\/\",\"url\":\"https:\/\/www.civiltalaica.it\/cms\/rileggiamo-il-xx-settembre\/\",\"name\":\"Rileggiamo il XX Settembre - Associazione Culturale Civilt\u00e0 Laica\",\"isPartOf\":{\"@id\":\"https:\/\/www.civiltalaica.it\/cms\/#website\"},\"datePublished\":\"2008-09-05T18:06:17+00:00\",\"dateModified\":\"2011-01-26T09:39:38+00:00\",\"author\":{\"@id\":\"https:\/\/www.civiltalaica.it\/cms\/#\/schema\/person\/500a52762e2620e007d6333aa121f5e5\"},\"breadcrumb\":{\"@id\":\"https:\/\/www.civiltalaica.it\/cms\/rileggiamo-il-xx-settembre\/#breadcrumb\"},\"inLanguage\":\"it-IT\",\"potentialAction\":[{\"@type\":\"ReadAction\",\"target\":[\"https:\/\/www.civiltalaica.it\/cms\/rileggiamo-il-xx-settembre\/\"]}]},{\"@type\":\"BreadcrumbList\",\"@id\":\"https:\/\/www.civiltalaica.it\/cms\/rileggiamo-il-xx-settembre\/#breadcrumb\",\"itemListElement\":[{\"@type\":\"ListItem\",\"position\":1,\"name\":\"Home\",\"item\":\"https:\/\/www.civiltalaica.it\/cms\/\"},{\"@type\":\"ListItem\",\"position\":2,\"name\":\"1\u00b0 Meeting delle Associazioni Laiche\",\"item\":\"https:\/\/www.civiltalaica.it\/cms\/1%c2%b0-meeting-delle-associazioni-laiche-2\/\"},{\"@type\":\"ListItem\",\"position\":3,\"name\":\"Rileggiamo il XX Settembre\"}]},{\"@type\":\"WebSite\",\"@id\":\"https:\/\/www.civiltalaica.it\/cms\/#website\",\"url\":\"https:\/\/www.civiltalaica.it\/cms\/\",\"name\":\"Associazione Culturale Civilt\u00e0 Laica\",\"description\":\"Per un movimento culturale volto a difendere la Laicit\u00e0 dello Stato.\",\"potentialAction\":[{\"@type\":\"SearchAction\",\"target\":{\"@type\":\"EntryPoint\",\"urlTemplate\":\"https:\/\/www.civiltalaica.it\/cms\/?s={search_term_string}\"},\"query-input\":{\"@type\":\"PropertyValueSpecification\",\"valueRequired\":true,\"valueName\":\"search_term_string\"}}],\"inLanguage\":\"it-IT\"},{\"@type\":\"Person\",\"@id\":\"https:\/\/www.civiltalaica.it\/cms\/#\/schema\/person\/500a52762e2620e007d6333aa121f5e5\",\"name\":\"cladmin\",\"url\":\"https:\/\/www.civiltalaica.it\/cms\/author\/cladmin\/\"}]}<\/script>\n<!-- \/ Yoast SEO plugin. -->","yoast_head_json":{"title":"Rileggiamo il XX Settembre - Associazione Culturale Civilt\u00e0 Laica","robots":{"index":"index","follow":"follow","max-snippet":"max-snippet:-1","max-image-preview":"max-image-preview:large","max-video-preview":"max-video-preview:-1"},"canonical":"https:\/\/www.civiltalaica.it\/cms\/rileggiamo-il-xx-settembre\/","og_locale":"it_IT","og_type":"article","og_title":"Rileggiamo il XX Settembre - Associazione Culturale Civilt\u00e0 Laica","og_description":"* Francesco Pullia su Notizie Radicali Il venti settembre non \u00e8 una data qualsiasi e non pu\u00f2 essere considerata una semplice ricorrenza. Segna, invece, un momento storico la cui portata travalica connotati nazionali e confinati ad una specifica contingenza per affermarsi come punto cruciale e di svolta non tanto, come ben si sa, nei rapporti [&hellip;]","og_url":"https:\/\/www.civiltalaica.it\/cms\/rileggiamo-il-xx-settembre\/","og_site_name":"Associazione Culturale Civilt\u00e0 Laica","article_publisher":"https:\/\/www.facebook.com\/civiltalaica","article_published_time":"2008-09-05T18:06:17+00:00","article_modified_time":"2011-01-26T09:39:38+00:00","og_image":[{"width":400,"height":180,"url":"https:\/\/www.civiltalaica.it\/cms\/wp-content\/uploads\/2017\/06\/logo-cl.png","type":"image\/png"}],"author":"cladmin","twitter_card":"summary_large_image","twitter_misc":{"Scritto da":"cladmin","Tempo di lettura stimato":"4 minuti"},"schema":{"@context":"https:\/\/schema.org","@graph":[{"@type":"Article","@id":"https:\/\/www.civiltalaica.it\/cms\/rileggiamo-il-xx-settembre\/#article","isPartOf":{"@id":"https:\/\/www.civiltalaica.it\/cms\/rileggiamo-il-xx-settembre\/"},"author":{"name":"cladmin","@id":"https:\/\/www.civiltalaica.it\/cms\/#\/schema\/person\/500a52762e2620e007d6333aa121f5e5"},"headline":"Rileggiamo il XX Settembre","datePublished":"2008-09-05T18:06:17+00:00","dateModified":"2011-01-26T09:39:38+00:00","mainEntityOfPage":{"@id":"https:\/\/www.civiltalaica.it\/cms\/rileggiamo-il-xx-settembre\/"},"wordCount":726,"keywords":["Web"],"articleSection":["articoli"],"inLanguage":"it-IT"},{"@type":"WebPage","@id":"https:\/\/www.civiltalaica.it\/cms\/rileggiamo-il-xx-settembre\/","url":"https:\/\/www.civiltalaica.it\/cms\/rileggiamo-il-xx-settembre\/","name":"Rileggiamo il XX Settembre - Associazione Culturale Civilt\u00e0 Laica","isPartOf":{"@id":"https:\/\/www.civiltalaica.it\/cms\/#website"},"datePublished":"2008-09-05T18:06:17+00:00","dateModified":"2011-01-26T09:39:38+00:00","author":{"@id":"https:\/\/www.civiltalaica.it\/cms\/#\/schema\/person\/500a52762e2620e007d6333aa121f5e5"},"breadcrumb":{"@id":"https:\/\/www.civiltalaica.it\/cms\/rileggiamo-il-xx-settembre\/#breadcrumb"},"inLanguage":"it-IT","potentialAction":[{"@type":"ReadAction","target":["https:\/\/www.civiltalaica.it\/cms\/rileggiamo-il-xx-settembre\/"]}]},{"@type":"BreadcrumbList","@id":"https:\/\/www.civiltalaica.it\/cms\/rileggiamo-il-xx-settembre\/#breadcrumb","itemListElement":[{"@type":"ListItem","position":1,"name":"Home","item":"https:\/\/www.civiltalaica.it\/cms\/"},{"@type":"ListItem","position":2,"name":"1\u00b0 Meeting delle Associazioni Laiche","item":"https:\/\/www.civiltalaica.it\/cms\/1%c2%b0-meeting-delle-associazioni-laiche-2\/"},{"@type":"ListItem","position":3,"name":"Rileggiamo il XX Settembre"}]},{"@type":"WebSite","@id":"https:\/\/www.civiltalaica.it\/cms\/#website","url":"https:\/\/www.civiltalaica.it\/cms\/","name":"Associazione Culturale Civilt\u00e0 Laica","description":"Per un movimento culturale volto a difendere la Laicit\u00e0 dello Stato.","potentialAction":[{"@type":"SearchAction","target":{"@type":"EntryPoint","urlTemplate":"https:\/\/www.civiltalaica.it\/cms\/?s={search_term_string}"},"query-input":{"@type":"PropertyValueSpecification","valueRequired":true,"valueName":"search_term_string"}}],"inLanguage":"it-IT"},{"@type":"Person","@id":"https:\/\/www.civiltalaica.it\/cms\/#\/schema\/person\/500a52762e2620e007d6333aa121f5e5","name":"cladmin","url":"https:\/\/www.civiltalaica.it\/cms\/author\/cladmin\/"}]}},"_links":{"self":[{"href":"https:\/\/www.civiltalaica.it\/cms\/wp-json\/wp\/v2\/posts\/794","targetHints":{"allow":["GET"]}}],"collection":[{"href":"https:\/\/www.civiltalaica.it\/cms\/wp-json\/wp\/v2\/posts"}],"about":[{"href":"https:\/\/www.civiltalaica.it\/cms\/wp-json\/wp\/v2\/types\/post"}],"author":[{"embeddable":true,"href":"https:\/\/www.civiltalaica.it\/cms\/wp-json\/wp\/v2\/users\/1"}],"replies":[{"embeddable":true,"href":"https:\/\/www.civiltalaica.it\/cms\/wp-json\/wp\/v2\/comments?post=794"}],"version-history":[{"count":0,"href":"https:\/\/www.civiltalaica.it\/cms\/wp-json\/wp\/v2\/posts\/794\/revisions"}],"wp:attachment":[{"href":"https:\/\/www.civiltalaica.it\/cms\/wp-json\/wp\/v2\/media?parent=794"}],"wp:term":[{"taxonomy":"category","embeddable":true,"href":"https:\/\/www.civiltalaica.it\/cms\/wp-json\/wp\/v2\/categories?post=794"},{"taxonomy":"post_tag","embeddable":true,"href":"https:\/\/www.civiltalaica.it\/cms\/wp-json\/wp\/v2\/tags?post=794"}],"curies":[{"name":"wp","href":"https:\/\/api.w.org\/{rel}","templated":true}]}}