{"id":793,"date":"2008-08-18T11:21:56","date_gmt":"2008-08-18T11:21:56","guid":{"rendered":""},"modified":"2011-01-26T09:39:38","modified_gmt":"2011-01-26T09:39:38","slug":"la-chiesa-cattolica-onora-il-boia-nazista-dinko-saki","status":"publish","type":"post","link":"https:\/\/www.civiltalaica.it\/cms\/la-chiesa-cattolica-onora-il-boia-nazista-dinko-saki\/","title":{"rendered":"La Chiesa cattolica onora il boia nazista Dinko \u0160aki&#263;"},"content":{"rendered":"<p>7.8.2008<br \/><a href=\"http:\/\/www.osservatoriobalcani.org\/article\/articleview\/9942\/1\/44\/\" target=\"_blank\">Da Osijek, scrive Drago Hedl<\/a><\/p>\n<p>Critiche alla Croazia per i funerali di Dinko \u0160aki&#263;, responsabile del campo di concentramento usta\u0161a di Jasenovac. Scandalosa omel\u00eca del sacerdote durante il rito funebre. Silenzio della Chiesa, condanna di Mesi&#263;<br \/>&#160;<br \/><!--more--><\/p>\n<p>Nel giro di una settimana la Croazia \u00e8 stata di nuovo investita da critiche internazionali per le modalit\u00e0 con cui si sono svolti i funerali di Dinko \u0160aki&#263;, ex responsabile del campo di detenzione degli usta\u0161a a Jasenovac, e per il benvenuto euforico tributato a Zvonko Bu\u0161i&#263;, dopo 32 anni passati in carcere negli Stati Uniti a causa di atti terroristici.<\/p>\n<p>Efraim Zuroff, direttore del Centro Simon Wiesenthal di Gerusalemme, ha espresso la propria amarezza al presidente croato Stjepan Mesi&#263; per il modo in cui sono stati organizzati i funerali di Dinko \u0160aki&#263;, il responsabile del campo di Jasenovac.<\/p>\n<p>&quot;L&#39;idea che l&#39;ex capo di Jasenovac, indubbiamente uno dei peggiori campi di concentramento attivi in Europa durante la Seconda guerra mondiale, dove sistematicamente venivano uccisi molti innocenti (serbi, ebrei, croati antifascisti e rom) possa essere sepolto in divisa usta\u0161a, nonch\u00e9 lodato da un prete come modello per tutti i croati, \u00e8 un&#39;offesa a tutte le vittime degli usta\u0161a e alle persone di coscienza in tutto il mondo&quot;, ha affermato Zuroff nella sua lettera a Mesi&#263;.<\/p>\n<p>La reazione di Zuroff si \u00e8 concentrata sullo scandaloso discorso del sacerdote Vjekoslav Lasi&#263;, che ha parlato di \u0160aki&#263; come di un eroe nazionale. Lasi&#263; ha dichiarato che la corte che ha condannato Dinko \u0160aki&#263; ha condannato anche la Croazia e il suo popolo, e inoltre ha aggiunto che &quot;ogni croato onesto dovrebbe onorare il nome di \u0160aki&#263;&quot;.<\/p>\n<p>L&#39;associazione dei giovani antifascisti di Zagabria ha inviato una lettera aperta al cardinale Josip Bozani&#263;, protestando contro il discorso del padre Lasi&#263; sulla tomba di \u0160aki&#263;, e chiedendo inoltre il ritiro del suo permesso a svolgere le funzioni pastorali. &quot;La Chiesa cattolica dovrebbe dimostrare che si \u00e8 davvero liberata degli oneri del passato, e che non tollera pi\u00f9 sacerdoti che celebrano i crimini commessi dagli usta\u0161a, n\u00e9 la cosiddetta NDH (Nezavisna Dr\u017eava Hrvatska, Stato Indipendente della Croazia) di Ante Paveli&#263;&quot;, riporta la lettera, che non ha ricevuto alcuna risposta.<\/p>\n<p>L&#39;ufficio del presidente Mesi&#263; ha diramato un messaggio che ricorda &quot;la netta condanna [da parte del presidente] dei crimini degli usta\u0161a, espressa gi\u00e0 innumerevoli volte, e la sua condanna del regime usta\u0161a come criminale&quot;. Il messaggio del presidente ricorda poi che &quot;poich\u00e9 i preti durante i servizi religiosi non si presentano come semplici privati cittadini, \u00e8 impossibile interpretare le parole enunciate ai funerali di \u0160aki&#263; come un&#39;opinione personale del sacerdote che ha svolto il servizio&quot;.<\/p>\n<p>\u0160aki&#263; (87 anni) \u00e8 morto il 20 luglio scorso in un ospedale di Zagabria, nel quale \u00e8 stato trasportato, a causa della sua salute precaria, dal carcere dove scontava una condanna a 20 anni. Fino al 1998 \u0160aki&#263; si nascondeva in Argentina. E&#39; stato poi estradato in Croazia e processato per crimini di guerra e in seguito, nell&#39;ottobre del 1999, il Tribunale circoscrizionale di Zagabria l&#39;ha giudicato colpevole e l&#39;ha condannato al massimo della pena prevista.<\/p>\n<p>Il Tribunale ha accertato che \u0160aki&#263; ha commesso violazioni, torture e omicidi nel periodo in cui era a capo del campo di Jasenovac, e che inoltre non aveva fatto nulla per impedire tali violazioni e punirne i responsabili, ma aveva ucciso di persona, a colpi di pistola, quattro detenuti del campo oltre ad aver ordinato l&#39;impiccagione di altre 22 persone.<\/p>\n","protected":false},"excerpt":{"rendered":"<p>7.8.2008Da Osijek, scrive Drago Hedl Critiche alla Croazia per i funerali di Dinko \u0160aki&#263;, responsabile del campo di concentramento usta\u0161a di Jasenovac. Scandalosa omel\u00eca del sacerdote durante il rito funebre. Silenzio della Chiesa, condanna di Mesi&#263;&#160;<\/p>\n","protected":false},"author":1,"featured_media":0,"comment_status":"closed","ping_status":"closed","sticky":false,"template":"","format":"standard","meta":{"footnotes":""},"categories":[238],"tags":[41],"class_list":["post-793","post","type-post","status-publish","format-standard","hentry","category-articoli","tag-web"],"yoast_head":"<!-- This site is optimized with the Yoast SEO plugin v27.1.1 - https:\/\/yoast.com\/product\/yoast-seo-wordpress\/ -->\n<title>La Chiesa cattolica onora il boia nazista Dinko \u0160aki&#263; - Associazione Culturale Civilt\u00e0 Laica<\/title>\n<meta name=\"robots\" content=\"index, follow, max-snippet:-1, max-image-preview:large, max-video-preview:-1\" \/>\n<link rel=\"canonical\" href=\"https:\/\/www.civiltalaica.it\/cms\/la-chiesa-cattolica-onora-il-boia-nazista-dinko-saki\/\" \/>\n<meta property=\"og:locale\" content=\"it_IT\" \/>\n<meta property=\"og:type\" content=\"article\" \/>\n<meta property=\"og:title\" content=\"La Chiesa cattolica onora il boia nazista Dinko \u0160aki&#263; - Associazione Culturale Civilt\u00e0 Laica\" \/>\n<meta property=\"og:description\" content=\"7.8.2008Da Osijek, scrive Drago Hedl Critiche alla Croazia per i funerali di Dinko \u0160aki&#263;, responsabile del campo di concentramento usta\u0161a di Jasenovac. Scandalosa omel\u00eca del sacerdote durante il rito funebre. Silenzio della Chiesa, condanna di Mesi&#263;&#160;\" \/>\n<meta property=\"og:url\" content=\"https:\/\/www.civiltalaica.it\/cms\/la-chiesa-cattolica-onora-il-boia-nazista-dinko-saki\/\" \/>\n<meta property=\"og:site_name\" content=\"Associazione Culturale Civilt\u00e0 Laica\" \/>\n<meta property=\"article:publisher\" content=\"https:\/\/www.facebook.com\/civiltalaica\" \/>\n<meta property=\"article:published_time\" content=\"2008-08-18T11:21:56+00:00\" \/>\n<meta property=\"article:modified_time\" content=\"2011-01-26T09:39:38+00:00\" \/>\n<meta property=\"og:image\" content=\"https:\/\/www.civiltalaica.it\/cms\/wp-content\/uploads\/2017\/06\/logo-cl.png\" \/>\n\t<meta property=\"og:image:width\" content=\"400\" \/>\n\t<meta property=\"og:image:height\" content=\"180\" \/>\n\t<meta property=\"og:image:type\" content=\"image\/png\" \/>\n<meta name=\"author\" content=\"cladmin\" \/>\n<meta name=\"twitter:card\" content=\"summary_large_image\" \/>\n<meta name=\"twitter:label1\" content=\"Scritto da\" \/>\n\t<meta name=\"twitter:data1\" content=\"cladmin\" \/>\n\t<meta name=\"twitter:label2\" content=\"Tempo di lettura stimato\" \/>\n\t<meta name=\"twitter:data2\" content=\"3 minuti\" \/>\n<script type=\"application\/ld+json\" class=\"yoast-schema-graph\">{\"@context\":\"https:\/\/schema.org\",\"@graph\":[{\"@type\":\"Article\",\"@id\":\"https:\/\/www.civiltalaica.it\/cms\/la-chiesa-cattolica-onora-il-boia-nazista-dinko-saki\/#article\",\"isPartOf\":{\"@id\":\"https:\/\/www.civiltalaica.it\/cms\/la-chiesa-cattolica-onora-il-boia-nazista-dinko-saki\/\"},\"author\":{\"name\":\"cladmin\",\"@id\":\"https:\/\/www.civiltalaica.it\/cms\/#\/schema\/person\/500a52762e2620e007d6333aa121f5e5\"},\"headline\":\"La Chiesa cattolica onora il boia nazista Dinko \u0160aki&#263;\",\"datePublished\":\"2008-08-18T11:21:56+00:00\",\"dateModified\":\"2011-01-26T09:39:38+00:00\",\"mainEntityOfPage\":{\"@id\":\"https:\/\/www.civiltalaica.it\/cms\/la-chiesa-cattolica-onora-il-boia-nazista-dinko-saki\/\"},\"wordCount\":593,\"keywords\":[\"Web\"],\"articleSection\":[\"articoli\"],\"inLanguage\":\"it-IT\"},{\"@type\":\"WebPage\",\"@id\":\"https:\/\/www.civiltalaica.it\/cms\/la-chiesa-cattolica-onora-il-boia-nazista-dinko-saki\/\",\"url\":\"https:\/\/www.civiltalaica.it\/cms\/la-chiesa-cattolica-onora-il-boia-nazista-dinko-saki\/\",\"name\":\"La Chiesa cattolica onora il boia nazista Dinko \u0160aki&#263; - Associazione Culturale Civilt\u00e0 Laica\",\"isPartOf\":{\"@id\":\"https:\/\/www.civiltalaica.it\/cms\/#website\"},\"datePublished\":\"2008-08-18T11:21:56+00:00\",\"dateModified\":\"2011-01-26T09:39:38+00:00\",\"author\":{\"@id\":\"https:\/\/www.civiltalaica.it\/cms\/#\/schema\/person\/500a52762e2620e007d6333aa121f5e5\"},\"breadcrumb\":{\"@id\":\"https:\/\/www.civiltalaica.it\/cms\/la-chiesa-cattolica-onora-il-boia-nazista-dinko-saki\/#breadcrumb\"},\"inLanguage\":\"it-IT\",\"potentialAction\":[{\"@type\":\"ReadAction\",\"target\":[\"https:\/\/www.civiltalaica.it\/cms\/la-chiesa-cattolica-onora-il-boia-nazista-dinko-saki\/\"]}]},{\"@type\":\"BreadcrumbList\",\"@id\":\"https:\/\/www.civiltalaica.it\/cms\/la-chiesa-cattolica-onora-il-boia-nazista-dinko-saki\/#breadcrumb\",\"itemListElement\":[{\"@type\":\"ListItem\",\"position\":1,\"name\":\"Home\",\"item\":\"https:\/\/www.civiltalaica.it\/cms\/\"},{\"@type\":\"ListItem\",\"position\":2,\"name\":\"1\u00b0 Meeting delle Associazioni Laiche\",\"item\":\"https:\/\/www.civiltalaica.it\/cms\/1%c2%b0-meeting-delle-associazioni-laiche-2\/\"},{\"@type\":\"ListItem\",\"position\":3,\"name\":\"La Chiesa cattolica onora il boia nazista Dinko \u0160aki&#263;\"}]},{\"@type\":\"WebSite\",\"@id\":\"https:\/\/www.civiltalaica.it\/cms\/#website\",\"url\":\"https:\/\/www.civiltalaica.it\/cms\/\",\"name\":\"Associazione Culturale Civilt\u00e0 Laica\",\"description\":\"Per un movimento culturale volto a difendere la Laicit\u00e0 dello Stato.\",\"potentialAction\":[{\"@type\":\"SearchAction\",\"target\":{\"@type\":\"EntryPoint\",\"urlTemplate\":\"https:\/\/www.civiltalaica.it\/cms\/?s={search_term_string}\"},\"query-input\":{\"@type\":\"PropertyValueSpecification\",\"valueRequired\":true,\"valueName\":\"search_term_string\"}}],\"inLanguage\":\"it-IT\"},{\"@type\":\"Person\",\"@id\":\"https:\/\/www.civiltalaica.it\/cms\/#\/schema\/person\/500a52762e2620e007d6333aa121f5e5\",\"name\":\"cladmin\",\"url\":\"https:\/\/www.civiltalaica.it\/cms\/author\/cladmin\/\"}]}<\/script>\n<!-- \/ Yoast SEO plugin. -->","yoast_head_json":{"title":"La Chiesa cattolica onora il boia nazista Dinko \u0160aki&#263; - Associazione Culturale Civilt\u00e0 Laica","robots":{"index":"index","follow":"follow","max-snippet":"max-snippet:-1","max-image-preview":"max-image-preview:large","max-video-preview":"max-video-preview:-1"},"canonical":"https:\/\/www.civiltalaica.it\/cms\/la-chiesa-cattolica-onora-il-boia-nazista-dinko-saki\/","og_locale":"it_IT","og_type":"article","og_title":"La Chiesa cattolica onora il boia nazista Dinko \u0160aki&#263; - Associazione Culturale Civilt\u00e0 Laica","og_description":"7.8.2008Da Osijek, scrive Drago Hedl Critiche alla Croazia per i funerali di Dinko \u0160aki&#263;, responsabile del campo di concentramento usta\u0161a di Jasenovac. Scandalosa omel\u00eca del sacerdote durante il rito funebre. Silenzio della Chiesa, condanna di Mesi&#263;&#160;","og_url":"https:\/\/www.civiltalaica.it\/cms\/la-chiesa-cattolica-onora-il-boia-nazista-dinko-saki\/","og_site_name":"Associazione Culturale Civilt\u00e0 Laica","article_publisher":"https:\/\/www.facebook.com\/civiltalaica","article_published_time":"2008-08-18T11:21:56+00:00","article_modified_time":"2011-01-26T09:39:38+00:00","og_image":[{"width":400,"height":180,"url":"https:\/\/www.civiltalaica.it\/cms\/wp-content\/uploads\/2017\/06\/logo-cl.png","type":"image\/png"}],"author":"cladmin","twitter_card":"summary_large_image","twitter_misc":{"Scritto da":"cladmin","Tempo di lettura stimato":"3 minuti"},"schema":{"@context":"https:\/\/schema.org","@graph":[{"@type":"Article","@id":"https:\/\/www.civiltalaica.it\/cms\/la-chiesa-cattolica-onora-il-boia-nazista-dinko-saki\/#article","isPartOf":{"@id":"https:\/\/www.civiltalaica.it\/cms\/la-chiesa-cattolica-onora-il-boia-nazista-dinko-saki\/"},"author":{"name":"cladmin","@id":"https:\/\/www.civiltalaica.it\/cms\/#\/schema\/person\/500a52762e2620e007d6333aa121f5e5"},"headline":"La Chiesa cattolica onora il boia nazista Dinko \u0160aki&#263;","datePublished":"2008-08-18T11:21:56+00:00","dateModified":"2011-01-26T09:39:38+00:00","mainEntityOfPage":{"@id":"https:\/\/www.civiltalaica.it\/cms\/la-chiesa-cattolica-onora-il-boia-nazista-dinko-saki\/"},"wordCount":593,"keywords":["Web"],"articleSection":["articoli"],"inLanguage":"it-IT"},{"@type":"WebPage","@id":"https:\/\/www.civiltalaica.it\/cms\/la-chiesa-cattolica-onora-il-boia-nazista-dinko-saki\/","url":"https:\/\/www.civiltalaica.it\/cms\/la-chiesa-cattolica-onora-il-boia-nazista-dinko-saki\/","name":"La Chiesa cattolica onora il boia nazista Dinko \u0160aki&#263; - Associazione Culturale Civilt\u00e0 Laica","isPartOf":{"@id":"https:\/\/www.civiltalaica.it\/cms\/#website"},"datePublished":"2008-08-18T11:21:56+00:00","dateModified":"2011-01-26T09:39:38+00:00","author":{"@id":"https:\/\/www.civiltalaica.it\/cms\/#\/schema\/person\/500a52762e2620e007d6333aa121f5e5"},"breadcrumb":{"@id":"https:\/\/www.civiltalaica.it\/cms\/la-chiesa-cattolica-onora-il-boia-nazista-dinko-saki\/#breadcrumb"},"inLanguage":"it-IT","potentialAction":[{"@type":"ReadAction","target":["https:\/\/www.civiltalaica.it\/cms\/la-chiesa-cattolica-onora-il-boia-nazista-dinko-saki\/"]}]},{"@type":"BreadcrumbList","@id":"https:\/\/www.civiltalaica.it\/cms\/la-chiesa-cattolica-onora-il-boia-nazista-dinko-saki\/#breadcrumb","itemListElement":[{"@type":"ListItem","position":1,"name":"Home","item":"https:\/\/www.civiltalaica.it\/cms\/"},{"@type":"ListItem","position":2,"name":"1\u00b0 Meeting delle Associazioni Laiche","item":"https:\/\/www.civiltalaica.it\/cms\/1%c2%b0-meeting-delle-associazioni-laiche-2\/"},{"@type":"ListItem","position":3,"name":"La Chiesa cattolica onora il boia nazista Dinko \u0160aki&#263;"}]},{"@type":"WebSite","@id":"https:\/\/www.civiltalaica.it\/cms\/#website","url":"https:\/\/www.civiltalaica.it\/cms\/","name":"Associazione Culturale Civilt\u00e0 Laica","description":"Per un movimento culturale volto a difendere la Laicit\u00e0 dello Stato.","potentialAction":[{"@type":"SearchAction","target":{"@type":"EntryPoint","urlTemplate":"https:\/\/www.civiltalaica.it\/cms\/?s={search_term_string}"},"query-input":{"@type":"PropertyValueSpecification","valueRequired":true,"valueName":"search_term_string"}}],"inLanguage":"it-IT"},{"@type":"Person","@id":"https:\/\/www.civiltalaica.it\/cms\/#\/schema\/person\/500a52762e2620e007d6333aa121f5e5","name":"cladmin","url":"https:\/\/www.civiltalaica.it\/cms\/author\/cladmin\/"}]}},"_links":{"self":[{"href":"https:\/\/www.civiltalaica.it\/cms\/wp-json\/wp\/v2\/posts\/793","targetHints":{"allow":["GET"]}}],"collection":[{"href":"https:\/\/www.civiltalaica.it\/cms\/wp-json\/wp\/v2\/posts"}],"about":[{"href":"https:\/\/www.civiltalaica.it\/cms\/wp-json\/wp\/v2\/types\/post"}],"author":[{"embeddable":true,"href":"https:\/\/www.civiltalaica.it\/cms\/wp-json\/wp\/v2\/users\/1"}],"replies":[{"embeddable":true,"href":"https:\/\/www.civiltalaica.it\/cms\/wp-json\/wp\/v2\/comments?post=793"}],"version-history":[{"count":0,"href":"https:\/\/www.civiltalaica.it\/cms\/wp-json\/wp\/v2\/posts\/793\/revisions"}],"wp:attachment":[{"href":"https:\/\/www.civiltalaica.it\/cms\/wp-json\/wp\/v2\/media?parent=793"}],"wp:term":[{"taxonomy":"category","embeddable":true,"href":"https:\/\/www.civiltalaica.it\/cms\/wp-json\/wp\/v2\/categories?post=793"},{"taxonomy":"post_tag","embeddable":true,"href":"https:\/\/www.civiltalaica.it\/cms\/wp-json\/wp\/v2\/tags?post=793"}],"curies":[{"name":"wp","href":"https:\/\/api.w.org\/{rel}","templated":true}]}}