{"id":791,"date":"2008-08-03T20:47:59","date_gmt":"2008-08-03T20:47:59","guid":{"rendered":""},"modified":"2011-01-26T09:39:38","modified_gmt":"2011-01-26T09:39:38","slug":"lo-specchietto-dellintegralismo-laico","status":"publish","type":"post","link":"https:\/\/www.civiltalaica.it\/cms\/lo-specchietto-dellintegralismo-laico\/","title":{"rendered":"LO SPECCHIETTO DELL&#8217;INTEGRALISMO LAICO"},"content":{"rendered":"<p><a href=\"http:\/\/www.italialaica.it\/cgi-bin\/news\/view.pl?id=008626\" target=\"_blank\">Luigi Corvaglia su italialaica.it<\/a><br \/>\n3\/8\/2008<\/p>\n<p><u>Il libertario non impone nulla, permette, il chierico non permette<br \/>\nnulla, impone. Non esiste alcuna specularit\u00e0 dogmatica fra i due<br \/>\natteggiamenti<\/u><\/p>\n<p>Un luogo comune ampiamente diffuso in questa triste stagione di dominio<br \/>\ndella neo-lingua orwelliana (quella per cui &quot;la guerra \u00e8 pace e la<br \/>\nschiavit\u00f9 \u00e8 libert\u00e0&quot;) afferma essere in corso una &quot;offensiva laicista&quot;<br \/>\n(&quot;la pace \u00e8 guerra&quot;) ad opera di un estremismo ateo di segno uguale e<br \/>\ncontrario a quello clericale che vuole imporre a tutti la stessa morale.<\/p>\n<p><!--more--><br \/>Insomma, per clericali, teo-dem e neo-con, i laici ed i libertari sarebbero contraddittori, intolleranti e assolutisti! Non sarebbe necessario spendere troppe parole per mettere in evidenza le fallacie di un argomento per cui basta una capacit\u00e0 cognitiva appena superiore all&#39;ottusit\u00e0 che marchia tanta parte della psiche clericale. Il sistema perch\u00e9 il bue dia del cornuto all&#39;asino, infatti, \u00e8 tutto nell&#39;utilizzo di sillogismi errati e basati su sentenze espresse nella neo-lingua ( pretendere autonomia per s\u00e9 e per gli altri \u00e8 praticare la schiavit\u00f9, imporre agli altri &quot;valori non negoziabili&quot; \u00e8 libert\u00e0) . Non ci si aspettano, del resto, prestazioni migliori da chi predica il monopolio ideatico e morale sulla scorta di un utilizzo a dir poco parsimonioso della logica. \u00c8 per\u00f2 da rimarcare come il cretinismo montante abbia ormai fatto terra per porci anche del supposto fronte &quot;laico&quot;. Sentenze di simile tenore, infatti, sono spesso espresse dagli esponenti del buonismo post comunista, del kennedismo alla vaccinara, dell&#39;ecumenismo luogocomunista della sinistra del cilicio, della retorica del progressismo &quot;tutti si e tutti ma&quot;, del liberalismo de noantri. Perch\u00e9 &#8211; ci viene spesso chiesto, con aria gesuitica e malandrina dai portatori sani di buon senso &#8211; tutto questo astio nei confronti delle pretese della Chiesa? Non sarete pure voi &#8211; dicono questi progressisti assennati, con la sufficienza di chi la sa lunga &#8211; degli intolleranti come rimproverate essere i cattolici? Vorreste forse imporre &#8211; parola che viene sardonicamente sottolineata con malizia &#8211; la vostra morale laica? A questo punto, forse, \u00e8 il caso di spendere qualche parola. Innanzitutto, una premessa: la libert\u00e0 \u00e8 un bene indivisibile, \u00e8, tecnicamente, un &quot;bene pubblico&quot;. Un bene si definisce pubblico quando, una volta disponibile, non \u00e8 possibile non usufruirne (non escludibilit\u00e0) e quando \u00e8 indivisibile (la libert\u00e0 non si fa a fette). Sicch\u00e9, per quanto io possa essere egoista nel desiderare la mia libert\u00e0, perfino il mio voler secedere da qualunque ordinamento coercitivo, il mio egoismo pu\u00f2 esprimersi in concreto solo nel desiderare la produzione di un bene pubblico, ossia la libert\u00e0 per tutti; essa \u00e8 co-condizione per il realizzarsi della mia.<\/p>\n<p>\u00c8 qui che un lettore poco attento, forse sprovveduto, sicuramente prevenuto, potrebbe sottolineare un paradosso d&#39;illibertariet\u00e0 nel mio voler &quot;imporre&quot; la libert\u00e0 a chi non la vuole. Ripeto, potrebbe farlo solo un lettore poco avveduto che ignora che, se ogni &quot;bene pubblico&quot; presenta le caratteristiche di indivisibilit\u00e0 e non escludibilit\u00e0, solo il bene pubblico &quot;costrizione&quot; viene realmente imposto. Infatti, proprio perch\u00e8 indivisibile, la costrizione non permette spazi di libert\u00e0 neanche per chi non condivide la scelta costrittiva. Il l bene pubblico &quot;libert\u00e0&quot;, di contro, proprio in virt\u00f9 della sua non escludibilit\u00e0, permette ogni cosa a tutti. Fra le cose che permette \u00e8 inclusa la volontaria sottomissione di chi non apprezzasse l&#39;assenza di steccati intorno a s\u00e9 alle autorit\u00e0 secolari, spirituali o morali da egli liberamente scelte. Ci\u00f2 per l&#39;elementare cognizione, in possesso di chiunque sappia cosa sia una matrioska, che la forma pi\u00f9 piccola rientra in quella pi\u00f9 grande e non viceversa. Avere a disposizione un piccolo spazio, cio\u00e8, permette di muoversi ben poco; aver a disposizione un grande spazio permette un raggio d&#39;azione molto maggiore, ma, assolutamente, non obbliga affatto a percorrere l&#39;intero territorio. Ecco perch\u00e9 la laicit\u00e0 non ha nulla a che vedere con un integralismo ateo che, nella psicotica logica anti-laicista, rispecchierebbe quello clericale in termini di assolutismo. &quot;Imporre&quot; libert\u00e0 o costrizione, quindi, non sono atti equiparabili in termini libertari (oltre che logici). In definitiva, il coercitivo decide per s\u00e9 e anche per gli altri, il libertario solo per s\u00e9. L&#39;integralista cattolico, ad esempio, essendo ostile al divorzio, pretende di vietarlo a tutti, incluso a chi, non essendo portatore dello stesso orizzonte morale, vorrebbe divorziare. Il divorzista, per contro, pretende di essere libero di divorziare ma non impone affatto ad alcuno di farlo se non vuole. Solo il primo, quindi, mette in atto una reale imposizione, perch\u00e9 gli effetti indivisibili prodotti dal &quot;bene&quot; costrizione ricadono su ogni individuo costringendolo entro angusti limiti, che questi non ha autonomamente fissato. Quindi, il sillogismo anti-laico \u00e8 errato perch\u00e9 la premessa principale &quot;chi vuole imporre una concezione \u00e8 un autoritario&quot; \u00e8 viziata dall&#39;utilizzo improprio del concetto di imposizione. Avrebbero ragione i chierici di ogni ordine e grado solo se lo stato &#8211; o la libera organizzazione che lo avesse sostituito &#8211; laico imponesse per legge il divorzio ai coniugi litigiosi, l&#39;aborto ai genitori di figli deformi, l&#39;anticoncezionale a chi ha troppi figli, il matrimonio agli omosessuali che si amano, l&#39;adozioni a quelli che convivono, l&#39;eutanasia a chi soffre senza speranze di guarigione, l&#39;ateismo a tutti. Ma non \u00e8 questa la pretesa del laico, proprio perch\u00e9 \u00e8 laico. Si pone per\u00f2 il contrario. Lo stato teocratico vieta a tutti tutto ci\u00f2. Quello che gli piace \u00e8 il bene per tutti, incluso chi non gradisce, quello che \u00e8 il bene per gli altri, se a lui non piace, non deve piacere neppure agli altri. Il libertario non impone nulla, permette, il chierico non permette nulla, impone. Non esiste alcuna specularit\u00e0 dogmatica.<\/p>\n<p>Allora, perch\u00e9 tanto astio, mi chiedeva l&#39;amico di buon senso, quello del giusto mezzo che \u00e8 sempre giusto perch\u00e9 \u00e8 proprio in mezzo? Perch\u00e9, in definitiva, l&#39;atteggiamento di acquiescenza del soggetto prono ai diktat di entit\u00e0 sovrapersonali non incide solo sul suo status, ma produce effetti indivisibili, esternalit\u00e0, dicono i giuristi, anche nei miei confronti. Ci\u00f2 consolida, di fatto, il potere dei titolari della coercizione non solo nei suoi confronti, ma anche nei miei. Egli, decidendo per s\u00e9, decide per me. Sicch\u00e9 chi d\u00e0 consenso alla coercizione \u00e8 avversario della libert\u00e0, mia e di chi la pensa come me, non meno di chi la coercizione la pratica. Perch\u00e9 tanto astio, amico assennato? Perch\u00e9 &#8211; ora dovrebbe essere chiaro &#8211; chi d\u00e0 il consenso alla coercizione \u00e8 mio avversario non meno di chi mi punta una pistola alla tempia. Luigi Corvaglia<\/p>\n","protected":false},"excerpt":{"rendered":"<p>Luigi Corvaglia su italialaica.it 3\/8\/2008 Il libertario non impone nulla, permette, il chierico non permette nulla, impone. Non esiste alcuna specularit\u00e0 dogmatica fra i due atteggiamenti Un luogo comune ampiamente diffuso in questa triste stagione di dominio della neo-lingua orwelliana (quella per cui &quot;la guerra \u00e8 pace e la schiavit\u00f9 \u00e8 libert\u00e0&quot;) afferma essere in [&hellip;]<\/p>\n","protected":false},"author":1,"featured_media":0,"comment_status":"closed","ping_status":"closed","sticky":false,"template":"","format":"standard","meta":{"footnotes":""},"categories":[238],"tags":[41],"class_list":["post-791","post","type-post","status-publish","format-standard","hentry","category-articoli","tag-web"],"yoast_head":"<!-- This site is optimized with the Yoast SEO plugin v27.1.1 - https:\/\/yoast.com\/product\/yoast-seo-wordpress\/ -->\n<title>LO SPECCHIETTO DELL&#039;INTEGRALISMO LAICO - Associazione Culturale Civilt\u00e0 Laica<\/title>\n<meta name=\"robots\" content=\"index, follow, max-snippet:-1, max-image-preview:large, max-video-preview:-1\" \/>\n<link rel=\"canonical\" href=\"https:\/\/www.civiltalaica.it\/cms\/lo-specchietto-dellintegralismo-laico\/\" \/>\n<meta property=\"og:locale\" content=\"it_IT\" \/>\n<meta property=\"og:type\" content=\"article\" \/>\n<meta property=\"og:title\" content=\"LO SPECCHIETTO DELL&#039;INTEGRALISMO LAICO - Associazione Culturale Civilt\u00e0 Laica\" \/>\n<meta property=\"og:description\" content=\"Luigi Corvaglia su italialaica.it 3\/8\/2008 Il libertario non impone nulla, permette, il chierico non permette nulla, impone. Non esiste alcuna specularit\u00e0 dogmatica fra i due atteggiamenti Un luogo comune ampiamente diffuso in questa triste stagione di dominio della neo-lingua orwelliana (quella per cui &quot;la guerra \u00e8 pace e la schiavit\u00f9 \u00e8 libert\u00e0&quot;) afferma essere in [&hellip;]\" \/>\n<meta property=\"og:url\" content=\"https:\/\/www.civiltalaica.it\/cms\/lo-specchietto-dellintegralismo-laico\/\" \/>\n<meta property=\"og:site_name\" content=\"Associazione Culturale Civilt\u00e0 Laica\" \/>\n<meta property=\"article:publisher\" content=\"https:\/\/www.facebook.com\/civiltalaica\" \/>\n<meta property=\"article:published_time\" content=\"2008-08-03T20:47:59+00:00\" \/>\n<meta property=\"article:modified_time\" content=\"2011-01-26T09:39:38+00:00\" \/>\n<meta property=\"og:image\" content=\"https:\/\/www.civiltalaica.it\/cms\/wp-content\/uploads\/2017\/06\/logo-cl.png\" \/>\n\t<meta property=\"og:image:width\" content=\"400\" \/>\n\t<meta property=\"og:image:height\" content=\"180\" \/>\n\t<meta property=\"og:image:type\" content=\"image\/png\" \/>\n<meta name=\"author\" content=\"cladmin\" \/>\n<meta name=\"twitter:card\" content=\"summary_large_image\" \/>\n<meta name=\"twitter:label1\" content=\"Scritto da\" \/>\n\t<meta name=\"twitter:data1\" content=\"cladmin\" \/>\n\t<meta name=\"twitter:label2\" content=\"Tempo di lettura stimato\" \/>\n\t<meta name=\"twitter:data2\" content=\"5 minuti\" \/>\n<script type=\"application\/ld+json\" class=\"yoast-schema-graph\">{\"@context\":\"https:\/\/schema.org\",\"@graph\":[{\"@type\":\"Article\",\"@id\":\"https:\/\/www.civiltalaica.it\/cms\/lo-specchietto-dellintegralismo-laico\/#article\",\"isPartOf\":{\"@id\":\"https:\/\/www.civiltalaica.it\/cms\/lo-specchietto-dellintegralismo-laico\/\"},\"author\":{\"name\":\"cladmin\",\"@id\":\"https:\/\/www.civiltalaica.it\/cms\/#\/schema\/person\/500a52762e2620e007d6333aa121f5e5\"},\"headline\":\"LO SPECCHIETTO DELL&#8217;INTEGRALISMO LAICO\",\"datePublished\":\"2008-08-03T20:47:59+00:00\",\"dateModified\":\"2011-01-26T09:39:38+00:00\",\"mainEntityOfPage\":{\"@id\":\"https:\/\/www.civiltalaica.it\/cms\/lo-specchietto-dellintegralismo-laico\/\"},\"wordCount\":1080,\"keywords\":[\"Web\"],\"articleSection\":[\"articoli\"],\"inLanguage\":\"it-IT\"},{\"@type\":\"WebPage\",\"@id\":\"https:\/\/www.civiltalaica.it\/cms\/lo-specchietto-dellintegralismo-laico\/\",\"url\":\"https:\/\/www.civiltalaica.it\/cms\/lo-specchietto-dellintegralismo-laico\/\",\"name\":\"LO SPECCHIETTO DELL'INTEGRALISMO LAICO - Associazione Culturale Civilt\u00e0 Laica\",\"isPartOf\":{\"@id\":\"https:\/\/www.civiltalaica.it\/cms\/#website\"},\"datePublished\":\"2008-08-03T20:47:59+00:00\",\"dateModified\":\"2011-01-26T09:39:38+00:00\",\"author\":{\"@id\":\"https:\/\/www.civiltalaica.it\/cms\/#\/schema\/person\/500a52762e2620e007d6333aa121f5e5\"},\"breadcrumb\":{\"@id\":\"https:\/\/www.civiltalaica.it\/cms\/lo-specchietto-dellintegralismo-laico\/#breadcrumb\"},\"inLanguage\":\"it-IT\",\"potentialAction\":[{\"@type\":\"ReadAction\",\"target\":[\"https:\/\/www.civiltalaica.it\/cms\/lo-specchietto-dellintegralismo-laico\/\"]}]},{\"@type\":\"BreadcrumbList\",\"@id\":\"https:\/\/www.civiltalaica.it\/cms\/lo-specchietto-dellintegralismo-laico\/#breadcrumb\",\"itemListElement\":[{\"@type\":\"ListItem\",\"position\":1,\"name\":\"Home\",\"item\":\"https:\/\/www.civiltalaica.it\/cms\/\"},{\"@type\":\"ListItem\",\"position\":2,\"name\":\"1\u00b0 Meeting delle Associazioni Laiche\",\"item\":\"https:\/\/www.civiltalaica.it\/cms\/1%c2%b0-meeting-delle-associazioni-laiche-2\/\"},{\"@type\":\"ListItem\",\"position\":3,\"name\":\"LO SPECCHIETTO DELL&#8217;INTEGRALISMO LAICO\"}]},{\"@type\":\"WebSite\",\"@id\":\"https:\/\/www.civiltalaica.it\/cms\/#website\",\"url\":\"https:\/\/www.civiltalaica.it\/cms\/\",\"name\":\"Associazione Culturale Civilt\u00e0 Laica\",\"description\":\"Per un movimento culturale volto a difendere la Laicit\u00e0 dello Stato.\",\"potentialAction\":[{\"@type\":\"SearchAction\",\"target\":{\"@type\":\"EntryPoint\",\"urlTemplate\":\"https:\/\/www.civiltalaica.it\/cms\/?s={search_term_string}\"},\"query-input\":{\"@type\":\"PropertyValueSpecification\",\"valueRequired\":true,\"valueName\":\"search_term_string\"}}],\"inLanguage\":\"it-IT\"},{\"@type\":\"Person\",\"@id\":\"https:\/\/www.civiltalaica.it\/cms\/#\/schema\/person\/500a52762e2620e007d6333aa121f5e5\",\"name\":\"cladmin\",\"url\":\"https:\/\/www.civiltalaica.it\/cms\/author\/cladmin\/\"}]}<\/script>\n<!-- \/ Yoast SEO plugin. -->","yoast_head_json":{"title":"LO SPECCHIETTO DELL'INTEGRALISMO LAICO - Associazione Culturale Civilt\u00e0 Laica","robots":{"index":"index","follow":"follow","max-snippet":"max-snippet:-1","max-image-preview":"max-image-preview:large","max-video-preview":"max-video-preview:-1"},"canonical":"https:\/\/www.civiltalaica.it\/cms\/lo-specchietto-dellintegralismo-laico\/","og_locale":"it_IT","og_type":"article","og_title":"LO SPECCHIETTO DELL'INTEGRALISMO LAICO - Associazione Culturale Civilt\u00e0 Laica","og_description":"Luigi Corvaglia su italialaica.it 3\/8\/2008 Il libertario non impone nulla, permette, il chierico non permette nulla, impone. Non esiste alcuna specularit\u00e0 dogmatica fra i due atteggiamenti Un luogo comune ampiamente diffuso in questa triste stagione di dominio della neo-lingua orwelliana (quella per cui &quot;la guerra \u00e8 pace e la schiavit\u00f9 \u00e8 libert\u00e0&quot;) afferma essere in [&hellip;]","og_url":"https:\/\/www.civiltalaica.it\/cms\/lo-specchietto-dellintegralismo-laico\/","og_site_name":"Associazione Culturale Civilt\u00e0 Laica","article_publisher":"https:\/\/www.facebook.com\/civiltalaica","article_published_time":"2008-08-03T20:47:59+00:00","article_modified_time":"2011-01-26T09:39:38+00:00","og_image":[{"width":400,"height":180,"url":"https:\/\/www.civiltalaica.it\/cms\/wp-content\/uploads\/2017\/06\/logo-cl.png","type":"image\/png"}],"author":"cladmin","twitter_card":"summary_large_image","twitter_misc":{"Scritto da":"cladmin","Tempo di lettura stimato":"5 minuti"},"schema":{"@context":"https:\/\/schema.org","@graph":[{"@type":"Article","@id":"https:\/\/www.civiltalaica.it\/cms\/lo-specchietto-dellintegralismo-laico\/#article","isPartOf":{"@id":"https:\/\/www.civiltalaica.it\/cms\/lo-specchietto-dellintegralismo-laico\/"},"author":{"name":"cladmin","@id":"https:\/\/www.civiltalaica.it\/cms\/#\/schema\/person\/500a52762e2620e007d6333aa121f5e5"},"headline":"LO SPECCHIETTO DELL&#8217;INTEGRALISMO LAICO","datePublished":"2008-08-03T20:47:59+00:00","dateModified":"2011-01-26T09:39:38+00:00","mainEntityOfPage":{"@id":"https:\/\/www.civiltalaica.it\/cms\/lo-specchietto-dellintegralismo-laico\/"},"wordCount":1080,"keywords":["Web"],"articleSection":["articoli"],"inLanguage":"it-IT"},{"@type":"WebPage","@id":"https:\/\/www.civiltalaica.it\/cms\/lo-specchietto-dellintegralismo-laico\/","url":"https:\/\/www.civiltalaica.it\/cms\/lo-specchietto-dellintegralismo-laico\/","name":"LO SPECCHIETTO DELL'INTEGRALISMO LAICO - Associazione Culturale Civilt\u00e0 Laica","isPartOf":{"@id":"https:\/\/www.civiltalaica.it\/cms\/#website"},"datePublished":"2008-08-03T20:47:59+00:00","dateModified":"2011-01-26T09:39:38+00:00","author":{"@id":"https:\/\/www.civiltalaica.it\/cms\/#\/schema\/person\/500a52762e2620e007d6333aa121f5e5"},"breadcrumb":{"@id":"https:\/\/www.civiltalaica.it\/cms\/lo-specchietto-dellintegralismo-laico\/#breadcrumb"},"inLanguage":"it-IT","potentialAction":[{"@type":"ReadAction","target":["https:\/\/www.civiltalaica.it\/cms\/lo-specchietto-dellintegralismo-laico\/"]}]},{"@type":"BreadcrumbList","@id":"https:\/\/www.civiltalaica.it\/cms\/lo-specchietto-dellintegralismo-laico\/#breadcrumb","itemListElement":[{"@type":"ListItem","position":1,"name":"Home","item":"https:\/\/www.civiltalaica.it\/cms\/"},{"@type":"ListItem","position":2,"name":"1\u00b0 Meeting delle Associazioni Laiche","item":"https:\/\/www.civiltalaica.it\/cms\/1%c2%b0-meeting-delle-associazioni-laiche-2\/"},{"@type":"ListItem","position":3,"name":"LO SPECCHIETTO DELL&#8217;INTEGRALISMO LAICO"}]},{"@type":"WebSite","@id":"https:\/\/www.civiltalaica.it\/cms\/#website","url":"https:\/\/www.civiltalaica.it\/cms\/","name":"Associazione Culturale Civilt\u00e0 Laica","description":"Per un movimento culturale volto a difendere la Laicit\u00e0 dello Stato.","potentialAction":[{"@type":"SearchAction","target":{"@type":"EntryPoint","urlTemplate":"https:\/\/www.civiltalaica.it\/cms\/?s={search_term_string}"},"query-input":{"@type":"PropertyValueSpecification","valueRequired":true,"valueName":"search_term_string"}}],"inLanguage":"it-IT"},{"@type":"Person","@id":"https:\/\/www.civiltalaica.it\/cms\/#\/schema\/person\/500a52762e2620e007d6333aa121f5e5","name":"cladmin","url":"https:\/\/www.civiltalaica.it\/cms\/author\/cladmin\/"}]}},"_links":{"self":[{"href":"https:\/\/www.civiltalaica.it\/cms\/wp-json\/wp\/v2\/posts\/791","targetHints":{"allow":["GET"]}}],"collection":[{"href":"https:\/\/www.civiltalaica.it\/cms\/wp-json\/wp\/v2\/posts"}],"about":[{"href":"https:\/\/www.civiltalaica.it\/cms\/wp-json\/wp\/v2\/types\/post"}],"author":[{"embeddable":true,"href":"https:\/\/www.civiltalaica.it\/cms\/wp-json\/wp\/v2\/users\/1"}],"replies":[{"embeddable":true,"href":"https:\/\/www.civiltalaica.it\/cms\/wp-json\/wp\/v2\/comments?post=791"}],"version-history":[{"count":0,"href":"https:\/\/www.civiltalaica.it\/cms\/wp-json\/wp\/v2\/posts\/791\/revisions"}],"wp:attachment":[{"href":"https:\/\/www.civiltalaica.it\/cms\/wp-json\/wp\/v2\/media?parent=791"}],"wp:term":[{"taxonomy":"category","embeddable":true,"href":"https:\/\/www.civiltalaica.it\/cms\/wp-json\/wp\/v2\/categories?post=791"},{"taxonomy":"post_tag","embeddable":true,"href":"https:\/\/www.civiltalaica.it\/cms\/wp-json\/wp\/v2\/tags?post=791"}],"curies":[{"name":"wp","href":"https:\/\/api.w.org\/{rel}","templated":true}]}}