{"id":789,"date":"2008-07-28T22:17:19","date_gmt":"2008-07-28T22:17:19","guid":{"rendered":""},"modified":"2011-01-26T09:40:11","modified_gmt":"2011-01-26T09:40:11","slug":"genitori-omosessuali","status":"publish","type":"post","link":"https:\/\/www.civiltalaica.it\/cms\/genitori-omosessuali\/","title":{"rendered":"Genitori omosessuali"},"content":{"rendered":"<p><a href=\"http:\/\/www.personaedanno.it\/CMS\/Data\/articoli\/011131.aspx?abstract=true\" target=\"_blank\">&quot;OMOSESSUALITA&#39; E AFFIDAMENTO CONDIVISO&quot;<br \/><\/a><br \/>&quot;Il semplice fatto che uno dei genitori sia omosessuale non giustifica &#8211; e non consente di motivare &#8211; la scelta restrittiva dell&#39;affidamento esclusivo&quot;. Con queste parole il tribunale di Bologna ha disposto l&#39;affidamento condiviso di una bambina ad entrambi i genitori, uno dei quali, il padre, dopo anni di matrimonio aveva compreso e coraggiosamente affrontato la propria reale identit\u00e0 sessuale.<br \/>Da controparte, per la verit\u00e0, solo generiche affermazioni circa la presunta inadeguatezza e disinteresse del padre nei confronti della figlia, tese, invero, a mascherare una non troppo velata diffidenza, un non troppo celato pregiudizio.<br \/>&#160;<br \/><!--more--><\/p>\n<p>Altre e di ben altro tenore sono, tuttavia, le valutazioni che il giudice \u00e8 chiamato a compiere onde, eventualmente, derogare alla regola generale sancita dall&#39;art. 155 c.c. e disporre l&#39;affidamento monogenitoriale della prole.<br \/>La contrariet\u00e0 all&#39;interesse del minore non pu\u00f2 certo ritenersi insita nella identit\u00e0 omosessuale del genitore, cos\u00ec come non pu\u00f2 esserlo nelle &quot;opzioni politiche, culturali, religiose, che pure sono di per s\u00e9 irrilevanti ai fini dell&#39;affidamento&quot; (Trib. Napoli 28.06.2006, GM, 2007, 178), poich\u00e9 &quot;l&#39;omosessualit\u00e0, infatti, e beninteso, \u00e8 una condizione personale, e non certo una patologia, cos\u00ec come le condotte &#8211; relazioni omosessuali non presentano, di per s\u00e9, alcun fattore di rischio o di disvalore giuridico, rispetto a quelle eterosessuali&quot; (idem).<br \/>Il tribunale partenopeo, alle cui argomentazioni si \u00e8 richiamato anche il giudice bolognese nel decreto che pubblichiamo, compie affermazioni la cui importanza non pu\u00f2 passare inosservata, poich\u00e9, tra le altre cose, invita gli operatori del diritto a mettere da parte &quot;stereotipi pseudoculturali, espressione di moralismo e non di principi etici condivisi&quot; badando solo ed esclusivamente, nel decidere dell&#39;affidamento di un minore, all&#39;interesse di quest&#39;ultimo.<\/p>\n<p>E&#39; quanto ha fatto il tribunale emiliano, ritenendo nel caso concreto che entrambi i genitori fossero idonei a svolgere il loro ruolo, pur invitandoli ad affrontare insieme il delicato momento della presentazione alla figlia dell&#39;identit\u00e0 sessuale paterna.<br \/>Ma il giudice bolognese ha compiuto un ulteriore passo, autorizzando nel medesimo decreto il padre a condurre con s\u00e9 la bambina in vacanza, in una localit\u00e0 osteggiata dalla madre in quanto, a suo dire, frequentata esclusivamente da gay e, quindi, pericolosa per l&#39;equilibrio della minore che avrebbe potuto assistere a scene &quot;non adeguate&quot; (sic!). Quasi a dire che la condizione di omosessualit\u00e0 possa far perdere all&#39;individuo qualsiasi freno inibitore, qualsiasi remora a compiere gesti ambigui e &quot;perversi&quot; e, addirittura, in presenza dei figli.<br \/>Bene, questo tipo di pregiudizi e mediocri moralismi non devono trovare spazio in tribunale, ove l&#39;idoneit\u00e0 del genitore in rapporto alla tutela dell&#39;interesse dei figli \u00e8 l&#39;unica questione da affrontare nel decidere dell&#39;affidamento e della frequentazione.<br \/>Il padre gay, quindi, salvo non dimostri di essere persona per altre ragioni inadeguata &#8211; non diversamente che un eterosessuale &#8211; \u00e8 non solo genitore meritevole di ottenere l&#39;affidamento condiviso della propria figlia, ma \u00e8 perfettamente in grado di &quot;rispettare le esigenze e i diritti della figlia, di condurla in ambienti e di garantirle orari e stili di vita adeguati alla sua et\u00e0&quot; e di &quot;assumere pienamente la responsabilit\u00e0 genitoriale, compito cui \u00e8 chiamato alla pari della madre&quot;. Il rispetto di tali esigenze \u00e8 il solo obiettivo del giudizio di idoneit\u00e0 genitoriale, ed esso riguarda tutti i genitori, omo o etero-sessuali che essi siano, in qualunque posto si trovino a vivere e a trascorrere le vacanze.<br \/>Il decreto del tribunale di Bologna presenta i tratti di una tappa rispettosa e discreta ma inesorabile nel segno del progresso della societ\u00e0.<br \/>Per quanto riguarda l&#39; affermazione della &quot;neutralit\u00e0 e naturalit\u00e0&quot; della condizione omosessuale possiamo forse dire che il diritto, o per meglio dire, la giurisprudenza si mostra anticipatrice ed in vantaggio rispetto ad una societ\u00e0 tuttora ancorata a (falsi) moralismi e (vera) insincerit\u00e0, che si focalizza sul &quot;diverso&quot; per distogliere la mente dal &quot;reale&quot;. In ci\u00f2 appoggiata, sia concesso, da una Chiesa talvolta invadente e che spesso dimentica il proprio stesso insegnamento, per cui la natura umana altro non \u00e8 che il riflesso di quella &quot;divina&quot;, da cui \u00e8 creata a propria immagine e somiglianza.<\/p>\n<p>Tornando alla &quot;terra&quot;, si segnalano le pronunce della Corte di Appello di Brescia 5.06.07 e della Cassazione 25.7.07, n. 16417, la prima che nega che il tradimento omosessuale del coniuge sia dotato di una lesivit\u00e0 e offensivit\u00e0 intrinseca tale da giustificare di per s\u00e9 oltre all&#39;addebito della separazione anche il risarcimento del danno alla moglie tradita, la seconda che definisce (finalmente) l&#39;omosessualit\u00e0 come &quot;condizione dell&#39;uomo degna di tutela in conformit\u00e0 ai precetti costituzionali&quot; e manifestazione del &quot;diritto alla realizzazione della propria personalit\u00e0&quot;. Come fa ben sperare anche il decreto del tribunale di Bologna, la strada \u00e8 aperta, bisogna solo avere le scarpe giuste per percorrerla.<br \/>E, se &quot;soltanto l&#39;ardente pazienza porter\u00e0 al raggiungimento di una splendida felicit\u00e0&quot; (P. Neruda, Ode alla vita), possiamo credere che la felicit\u00e0 del padre &quot;protagonista&quot; del provvedimento in commento sar\u00e0 davvero grande, come pure quella di tutti gli omosessuali (e &quot;diversi&quot; in genere, si passi il brutto termine) che della pazienza, ogni giorno, fanno la loro fedele compagna.<\/p>\n","protected":false},"excerpt":{"rendered":"<p>&quot;OMOSESSUALITA&#39; E AFFIDAMENTO CONDIVISO&quot;&quot;Il semplice fatto che uno dei genitori sia omosessuale non giustifica &#8211; e non consente di motivare &#8211; la scelta restrittiva dell&#39;affidamento esclusivo&quot;. Con queste parole il tribunale di Bologna ha disposto l&#39;affidamento condiviso di una bambina ad entrambi i genitori, uno dei quali, il padre, dopo anni di matrimonio aveva compreso [&hellip;]<\/p>\n","protected":false},"author":1,"featured_media":0,"comment_status":"closed","ping_status":"closed","sticky":false,"template":"","format":"standard","meta":{"footnotes":""},"categories":[238],"tags":[41],"class_list":["post-789","post","type-post","status-publish","format-standard","hentry","category-articoli","tag-web"],"yoast_head":"<!-- This site is optimized with the Yoast SEO plugin v27.1.1 - https:\/\/yoast.com\/product\/yoast-seo-wordpress\/ -->\n<title>Genitori omosessuali - Associazione Culturale Civilt\u00e0 Laica<\/title>\n<meta name=\"robots\" content=\"index, follow, max-snippet:-1, max-image-preview:large, max-video-preview:-1\" \/>\n<link rel=\"canonical\" href=\"https:\/\/www.civiltalaica.it\/cms\/genitori-omosessuali\/\" \/>\n<meta property=\"og:locale\" content=\"it_IT\" \/>\n<meta property=\"og:type\" content=\"article\" \/>\n<meta property=\"og:title\" content=\"Genitori omosessuali - Associazione Culturale Civilt\u00e0 Laica\" \/>\n<meta property=\"og:description\" content=\"&quot;OMOSESSUALITA&#039; E AFFIDAMENTO CONDIVISO&quot;&quot;Il semplice fatto che uno dei genitori sia omosessuale non giustifica &#8211; e non consente di motivare &#8211; la scelta restrittiva dell&#039;affidamento esclusivo&quot;. Con queste parole il tribunale di Bologna ha disposto l&#039;affidamento condiviso di una bambina ad entrambi i genitori, uno dei quali, il padre, dopo anni di matrimonio aveva compreso [&hellip;]\" \/>\n<meta property=\"og:url\" content=\"https:\/\/www.civiltalaica.it\/cms\/genitori-omosessuali\/\" \/>\n<meta property=\"og:site_name\" content=\"Associazione Culturale Civilt\u00e0 Laica\" \/>\n<meta property=\"article:publisher\" content=\"https:\/\/www.facebook.com\/civiltalaica\" \/>\n<meta property=\"article:published_time\" content=\"2008-07-28T22:17:19+00:00\" \/>\n<meta property=\"article:modified_time\" content=\"2011-01-26T09:40:11+00:00\" \/>\n<meta property=\"og:image\" content=\"https:\/\/www.civiltalaica.it\/cms\/wp-content\/uploads\/2017\/06\/logo-cl.png\" \/>\n\t<meta property=\"og:image:width\" content=\"400\" \/>\n\t<meta property=\"og:image:height\" content=\"180\" \/>\n\t<meta property=\"og:image:type\" content=\"image\/png\" \/>\n<meta name=\"author\" content=\"cladmin\" \/>\n<meta name=\"twitter:card\" content=\"summary_large_image\" \/>\n<meta name=\"twitter:label1\" content=\"Scritto da\" \/>\n\t<meta name=\"twitter:data1\" content=\"cladmin\" \/>\n\t<meta name=\"twitter:label2\" content=\"Tempo di lettura stimato\" \/>\n\t<meta name=\"twitter:data2\" content=\"4 minuti\" \/>\n<script type=\"application\/ld+json\" class=\"yoast-schema-graph\">{\"@context\":\"https:\/\/schema.org\",\"@graph\":[{\"@type\":\"Article\",\"@id\":\"https:\/\/www.civiltalaica.it\/cms\/genitori-omosessuali\/#article\",\"isPartOf\":{\"@id\":\"https:\/\/www.civiltalaica.it\/cms\/genitori-omosessuali\/\"},\"author\":{\"name\":\"cladmin\",\"@id\":\"https:\/\/www.civiltalaica.it\/cms\/#\/schema\/person\/500a52762e2620e007d6333aa121f5e5\"},\"headline\":\"Genitori omosessuali\",\"datePublished\":\"2008-07-28T22:17:19+00:00\",\"dateModified\":\"2011-01-26T09:40:11+00:00\",\"mainEntityOfPage\":{\"@id\":\"https:\/\/www.civiltalaica.it\/cms\/genitori-omosessuali\/\"},\"wordCount\":872,\"keywords\":[\"Web\"],\"articleSection\":[\"articoli\"],\"inLanguage\":\"it-IT\"},{\"@type\":\"WebPage\",\"@id\":\"https:\/\/www.civiltalaica.it\/cms\/genitori-omosessuali\/\",\"url\":\"https:\/\/www.civiltalaica.it\/cms\/genitori-omosessuali\/\",\"name\":\"Genitori omosessuali - Associazione Culturale Civilt\u00e0 Laica\",\"isPartOf\":{\"@id\":\"https:\/\/www.civiltalaica.it\/cms\/#website\"},\"datePublished\":\"2008-07-28T22:17:19+00:00\",\"dateModified\":\"2011-01-26T09:40:11+00:00\",\"author\":{\"@id\":\"https:\/\/www.civiltalaica.it\/cms\/#\/schema\/person\/500a52762e2620e007d6333aa121f5e5\"},\"breadcrumb\":{\"@id\":\"https:\/\/www.civiltalaica.it\/cms\/genitori-omosessuali\/#breadcrumb\"},\"inLanguage\":\"it-IT\",\"potentialAction\":[{\"@type\":\"ReadAction\",\"target\":[\"https:\/\/www.civiltalaica.it\/cms\/genitori-omosessuali\/\"]}]},{\"@type\":\"BreadcrumbList\",\"@id\":\"https:\/\/www.civiltalaica.it\/cms\/genitori-omosessuali\/#breadcrumb\",\"itemListElement\":[{\"@type\":\"ListItem\",\"position\":1,\"name\":\"Home\",\"item\":\"https:\/\/www.civiltalaica.it\/cms\/\"},{\"@type\":\"ListItem\",\"position\":2,\"name\":\"1\u00b0 Meeting delle Associazioni Laiche\",\"item\":\"https:\/\/www.civiltalaica.it\/cms\/1%c2%b0-meeting-delle-associazioni-laiche-2\/\"},{\"@type\":\"ListItem\",\"position\":3,\"name\":\"Genitori omosessuali\"}]},{\"@type\":\"WebSite\",\"@id\":\"https:\/\/www.civiltalaica.it\/cms\/#website\",\"url\":\"https:\/\/www.civiltalaica.it\/cms\/\",\"name\":\"Associazione Culturale Civilt\u00e0 Laica\",\"description\":\"Per un movimento culturale volto a difendere la Laicit\u00e0 dello Stato.\",\"potentialAction\":[{\"@type\":\"SearchAction\",\"target\":{\"@type\":\"EntryPoint\",\"urlTemplate\":\"https:\/\/www.civiltalaica.it\/cms\/?s={search_term_string}\"},\"query-input\":{\"@type\":\"PropertyValueSpecification\",\"valueRequired\":true,\"valueName\":\"search_term_string\"}}],\"inLanguage\":\"it-IT\"},{\"@type\":\"Person\",\"@id\":\"https:\/\/www.civiltalaica.it\/cms\/#\/schema\/person\/500a52762e2620e007d6333aa121f5e5\",\"name\":\"cladmin\",\"url\":\"https:\/\/www.civiltalaica.it\/cms\/author\/cladmin\/\"}]}<\/script>\n<!-- \/ Yoast SEO plugin. -->","yoast_head_json":{"title":"Genitori omosessuali - Associazione Culturale Civilt\u00e0 Laica","robots":{"index":"index","follow":"follow","max-snippet":"max-snippet:-1","max-image-preview":"max-image-preview:large","max-video-preview":"max-video-preview:-1"},"canonical":"https:\/\/www.civiltalaica.it\/cms\/genitori-omosessuali\/","og_locale":"it_IT","og_type":"article","og_title":"Genitori omosessuali - Associazione Culturale Civilt\u00e0 Laica","og_description":"&quot;OMOSESSUALITA&#39; E AFFIDAMENTO CONDIVISO&quot;&quot;Il semplice fatto che uno dei genitori sia omosessuale non giustifica &#8211; e non consente di motivare &#8211; la scelta restrittiva dell&#39;affidamento esclusivo&quot;. Con queste parole il tribunale di Bologna ha disposto l&#39;affidamento condiviso di una bambina ad entrambi i genitori, uno dei quali, il padre, dopo anni di matrimonio aveva compreso [&hellip;]","og_url":"https:\/\/www.civiltalaica.it\/cms\/genitori-omosessuali\/","og_site_name":"Associazione Culturale Civilt\u00e0 Laica","article_publisher":"https:\/\/www.facebook.com\/civiltalaica","article_published_time":"2008-07-28T22:17:19+00:00","article_modified_time":"2011-01-26T09:40:11+00:00","og_image":[{"width":400,"height":180,"url":"https:\/\/www.civiltalaica.it\/cms\/wp-content\/uploads\/2017\/06\/logo-cl.png","type":"image\/png"}],"author":"cladmin","twitter_card":"summary_large_image","twitter_misc":{"Scritto da":"cladmin","Tempo di lettura stimato":"4 minuti"},"schema":{"@context":"https:\/\/schema.org","@graph":[{"@type":"Article","@id":"https:\/\/www.civiltalaica.it\/cms\/genitori-omosessuali\/#article","isPartOf":{"@id":"https:\/\/www.civiltalaica.it\/cms\/genitori-omosessuali\/"},"author":{"name":"cladmin","@id":"https:\/\/www.civiltalaica.it\/cms\/#\/schema\/person\/500a52762e2620e007d6333aa121f5e5"},"headline":"Genitori omosessuali","datePublished":"2008-07-28T22:17:19+00:00","dateModified":"2011-01-26T09:40:11+00:00","mainEntityOfPage":{"@id":"https:\/\/www.civiltalaica.it\/cms\/genitori-omosessuali\/"},"wordCount":872,"keywords":["Web"],"articleSection":["articoli"],"inLanguage":"it-IT"},{"@type":"WebPage","@id":"https:\/\/www.civiltalaica.it\/cms\/genitori-omosessuali\/","url":"https:\/\/www.civiltalaica.it\/cms\/genitori-omosessuali\/","name":"Genitori omosessuali - Associazione Culturale Civilt\u00e0 Laica","isPartOf":{"@id":"https:\/\/www.civiltalaica.it\/cms\/#website"},"datePublished":"2008-07-28T22:17:19+00:00","dateModified":"2011-01-26T09:40:11+00:00","author":{"@id":"https:\/\/www.civiltalaica.it\/cms\/#\/schema\/person\/500a52762e2620e007d6333aa121f5e5"},"breadcrumb":{"@id":"https:\/\/www.civiltalaica.it\/cms\/genitori-omosessuali\/#breadcrumb"},"inLanguage":"it-IT","potentialAction":[{"@type":"ReadAction","target":["https:\/\/www.civiltalaica.it\/cms\/genitori-omosessuali\/"]}]},{"@type":"BreadcrumbList","@id":"https:\/\/www.civiltalaica.it\/cms\/genitori-omosessuali\/#breadcrumb","itemListElement":[{"@type":"ListItem","position":1,"name":"Home","item":"https:\/\/www.civiltalaica.it\/cms\/"},{"@type":"ListItem","position":2,"name":"1\u00b0 Meeting delle Associazioni Laiche","item":"https:\/\/www.civiltalaica.it\/cms\/1%c2%b0-meeting-delle-associazioni-laiche-2\/"},{"@type":"ListItem","position":3,"name":"Genitori omosessuali"}]},{"@type":"WebSite","@id":"https:\/\/www.civiltalaica.it\/cms\/#website","url":"https:\/\/www.civiltalaica.it\/cms\/","name":"Associazione Culturale Civilt\u00e0 Laica","description":"Per un movimento culturale volto a difendere la Laicit\u00e0 dello Stato.","potentialAction":[{"@type":"SearchAction","target":{"@type":"EntryPoint","urlTemplate":"https:\/\/www.civiltalaica.it\/cms\/?s={search_term_string}"},"query-input":{"@type":"PropertyValueSpecification","valueRequired":true,"valueName":"search_term_string"}}],"inLanguage":"it-IT"},{"@type":"Person","@id":"https:\/\/www.civiltalaica.it\/cms\/#\/schema\/person\/500a52762e2620e007d6333aa121f5e5","name":"cladmin","url":"https:\/\/www.civiltalaica.it\/cms\/author\/cladmin\/"}]}},"_links":{"self":[{"href":"https:\/\/www.civiltalaica.it\/cms\/wp-json\/wp\/v2\/posts\/789","targetHints":{"allow":["GET"]}}],"collection":[{"href":"https:\/\/www.civiltalaica.it\/cms\/wp-json\/wp\/v2\/posts"}],"about":[{"href":"https:\/\/www.civiltalaica.it\/cms\/wp-json\/wp\/v2\/types\/post"}],"author":[{"embeddable":true,"href":"https:\/\/www.civiltalaica.it\/cms\/wp-json\/wp\/v2\/users\/1"}],"replies":[{"embeddable":true,"href":"https:\/\/www.civiltalaica.it\/cms\/wp-json\/wp\/v2\/comments?post=789"}],"version-history":[{"count":0,"href":"https:\/\/www.civiltalaica.it\/cms\/wp-json\/wp\/v2\/posts\/789\/revisions"}],"wp:attachment":[{"href":"https:\/\/www.civiltalaica.it\/cms\/wp-json\/wp\/v2\/media?parent=789"}],"wp:term":[{"taxonomy":"category","embeddable":true,"href":"https:\/\/www.civiltalaica.it\/cms\/wp-json\/wp\/v2\/categories?post=789"},{"taxonomy":"post_tag","embeddable":true,"href":"https:\/\/www.civiltalaica.it\/cms\/wp-json\/wp\/v2\/tags?post=789"}],"curies":[{"name":"wp","href":"https:\/\/api.w.org\/{rel}","templated":true}]}}