{"id":788,"date":"2008-07-10T10:02:54","date_gmt":"2008-07-10T10:02:54","guid":{"rendered":""},"modified":"2011-01-26T09:40:11","modified_gmt":"2011-01-26T09:40:11","slug":"obiettori-di-che","status":"publish","type":"post","link":"https:\/\/www.civiltalaica.it\/cms\/obiettori-di-che\/","title":{"rendered":"Obiettori&#8230;di che?"},"content":{"rendered":"<p>* di Alessandro Litta Modignani su <a target=\"_blank\" href=\"http:\/\/www.opinione.it\/pages.php?dir=naz&#038;act=art&#038;id_art=5547&#038;edi=138&#038;dated=05-07-08&#038;aa=2008\">l&#39;opinione.it del 7\/7\/2008<\/a><\/p>\n<p>Dicono le statistiche che gli italiani si sposano sempre pi\u00f9 di rado.<br \/>\nFra coloro che si sposano, sono particolarmente in calo quelli che<br \/>\ndecidono di farlo davanti a un altare. Altre statistiche invece<br \/>\nsegnalano il forte calo delle nascite &#8211; questo lo sanno tutti &#8211; ed<br \/>\nevidenziano che, fra i pochi nati, sono significativamente in<br \/>\ndiminuzione coloro che ricevono il sacramento del battesimo. Se ci<br \/>\nspostiamo in ambito scolastico, ulteriori statistiche ci informano che<br \/>\ncresce di anno in anno, in misura importante, il numero di quanti<br \/>\nchiedono l&#39;esonero dall&#39;insegnamento della religione. E cos\u00ec via.<br \/>\nQuesto elenco potrebbe continuare a lungo, perch\u00e9 che si parli di<br \/>\nconvivenza, matrimonio, divorzio, aborto, contraccezione, sessualit\u00e0,<br \/>\nomosessualit\u00e0 eccetera, la stragrande maggioranza degli italiani &#8211; che<br \/>\nsi professino cattolici o no, poco importa &#8211; si comporta in maniera<br \/>\ndifforme, spesso opposta, rispetto ai dettami della Chiesa cattolica.<br \/>\nE&#39; un fatto, non un&#39;opinione.<\/p>\n<p><!--more--><br \/>Tuttavia, di recente, \u00e8 apparso un dato in contro-tendenza, che sar\u00e0 risultato di grande conforto per le gerarchie vaticane. Solo negli ultimi quattro anni, ginecologi e ostetriche obiettori di coscienza, ai sensi della legge 194 sull&#39;aborto, sono passati dal 58 al 70 per cento del totale. Un vero e proprio boom, un&#39;impennata verticale verso una maggioranza schiacciante. Ci\u00f2 significa dunque che chi opera per fare nascere gli esseri umani matura una speciale religiosit\u00e0? O forse che negli ultimi quattro anni \u00e8 emersa una nuova sensibilit\u00e0, pi\u00f9 rispettosa della vita umana e del suo supremo valore? Chi sostiene queste tesi, mostra semplicemente di non conoscere la vergogna e mente sapendo di mentire. Tutti conoscono fin troppo bene la realt\u00e0 degli ospedali italiani e dei loro assetti di potere interno. I medici che praticano l&#39;interruzione di gravidanza (pubblicamente bollati, anche in tv, con l&#39;epiteto ingiurioso di &quot;abortisti&quot;) sono penalizzati in tutti i modi: nei turni, nella carriera, nelle relazioni con i colleghi, soprattutto ad opera dei primari, che spesso hanno potuto raggiungere questa posizione grazie alle potenti raccomandazioni di vescovi e alti prelati. Questa \u00e8 la verit\u00e0 nota a tutti. Si tratta di pura e semplice convenienza professionale, che con la coscienza non c&#39;entra nulla.<\/p>\n<p>E&#39; illuminante, in questo senso, la presa di posizione della Chiesa contro la contraccezione d&#39;emergenza (la cosiddetta &quot;pillola del giorno dopo&quot;). Il quotidiano dei vescovi Avvenire ha dedicato di recente un&#39;intera pagina ad attaccare i Radicali, che si battono per l&#39;abolizione della ricetta. Questo farmaco, giova ripeterlo, non \u00e8 affatto abortivo, perch\u00e9 se l&#39;ovulo \u00e8 gi\u00e0 fecondato, esso risulta del tutto inefficace. La pillola impedisce la fecondazione, ma non pu\u00f2 interromperla. Eppure, anche in questo caso, le gerarchie vaticane invocano una presunta &quot;obiezione di coscienza&quot; da parte dei medici che devono prescrivere la ricetta, o addirittura dei farmacisti. Ottenendo cos\u00ec, peraltro, proprio il risultato che si voleva scongiurare. La donna che, in caso di rottura del preservativo, vorrebbe evitare la gravidanza, sar\u00e0 costretta prima a rischiarla, poi &#8211; se del caso &#8211; a interromperla. In un dibattito televisivo ai tempi del referendum sulla fecondazione assistita, per sfottere Marco Pannella, Giuliano Ferrara disse che quella era la prima battaglia dei Radicali contro i diritti dell&#39;uomo (in embrione). Rovesciando il ragionamento, oggi si pu\u00f2 dire che l&#39;opposizione alla contraccezione d&#39;emergenza \u00e8 la prima battaglia della Chiesa cattolica finalizzata a incrementare gli aborti. Bell&#39;affare.<\/p>\n","protected":false},"excerpt":{"rendered":"<p>* di Alessandro Litta Modignani su l&#39;opinione.it del 7\/7\/2008 Dicono le statistiche che gli italiani si sposano sempre pi\u00f9 di rado. Fra coloro che si sposano, sono particolarmente in calo quelli che decidono di farlo davanti a un altare. Altre statistiche invece segnalano il forte calo delle nascite &#8211; questo lo sanno tutti &#8211; ed [&hellip;]<\/p>\n","protected":false},"author":1,"featured_media":0,"comment_status":"closed","ping_status":"closed","sticky":false,"template":"","format":"standard","meta":{"footnotes":""},"categories":[238],"tags":[41],"class_list":["post-788","post","type-post","status-publish","format-standard","hentry","category-articoli","tag-web"],"yoast_head":"<!-- This site is optimized with the Yoast SEO plugin v27.1.1 - https:\/\/yoast.com\/product\/yoast-seo-wordpress\/ -->\n<title>Obiettori...di che? - Associazione Culturale Civilt\u00e0 Laica<\/title>\n<meta name=\"robots\" content=\"index, follow, max-snippet:-1, max-image-preview:large, max-video-preview:-1\" \/>\n<link rel=\"canonical\" href=\"https:\/\/www.civiltalaica.it\/cms\/obiettori-di-che\/\" \/>\n<meta property=\"og:locale\" content=\"it_IT\" \/>\n<meta property=\"og:type\" content=\"article\" \/>\n<meta property=\"og:title\" content=\"Obiettori...di che? - Associazione Culturale Civilt\u00e0 Laica\" \/>\n<meta property=\"og:description\" content=\"* di Alessandro Litta Modignani su l&#039;opinione.it del 7\/7\/2008 Dicono le statistiche che gli italiani si sposano sempre pi\u00f9 di rado. Fra coloro che si sposano, sono particolarmente in calo quelli che decidono di farlo davanti a un altare. Altre statistiche invece segnalano il forte calo delle nascite &#8211; questo lo sanno tutti &#8211; ed [&hellip;]\" \/>\n<meta property=\"og:url\" content=\"https:\/\/www.civiltalaica.it\/cms\/obiettori-di-che\/\" \/>\n<meta property=\"og:site_name\" content=\"Associazione Culturale Civilt\u00e0 Laica\" \/>\n<meta property=\"article:publisher\" content=\"https:\/\/www.facebook.com\/civiltalaica\" \/>\n<meta property=\"article:published_time\" content=\"2008-07-10T10:02:54+00:00\" \/>\n<meta property=\"article:modified_time\" content=\"2011-01-26T09:40:11+00:00\" \/>\n<meta property=\"og:image\" content=\"https:\/\/www.civiltalaica.it\/cms\/wp-content\/uploads\/2017\/06\/logo-cl.png\" \/>\n\t<meta property=\"og:image:width\" content=\"400\" \/>\n\t<meta property=\"og:image:height\" content=\"180\" \/>\n\t<meta property=\"og:image:type\" content=\"image\/png\" \/>\n<meta name=\"author\" content=\"cladmin\" \/>\n<meta name=\"twitter:card\" content=\"summary_large_image\" \/>\n<meta name=\"twitter:label1\" content=\"Scritto da\" \/>\n\t<meta name=\"twitter:data1\" content=\"cladmin\" \/>\n\t<meta name=\"twitter:label2\" content=\"Tempo di lettura stimato\" \/>\n\t<meta name=\"twitter:data2\" content=\"3 minuti\" \/>\n<script type=\"application\/ld+json\" class=\"yoast-schema-graph\">{\"@context\":\"https:\/\/schema.org\",\"@graph\":[{\"@type\":\"Article\",\"@id\":\"https:\/\/www.civiltalaica.it\/cms\/obiettori-di-che\/#article\",\"isPartOf\":{\"@id\":\"https:\/\/www.civiltalaica.it\/cms\/obiettori-di-che\/\"},\"author\":{\"name\":\"cladmin\",\"@id\":\"https:\/\/www.civiltalaica.it\/cms\/#\/schema\/person\/500a52762e2620e007d6333aa121f5e5\"},\"headline\":\"Obiettori&#8230;di che?\",\"datePublished\":\"2008-07-10T10:02:54+00:00\",\"dateModified\":\"2011-01-26T09:40:11+00:00\",\"mainEntityOfPage\":{\"@id\":\"https:\/\/www.civiltalaica.it\/cms\/obiettori-di-che\/\"},\"wordCount\":565,\"keywords\":[\"Web\"],\"articleSection\":[\"articoli\"],\"inLanguage\":\"it-IT\"},{\"@type\":\"WebPage\",\"@id\":\"https:\/\/www.civiltalaica.it\/cms\/obiettori-di-che\/\",\"url\":\"https:\/\/www.civiltalaica.it\/cms\/obiettori-di-che\/\",\"name\":\"Obiettori...di che? - Associazione Culturale Civilt\u00e0 Laica\",\"isPartOf\":{\"@id\":\"https:\/\/www.civiltalaica.it\/cms\/#website\"},\"datePublished\":\"2008-07-10T10:02:54+00:00\",\"dateModified\":\"2011-01-26T09:40:11+00:00\",\"author\":{\"@id\":\"https:\/\/www.civiltalaica.it\/cms\/#\/schema\/person\/500a52762e2620e007d6333aa121f5e5\"},\"breadcrumb\":{\"@id\":\"https:\/\/www.civiltalaica.it\/cms\/obiettori-di-che\/#breadcrumb\"},\"inLanguage\":\"it-IT\",\"potentialAction\":[{\"@type\":\"ReadAction\",\"target\":[\"https:\/\/www.civiltalaica.it\/cms\/obiettori-di-che\/\"]}]},{\"@type\":\"BreadcrumbList\",\"@id\":\"https:\/\/www.civiltalaica.it\/cms\/obiettori-di-che\/#breadcrumb\",\"itemListElement\":[{\"@type\":\"ListItem\",\"position\":1,\"name\":\"Home\",\"item\":\"https:\/\/www.civiltalaica.it\/cms\/\"},{\"@type\":\"ListItem\",\"position\":2,\"name\":\"1\u00b0 Meeting delle Associazioni Laiche\",\"item\":\"https:\/\/www.civiltalaica.it\/cms\/1%c2%b0-meeting-delle-associazioni-laiche-2\/\"},{\"@type\":\"ListItem\",\"position\":3,\"name\":\"Obiettori&#8230;di che?\"}]},{\"@type\":\"WebSite\",\"@id\":\"https:\/\/www.civiltalaica.it\/cms\/#website\",\"url\":\"https:\/\/www.civiltalaica.it\/cms\/\",\"name\":\"Associazione Culturale Civilt\u00e0 Laica\",\"description\":\"Per un movimento culturale volto a difendere la Laicit\u00e0 dello Stato.\",\"potentialAction\":[{\"@type\":\"SearchAction\",\"target\":{\"@type\":\"EntryPoint\",\"urlTemplate\":\"https:\/\/www.civiltalaica.it\/cms\/?s={search_term_string}\"},\"query-input\":{\"@type\":\"PropertyValueSpecification\",\"valueRequired\":true,\"valueName\":\"search_term_string\"}}],\"inLanguage\":\"it-IT\"},{\"@type\":\"Person\",\"@id\":\"https:\/\/www.civiltalaica.it\/cms\/#\/schema\/person\/500a52762e2620e007d6333aa121f5e5\",\"name\":\"cladmin\",\"url\":\"https:\/\/www.civiltalaica.it\/cms\/author\/cladmin\/\"}]}<\/script>\n<!-- \/ Yoast SEO plugin. -->","yoast_head_json":{"title":"Obiettori...di che? - Associazione Culturale Civilt\u00e0 Laica","robots":{"index":"index","follow":"follow","max-snippet":"max-snippet:-1","max-image-preview":"max-image-preview:large","max-video-preview":"max-video-preview:-1"},"canonical":"https:\/\/www.civiltalaica.it\/cms\/obiettori-di-che\/","og_locale":"it_IT","og_type":"article","og_title":"Obiettori...di che? - Associazione Culturale Civilt\u00e0 Laica","og_description":"* di Alessandro Litta Modignani su l&#39;opinione.it del 7\/7\/2008 Dicono le statistiche che gli italiani si sposano sempre pi\u00f9 di rado. Fra coloro che si sposano, sono particolarmente in calo quelli che decidono di farlo davanti a un altare. Altre statistiche invece segnalano il forte calo delle nascite &#8211; questo lo sanno tutti &#8211; ed [&hellip;]","og_url":"https:\/\/www.civiltalaica.it\/cms\/obiettori-di-che\/","og_site_name":"Associazione Culturale Civilt\u00e0 Laica","article_publisher":"https:\/\/www.facebook.com\/civiltalaica","article_published_time":"2008-07-10T10:02:54+00:00","article_modified_time":"2011-01-26T09:40:11+00:00","og_image":[{"width":400,"height":180,"url":"https:\/\/www.civiltalaica.it\/cms\/wp-content\/uploads\/2017\/06\/logo-cl.png","type":"image\/png"}],"author":"cladmin","twitter_card":"summary_large_image","twitter_misc":{"Scritto da":"cladmin","Tempo di lettura stimato":"3 minuti"},"schema":{"@context":"https:\/\/schema.org","@graph":[{"@type":"Article","@id":"https:\/\/www.civiltalaica.it\/cms\/obiettori-di-che\/#article","isPartOf":{"@id":"https:\/\/www.civiltalaica.it\/cms\/obiettori-di-che\/"},"author":{"name":"cladmin","@id":"https:\/\/www.civiltalaica.it\/cms\/#\/schema\/person\/500a52762e2620e007d6333aa121f5e5"},"headline":"Obiettori&#8230;di che?","datePublished":"2008-07-10T10:02:54+00:00","dateModified":"2011-01-26T09:40:11+00:00","mainEntityOfPage":{"@id":"https:\/\/www.civiltalaica.it\/cms\/obiettori-di-che\/"},"wordCount":565,"keywords":["Web"],"articleSection":["articoli"],"inLanguage":"it-IT"},{"@type":"WebPage","@id":"https:\/\/www.civiltalaica.it\/cms\/obiettori-di-che\/","url":"https:\/\/www.civiltalaica.it\/cms\/obiettori-di-che\/","name":"Obiettori...di che? - Associazione Culturale Civilt\u00e0 Laica","isPartOf":{"@id":"https:\/\/www.civiltalaica.it\/cms\/#website"},"datePublished":"2008-07-10T10:02:54+00:00","dateModified":"2011-01-26T09:40:11+00:00","author":{"@id":"https:\/\/www.civiltalaica.it\/cms\/#\/schema\/person\/500a52762e2620e007d6333aa121f5e5"},"breadcrumb":{"@id":"https:\/\/www.civiltalaica.it\/cms\/obiettori-di-che\/#breadcrumb"},"inLanguage":"it-IT","potentialAction":[{"@type":"ReadAction","target":["https:\/\/www.civiltalaica.it\/cms\/obiettori-di-che\/"]}]},{"@type":"BreadcrumbList","@id":"https:\/\/www.civiltalaica.it\/cms\/obiettori-di-che\/#breadcrumb","itemListElement":[{"@type":"ListItem","position":1,"name":"Home","item":"https:\/\/www.civiltalaica.it\/cms\/"},{"@type":"ListItem","position":2,"name":"1\u00b0 Meeting delle Associazioni Laiche","item":"https:\/\/www.civiltalaica.it\/cms\/1%c2%b0-meeting-delle-associazioni-laiche-2\/"},{"@type":"ListItem","position":3,"name":"Obiettori&#8230;di che?"}]},{"@type":"WebSite","@id":"https:\/\/www.civiltalaica.it\/cms\/#website","url":"https:\/\/www.civiltalaica.it\/cms\/","name":"Associazione Culturale Civilt\u00e0 Laica","description":"Per un movimento culturale volto a difendere la Laicit\u00e0 dello Stato.","potentialAction":[{"@type":"SearchAction","target":{"@type":"EntryPoint","urlTemplate":"https:\/\/www.civiltalaica.it\/cms\/?s={search_term_string}"},"query-input":{"@type":"PropertyValueSpecification","valueRequired":true,"valueName":"search_term_string"}}],"inLanguage":"it-IT"},{"@type":"Person","@id":"https:\/\/www.civiltalaica.it\/cms\/#\/schema\/person\/500a52762e2620e007d6333aa121f5e5","name":"cladmin","url":"https:\/\/www.civiltalaica.it\/cms\/author\/cladmin\/"}]}},"_links":{"self":[{"href":"https:\/\/www.civiltalaica.it\/cms\/wp-json\/wp\/v2\/posts\/788","targetHints":{"allow":["GET"]}}],"collection":[{"href":"https:\/\/www.civiltalaica.it\/cms\/wp-json\/wp\/v2\/posts"}],"about":[{"href":"https:\/\/www.civiltalaica.it\/cms\/wp-json\/wp\/v2\/types\/post"}],"author":[{"embeddable":true,"href":"https:\/\/www.civiltalaica.it\/cms\/wp-json\/wp\/v2\/users\/1"}],"replies":[{"embeddable":true,"href":"https:\/\/www.civiltalaica.it\/cms\/wp-json\/wp\/v2\/comments?post=788"}],"version-history":[{"count":0,"href":"https:\/\/www.civiltalaica.it\/cms\/wp-json\/wp\/v2\/posts\/788\/revisions"}],"wp:attachment":[{"href":"https:\/\/www.civiltalaica.it\/cms\/wp-json\/wp\/v2\/media?parent=788"}],"wp:term":[{"taxonomy":"category","embeddable":true,"href":"https:\/\/www.civiltalaica.it\/cms\/wp-json\/wp\/v2\/categories?post=788"},{"taxonomy":"post_tag","embeddable":true,"href":"https:\/\/www.civiltalaica.it\/cms\/wp-json\/wp\/v2\/tags?post=788"}],"curies":[{"name":"wp","href":"https:\/\/api.w.org\/{rel}","templated":true}]}}