{"id":787,"date":"2008-06-19T00:21:35","date_gmt":"2008-06-19T00:21:35","guid":{"rendered":""},"modified":"2011-01-26T09:40:11","modified_gmt":"2011-01-26T09:40:11","slug":"la-mia-indignazione-di-cittadino-italiano-e-cattolico","status":"publish","type":"post","link":"https:\/\/www.civiltalaica.it\/cms\/la-mia-indignazione-di-cittadino-italiano-e-cattolico\/","title":{"rendered":"La mia indignazione di cittadino italiano e cattolico"},"content":{"rendered":"<p><a href=\"http:\/\/temi.repubblica.it\/micromega-online\/don-farinella-la-mia-indignazione-di-cittadino-italiano-e-cattolico-praticante-per-il-%c2%abbaciamo-le-mani-santita%c2%bb\/\" target=\"_blank\">Lettera di don Farinella<\/a><\/p>\n<p>&quot;<em>La mia indignazione di cittadino italiano e cattolico praticante per il \u00abbaciamo-le-mani, Santit\u00e0<\/em>!\u00bb&quot;<\/p>\n<p>Come sarebbe bello se tutti i cattolici &quot;dissidenti&quot; prendessero carta<br \/>\ne penna e scrivessero personalmente al proprio vescovo pregandolo di<br \/>\ninoltrare al papa il proprio dissenso dall&#39;orrenda visita di Berlusconi<br \/>\nal papa con &quot;baciamo-le-mani&quot; incorporato. L&#39;effetto sarebbe pi\u00f9 grande<br \/>\nche non una raccolta di firme perch\u00e9 sarebbe personale e spedita via<br \/>\nposta, segno che si \u00e8 pensato, scritto, andato alla posta e imbucato.<br \/>\nNon importa se non risponder\u00e0 nessuno. Ci\u00f2 che importa \u00e8 il gesto<br \/>\nprofetico in se stesso.<br \/>\nPS. Il Giornale di Berlusconi questa volta con un titolo virgolettato<br \/>\n&quot;Farinella: Arsenico per il Papa&quot;, chiede alla gerarchia la mia<br \/>\nsospensione a divinis. Non sapevo che il mio vescovo fosse Paolo<br \/>\nBerlusconi, ma tutto \u00e8 possibile, anche l&#39;impossibile, se \u00e8 possibile<br \/>\nche Berlusconi Silvio sia ricevuto dal papa.<\/p>\n<p><!--more--><br \/>L&#39;immagine di Silvio Berlusconi che prende tra le sue la destra anulata del papa e, \u00abinclinato capite\u00bb, compunto, ne bacia l&#39;anello, consapevole della dissacrazione che compie, ha fatto il giro del mondo e si \u00e8 depositata nell&#39;immaginario collettivo dei pi\u00f9 come atto di devozione verso l&#39;autorit\u00e0, riconosciuta, del papa. Il contrasto con le dichiarazioni di Romano Prodi, dopo il \u00abfattaccio\u00bb della Sapienza di Roma \u00e8 abissale e incolmabile. Il cattolico praticante appare il nemico e censore del papa, mentre l&#39;inquisito per frode ed evasione, il condannato, il corruttore, il compratore di senatori a suon di attricette da strapazzo, il puttaniere, il Piduista, l&#39;ateo divorziato difensore della famiglia, appare, di colpo, quasi per magia, l&#39;umile figlio della Chiesa, \u00abprostrato al bacio della sacra pantofola\u00bb. Il gesto del bacia-anello \u00e8 stato ripetuto ancora alla fine dell&#39;udienza. \u00abRepetita iuvant\u00bb.<\/p>\n<p>Dicono i bene informati che il rito del \u00abbaciamo-le-mani, Santit\u00e0!\u00bb non \u00e8 stato spontaneo e istintivo, suggerito dall&#39;emotivit\u00e0 del momento che sarebbe stato comprensibile. E&#39; stato studiato a freddo da esperti psicologi e creatori di consenso d&#39;immagine. Ci\u00f2 aggrava il fatto e costituisce un doppio \u00abvulnus\u00bb che difficilmente sar\u00e0 riparabile. Peccato, che il papa sia stato al gioco e non abbia rotto il giocattolo fin dall&#39;inizio. A meno che tutto non fosse concordato, come fa supporre il fatto che il Vaticano abbia preteso, fatto unico nella storia della diplomazia vaticana, la presenza del \u00abGentiluomo di sua Santit\u00e0\u00bb, Gianni Letta, come \u00abgarante\u00bb e testimone dell&#39;incontro. Segno che Berlusconi \u00e8 tenuto al guinzaglio corto dal sistema clericale imperante.<\/p>\n<p>Come cittadino italiano, sono indignato che il presidente del consiglio dei ministri, che rappresenta la mia nazione, abdichi alla sovranit\u00e0 e alla dignit\u00e0 del mio paese, prostrandosi in baciamano che somiglia pi\u00f9 a rappresentazione di stampo mafioso che non a un atto di devozione sincera. Mi ripugna essere rappresentato da un uomo che pur di ingrassare il suo \u00absuper-ego\u00bb, dimentica ogni parvenza di dignit\u00e0 e usa e strumentalizza qualsiasi cosa gli sia utile per i suoi perversi scopi. Egli \u00abfa finta\u00bb perch\u00e9 \u00e8 un finto uomo che ha sempre vissuto di finzione, costruendo sull&#39;apparenza e sull&#39;effimero un potente potentato economico e ora anche politico, \u00abclero iuvante\u00bb. A questo \u00abhomo parvus\u00bb dell&#39;opportunismo e della strumentalizzazione si oppone la chiarezza fiera di un grande statista, integerrimo cattolico e anch&#39;egli presidente del consiglio dei ministri, Alcide De Gasperi, che il papa Pio XII nel giugno del 1952, volle umiliare, annullando l&#39;udienza privata con la famiglia, gi\u00e0 programmata da mesi, perch\u00e9 si oppose all&#39;ordine del papa di fare il governo con i fascisti. De Gasperi convoc\u00f2 ufficialmente l&#39;ambasciatore della Santa Sede presso l&#39;Italia, e, stando in piedi, dietro la sua scrivania di capo del governo dell&#39;Italia, disse: Signor Ambasciatore, riferisca al papa che come cristiano accetto l&#39;umiliazione, come presidente del consiglio dei ministri della repubblica italiana, protesto energicamente e chiedo spiegazioni.<\/p>\n<p>Come cattolico praticante, sono indignato e scandalizzato che il papa si presti al gioco mediatico di accreditare come modello di figlio devoto e pio della Chiesa un individuo come Silvio Berlusconi senza chiedergli previamente un atto di conversione e\/o di penitenza. Egli \u00e8 adoratore di \u00abmammona iniquitatis\u00bb perch\u00e9 ha fatto l&#39;ingiusta ricchezza con l&#39;inganno, il furto, la corruzione, l&#39;evasione fiscale. Egli \u00e8 divorziato, abortista e i suoi figli convivono more uxorio, fatti che sarebbero questioni private, se il presidente del consiglio non si dichiarasse cattolico e non andasse dal papa \u00abcaram populo et mundo\u00bb a parlare in difesa della famiglia secondo la visione della Chiesa: allora anche le sue scelte private diventano fatti pubblici e criteri ermeneutici. Egli \u00e8 implicato con la mafia (ne ha ospitato uno a casa sua ed \u00e8 fratello germano di un altro, condannato in secondo grado per mafia). Egli sta perseguitando gli immigrati, tra i quali vi sono migliaia e migliaia di uomini e donne di religione cattolica, di cui il papa dovrebbe essere padre, difensore e vindice, in forza della sua paternit\u00e0 universale. Ho visto latinoamericani, africani e orientali, cattolici, piangere di fronte allo scandalo del papa che accettava l&#39;omaggio di un persecutore ateo e amorale.<\/p>\n<p>Il pastore riceve il lupo travestito da agnello, e abbandona gli agnelli al loro destino: anzi a molti, a tanti, pare che il pastore cos\u00ec sembra autorizzare il lupo a devastare il gregge. E&#39; ancora fresca nella memoria, la scelta del papa che, per opportunit\u00e0 di equilibri politici internazionali, non volle ricevere il Dalai Lama, premio Nobel per la pace, mentre a meno di tre mesi delle elezioni, riceve il predatore d&#39;Italia, colui che con le sue tv ha degradato l&#39;Italia in forza del principio, pubblicato sul giornale del papa, l&#39;Osservatore Romano (6 giungo 2008), che \u00abla televisione privata dovrebbe avere tra le sue funzioni quella di divertire, come seconda funzione quella di informare e soltanto successivamente, quella di formare\u00bb. Egli ha detto queste cose alla radio e sul giornale del Vaticano e nessuno gli ha tolto la sedia di sotto e lo ha rimandato a casa. Di fronte all&#39;opinione pubblica, il papa approva.<\/p>\n<p>Santit\u00e0, mi sento parte integrante della Chiesa-Sacramento e riconosco la sua autorit\u00e0 di papa in quanto vescovo di Roma, ma non mi sento parte di un sistema che pure lei rappresenta: un sistema di connivenza con i potenti che prosperano sui poveri, che affamano i poveri, che manipolano i poveri che nessuno difende. Nemmeno il papa.<\/p>\n<p>Note a l\u00e0tere:<\/p>\n<p>1. Silvio Berlusconi ha regalato al papa una croce tempestata di pietre preziose fatta fare apposta: un pezzo unico e solitario. Nello stesso momento a due passi di distanza, la Fao ammetteva il suo fallimento sul dramma della fame del mondo: la croce tempestata di diamanti e il Crocifisso affamato. Mai strid\u00eco di simboli fu pi\u00f9 drastico. Il 6 giugno 2008 \u00abfu vera gloria? Ai posteri l&#39;ardua sentenza\u00bb. Per me, resta un giorno di lutto per la Chiesa cattolica, un fallimento del papato, una vergogna per l&#39;Italia ferita nella sua dignit\u00e0 di Nazione laica. <\/p>\n","protected":false},"excerpt":{"rendered":"<p>Lettera di don Farinella &quot;La mia indignazione di cittadino italiano e cattolico praticante per il \u00abbaciamo-le-mani, Santit\u00e0!\u00bb&quot; Come sarebbe bello se tutti i cattolici &quot;dissidenti&quot; prendessero carta e penna e scrivessero personalmente al proprio vescovo pregandolo di inoltrare al papa il proprio dissenso dall&#39;orrenda visita di Berlusconi al papa con &quot;baciamo-le-mani&quot; incorporato. L&#39;effetto sarebbe pi\u00f9 [&hellip;]<\/p>\n","protected":false},"author":1,"featured_media":0,"comment_status":"closed","ping_status":"closed","sticky":false,"template":"","format":"standard","meta":{"footnotes":""},"categories":[238],"tags":[41],"class_list":["post-787","post","type-post","status-publish","format-standard","hentry","category-articoli","tag-web"],"yoast_head":"<!-- This site is optimized with the Yoast SEO plugin v27.1.1 - https:\/\/yoast.com\/product\/yoast-seo-wordpress\/ -->\n<title>La mia indignazione di cittadino italiano e cattolico - Associazione Culturale Civilt\u00e0 Laica<\/title>\n<meta name=\"robots\" content=\"index, follow, max-snippet:-1, max-image-preview:large, max-video-preview:-1\" \/>\n<link rel=\"canonical\" href=\"https:\/\/www.civiltalaica.it\/cms\/la-mia-indignazione-di-cittadino-italiano-e-cattolico\/\" \/>\n<meta property=\"og:locale\" content=\"it_IT\" \/>\n<meta property=\"og:type\" content=\"article\" \/>\n<meta property=\"og:title\" content=\"La mia indignazione di cittadino italiano e cattolico - Associazione Culturale Civilt\u00e0 Laica\" \/>\n<meta property=\"og:description\" content=\"Lettera di don Farinella &quot;La mia indignazione di cittadino italiano e cattolico praticante per il \u00abbaciamo-le-mani, Santit\u00e0!\u00bb&quot; Come sarebbe bello se tutti i cattolici &quot;dissidenti&quot; prendessero carta e penna e scrivessero personalmente al proprio vescovo pregandolo di inoltrare al papa il proprio dissenso dall&#039;orrenda visita di Berlusconi al papa con &quot;baciamo-le-mani&quot; incorporato. L&#039;effetto sarebbe pi\u00f9 [&hellip;]\" \/>\n<meta property=\"og:url\" content=\"https:\/\/www.civiltalaica.it\/cms\/la-mia-indignazione-di-cittadino-italiano-e-cattolico\/\" \/>\n<meta property=\"og:site_name\" content=\"Associazione Culturale Civilt\u00e0 Laica\" \/>\n<meta property=\"article:publisher\" content=\"https:\/\/www.facebook.com\/civiltalaica\" \/>\n<meta property=\"article:published_time\" content=\"2008-06-19T00:21:35+00:00\" \/>\n<meta property=\"article:modified_time\" content=\"2011-01-26T09:40:11+00:00\" \/>\n<meta property=\"og:image\" content=\"https:\/\/www.civiltalaica.it\/cms\/wp-content\/uploads\/2017\/06\/logo-cl.png\" \/>\n\t<meta property=\"og:image:width\" content=\"400\" \/>\n\t<meta property=\"og:image:height\" content=\"180\" \/>\n\t<meta property=\"og:image:type\" content=\"image\/png\" \/>\n<meta name=\"author\" content=\"cladmin\" \/>\n<meta name=\"twitter:card\" content=\"summary_large_image\" \/>\n<meta name=\"twitter:label1\" content=\"Scritto da\" \/>\n\t<meta name=\"twitter:data1\" content=\"cladmin\" \/>\n\t<meta name=\"twitter:label2\" content=\"Tempo di lettura stimato\" \/>\n\t<meta name=\"twitter:data2\" content=\"6 minuti\" \/>\n<script type=\"application\/ld+json\" class=\"yoast-schema-graph\">{\"@context\":\"https:\/\/schema.org\",\"@graph\":[{\"@type\":\"Article\",\"@id\":\"https:\/\/www.civiltalaica.it\/cms\/la-mia-indignazione-di-cittadino-italiano-e-cattolico\/#article\",\"isPartOf\":{\"@id\":\"https:\/\/www.civiltalaica.it\/cms\/la-mia-indignazione-di-cittadino-italiano-e-cattolico\/\"},\"author\":{\"name\":\"cladmin\",\"@id\":\"https:\/\/www.civiltalaica.it\/cms\/#\/schema\/person\/500a52762e2620e007d6333aa121f5e5\"},\"headline\":\"La mia indignazione di cittadino italiano e cattolico\",\"datePublished\":\"2008-06-19T00:21:35+00:00\",\"dateModified\":\"2011-01-26T09:40:11+00:00\",\"mainEntityOfPage\":{\"@id\":\"https:\/\/www.civiltalaica.it\/cms\/la-mia-indignazione-di-cittadino-italiano-e-cattolico\/\"},\"wordCount\":1157,\"keywords\":[\"Web\"],\"articleSection\":[\"articoli\"],\"inLanguage\":\"it-IT\"},{\"@type\":\"WebPage\",\"@id\":\"https:\/\/www.civiltalaica.it\/cms\/la-mia-indignazione-di-cittadino-italiano-e-cattolico\/\",\"url\":\"https:\/\/www.civiltalaica.it\/cms\/la-mia-indignazione-di-cittadino-italiano-e-cattolico\/\",\"name\":\"La mia indignazione di cittadino italiano e cattolico - Associazione Culturale Civilt\u00e0 Laica\",\"isPartOf\":{\"@id\":\"https:\/\/www.civiltalaica.it\/cms\/#website\"},\"datePublished\":\"2008-06-19T00:21:35+00:00\",\"dateModified\":\"2011-01-26T09:40:11+00:00\",\"author\":{\"@id\":\"https:\/\/www.civiltalaica.it\/cms\/#\/schema\/person\/500a52762e2620e007d6333aa121f5e5\"},\"breadcrumb\":{\"@id\":\"https:\/\/www.civiltalaica.it\/cms\/la-mia-indignazione-di-cittadino-italiano-e-cattolico\/#breadcrumb\"},\"inLanguage\":\"it-IT\",\"potentialAction\":[{\"@type\":\"ReadAction\",\"target\":[\"https:\/\/www.civiltalaica.it\/cms\/la-mia-indignazione-di-cittadino-italiano-e-cattolico\/\"]}]},{\"@type\":\"BreadcrumbList\",\"@id\":\"https:\/\/www.civiltalaica.it\/cms\/la-mia-indignazione-di-cittadino-italiano-e-cattolico\/#breadcrumb\",\"itemListElement\":[{\"@type\":\"ListItem\",\"position\":1,\"name\":\"Home\",\"item\":\"https:\/\/www.civiltalaica.it\/cms\/\"},{\"@type\":\"ListItem\",\"position\":2,\"name\":\"1\u00b0 Meeting delle Associazioni Laiche\",\"item\":\"https:\/\/www.civiltalaica.it\/cms\/1%c2%b0-meeting-delle-associazioni-laiche-2\/\"},{\"@type\":\"ListItem\",\"position\":3,\"name\":\"La mia indignazione di cittadino italiano e cattolico\"}]},{\"@type\":\"WebSite\",\"@id\":\"https:\/\/www.civiltalaica.it\/cms\/#website\",\"url\":\"https:\/\/www.civiltalaica.it\/cms\/\",\"name\":\"Associazione Culturale Civilt\u00e0 Laica\",\"description\":\"Per un movimento culturale volto a difendere la Laicit\u00e0 dello Stato.\",\"potentialAction\":[{\"@type\":\"SearchAction\",\"target\":{\"@type\":\"EntryPoint\",\"urlTemplate\":\"https:\/\/www.civiltalaica.it\/cms\/?s={search_term_string}\"},\"query-input\":{\"@type\":\"PropertyValueSpecification\",\"valueRequired\":true,\"valueName\":\"search_term_string\"}}],\"inLanguage\":\"it-IT\"},{\"@type\":\"Person\",\"@id\":\"https:\/\/www.civiltalaica.it\/cms\/#\/schema\/person\/500a52762e2620e007d6333aa121f5e5\",\"name\":\"cladmin\",\"url\":\"https:\/\/www.civiltalaica.it\/cms\/author\/cladmin\/\"}]}<\/script>\n<!-- \/ Yoast SEO plugin. -->","yoast_head_json":{"title":"La mia indignazione di cittadino italiano e cattolico - Associazione Culturale Civilt\u00e0 Laica","robots":{"index":"index","follow":"follow","max-snippet":"max-snippet:-1","max-image-preview":"max-image-preview:large","max-video-preview":"max-video-preview:-1"},"canonical":"https:\/\/www.civiltalaica.it\/cms\/la-mia-indignazione-di-cittadino-italiano-e-cattolico\/","og_locale":"it_IT","og_type":"article","og_title":"La mia indignazione di cittadino italiano e cattolico - Associazione Culturale Civilt\u00e0 Laica","og_description":"Lettera di don Farinella &quot;La mia indignazione di cittadino italiano e cattolico praticante per il \u00abbaciamo-le-mani, Santit\u00e0!\u00bb&quot; Come sarebbe bello se tutti i cattolici &quot;dissidenti&quot; prendessero carta e penna e scrivessero personalmente al proprio vescovo pregandolo di inoltrare al papa il proprio dissenso dall&#39;orrenda visita di Berlusconi al papa con &quot;baciamo-le-mani&quot; incorporato. L&#39;effetto sarebbe pi\u00f9 [&hellip;]","og_url":"https:\/\/www.civiltalaica.it\/cms\/la-mia-indignazione-di-cittadino-italiano-e-cattolico\/","og_site_name":"Associazione Culturale Civilt\u00e0 Laica","article_publisher":"https:\/\/www.facebook.com\/civiltalaica","article_published_time":"2008-06-19T00:21:35+00:00","article_modified_time":"2011-01-26T09:40:11+00:00","og_image":[{"width":400,"height":180,"url":"https:\/\/www.civiltalaica.it\/cms\/wp-content\/uploads\/2017\/06\/logo-cl.png","type":"image\/png"}],"author":"cladmin","twitter_card":"summary_large_image","twitter_misc":{"Scritto da":"cladmin","Tempo di lettura stimato":"6 minuti"},"schema":{"@context":"https:\/\/schema.org","@graph":[{"@type":"Article","@id":"https:\/\/www.civiltalaica.it\/cms\/la-mia-indignazione-di-cittadino-italiano-e-cattolico\/#article","isPartOf":{"@id":"https:\/\/www.civiltalaica.it\/cms\/la-mia-indignazione-di-cittadino-italiano-e-cattolico\/"},"author":{"name":"cladmin","@id":"https:\/\/www.civiltalaica.it\/cms\/#\/schema\/person\/500a52762e2620e007d6333aa121f5e5"},"headline":"La mia indignazione di cittadino italiano e cattolico","datePublished":"2008-06-19T00:21:35+00:00","dateModified":"2011-01-26T09:40:11+00:00","mainEntityOfPage":{"@id":"https:\/\/www.civiltalaica.it\/cms\/la-mia-indignazione-di-cittadino-italiano-e-cattolico\/"},"wordCount":1157,"keywords":["Web"],"articleSection":["articoli"],"inLanguage":"it-IT"},{"@type":"WebPage","@id":"https:\/\/www.civiltalaica.it\/cms\/la-mia-indignazione-di-cittadino-italiano-e-cattolico\/","url":"https:\/\/www.civiltalaica.it\/cms\/la-mia-indignazione-di-cittadino-italiano-e-cattolico\/","name":"La mia indignazione di cittadino italiano e cattolico - Associazione Culturale Civilt\u00e0 Laica","isPartOf":{"@id":"https:\/\/www.civiltalaica.it\/cms\/#website"},"datePublished":"2008-06-19T00:21:35+00:00","dateModified":"2011-01-26T09:40:11+00:00","author":{"@id":"https:\/\/www.civiltalaica.it\/cms\/#\/schema\/person\/500a52762e2620e007d6333aa121f5e5"},"breadcrumb":{"@id":"https:\/\/www.civiltalaica.it\/cms\/la-mia-indignazione-di-cittadino-italiano-e-cattolico\/#breadcrumb"},"inLanguage":"it-IT","potentialAction":[{"@type":"ReadAction","target":["https:\/\/www.civiltalaica.it\/cms\/la-mia-indignazione-di-cittadino-italiano-e-cattolico\/"]}]},{"@type":"BreadcrumbList","@id":"https:\/\/www.civiltalaica.it\/cms\/la-mia-indignazione-di-cittadino-italiano-e-cattolico\/#breadcrumb","itemListElement":[{"@type":"ListItem","position":1,"name":"Home","item":"https:\/\/www.civiltalaica.it\/cms\/"},{"@type":"ListItem","position":2,"name":"1\u00b0 Meeting delle Associazioni Laiche","item":"https:\/\/www.civiltalaica.it\/cms\/1%c2%b0-meeting-delle-associazioni-laiche-2\/"},{"@type":"ListItem","position":3,"name":"La mia indignazione di cittadino italiano e cattolico"}]},{"@type":"WebSite","@id":"https:\/\/www.civiltalaica.it\/cms\/#website","url":"https:\/\/www.civiltalaica.it\/cms\/","name":"Associazione Culturale Civilt\u00e0 Laica","description":"Per un movimento culturale volto a difendere la Laicit\u00e0 dello Stato.","potentialAction":[{"@type":"SearchAction","target":{"@type":"EntryPoint","urlTemplate":"https:\/\/www.civiltalaica.it\/cms\/?s={search_term_string}"},"query-input":{"@type":"PropertyValueSpecification","valueRequired":true,"valueName":"search_term_string"}}],"inLanguage":"it-IT"},{"@type":"Person","@id":"https:\/\/www.civiltalaica.it\/cms\/#\/schema\/person\/500a52762e2620e007d6333aa121f5e5","name":"cladmin","url":"https:\/\/www.civiltalaica.it\/cms\/author\/cladmin\/"}]}},"_links":{"self":[{"href":"https:\/\/www.civiltalaica.it\/cms\/wp-json\/wp\/v2\/posts\/787","targetHints":{"allow":["GET"]}}],"collection":[{"href":"https:\/\/www.civiltalaica.it\/cms\/wp-json\/wp\/v2\/posts"}],"about":[{"href":"https:\/\/www.civiltalaica.it\/cms\/wp-json\/wp\/v2\/types\/post"}],"author":[{"embeddable":true,"href":"https:\/\/www.civiltalaica.it\/cms\/wp-json\/wp\/v2\/users\/1"}],"replies":[{"embeddable":true,"href":"https:\/\/www.civiltalaica.it\/cms\/wp-json\/wp\/v2\/comments?post=787"}],"version-history":[{"count":0,"href":"https:\/\/www.civiltalaica.it\/cms\/wp-json\/wp\/v2\/posts\/787\/revisions"}],"wp:attachment":[{"href":"https:\/\/www.civiltalaica.it\/cms\/wp-json\/wp\/v2\/media?parent=787"}],"wp:term":[{"taxonomy":"category","embeddable":true,"href":"https:\/\/www.civiltalaica.it\/cms\/wp-json\/wp\/v2\/categories?post=787"},{"taxonomy":"post_tag","embeddable":true,"href":"https:\/\/www.civiltalaica.it\/cms\/wp-json\/wp\/v2\/tags?post=787"}],"curies":[{"name":"wp","href":"https:\/\/api.w.org\/{rel}","templated":true}]}}