{"id":786,"date":"2008-06-18T07:55:08","date_gmt":"2008-06-18T07:55:08","guid":{"rendered":""},"modified":"2011-01-26T09:40:11","modified_gmt":"2011-01-26T09:40:11","slug":"a-proposito-di-una-%e2%80%9clezione%e2%80%9d-di-monsignor-vincenzo-paglia","status":"publish","type":"post","link":"https:\/\/www.civiltalaica.it\/cms\/a-proposito-di-una-%e2%80%9clezione%e2%80%9d-di-monsignor-vincenzo-paglia\/","title":{"rendered":"A proposito di una \u201clezione\u201d di monsignor Vincenzo Paglia"},"content":{"rendered":"<p>Dal blog: &quot;<a target=\"_blank\" href=\"http:\/\/civiltalaica.splinder.com\/post\/17522107\/Il+concilio+ternano+%C3%A8+finito%2C\">Il concilio ternano \u00e8 finito, andate in pace.<\/a>&quot;<\/p>\n<p><a href=\"..\/..\/..\/documenti\/la supplenza.pdf\" target=\"_blank\">Articolo &quot;La supplenza&quot; di Roberto Segatori<\/a><\/p>\n<p><a target=\"_blank\" href=\"http:\/\/www.radicali.it\/newsletter\/view.php?id=124334&#038;numero=8943&#038;title=NOTIZIE%20RADICALI\">Valter Vecellio su Notizie Radicali del 17\/6\/2008<\/a><\/p>\n<p>All&#39;apparenza se ne sono accorti in pochi, ma la piccola &quot;bomba&quot;<br \/>\nscagliata giorni fa monsignor Vincenzo Paglia, vescovo di<br \/>\nTerni-Narni-Amelia \u00e8 destinato comunque a fare rumore oltretevere e a<br \/>\nsollevare polemiche. Un intervento che &#8211; si dice &#8211; pu\u00f2 fare scuola.<br \/>\nMonsignor Paglia, in buona sostanza, ha convocato quelli che possono<br \/>\nesser definiti Stati Generali cittadini, e messo le autorit\u00e0 cittadine<br \/>\ne locali di fronte alle loro responsabilit\u00e0.<\/p>\n<p><!--more--><br \/>Senza girarci intorno, ha denunciato il declino della citt\u00e0 e della provincia; e indicato quella che ritiene essere la strada del futuro: che passa per un nuovo modello di partecipazione; un modello che deve rompere &quot;con il monopolio tradizionale della politica&quot;, &quot;spezzi la coesione conservatrice&quot;, &quot;apra a tutti i soggetti e ai gruppi sociali a una sana e anche dura competizione&quot;; tutto questo per arrivare a &quot;una nuova Costituzione cittadina, con poteri che si controllano e si bilanciano&quot;.<\/p>\n<p>Per monsignor Paglia la chiesa \u00e8 chiamata a &quot;relativizzare&quot; i poteri: quelli pubblici e quelli economici, perch\u00e9 nessuno deve pretendere di essere &quot;assoluto&quot;. Da ci\u00f2 ne deriva un modello di citt\u00e0 (e di societ\u00e0) pervasa &#8211; qui si riprende una definizione di don Luigi Sturzo, &quot;da un sano agonismo&quot;, e anche da conflitti, ma liberi. In parole pi\u00f9 povere, quello che suggerisce monsignor Paglia \u00e8 di spezzare quella coesione consociativistica che \u00e8 caratteristica di una regione &quot;rossa&quot; da sempre come l&#39;Umbria, ma che non \u00e8 certamente prerogativa della sola Umbria. Una pratica consociativa che mortifica la creativit\u00e0 e fa venir meno molte opportunit\u00e0 di crescita e di sviluppo.<\/p>\n<p>A giudicare dalle reazioni dei politici e degli amministratori presenti &#8211; reazioni tra lo stupito e lo stizzito &#8211; c&#39;\u00e8 da ritenere che monsignor Paglia abbia colpito, e colpito nel segno; un intervento &quot;laico&quot; e liberale quello di monsignor Paglia seguito dalla relazione &#8211; pi\u00f9 propriamente una radiografia spietata e che nulla concedeva &#8211; del sociologo Luca Diotallevi: che esplicitamente ha chiamato in causa le responsabilit\u00e0 del mondo laico-cattolico troppe volte &quot;latitante&quot; o complice; e ha indicato esplicitamente nella meritocrazia la via maestra da perseguire. Un richiamo assolutamente inusuale e inconsueto, nel mondo ecclesiale, una vera e propria novit\u00e0. Il segno di un fermento che percorre il mondo cattolico che &#8211; la cosa certo non sorprende &#8211; \u00e8 stato ignorato dai mezzi di comunicazione, impegnati evidentemente in altre straordinarie notizie, come: &quot;Il Papa si \u00e8 affacciato per l&#39;Angelus&quot;, oppure &quot;Il Papa \u00e8 andato in vacanza a Castelgandolfo&quot;.<\/p>\n<p>Avremo modo di riparlarne. Fatto \u00e8 che da quel mondo ogni giorno vengono spunti ed elementi di riflessione, dibattito e confronto che non bisogna lasciar cadere. La filippica di monsignor Paglia va ben al di l\u00e0 del caso specifico ternano e umbro. Segnala e pone l&#39;accento su una esigenza che da tempo i radicali indicano, e che sempre pi\u00f9 &#8211; e come si vede da &quot;luoghi&quot; insospettabili &#8211; viene sollevata: ed \u00e8 quella di una nuova e diversa partecipazione alla &quot;cosa pubblica&quot;. Forse pi\u00f9 che alle scempiaggini e alle corbellerie dei paolini di &quot;Famiglia Cristiana&quot; o dell&#39;&quot;Avvenire&quot; bisognerebbe prestare maggiore attenzione a quello che viene suggerito dai tanti monsignor Paglia di cui il mondo cattolico \u00e8 ricco. Una &quot;ricchezza&quot; &#8211; se ne comprende bene la ragione &#8211; mortificata, e bisogna al contrario valorizzare ed esaltare.<\/p>\n","protected":false},"excerpt":{"rendered":"<p>Dal blog: &quot;Il concilio ternano \u00e8 finito, andate in pace.&quot; Articolo &quot;La supplenza&quot; di Roberto Segatori Valter Vecellio su Notizie Radicali del 17\/6\/2008 All&#39;apparenza se ne sono accorti in pochi, ma la piccola &quot;bomba&quot; scagliata giorni fa monsignor Vincenzo Paglia, vescovo di Terni-Narni-Amelia \u00e8 destinato comunque a fare rumore oltretevere e a sollevare polemiche. Un [&hellip;]<\/p>\n","protected":false},"author":1,"featured_media":0,"comment_status":"closed","ping_status":"closed","sticky":false,"template":"","format":"standard","meta":{"footnotes":""},"categories":[238],"tags":[41],"class_list":["post-786","post","type-post","status-publish","format-standard","hentry","category-articoli","tag-web"],"yoast_head":"<!-- This site is optimized with the Yoast SEO plugin v27.1.1 - https:\/\/yoast.com\/product\/yoast-seo-wordpress\/ -->\n<title>A proposito di una \u201clezione\u201d di monsignor Vincenzo Paglia - Associazione Culturale Civilt\u00e0 Laica<\/title>\n<meta name=\"robots\" content=\"index, follow, max-snippet:-1, max-image-preview:large, max-video-preview:-1\" \/>\n<link rel=\"canonical\" href=\"https:\/\/www.civiltalaica.it\/cms\/a-proposito-di-una-\u201clezione\u201d-di-monsignor-vincenzo-paglia\/\" \/>\n<meta property=\"og:locale\" content=\"it_IT\" \/>\n<meta property=\"og:type\" content=\"article\" \/>\n<meta property=\"og:title\" content=\"A proposito di una \u201clezione\u201d di monsignor Vincenzo Paglia - Associazione Culturale Civilt\u00e0 Laica\" \/>\n<meta property=\"og:description\" content=\"Dal blog: &quot;Il concilio ternano \u00e8 finito, andate in pace.&quot; Articolo &quot;La supplenza&quot; di Roberto Segatori Valter Vecellio su Notizie Radicali del 17\/6\/2008 All&#039;apparenza se ne sono accorti in pochi, ma la piccola &quot;bomba&quot; scagliata giorni fa monsignor Vincenzo Paglia, vescovo di Terni-Narni-Amelia \u00e8 destinato comunque a fare rumore oltretevere e a sollevare polemiche. Un [&hellip;]\" \/>\n<meta property=\"og:url\" content=\"https:\/\/www.civiltalaica.it\/cms\/a-proposito-di-una-\u201clezione\u201d-di-monsignor-vincenzo-paglia\/\" \/>\n<meta property=\"og:site_name\" content=\"Associazione Culturale Civilt\u00e0 Laica\" \/>\n<meta property=\"article:publisher\" content=\"https:\/\/www.facebook.com\/civiltalaica\" \/>\n<meta property=\"article:published_time\" content=\"2008-06-18T07:55:08+00:00\" \/>\n<meta property=\"article:modified_time\" content=\"2011-01-26T09:40:11+00:00\" \/>\n<meta property=\"og:image\" content=\"https:\/\/www.civiltalaica.it\/cms\/wp-content\/uploads\/2017\/06\/logo-cl.png\" \/>\n\t<meta property=\"og:image:width\" content=\"400\" \/>\n\t<meta property=\"og:image:height\" content=\"180\" \/>\n\t<meta property=\"og:image:type\" content=\"image\/png\" \/>\n<meta name=\"author\" content=\"cladmin\" \/>\n<meta name=\"twitter:card\" content=\"summary_large_image\" \/>\n<meta name=\"twitter:label1\" content=\"Scritto da\" \/>\n\t<meta name=\"twitter:data1\" content=\"cladmin\" \/>\n\t<meta name=\"twitter:label2\" content=\"Tempo di lettura stimato\" \/>\n\t<meta name=\"twitter:data2\" content=\"3 minuti\" \/>\n<script type=\"application\/ld+json\" class=\"yoast-schema-graph\">{\"@context\":\"https:\/\/schema.org\",\"@graph\":[{\"@type\":\"Article\",\"@id\":\"https:\/\/www.civiltalaica.it\/cms\/a-proposito-di-una-%e2%80%9clezione%e2%80%9d-di-monsignor-vincenzo-paglia\/#article\",\"isPartOf\":{\"@id\":\"https:\/\/www.civiltalaica.it\/cms\/a-proposito-di-una-%e2%80%9clezione%e2%80%9d-di-monsignor-vincenzo-paglia\/\"},\"author\":{\"name\":\"cladmin\",\"@id\":\"https:\/\/www.civiltalaica.it\/cms\/#\/schema\/person\/500a52762e2620e007d6333aa121f5e5\"},\"headline\":\"A proposito di una \u201clezione\u201d di monsignor Vincenzo Paglia\",\"datePublished\":\"2008-06-18T07:55:08+00:00\",\"dateModified\":\"2011-01-26T09:40:11+00:00\",\"mainEntityOfPage\":{\"@id\":\"https:\/\/www.civiltalaica.it\/cms\/a-proposito-di-una-%e2%80%9clezione%e2%80%9d-di-monsignor-vincenzo-paglia\/\"},\"wordCount\":600,\"keywords\":[\"Web\"],\"articleSection\":[\"articoli\"],\"inLanguage\":\"it-IT\"},{\"@type\":\"WebPage\",\"@id\":\"https:\/\/www.civiltalaica.it\/cms\/a-proposito-di-una-%e2%80%9clezione%e2%80%9d-di-monsignor-vincenzo-paglia\/\",\"url\":\"https:\/\/www.civiltalaica.it\/cms\/a-proposito-di-una-%e2%80%9clezione%e2%80%9d-di-monsignor-vincenzo-paglia\/\",\"name\":\"A proposito di una \u201clezione\u201d di monsignor Vincenzo Paglia - Associazione Culturale Civilt\u00e0 Laica\",\"isPartOf\":{\"@id\":\"https:\/\/www.civiltalaica.it\/cms\/#website\"},\"datePublished\":\"2008-06-18T07:55:08+00:00\",\"dateModified\":\"2011-01-26T09:40:11+00:00\",\"author\":{\"@id\":\"https:\/\/www.civiltalaica.it\/cms\/#\/schema\/person\/500a52762e2620e007d6333aa121f5e5\"},\"breadcrumb\":{\"@id\":\"https:\/\/www.civiltalaica.it\/cms\/a-proposito-di-una-%e2%80%9clezione%e2%80%9d-di-monsignor-vincenzo-paglia\/#breadcrumb\"},\"inLanguage\":\"it-IT\",\"potentialAction\":[{\"@type\":\"ReadAction\",\"target\":[\"https:\/\/www.civiltalaica.it\/cms\/a-proposito-di-una-%e2%80%9clezione%e2%80%9d-di-monsignor-vincenzo-paglia\/\"]}]},{\"@type\":\"BreadcrumbList\",\"@id\":\"https:\/\/www.civiltalaica.it\/cms\/a-proposito-di-una-%e2%80%9clezione%e2%80%9d-di-monsignor-vincenzo-paglia\/#breadcrumb\",\"itemListElement\":[{\"@type\":\"ListItem\",\"position\":1,\"name\":\"Home\",\"item\":\"https:\/\/www.civiltalaica.it\/cms\/\"},{\"@type\":\"ListItem\",\"position\":2,\"name\":\"1\u00b0 Meeting delle Associazioni Laiche\",\"item\":\"https:\/\/www.civiltalaica.it\/cms\/1%c2%b0-meeting-delle-associazioni-laiche-2\/\"},{\"@type\":\"ListItem\",\"position\":3,\"name\":\"A proposito di una \u201clezione\u201d di monsignor Vincenzo Paglia\"}]},{\"@type\":\"WebSite\",\"@id\":\"https:\/\/www.civiltalaica.it\/cms\/#website\",\"url\":\"https:\/\/www.civiltalaica.it\/cms\/\",\"name\":\"Associazione Culturale Civilt\u00e0 Laica\",\"description\":\"Per un movimento culturale volto a difendere la Laicit\u00e0 dello Stato.\",\"potentialAction\":[{\"@type\":\"SearchAction\",\"target\":{\"@type\":\"EntryPoint\",\"urlTemplate\":\"https:\/\/www.civiltalaica.it\/cms\/?s={search_term_string}\"},\"query-input\":{\"@type\":\"PropertyValueSpecification\",\"valueRequired\":true,\"valueName\":\"search_term_string\"}}],\"inLanguage\":\"it-IT\"},{\"@type\":\"Person\",\"@id\":\"https:\/\/www.civiltalaica.it\/cms\/#\/schema\/person\/500a52762e2620e007d6333aa121f5e5\",\"name\":\"cladmin\",\"url\":\"https:\/\/www.civiltalaica.it\/cms\/author\/cladmin\/\"}]}<\/script>\n<!-- \/ Yoast SEO plugin. -->","yoast_head_json":{"title":"A proposito di una \u201clezione\u201d di monsignor Vincenzo Paglia - Associazione Culturale Civilt\u00e0 Laica","robots":{"index":"index","follow":"follow","max-snippet":"max-snippet:-1","max-image-preview":"max-image-preview:large","max-video-preview":"max-video-preview:-1"},"canonical":"https:\/\/www.civiltalaica.it\/cms\/a-proposito-di-una-\u201clezione\u201d-di-monsignor-vincenzo-paglia\/","og_locale":"it_IT","og_type":"article","og_title":"A proposito di una \u201clezione\u201d di monsignor Vincenzo Paglia - Associazione Culturale Civilt\u00e0 Laica","og_description":"Dal blog: &quot;Il concilio ternano \u00e8 finito, andate in pace.&quot; Articolo &quot;La supplenza&quot; di Roberto Segatori Valter Vecellio su Notizie Radicali del 17\/6\/2008 All&#39;apparenza se ne sono accorti in pochi, ma la piccola &quot;bomba&quot; scagliata giorni fa monsignor Vincenzo Paglia, vescovo di Terni-Narni-Amelia \u00e8 destinato comunque a fare rumore oltretevere e a sollevare polemiche. Un [&hellip;]","og_url":"https:\/\/www.civiltalaica.it\/cms\/a-proposito-di-una-\u201clezione\u201d-di-monsignor-vincenzo-paglia\/","og_site_name":"Associazione Culturale Civilt\u00e0 Laica","article_publisher":"https:\/\/www.facebook.com\/civiltalaica","article_published_time":"2008-06-18T07:55:08+00:00","article_modified_time":"2011-01-26T09:40:11+00:00","og_image":[{"width":400,"height":180,"url":"https:\/\/www.civiltalaica.it\/cms\/wp-content\/uploads\/2017\/06\/logo-cl.png","type":"image\/png"}],"author":"cladmin","twitter_card":"summary_large_image","twitter_misc":{"Scritto da":"cladmin","Tempo di lettura stimato":"3 minuti"},"schema":{"@context":"https:\/\/schema.org","@graph":[{"@type":"Article","@id":"https:\/\/www.civiltalaica.it\/cms\/a-proposito-di-una-%e2%80%9clezione%e2%80%9d-di-monsignor-vincenzo-paglia\/#article","isPartOf":{"@id":"https:\/\/www.civiltalaica.it\/cms\/a-proposito-di-una-%e2%80%9clezione%e2%80%9d-di-monsignor-vincenzo-paglia\/"},"author":{"name":"cladmin","@id":"https:\/\/www.civiltalaica.it\/cms\/#\/schema\/person\/500a52762e2620e007d6333aa121f5e5"},"headline":"A proposito di una \u201clezione\u201d di monsignor Vincenzo Paglia","datePublished":"2008-06-18T07:55:08+00:00","dateModified":"2011-01-26T09:40:11+00:00","mainEntityOfPage":{"@id":"https:\/\/www.civiltalaica.it\/cms\/a-proposito-di-una-%e2%80%9clezione%e2%80%9d-di-monsignor-vincenzo-paglia\/"},"wordCount":600,"keywords":["Web"],"articleSection":["articoli"],"inLanguage":"it-IT"},{"@type":"WebPage","@id":"https:\/\/www.civiltalaica.it\/cms\/a-proposito-di-una-%e2%80%9clezione%e2%80%9d-di-monsignor-vincenzo-paglia\/","url":"https:\/\/www.civiltalaica.it\/cms\/a-proposito-di-una-%e2%80%9clezione%e2%80%9d-di-monsignor-vincenzo-paglia\/","name":"A proposito di una \u201clezione\u201d di monsignor Vincenzo Paglia - Associazione Culturale Civilt\u00e0 Laica","isPartOf":{"@id":"https:\/\/www.civiltalaica.it\/cms\/#website"},"datePublished":"2008-06-18T07:55:08+00:00","dateModified":"2011-01-26T09:40:11+00:00","author":{"@id":"https:\/\/www.civiltalaica.it\/cms\/#\/schema\/person\/500a52762e2620e007d6333aa121f5e5"},"breadcrumb":{"@id":"https:\/\/www.civiltalaica.it\/cms\/a-proposito-di-una-%e2%80%9clezione%e2%80%9d-di-monsignor-vincenzo-paglia\/#breadcrumb"},"inLanguage":"it-IT","potentialAction":[{"@type":"ReadAction","target":["https:\/\/www.civiltalaica.it\/cms\/a-proposito-di-una-%e2%80%9clezione%e2%80%9d-di-monsignor-vincenzo-paglia\/"]}]},{"@type":"BreadcrumbList","@id":"https:\/\/www.civiltalaica.it\/cms\/a-proposito-di-una-%e2%80%9clezione%e2%80%9d-di-monsignor-vincenzo-paglia\/#breadcrumb","itemListElement":[{"@type":"ListItem","position":1,"name":"Home","item":"https:\/\/www.civiltalaica.it\/cms\/"},{"@type":"ListItem","position":2,"name":"1\u00b0 Meeting delle Associazioni Laiche","item":"https:\/\/www.civiltalaica.it\/cms\/1%c2%b0-meeting-delle-associazioni-laiche-2\/"},{"@type":"ListItem","position":3,"name":"A proposito di una \u201clezione\u201d di monsignor Vincenzo Paglia"}]},{"@type":"WebSite","@id":"https:\/\/www.civiltalaica.it\/cms\/#website","url":"https:\/\/www.civiltalaica.it\/cms\/","name":"Associazione Culturale Civilt\u00e0 Laica","description":"Per un movimento culturale volto a difendere la Laicit\u00e0 dello Stato.","potentialAction":[{"@type":"SearchAction","target":{"@type":"EntryPoint","urlTemplate":"https:\/\/www.civiltalaica.it\/cms\/?s={search_term_string}"},"query-input":{"@type":"PropertyValueSpecification","valueRequired":true,"valueName":"search_term_string"}}],"inLanguage":"it-IT"},{"@type":"Person","@id":"https:\/\/www.civiltalaica.it\/cms\/#\/schema\/person\/500a52762e2620e007d6333aa121f5e5","name":"cladmin","url":"https:\/\/www.civiltalaica.it\/cms\/author\/cladmin\/"}]}},"_links":{"self":[{"href":"https:\/\/www.civiltalaica.it\/cms\/wp-json\/wp\/v2\/posts\/786","targetHints":{"allow":["GET"]}}],"collection":[{"href":"https:\/\/www.civiltalaica.it\/cms\/wp-json\/wp\/v2\/posts"}],"about":[{"href":"https:\/\/www.civiltalaica.it\/cms\/wp-json\/wp\/v2\/types\/post"}],"author":[{"embeddable":true,"href":"https:\/\/www.civiltalaica.it\/cms\/wp-json\/wp\/v2\/users\/1"}],"replies":[{"embeddable":true,"href":"https:\/\/www.civiltalaica.it\/cms\/wp-json\/wp\/v2\/comments?post=786"}],"version-history":[{"count":0,"href":"https:\/\/www.civiltalaica.it\/cms\/wp-json\/wp\/v2\/posts\/786\/revisions"}],"wp:attachment":[{"href":"https:\/\/www.civiltalaica.it\/cms\/wp-json\/wp\/v2\/media?parent=786"}],"wp:term":[{"taxonomy":"category","embeddable":true,"href":"https:\/\/www.civiltalaica.it\/cms\/wp-json\/wp\/v2\/categories?post=786"},{"taxonomy":"post_tag","embeddable":true,"href":"https:\/\/www.civiltalaica.it\/cms\/wp-json\/wp\/v2\/tags?post=786"}],"curies":[{"name":"wp","href":"https:\/\/api.w.org\/{rel}","templated":true}]}}