{"id":785,"date":"2008-06-10T23:03:34","date_gmt":"2008-06-10T23:03:34","guid":{"rendered":""},"modified":"2011-01-26T09:40:11","modified_gmt":"2011-01-26T09:40:11","slug":"siamo-morti-democristiani","status":"publish","type":"post","link":"https:\/\/www.civiltalaica.it\/cms\/siamo-morti-democristiani\/","title":{"rendered":"Siamo morti democristiani"},"content":{"rendered":"<p>Tre notizie ci danno la misura dello slittamento anche simbolico dell&#39;intero quadro politico\/culturale del paese, al quale corrisponde un triste processo involutivo della societ\u00e0 italiana. La prima notizia ha fatto il giro del mondo ed \u00e8 il letterale prostrarsi davanti al papa di Silvio Berlusconi. Il capo del governo ha compiuto un gesto che n\u00e9 Alcide De Gasperi, n\u00e9 Amintore Fanfani, Aldo Moro o Giulio Andreotti avevano compiuto prima di lui in una dimostrazione di sudditanza anche plastica all&#39;altra riva del Tevere.<br \/>di <a target=\"_blank\" href=\"http:\/\/wzeu.ask.com\/r?t=p&#038;d=eu&#038;s=it&#038;c=al&#038;l=dir&#038;o=312&#038;sv=0a65282a&#038;ip=4f13b897&#038;id=9CFDC451855911AB1DBCB8BE1BEF6826&#038;q=gennaro+carotenuto&#038;p=1&#038;qs=0&#038;ac=24&#038;g=5ba0d7XneYlFD2&#038;en=te&#038;io=0&#038;ep=&#038;eo=&#038;b=alg&#038;bc=&#038;br=&#038;tp=d&#038;ec=10&#038;pt=Giornalismo%20partecipativo&#038;ex=&#038;url=&#038;u=http:\/\/www.gennarocarotenuto.it\/\">Gennaro Carotenuto<\/a><\/p>\n<p><!--more--><br \/>Al laico, plurinquisito, puttaniere e divorziato Berlusconi, non \u00e8<br \/>\nbastato garantire a Joseph Ratzinger soldi, molti soldi, in un<br \/>\nribaltamento concettuale dell&#39;evangelico &quot;date a Cesare quel ch&#39;\u00e8 di<br \/>\nCesare&quot;. Ha avuto bisogno di marcare l&#39;accettazione di una verticalit\u00e0<br \/>\ndi rapporti che n\u00e9 con le guarentigie savoiarde, n\u00e9 con il patto<br \/>\nGentiloni, n\u00e9 con la conciliazione mussoliniana, l&#39;articolo 7<br \/>\ntogliattiano o il concordato craxiano, nessun dirigente politico dello<br \/>\nStato italiano, quasi tutti cattolici di ben pi\u00f9 specchiata fede e<br \/>\nmoralit\u00e0 rispetto al padrone di Canale5, aveva mai ritenuto n\u00e9<br \/>\nopportuno n\u00e9 utile accettare. Al papa tedesco non si pu\u00f2 dar colpa, \u00e8<br \/>\npassato all&#39;incasso di un successo facile facile che porter\u00e0 frutti per<br \/>\ntutta la legislatura e ben oltre.<\/p>\n<p>Infatti, la seconda questione \u00e8 l&#39;importante lettera di Francesco<br \/>\nRutelli con la quale dichiara definitivamente inconciliabile il Partito<br \/>\nDemocratico con il PSE, il Partito Socialista Europeo. Il PSE non \u00e8<br \/>\npropriamente il Comintern, ma l&#39;Italia, a dar retta a Rutelli ed i<br \/>\nsuoi, rischia di ritrovarsi all&#39;assurdo di un sistema bipartitico<br \/>\ncomposto da due entit\u00e0 entrambe afferenti al PPE, la casa dei grandi<br \/>\npartiti di centro-destra europei, oppure all&#39;ancor pi\u00f9 stravagante<br \/>\nipotesi di un PD parcheggiato in un limbo senza precedenti in Europa.<\/p>\n<p>Invece di ritirarsi a vita privata dopo la rovinosa, disastrosa,<br \/>\npersonalissima sconfitta nelle elezioni romane che hanno consegnato la<br \/>\ncapitale a Gianni Alemanno, Francesco Rutelli \u00e8 sempre pi\u00f9 centrale<br \/>\nnella vita del PD. Dapprima si \u00e8 seduto su una delle due poltrone pi\u00f9<br \/>\nimportanti che restano all&#39;opposizione, quella di controllo dei servizi<br \/>\nsegreti. Quindi sta conducendo il suo partito o verso una spaccatura<br \/>\nesiziale e traumatica o, pi\u00f9 plausibilmente, definitivamente al centro<br \/>\npolitico in concorrenza ma non in contrapposizione col PdL di Silvio<br \/>\nBerlusconi. In concorrenza (per il potere) ma non in contrapposizione,<br \/>\ne per quel 30-35% di italiani che si ostina a considerarsi di sinistra<br \/>\nvale pi\u00f9 che mai la massima morettiana: &quot;con questa classe dirigente<br \/>\nnon vinceremo mai&quot;.<\/p>\n<p>Il terzo passaggio \u00e8 l&#39;emendamento che considera le prostitute<br \/>\npericolose &quot;per la moralit\u00e0 pubblica&quot; e di conseguenza il cliente<br \/>\nsostanzialmente vittima innocente di queste. Da Sant&#39;Agostino in<br \/>\navanti, \u00e8 la donna a indurre l&#39;uomo al peccato e quindi sono le<br \/>\nprostitute (anche quelle minorenni?) ad attentare alla moralit\u00e0 dei<br \/>\nclienti e non i clienti a corromperle. Il tema meriterebbe pi\u00f9 ampia<br \/>\ntrattazione, ma quello che \u00e8 sicuro \u00e8 che per la foia espulsiva dei<br \/>\nragionier Brambilla che ci governano (e che coincidono con i milioni di<br \/>\nragionier Brambilla che vanno a puttane e poi votano PdL o Lega Nord)<br \/>\ntutto fa gioco per colpire, espellere, incarcerare chi \u00e8 pi\u00f9 debole.<br \/>\nConfortano allora le parole di un vecchio democristiano del PdL,<br \/>\nl&#39;ex-ministro degli Interni Beppe Pisanu: &quot;\u00e8 aberrante attribuire<br \/>\nunilateralmente alle prostitute di strada il presunto reato contro la<br \/>\nsicurezza e la moralit\u00e0 pubblica, assolvendo a priori i loro clienti&quot;.<\/p>\n<p>Beppe Pisanu, come gi\u00e0 Romano Prodi, \u00e8 un &quot;cattolico adulto&quot;, in grado<br \/>\ndi discutere e ragionare con la propria testa. Come i grandi dirigenti<br \/>\ndemocristiani del passato conosce e rispetta la laicit\u00e0 e possiede il<br \/>\nsenso dello Stato. Con miopia Joseph Ratzinger, e con lui la CEI,<br \/>\npreferiscono di gran lunga i conversi, i falsi cattolici per<br \/>\nconvenienza come Silvio Berlusconi e Francesco Rutelli, disposti a<br \/>\ntutto per il potere. Con loro non si discute, anche perch\u00e9 ti danno<br \/>\nsempre ragione; si commercia consenso politico e si fanno buoni affari.<br \/>\nLa situazione \u00e8 cos\u00ec triste che se fossimo morti democristiani forse<br \/>\navremmo sofferto meno.<\/p>\n","protected":false},"excerpt":{"rendered":"<p>Tre notizie ci danno la misura dello slittamento anche simbolico dell&#39;intero quadro politico\/culturale del paese, al quale corrisponde un triste processo involutivo della societ\u00e0 italiana. La prima notizia ha fatto il giro del mondo ed \u00e8 il letterale prostrarsi davanti al papa di Silvio Berlusconi. Il capo del governo ha compiuto un gesto che n\u00e9 [&hellip;]<\/p>\n","protected":false},"author":1,"featured_media":0,"comment_status":"closed","ping_status":"closed","sticky":false,"template":"","format":"standard","meta":{"footnotes":""},"categories":[238],"tags":[41],"class_list":["post-785","post","type-post","status-publish","format-standard","hentry","category-articoli","tag-web"],"yoast_head":"<!-- This site is optimized with the Yoast SEO plugin v27.1.1 - https:\/\/yoast.com\/product\/yoast-seo-wordpress\/ -->\n<title>Siamo morti democristiani - Associazione Culturale Civilt\u00e0 Laica<\/title>\n<meta name=\"robots\" content=\"index, follow, max-snippet:-1, max-image-preview:large, max-video-preview:-1\" \/>\n<link rel=\"canonical\" href=\"https:\/\/www.civiltalaica.it\/cms\/siamo-morti-democristiani\/\" \/>\n<meta property=\"og:locale\" content=\"it_IT\" \/>\n<meta property=\"og:type\" content=\"article\" \/>\n<meta property=\"og:title\" content=\"Siamo morti democristiani - Associazione Culturale Civilt\u00e0 Laica\" \/>\n<meta property=\"og:description\" content=\"Tre notizie ci danno la misura dello slittamento anche simbolico dell&#039;intero quadro politico\/culturale del paese, al quale corrisponde un triste processo involutivo della societ\u00e0 italiana. La prima notizia ha fatto il giro del mondo ed \u00e8 il letterale prostrarsi davanti al papa di Silvio Berlusconi. Il capo del governo ha compiuto un gesto che n\u00e9 [&hellip;]\" \/>\n<meta property=\"og:url\" content=\"https:\/\/www.civiltalaica.it\/cms\/siamo-morti-democristiani\/\" \/>\n<meta property=\"og:site_name\" content=\"Associazione Culturale Civilt\u00e0 Laica\" \/>\n<meta property=\"article:publisher\" content=\"https:\/\/www.facebook.com\/civiltalaica\" \/>\n<meta property=\"article:published_time\" content=\"2008-06-10T23:03:34+00:00\" \/>\n<meta property=\"article:modified_time\" content=\"2011-01-26T09:40:11+00:00\" \/>\n<meta property=\"og:image\" content=\"https:\/\/www.civiltalaica.it\/cms\/wp-content\/uploads\/2017\/06\/logo-cl.png\" \/>\n\t<meta property=\"og:image:width\" content=\"400\" \/>\n\t<meta property=\"og:image:height\" content=\"180\" \/>\n\t<meta property=\"og:image:type\" content=\"image\/png\" \/>\n<meta name=\"author\" content=\"cladmin\" \/>\n<meta name=\"twitter:card\" content=\"summary_large_image\" \/>\n<meta name=\"twitter:label1\" content=\"Scritto da\" \/>\n\t<meta name=\"twitter:data1\" content=\"cladmin\" \/>\n\t<meta name=\"twitter:label2\" content=\"Tempo di lettura stimato\" \/>\n\t<meta name=\"twitter:data2\" content=\"3 minuti\" \/>\n<script type=\"application\/ld+json\" class=\"yoast-schema-graph\">{\"@context\":\"https:\/\/schema.org\",\"@graph\":[{\"@type\":\"Article\",\"@id\":\"https:\/\/www.civiltalaica.it\/cms\/siamo-morti-democristiani\/#article\",\"isPartOf\":{\"@id\":\"https:\/\/www.civiltalaica.it\/cms\/siamo-morti-democristiani\/\"},\"author\":{\"name\":\"cladmin\",\"@id\":\"https:\/\/www.civiltalaica.it\/cms\/#\/schema\/person\/500a52762e2620e007d6333aa121f5e5\"},\"headline\":\"Siamo morti democristiani\",\"datePublished\":\"2008-06-10T23:03:34+00:00\",\"dateModified\":\"2011-01-26T09:40:11+00:00\",\"mainEntityOfPage\":{\"@id\":\"https:\/\/www.civiltalaica.it\/cms\/siamo-morti-democristiani\/\"},\"wordCount\":672,\"keywords\":[\"Web\"],\"articleSection\":[\"articoli\"],\"inLanguage\":\"it-IT\"},{\"@type\":\"WebPage\",\"@id\":\"https:\/\/www.civiltalaica.it\/cms\/siamo-morti-democristiani\/\",\"url\":\"https:\/\/www.civiltalaica.it\/cms\/siamo-morti-democristiani\/\",\"name\":\"Siamo morti democristiani - Associazione Culturale Civilt\u00e0 Laica\",\"isPartOf\":{\"@id\":\"https:\/\/www.civiltalaica.it\/cms\/#website\"},\"datePublished\":\"2008-06-10T23:03:34+00:00\",\"dateModified\":\"2011-01-26T09:40:11+00:00\",\"author\":{\"@id\":\"https:\/\/www.civiltalaica.it\/cms\/#\/schema\/person\/500a52762e2620e007d6333aa121f5e5\"},\"breadcrumb\":{\"@id\":\"https:\/\/www.civiltalaica.it\/cms\/siamo-morti-democristiani\/#breadcrumb\"},\"inLanguage\":\"it-IT\",\"potentialAction\":[{\"@type\":\"ReadAction\",\"target\":[\"https:\/\/www.civiltalaica.it\/cms\/siamo-morti-democristiani\/\"]}]},{\"@type\":\"BreadcrumbList\",\"@id\":\"https:\/\/www.civiltalaica.it\/cms\/siamo-morti-democristiani\/#breadcrumb\",\"itemListElement\":[{\"@type\":\"ListItem\",\"position\":1,\"name\":\"Home\",\"item\":\"https:\/\/www.civiltalaica.it\/cms\/\"},{\"@type\":\"ListItem\",\"position\":2,\"name\":\"1\u00b0 Meeting delle Associazioni Laiche\",\"item\":\"https:\/\/www.civiltalaica.it\/cms\/1%c2%b0-meeting-delle-associazioni-laiche-2\/\"},{\"@type\":\"ListItem\",\"position\":3,\"name\":\"Siamo morti democristiani\"}]},{\"@type\":\"WebSite\",\"@id\":\"https:\/\/www.civiltalaica.it\/cms\/#website\",\"url\":\"https:\/\/www.civiltalaica.it\/cms\/\",\"name\":\"Associazione Culturale Civilt\u00e0 Laica\",\"description\":\"Per un movimento culturale volto a difendere la Laicit\u00e0 dello Stato.\",\"potentialAction\":[{\"@type\":\"SearchAction\",\"target\":{\"@type\":\"EntryPoint\",\"urlTemplate\":\"https:\/\/www.civiltalaica.it\/cms\/?s={search_term_string}\"},\"query-input\":{\"@type\":\"PropertyValueSpecification\",\"valueRequired\":true,\"valueName\":\"search_term_string\"}}],\"inLanguage\":\"it-IT\"},{\"@type\":\"Person\",\"@id\":\"https:\/\/www.civiltalaica.it\/cms\/#\/schema\/person\/500a52762e2620e007d6333aa121f5e5\",\"name\":\"cladmin\",\"url\":\"https:\/\/www.civiltalaica.it\/cms\/author\/cladmin\/\"}]}<\/script>\n<!-- \/ Yoast SEO plugin. -->","yoast_head_json":{"title":"Siamo morti democristiani - Associazione Culturale Civilt\u00e0 Laica","robots":{"index":"index","follow":"follow","max-snippet":"max-snippet:-1","max-image-preview":"max-image-preview:large","max-video-preview":"max-video-preview:-1"},"canonical":"https:\/\/www.civiltalaica.it\/cms\/siamo-morti-democristiani\/","og_locale":"it_IT","og_type":"article","og_title":"Siamo morti democristiani - Associazione Culturale Civilt\u00e0 Laica","og_description":"Tre notizie ci danno la misura dello slittamento anche simbolico dell&#39;intero quadro politico\/culturale del paese, al quale corrisponde un triste processo involutivo della societ\u00e0 italiana. La prima notizia ha fatto il giro del mondo ed \u00e8 il letterale prostrarsi davanti al papa di Silvio Berlusconi. Il capo del governo ha compiuto un gesto che n\u00e9 [&hellip;]","og_url":"https:\/\/www.civiltalaica.it\/cms\/siamo-morti-democristiani\/","og_site_name":"Associazione Culturale Civilt\u00e0 Laica","article_publisher":"https:\/\/www.facebook.com\/civiltalaica","article_published_time":"2008-06-10T23:03:34+00:00","article_modified_time":"2011-01-26T09:40:11+00:00","og_image":[{"width":400,"height":180,"url":"https:\/\/www.civiltalaica.it\/cms\/wp-content\/uploads\/2017\/06\/logo-cl.png","type":"image\/png"}],"author":"cladmin","twitter_card":"summary_large_image","twitter_misc":{"Scritto da":"cladmin","Tempo di lettura stimato":"3 minuti"},"schema":{"@context":"https:\/\/schema.org","@graph":[{"@type":"Article","@id":"https:\/\/www.civiltalaica.it\/cms\/siamo-morti-democristiani\/#article","isPartOf":{"@id":"https:\/\/www.civiltalaica.it\/cms\/siamo-morti-democristiani\/"},"author":{"name":"cladmin","@id":"https:\/\/www.civiltalaica.it\/cms\/#\/schema\/person\/500a52762e2620e007d6333aa121f5e5"},"headline":"Siamo morti democristiani","datePublished":"2008-06-10T23:03:34+00:00","dateModified":"2011-01-26T09:40:11+00:00","mainEntityOfPage":{"@id":"https:\/\/www.civiltalaica.it\/cms\/siamo-morti-democristiani\/"},"wordCount":672,"keywords":["Web"],"articleSection":["articoli"],"inLanguage":"it-IT"},{"@type":"WebPage","@id":"https:\/\/www.civiltalaica.it\/cms\/siamo-morti-democristiani\/","url":"https:\/\/www.civiltalaica.it\/cms\/siamo-morti-democristiani\/","name":"Siamo morti democristiani - Associazione Culturale Civilt\u00e0 Laica","isPartOf":{"@id":"https:\/\/www.civiltalaica.it\/cms\/#website"},"datePublished":"2008-06-10T23:03:34+00:00","dateModified":"2011-01-26T09:40:11+00:00","author":{"@id":"https:\/\/www.civiltalaica.it\/cms\/#\/schema\/person\/500a52762e2620e007d6333aa121f5e5"},"breadcrumb":{"@id":"https:\/\/www.civiltalaica.it\/cms\/siamo-morti-democristiani\/#breadcrumb"},"inLanguage":"it-IT","potentialAction":[{"@type":"ReadAction","target":["https:\/\/www.civiltalaica.it\/cms\/siamo-morti-democristiani\/"]}]},{"@type":"BreadcrumbList","@id":"https:\/\/www.civiltalaica.it\/cms\/siamo-morti-democristiani\/#breadcrumb","itemListElement":[{"@type":"ListItem","position":1,"name":"Home","item":"https:\/\/www.civiltalaica.it\/cms\/"},{"@type":"ListItem","position":2,"name":"1\u00b0 Meeting delle Associazioni Laiche","item":"https:\/\/www.civiltalaica.it\/cms\/1%c2%b0-meeting-delle-associazioni-laiche-2\/"},{"@type":"ListItem","position":3,"name":"Siamo morti democristiani"}]},{"@type":"WebSite","@id":"https:\/\/www.civiltalaica.it\/cms\/#website","url":"https:\/\/www.civiltalaica.it\/cms\/","name":"Associazione Culturale Civilt\u00e0 Laica","description":"Per un movimento culturale volto a difendere la Laicit\u00e0 dello Stato.","potentialAction":[{"@type":"SearchAction","target":{"@type":"EntryPoint","urlTemplate":"https:\/\/www.civiltalaica.it\/cms\/?s={search_term_string}"},"query-input":{"@type":"PropertyValueSpecification","valueRequired":true,"valueName":"search_term_string"}}],"inLanguage":"it-IT"},{"@type":"Person","@id":"https:\/\/www.civiltalaica.it\/cms\/#\/schema\/person\/500a52762e2620e007d6333aa121f5e5","name":"cladmin","url":"https:\/\/www.civiltalaica.it\/cms\/author\/cladmin\/"}]}},"_links":{"self":[{"href":"https:\/\/www.civiltalaica.it\/cms\/wp-json\/wp\/v2\/posts\/785","targetHints":{"allow":["GET"]}}],"collection":[{"href":"https:\/\/www.civiltalaica.it\/cms\/wp-json\/wp\/v2\/posts"}],"about":[{"href":"https:\/\/www.civiltalaica.it\/cms\/wp-json\/wp\/v2\/types\/post"}],"author":[{"embeddable":true,"href":"https:\/\/www.civiltalaica.it\/cms\/wp-json\/wp\/v2\/users\/1"}],"replies":[{"embeddable":true,"href":"https:\/\/www.civiltalaica.it\/cms\/wp-json\/wp\/v2\/comments?post=785"}],"version-history":[{"count":0,"href":"https:\/\/www.civiltalaica.it\/cms\/wp-json\/wp\/v2\/posts\/785\/revisions"}],"wp:attachment":[{"href":"https:\/\/www.civiltalaica.it\/cms\/wp-json\/wp\/v2\/media?parent=785"}],"wp:term":[{"taxonomy":"category","embeddable":true,"href":"https:\/\/www.civiltalaica.it\/cms\/wp-json\/wp\/v2\/categories?post=785"},{"taxonomy":"post_tag","embeddable":true,"href":"https:\/\/www.civiltalaica.it\/cms\/wp-json\/wp\/v2\/tags?post=785"}],"curies":[{"name":"wp","href":"https:\/\/api.w.org\/{rel}","templated":true}]}}