{"id":782,"date":"2008-04-14T23:00:51","date_gmt":"2008-04-14T23:00:51","guid":{"rendered":""},"modified":"2011-01-26T09:41:13","modified_gmt":"2011-01-26T09:41:13","slug":"il-natale-ha-5000-anni","status":"publish","type":"post","link":"https:\/\/www.civiltalaica.it\/cms\/il-natale-ha-5000-anni\/","title":{"rendered":"Il Natale ha 5000 anni"},"content":{"rendered":"<p><a target=\"_blank\" href=\"http:\/\/www.pickwick.it\/modules.php?name=News&#038;file=article&#038;sid=5177\">Intervista del 20 marzo 2008<br \/><\/a><br \/>\ndi Roberta Scorranese<\/p>\n<p><a target=\"_blank\" href=\"http:\/\/www.internetbookshop.it\/code\/9788888764900\/saba-sardi-francesco\/natale-5000-anni.html\"><br \/>\nIl Natale ha 5000 anni<br \/><\/a><br \/>\ndi Francesco Saba Sardi<\/p>\n<p><!--more--><br \/>Sulla copertina di questo libro c&#39;\u00e8 un&#39;incisione dell&#39;artista cinquecentesco Hans Baldung, detto Grien. Raffigura una Madonna con in braccio il Bambino, al quale sant&#39;Anna stimola allegramente i genitali. Ma questo \u00e8 niente: le successive settecentoventi pagine sono molto pi\u00f9 irriverenti. Verrebbe da dire &quot;blasfeme&quot;, se non fosse che Il Natale ha 5000 anni, di Francesco Saba Sardi non comprende il concetto di bestemmia semplicemente perch\u00e9 non contempla quello di idolatria. No, quest&#39;opera va letta per quello che \u00e8: una coltissima, erudita, meticolosa analisi del concetto di religione. Con una nota: l&#39;autore \u00e8 un grande studioso di miti e riti, nonch\u00e9 infaticabile viaggiatore.<br \/>Nato a Trieste ma da anni a Milano, Saba Sardi \u00e8 uno che parla con cognizione di causa: ha vissuto in tutti i continenti, sa bene come pregano gli aborigeni australiani nonch\u00e9 gli Inuit dell&#39;Artico. Ecco perch\u00e9, dette d lui, affermazioni come &quot;Le religioni sono fonte di odio&quot; non hanno proprio niente di scontato. Non hanno proprio niente di scontato, bens\u00ec fanno paura. &quot;Questo libro &#8211; dice, seduto nel salotto del suo appartamento milanese &#8211; \u00e8 stato pubblicato per la prima volta quasi cinquant&#39;anni fa e allora suscit\u00f2 molte polemiche&quot;.<br \/>Impossibile pensare il contrario: \u00e8 un libro in cui si illustrano le radici pagane del Natale, dai riti egizi a Zoroastro. E non solo. I Gesuiti lo misero all&#39;indice anche per il fatto che la religione, qui, smette di brillare quale messaggio salvifico ma diventa una specie di &quot;naturalizzazione del caos&quot;, briglie alla naturale meraviglia di fronte alla spontaneit\u00e0, incarnazione del Potere. Insomma, la religione diventa un freudiano &quot;disagio della civilt\u00e0&quot; che, lungi dal renderci liberi, ci asservisce.<br \/>&quot;Le religioni, da sempre e senza distinzioni &#8211; afferma &#8211; sono per definizione portatrici di odio, in quanto si autodefiniscono detentrici dell&#39;unica verit\u00e0 possibile&quot;. E il discorso si fa pi\u00f9 sottile e interessante quando diventa teoretico. &quot;La cosmogonia di Esiodo racconta che Zeus, il dio greco, divenne il pi\u00f9 potente perch\u00e9 fu capace di divorare Phanes, il disordine, colui che appariva e basta, che non si concretizzava. Quindi Zeus acquis\u00ec potere, in qualche modo, facendo ordine&quot;. E, in seguito, le religioni si adeguarono: cercarono di dare una collocazione naturale e temporale agli dei, in primis una data di nascita. Il Natale, appunto. Che avrebbe non duemila, bens\u00ec cinquemila anni perch\u00e9 fu appunto cinquemila anni fa che si manifestarono le prime concezioni del Natale &#8211; o del &quot;Figlio del Cielo&quot; o dell&#39; &quot;Apparso&quot;. Quando si cominci\u00f2 a sentire l&#39;esigenza di un salvatore che riconducesse il mondo a quel senso perduto della meraviglia iniziale.<br \/>I Natali, allora, sono tanti. Non c&#39;\u00e8 solo Cristo, ma sono innumerevoli i salvatori che escono da grembi vergini, che sbucano da grotte e caverne, che nascono dagli abissi. Il Buddha esce dal fianco di sua madre Maya senza provocarle dolore. In un antico testo a proposito di Zoroastro si legge che &quot;Al momento in cui mor\u00ec, egli proiett\u00f2 il proprio sperma per entro una sorgente e, approssimandosi la fine del mondo, da esso sperma una vergine nascer\u00e0, e un bimbo uscito da lei metter\u00e0 in rotta un numero enorme di seguaci di Ahriman&quot;. Un cenno alle origini del Natale viene anche dalle Bucoliche di Virgilio. Insomma, il Natale ha cinquemila anni perch\u00e9 da tanto tempo cerchiamo di sistematizzare le nostre emozioni. E il messaggio \u00e8 chiaro: finch\u00e9 non ci riapproprieremo della nostra natura, quella non asservita a nessun potere, non saremo mai liberi.<\/p>\n<p>Francesco Saba Sardi, triestino trapiantato a Milano, ha pubblicato oltre 40 libri di narrativa, saggistica, poesia e viaggi, ed \u00e8 un notissimo traduttore da sei lingue, pi\u00f9 volte premiato in Italia e all&#39;estero per la sua attivit\u00e0. Indefesso frequentatore di etnie e realt\u00e0 poco note, per anni ha visitato terre di tutto il mondo. Tra le sue opere pi\u00f9 note: Il Natale ha 5000 anni, 1958; Sesso e mito, 1962, ediz. americana 1975; Onan, 1964; Il secolo dei libertini, 1967; La perversione inesistente, ovvero il fantasma del potere, 1977; Il massacro, moventi e storia del militarismo, 1963, ediz. tedesca 1972; Sessuofobia, 1965; Nascita della follia, 1980; Dottor Sottile, 1984; Il cuore dell&#39;Africa, 1987; Messico, 1988; India, 1991; Marocco, 1994; La perla, 1995; Il traduttore libertino, 1997; La parte oscura, 1999; Che cos&#39;\u00e8 il Buddismo?, 2002; Il grande libro delle religioni, 2002, ediz. francese 2003; Gon\u00e7alvo o della menzogna, 2003; Poco fa, altrove, 2003; Dominio, 2004.<\/p>\n<p>Francesco Saba Sardi<br \/>Il Natale ha 5000 anni<br \/>Bevivino Editore<br \/>Pagine 720 &#8211; Euro 28<\/p>\n","protected":false},"excerpt":{"rendered":"<p>Intervista del 20 marzo 2008 di Roberta Scorranese Il Natale ha 5000 anni di Francesco Saba Sardi<\/p>\n","protected":false},"author":1,"featured_media":0,"comment_status":"closed","ping_status":"closed","sticky":false,"template":"","format":"standard","meta":{"footnotes":""},"categories":[238],"tags":[41],"class_list":["post-782","post","type-post","status-publish","format-standard","hentry","category-articoli","tag-web"],"yoast_head":"<!-- This site is optimized with the Yoast SEO plugin v27.1.1 - https:\/\/yoast.com\/product\/yoast-seo-wordpress\/ -->\n<title>Il Natale ha 5000 anni - Associazione Culturale Civilt\u00e0 Laica<\/title>\n<meta name=\"robots\" content=\"index, follow, max-snippet:-1, max-image-preview:large, max-video-preview:-1\" \/>\n<link rel=\"canonical\" href=\"https:\/\/www.civiltalaica.it\/cms\/il-natale-ha-5000-anni\/\" \/>\n<meta property=\"og:locale\" content=\"it_IT\" \/>\n<meta property=\"og:type\" content=\"article\" \/>\n<meta property=\"og:title\" content=\"Il Natale ha 5000 anni - Associazione Culturale Civilt\u00e0 Laica\" \/>\n<meta property=\"og:description\" content=\"Intervista del 20 marzo 2008 di Roberta Scorranese Il Natale ha 5000 anni di Francesco Saba Sardi\" \/>\n<meta property=\"og:url\" content=\"https:\/\/www.civiltalaica.it\/cms\/il-natale-ha-5000-anni\/\" \/>\n<meta property=\"og:site_name\" content=\"Associazione Culturale Civilt\u00e0 Laica\" \/>\n<meta property=\"article:publisher\" content=\"https:\/\/www.facebook.com\/civiltalaica\" \/>\n<meta property=\"article:published_time\" content=\"2008-04-14T23:00:51+00:00\" \/>\n<meta property=\"article:modified_time\" content=\"2011-01-26T09:41:13+00:00\" \/>\n<meta property=\"og:image\" content=\"https:\/\/www.civiltalaica.it\/cms\/wp-content\/uploads\/2017\/06\/logo-cl.png\" \/>\n\t<meta property=\"og:image:width\" content=\"400\" \/>\n\t<meta property=\"og:image:height\" content=\"180\" \/>\n\t<meta property=\"og:image:type\" content=\"image\/png\" \/>\n<meta name=\"author\" content=\"cladmin\" \/>\n<meta name=\"twitter:card\" content=\"summary_large_image\" \/>\n<meta name=\"twitter:label1\" content=\"Scritto da\" \/>\n\t<meta name=\"twitter:data1\" content=\"cladmin\" \/>\n\t<meta name=\"twitter:label2\" content=\"Tempo di lettura stimato\" \/>\n\t<meta name=\"twitter:data2\" content=\"4 minuti\" \/>\n<script type=\"application\/ld+json\" class=\"yoast-schema-graph\">{\"@context\":\"https:\/\/schema.org\",\"@graph\":[{\"@type\":\"Article\",\"@id\":\"https:\/\/www.civiltalaica.it\/cms\/il-natale-ha-5000-anni\/#article\",\"isPartOf\":{\"@id\":\"https:\/\/www.civiltalaica.it\/cms\/il-natale-ha-5000-anni\/\"},\"author\":{\"name\":\"cladmin\",\"@id\":\"https:\/\/www.civiltalaica.it\/cms\/#\/schema\/person\/500a52762e2620e007d6333aa121f5e5\"},\"headline\":\"Il Natale ha 5000 anni\",\"datePublished\":\"2008-04-14T23:00:51+00:00\",\"dateModified\":\"2011-01-26T09:41:13+00:00\",\"mainEntityOfPage\":{\"@id\":\"https:\/\/www.civiltalaica.it\/cms\/il-natale-ha-5000-anni\/\"},\"wordCount\":746,\"keywords\":[\"Web\"],\"articleSection\":[\"articoli\"],\"inLanguage\":\"it-IT\"},{\"@type\":\"WebPage\",\"@id\":\"https:\/\/www.civiltalaica.it\/cms\/il-natale-ha-5000-anni\/\",\"url\":\"https:\/\/www.civiltalaica.it\/cms\/il-natale-ha-5000-anni\/\",\"name\":\"Il Natale ha 5000 anni - Associazione Culturale Civilt\u00e0 Laica\",\"isPartOf\":{\"@id\":\"https:\/\/www.civiltalaica.it\/cms\/#website\"},\"datePublished\":\"2008-04-14T23:00:51+00:00\",\"dateModified\":\"2011-01-26T09:41:13+00:00\",\"author\":{\"@id\":\"https:\/\/www.civiltalaica.it\/cms\/#\/schema\/person\/500a52762e2620e007d6333aa121f5e5\"},\"breadcrumb\":{\"@id\":\"https:\/\/www.civiltalaica.it\/cms\/il-natale-ha-5000-anni\/#breadcrumb\"},\"inLanguage\":\"it-IT\",\"potentialAction\":[{\"@type\":\"ReadAction\",\"target\":[\"https:\/\/www.civiltalaica.it\/cms\/il-natale-ha-5000-anni\/\"]}]},{\"@type\":\"BreadcrumbList\",\"@id\":\"https:\/\/www.civiltalaica.it\/cms\/il-natale-ha-5000-anni\/#breadcrumb\",\"itemListElement\":[{\"@type\":\"ListItem\",\"position\":1,\"name\":\"Home\",\"item\":\"https:\/\/www.civiltalaica.it\/cms\/\"},{\"@type\":\"ListItem\",\"position\":2,\"name\":\"1\u00b0 Meeting delle Associazioni Laiche\",\"item\":\"https:\/\/www.civiltalaica.it\/cms\/1%c2%b0-meeting-delle-associazioni-laiche-2\/\"},{\"@type\":\"ListItem\",\"position\":3,\"name\":\"Il Natale ha 5000 anni\"}]},{\"@type\":\"WebSite\",\"@id\":\"https:\/\/www.civiltalaica.it\/cms\/#website\",\"url\":\"https:\/\/www.civiltalaica.it\/cms\/\",\"name\":\"Associazione Culturale Civilt\u00e0 Laica\",\"description\":\"Per un movimento culturale volto a difendere la Laicit\u00e0 dello Stato.\",\"potentialAction\":[{\"@type\":\"SearchAction\",\"target\":{\"@type\":\"EntryPoint\",\"urlTemplate\":\"https:\/\/www.civiltalaica.it\/cms\/?s={search_term_string}\"},\"query-input\":{\"@type\":\"PropertyValueSpecification\",\"valueRequired\":true,\"valueName\":\"search_term_string\"}}],\"inLanguage\":\"it-IT\"},{\"@type\":\"Person\",\"@id\":\"https:\/\/www.civiltalaica.it\/cms\/#\/schema\/person\/500a52762e2620e007d6333aa121f5e5\",\"name\":\"cladmin\",\"url\":\"https:\/\/www.civiltalaica.it\/cms\/author\/cladmin\/\"}]}<\/script>\n<!-- \/ Yoast SEO plugin. -->","yoast_head_json":{"title":"Il Natale ha 5000 anni - Associazione Culturale Civilt\u00e0 Laica","robots":{"index":"index","follow":"follow","max-snippet":"max-snippet:-1","max-image-preview":"max-image-preview:large","max-video-preview":"max-video-preview:-1"},"canonical":"https:\/\/www.civiltalaica.it\/cms\/il-natale-ha-5000-anni\/","og_locale":"it_IT","og_type":"article","og_title":"Il Natale ha 5000 anni - Associazione Culturale Civilt\u00e0 Laica","og_description":"Intervista del 20 marzo 2008 di Roberta Scorranese Il Natale ha 5000 anni di Francesco Saba Sardi","og_url":"https:\/\/www.civiltalaica.it\/cms\/il-natale-ha-5000-anni\/","og_site_name":"Associazione Culturale Civilt\u00e0 Laica","article_publisher":"https:\/\/www.facebook.com\/civiltalaica","article_published_time":"2008-04-14T23:00:51+00:00","article_modified_time":"2011-01-26T09:41:13+00:00","og_image":[{"width":400,"height":180,"url":"https:\/\/www.civiltalaica.it\/cms\/wp-content\/uploads\/2017\/06\/logo-cl.png","type":"image\/png"}],"author":"cladmin","twitter_card":"summary_large_image","twitter_misc":{"Scritto da":"cladmin","Tempo di lettura stimato":"4 minuti"},"schema":{"@context":"https:\/\/schema.org","@graph":[{"@type":"Article","@id":"https:\/\/www.civiltalaica.it\/cms\/il-natale-ha-5000-anni\/#article","isPartOf":{"@id":"https:\/\/www.civiltalaica.it\/cms\/il-natale-ha-5000-anni\/"},"author":{"name":"cladmin","@id":"https:\/\/www.civiltalaica.it\/cms\/#\/schema\/person\/500a52762e2620e007d6333aa121f5e5"},"headline":"Il Natale ha 5000 anni","datePublished":"2008-04-14T23:00:51+00:00","dateModified":"2011-01-26T09:41:13+00:00","mainEntityOfPage":{"@id":"https:\/\/www.civiltalaica.it\/cms\/il-natale-ha-5000-anni\/"},"wordCount":746,"keywords":["Web"],"articleSection":["articoli"],"inLanguage":"it-IT"},{"@type":"WebPage","@id":"https:\/\/www.civiltalaica.it\/cms\/il-natale-ha-5000-anni\/","url":"https:\/\/www.civiltalaica.it\/cms\/il-natale-ha-5000-anni\/","name":"Il Natale ha 5000 anni - Associazione Culturale Civilt\u00e0 Laica","isPartOf":{"@id":"https:\/\/www.civiltalaica.it\/cms\/#website"},"datePublished":"2008-04-14T23:00:51+00:00","dateModified":"2011-01-26T09:41:13+00:00","author":{"@id":"https:\/\/www.civiltalaica.it\/cms\/#\/schema\/person\/500a52762e2620e007d6333aa121f5e5"},"breadcrumb":{"@id":"https:\/\/www.civiltalaica.it\/cms\/il-natale-ha-5000-anni\/#breadcrumb"},"inLanguage":"it-IT","potentialAction":[{"@type":"ReadAction","target":["https:\/\/www.civiltalaica.it\/cms\/il-natale-ha-5000-anni\/"]}]},{"@type":"BreadcrumbList","@id":"https:\/\/www.civiltalaica.it\/cms\/il-natale-ha-5000-anni\/#breadcrumb","itemListElement":[{"@type":"ListItem","position":1,"name":"Home","item":"https:\/\/www.civiltalaica.it\/cms\/"},{"@type":"ListItem","position":2,"name":"1\u00b0 Meeting delle Associazioni Laiche","item":"https:\/\/www.civiltalaica.it\/cms\/1%c2%b0-meeting-delle-associazioni-laiche-2\/"},{"@type":"ListItem","position":3,"name":"Il Natale ha 5000 anni"}]},{"@type":"WebSite","@id":"https:\/\/www.civiltalaica.it\/cms\/#website","url":"https:\/\/www.civiltalaica.it\/cms\/","name":"Associazione Culturale Civilt\u00e0 Laica","description":"Per un movimento culturale volto a difendere la Laicit\u00e0 dello Stato.","potentialAction":[{"@type":"SearchAction","target":{"@type":"EntryPoint","urlTemplate":"https:\/\/www.civiltalaica.it\/cms\/?s={search_term_string}"},"query-input":{"@type":"PropertyValueSpecification","valueRequired":true,"valueName":"search_term_string"}}],"inLanguage":"it-IT"},{"@type":"Person","@id":"https:\/\/www.civiltalaica.it\/cms\/#\/schema\/person\/500a52762e2620e007d6333aa121f5e5","name":"cladmin","url":"https:\/\/www.civiltalaica.it\/cms\/author\/cladmin\/"}]}},"_links":{"self":[{"href":"https:\/\/www.civiltalaica.it\/cms\/wp-json\/wp\/v2\/posts\/782","targetHints":{"allow":["GET"]}}],"collection":[{"href":"https:\/\/www.civiltalaica.it\/cms\/wp-json\/wp\/v2\/posts"}],"about":[{"href":"https:\/\/www.civiltalaica.it\/cms\/wp-json\/wp\/v2\/types\/post"}],"author":[{"embeddable":true,"href":"https:\/\/www.civiltalaica.it\/cms\/wp-json\/wp\/v2\/users\/1"}],"replies":[{"embeddable":true,"href":"https:\/\/www.civiltalaica.it\/cms\/wp-json\/wp\/v2\/comments?post=782"}],"version-history":[{"count":0,"href":"https:\/\/www.civiltalaica.it\/cms\/wp-json\/wp\/v2\/posts\/782\/revisions"}],"wp:attachment":[{"href":"https:\/\/www.civiltalaica.it\/cms\/wp-json\/wp\/v2\/media?parent=782"}],"wp:term":[{"taxonomy":"category","embeddable":true,"href":"https:\/\/www.civiltalaica.it\/cms\/wp-json\/wp\/v2\/categories?post=782"},{"taxonomy":"post_tag","embeddable":true,"href":"https:\/\/www.civiltalaica.it\/cms\/wp-json\/wp\/v2\/tags?post=782"}],"curies":[{"name":"wp","href":"https:\/\/api.w.org\/{rel}","templated":true}]}}