{"id":781,"date":"2008-04-08T13:25:07","date_gmt":"2008-04-08T13:25:07","guid":{"rendered":""},"modified":"2011-01-26T09:41:13","modified_gmt":"2011-01-26T09:41:13","slug":"lettera-aperta-sulleutanasia","status":"publish","type":"post","link":"https:\/\/www.civiltalaica.it\/cms\/lettera-aperta-sulleutanasia\/","title":{"rendered":"Lettera aperta sull&#8217;eutanasia"},"content":{"rendered":"<p><a href=\"http:\/\/www.nogod.it\/schede.htm\" target=\"_blank\">8\/04\/08 &#8211; Dal Presidente di LiberaUscita<\/a><\/p>\n<p>Ci pu\u00f2 dire come la pensa veramente sull&#39;eutanasia, cara Maria Antonietta Coscioni?<br \/>\nLettera aperta a una candidata radicale<\/p>\n<p>Giancarlo Fornari, Presidente di <a href=\"http:\/\/www.liberauscita.it\/\" target=\"_blank\">Libera Uscita<\/a>, ha indirizzato a M.<br \/>\nAntonietta <a href=\"http:\/\/www.lucacoscioni.it\/\" target=\"_blank\">Coscioni<\/a>, candidata alle elezioni politiche nelle liste del<br \/>\nPd del Friuli Venezia Giulia, la seguente lettera aperta.<\/p>\n<p><em><br \/>\nCara Coscioni, come Presidente di un&#39;associazione che si batte &#8211; e lo<br \/>\nha fatto spesso insieme ai radicali &#8211; per la causa dell&#39;eutanasia, mi<br \/>\nspiace dirle che sono rimasto francamente sconcertato dalla risposta da<br \/>\nlei data domenica 6 aprile alla domanda di un&#39;ascoltatrice, in una&#160;<br \/>\ntrasmissione di Radio radicale dedicata alla sua candidatura nelle<br \/>\nliste del Pd.<br \/><\/em><\/p>\n<p><!--more--><br \/>La domanda era stata posta da una signora di Roma, la quale, dopo aver ricordato che su Radio radicale c&#39;\u00e8 una rubrica settimanale dal titolo &quot;Vivere e morire&quot; incentrata sulla difesa dell&#39;eutanasia, ha citato una frase di Ignazio Marino, presidente della Commissione Sanit\u00e0 del Senato, secondo cui l&#39;eutanasia consiste nel somministrare un veleno come si fa nelle camere della morte texane. Come parlamentare &#8211; le ha quindi chiesto l&#39;ascoltatrice &#8211; Lei pensa di agire attivamente in favore di questa pratica? <br \/>Ora dovrebbe essere per tutti evidente che questo paragone con l&#39;esecuzione capitale, che effettivamente il senatore Marino ha fatto pi\u00f9 volte per giustificare la sua contrariet\u00e0 all&#39;eutanasia, e che non a caso come associazione noi gli abbiamo contestato ufficialmente mesi fa,&#160; \u00e8 assolutamente infondato. Tanto che il prof. Marino, da quella persona di grande correttezza che \u00e8, ci ha risposto assicurandoci che non l&#39;avrebbe pi\u00f9 utilizzato.<br \/>E in effetti l&#39;esecuzione capitale \u00e8 un atto violento con il quale si uccide una persona che vorrebbe vivere, l&#39;eutanasia \u00e8 un atto di piet\u00e0 con il quale si mette fine alla vita di&#160; una persona che vuole morire. A prescindere dal mezzo usato, sia lo stesso nei due casi oppure no, \u00e8 evidente che tra loro c&#39;\u00e8 una differenza enorme, e ci vuole una buona dose di ipocrisia &#8211; cosa che non si pu\u00f2 dire certo del senatore Marino, per il quale abbiamo grandissima stima &#8211; per sostenere il contrario.<br \/>Niente di tutto ci\u00f2 nella sua risposta, nella quale lei ha sorvolato tranquillamente sulle espressioni usate dall&#39;ascoltatrice e lungi dal confermare l&#39;impegno degli eletti del partito radicale in direzione della depenalizzazione dell&#39;eutanasia si \u00e8 anzi preoccupata di escluderlo, in modo tortuoso. Non ha detto che \u00e8 a favore e neppure che \u00e8 contro, ha fatto solo dei discorsi generici sulla vita e sulla dignit\u00e0 della vita che lasciano il tempo che trovano e che non hanno fatto capire minimamente quale fosse il suo pensiero al riguardo. <br \/>Infatti Lei ha tenuto a precisare &#8211; cito testualmente &#8211; che &quot;quella trasmissione di Radio radicale non \u00e8 una trasmissione pro eutanasia tout court, spiega semplicemente cosa succede in Italia, in Europa e nel mondo per quanto riguarda la legislazione sulle scelte di fine vita&quot;.<br \/>Quindi nulla pi\u00f9 che una asettica trasmissione culturale, come potrebbe farla Rai Education.<br \/>Ed ha aggiunto &#8211; riporto sempre testualmente: &quot;Posso dire che l&#39;attivit\u00e0 dei radicali, l&#39;attivit\u00e0 in particolare dell&#39;associazione Luca Coscioni riguarda la difesa e la dignit\u00e0&#160; della vita in tutti i momenti fino all&#39;ultimo momento utile che una persona ritiene di poter sostenere e di poter vivere. Il nostro impegno \u00e8 anche quello di far conoscere, di portare in&#160; Parlamento la conoscenza di come si muore in Italia, di quanta sofferenza c&#39;\u00e8, di quanta sofferenza \u00e8 soffocata, di quanto&#8230; riaprendo tutta quella questione che si \u00e8 fermata in questa legislatura &#8211; l&#39;indagine conoscitiva sul fenomeno dell&#39;eutanasia clandestina. E soprattutto accogliere le istanze della parte degli italiani, che sono davvero molti, per un&#39;assistenza domiciliare, per un&#39;assistenza alla vita, alla dignit\u00e0 delle persona fino al momento della morte&quot;.<br \/>Queste le sue&#160; parole. Quindi dovremo vedere la pattuglia dei deputati radicali, nella descrizione che lei ne ha dato, come una specie di&#160; comunicatori della sofferenza, il cui compito \u00e8 far sapere agli altri deputati come si muore. Impegnati tutt&#39;al pi\u00f9 a proporre indagini conoscitive sull&#39;eutanasia&#160; ma non certo a chiederne la legalizzazione, ci mancherebbe. E parallelamente impegnati &#8211; come lei ha detto testualmente, perch\u00e9 non ci siano equivoci &#8211; nell&#39;assistenza alla vita fino all&#39;ultimo istante; una specie di volontari domiciliari della buona morte. Una confraternita.<br \/>Mentre lei parlava &#8211; purtroppo non sono potuto intervenire in diretta perch\u00e9 ero alla guida e non avevo con me il telefonino &#8211; si poteva percepire chiaramente il suo imbarazzo&#160; nel toccare questi temi. Lei non ha avuto il coraggio di dire che \u00e8 a favore dell&#39;eutanasia e neppure di dire che \u00e8 contro. Non ha avuto il coraggio di dire che l&#39;atto di chi raccoglie le&#160; drammatiche invocazioni di persone come Piergiorgio Welby, Giovanni Nuvoli o Vincent Humbert o Ramon Sampedro o come, proprio in queste ultime settimane, l&#39;infelice Chantal Subire non ha niente a che vedere con l&#39;atto feroce di chi spegne la vita di un condannato.&#160; Non ne \u00e8 stata capace e ha girato in modo tortuoso e se mi permette, anche un po&#39; viscido attorno al problema, rispondendo alla maniera dei democristiani di una volta. Ma almeno loro lo facevano in modo meno goffo.<br \/>E a questo punto mi domando: questa sua reticenza \u00e8 una posizione personale o \u00e8 una linea imposta ai radicali (o da loro stessi autoimposta) come tassa di ammissione nel grande calderone delle liste democratiche? Il mascherarsi da democristiani, il silenzio, l&#39;evitare di assumere posizione sui temi eticamente pi\u00f9 delicati dipendono da una sua scelta o sono il prezzo pagato dai radicali per entrare alla Camera accanto ai teocon? La candidatura nel Pd \u00e8&#160; il piatto di lenticchie per il quale si \u00e8 accettato di vendere l&#39;anima? Il logo con cui adesso vi presentate nella lista di Veltroni, dismessa la Rosa nel Pugno che tante speranze aveva suscitato in molti tra noi, \u00e8 diventato il Bavaglio?<br \/>Queste che le sto rivolgendo, gentile signora Coscioni, non sono domande retoriche.<br \/>Come Presidente dell&#39;associazione Libera uscita mi stavo infatti preparando a indirizzare ai nostri iscritti l&#39;invito a votare, in caso di incertezza, per il partito che sia pure con molti limiti ha al suo interno una pattuglia radicale, capace di&#160; rappresentare un contraltare alle troppe presenze fondamentaliste che annovera. Queste sue dichiarazioni sono state per me un brutto colpo. Dopo averla ascoltata mi guarder\u00f2 bene dal rivolgere un appello in favore suo e del Partito democratico.<br \/>Se Lei deve parlare pi\u00f9 o meno come la Binetti preferisco quest&#39;ultima, che quanto meno ha l&#39;orgoglio delle sue idee ha e non ha paura di difenderle. Mentre lei, ammesso che ne abbia, se le tiene ben nascoste. Se dovesse essere eletta &#8211; cosa che a questo punto non mi auguro &#8211; non credo proprio che i laici potrebbero contare su lei per le loro battaglie.<br \/>Ha ancora pochissimi giorni per farmi avere una smentita, che sarei felicissimo di leggere e&#160; pubblicare. Ma possibilmente non nello stile dei dorotei. Di quelli ne abbiamo avuti fin troppi nella nostra storia politica, non abbiamo bisogno di loro nipotini in veste pseudo-radicale..<br \/>Nell&#39;attesa di questo chiarimento, pronto a ritrattarmi quando arriver\u00e0 ufficialmente, le invio i miei cordiali saluti<\/p>\n<p>Giancarlo Fornari<\/p>\n<p>Presidente di Libera Uscita &#8211; Associazione per le depenalizzazione dell&#39;eutanasia e per la legalizzazione del testamento biologico<\/p>\n","protected":false},"excerpt":{"rendered":"<p>8\/04\/08 &#8211; Dal Presidente di LiberaUscita Ci pu\u00f2 dire come la pensa veramente sull&#39;eutanasia, cara Maria Antonietta Coscioni? Lettera aperta a una candidata radicale Giancarlo Fornari, Presidente di Libera Uscita, ha indirizzato a M. Antonietta Coscioni, candidata alle elezioni politiche nelle liste del Pd del Friuli Venezia Giulia, la seguente lettera aperta. Cara Coscioni, come [&hellip;]<\/p>\n","protected":false},"author":1,"featured_media":0,"comment_status":"closed","ping_status":"closed","sticky":false,"template":"","format":"standard","meta":{"footnotes":""},"categories":[238],"tags":[41],"class_list":["post-781","post","type-post","status-publish","format-standard","hentry","category-articoli","tag-web"],"yoast_head":"<!-- This site is optimized with the Yoast SEO plugin v27.1.1 - https:\/\/yoast.com\/product\/yoast-seo-wordpress\/ -->\n<title>Lettera aperta sull&#039;eutanasia - Associazione Culturale Civilt\u00e0 Laica<\/title>\n<meta name=\"robots\" content=\"index, follow, max-snippet:-1, max-image-preview:large, max-video-preview:-1\" \/>\n<link rel=\"canonical\" href=\"https:\/\/www.civiltalaica.it\/cms\/lettera-aperta-sulleutanasia\/\" \/>\n<meta property=\"og:locale\" content=\"it_IT\" \/>\n<meta property=\"og:type\" content=\"article\" \/>\n<meta property=\"og:title\" content=\"Lettera aperta sull&#039;eutanasia - Associazione Culturale Civilt\u00e0 Laica\" \/>\n<meta property=\"og:description\" content=\"8\/04\/08 &#8211; Dal Presidente di LiberaUscita Ci pu\u00f2 dire come la pensa veramente sull&#039;eutanasia, cara Maria Antonietta Coscioni? Lettera aperta a una candidata radicale Giancarlo Fornari, Presidente di Libera Uscita, ha indirizzato a M. Antonietta Coscioni, candidata alle elezioni politiche nelle liste del Pd del Friuli Venezia Giulia, la seguente lettera aperta. Cara Coscioni, come [&hellip;]\" \/>\n<meta property=\"og:url\" content=\"https:\/\/www.civiltalaica.it\/cms\/lettera-aperta-sulleutanasia\/\" \/>\n<meta property=\"og:site_name\" content=\"Associazione Culturale Civilt\u00e0 Laica\" \/>\n<meta property=\"article:publisher\" content=\"https:\/\/www.facebook.com\/civiltalaica\" \/>\n<meta property=\"article:published_time\" content=\"2008-04-08T13:25:07+00:00\" \/>\n<meta property=\"article:modified_time\" content=\"2011-01-26T09:41:13+00:00\" \/>\n<meta property=\"og:image\" content=\"https:\/\/www.civiltalaica.it\/cms\/wp-content\/uploads\/2017\/06\/logo-cl.png\" \/>\n\t<meta property=\"og:image:width\" content=\"400\" \/>\n\t<meta property=\"og:image:height\" content=\"180\" \/>\n\t<meta property=\"og:image:type\" content=\"image\/png\" \/>\n<meta name=\"author\" content=\"cladmin\" \/>\n<meta name=\"twitter:card\" content=\"summary_large_image\" \/>\n<meta name=\"twitter:label1\" content=\"Scritto da\" \/>\n\t<meta name=\"twitter:data1\" content=\"cladmin\" \/>\n\t<meta name=\"twitter:label2\" content=\"Tempo di lettura stimato\" \/>\n\t<meta name=\"twitter:data2\" content=\"6 minuti\" \/>\n<script type=\"application\/ld+json\" class=\"yoast-schema-graph\">{\"@context\":\"https:\/\/schema.org\",\"@graph\":[{\"@type\":\"Article\",\"@id\":\"https:\/\/www.civiltalaica.it\/cms\/lettera-aperta-sulleutanasia\/#article\",\"isPartOf\":{\"@id\":\"https:\/\/www.civiltalaica.it\/cms\/lettera-aperta-sulleutanasia\/\"},\"author\":{\"name\":\"cladmin\",\"@id\":\"https:\/\/www.civiltalaica.it\/cms\/#\/schema\/person\/500a52762e2620e007d6333aa121f5e5\"},\"headline\":\"Lettera aperta sull&#8217;eutanasia\",\"datePublished\":\"2008-04-08T13:25:07+00:00\",\"dateModified\":\"2011-01-26T09:41:13+00:00\",\"mainEntityOfPage\":{\"@id\":\"https:\/\/www.civiltalaica.it\/cms\/lettera-aperta-sulleutanasia\/\"},\"wordCount\":1221,\"keywords\":[\"Web\"],\"articleSection\":[\"articoli\"],\"inLanguage\":\"it-IT\"},{\"@type\":\"WebPage\",\"@id\":\"https:\/\/www.civiltalaica.it\/cms\/lettera-aperta-sulleutanasia\/\",\"url\":\"https:\/\/www.civiltalaica.it\/cms\/lettera-aperta-sulleutanasia\/\",\"name\":\"Lettera aperta sull'eutanasia - Associazione Culturale Civilt\u00e0 Laica\",\"isPartOf\":{\"@id\":\"https:\/\/www.civiltalaica.it\/cms\/#website\"},\"datePublished\":\"2008-04-08T13:25:07+00:00\",\"dateModified\":\"2011-01-26T09:41:13+00:00\",\"author\":{\"@id\":\"https:\/\/www.civiltalaica.it\/cms\/#\/schema\/person\/500a52762e2620e007d6333aa121f5e5\"},\"breadcrumb\":{\"@id\":\"https:\/\/www.civiltalaica.it\/cms\/lettera-aperta-sulleutanasia\/#breadcrumb\"},\"inLanguage\":\"it-IT\",\"potentialAction\":[{\"@type\":\"ReadAction\",\"target\":[\"https:\/\/www.civiltalaica.it\/cms\/lettera-aperta-sulleutanasia\/\"]}]},{\"@type\":\"BreadcrumbList\",\"@id\":\"https:\/\/www.civiltalaica.it\/cms\/lettera-aperta-sulleutanasia\/#breadcrumb\",\"itemListElement\":[{\"@type\":\"ListItem\",\"position\":1,\"name\":\"Home\",\"item\":\"https:\/\/www.civiltalaica.it\/cms\/\"},{\"@type\":\"ListItem\",\"position\":2,\"name\":\"1\u00b0 Meeting delle Associazioni Laiche\",\"item\":\"https:\/\/www.civiltalaica.it\/cms\/1%c2%b0-meeting-delle-associazioni-laiche-2\/\"},{\"@type\":\"ListItem\",\"position\":3,\"name\":\"Lettera aperta sull&#8217;eutanasia\"}]},{\"@type\":\"WebSite\",\"@id\":\"https:\/\/www.civiltalaica.it\/cms\/#website\",\"url\":\"https:\/\/www.civiltalaica.it\/cms\/\",\"name\":\"Associazione Culturale Civilt\u00e0 Laica\",\"description\":\"Per un movimento culturale volto a difendere la Laicit\u00e0 dello Stato.\",\"potentialAction\":[{\"@type\":\"SearchAction\",\"target\":{\"@type\":\"EntryPoint\",\"urlTemplate\":\"https:\/\/www.civiltalaica.it\/cms\/?s={search_term_string}\"},\"query-input\":{\"@type\":\"PropertyValueSpecification\",\"valueRequired\":true,\"valueName\":\"search_term_string\"}}],\"inLanguage\":\"it-IT\"},{\"@type\":\"Person\",\"@id\":\"https:\/\/www.civiltalaica.it\/cms\/#\/schema\/person\/500a52762e2620e007d6333aa121f5e5\",\"name\":\"cladmin\",\"url\":\"https:\/\/www.civiltalaica.it\/cms\/author\/cladmin\/\"}]}<\/script>\n<!-- \/ Yoast SEO plugin. -->","yoast_head_json":{"title":"Lettera aperta sull'eutanasia - Associazione Culturale Civilt\u00e0 Laica","robots":{"index":"index","follow":"follow","max-snippet":"max-snippet:-1","max-image-preview":"max-image-preview:large","max-video-preview":"max-video-preview:-1"},"canonical":"https:\/\/www.civiltalaica.it\/cms\/lettera-aperta-sulleutanasia\/","og_locale":"it_IT","og_type":"article","og_title":"Lettera aperta sull'eutanasia - Associazione Culturale Civilt\u00e0 Laica","og_description":"8\/04\/08 &#8211; Dal Presidente di LiberaUscita Ci pu\u00f2 dire come la pensa veramente sull&#39;eutanasia, cara Maria Antonietta Coscioni? Lettera aperta a una candidata radicale Giancarlo Fornari, Presidente di Libera Uscita, ha indirizzato a M. Antonietta Coscioni, candidata alle elezioni politiche nelle liste del Pd del Friuli Venezia Giulia, la seguente lettera aperta. Cara Coscioni, come [&hellip;]","og_url":"https:\/\/www.civiltalaica.it\/cms\/lettera-aperta-sulleutanasia\/","og_site_name":"Associazione Culturale Civilt\u00e0 Laica","article_publisher":"https:\/\/www.facebook.com\/civiltalaica","article_published_time":"2008-04-08T13:25:07+00:00","article_modified_time":"2011-01-26T09:41:13+00:00","og_image":[{"width":400,"height":180,"url":"https:\/\/www.civiltalaica.it\/cms\/wp-content\/uploads\/2017\/06\/logo-cl.png","type":"image\/png"}],"author":"cladmin","twitter_card":"summary_large_image","twitter_misc":{"Scritto da":"cladmin","Tempo di lettura stimato":"6 minuti"},"schema":{"@context":"https:\/\/schema.org","@graph":[{"@type":"Article","@id":"https:\/\/www.civiltalaica.it\/cms\/lettera-aperta-sulleutanasia\/#article","isPartOf":{"@id":"https:\/\/www.civiltalaica.it\/cms\/lettera-aperta-sulleutanasia\/"},"author":{"name":"cladmin","@id":"https:\/\/www.civiltalaica.it\/cms\/#\/schema\/person\/500a52762e2620e007d6333aa121f5e5"},"headline":"Lettera aperta sull&#8217;eutanasia","datePublished":"2008-04-08T13:25:07+00:00","dateModified":"2011-01-26T09:41:13+00:00","mainEntityOfPage":{"@id":"https:\/\/www.civiltalaica.it\/cms\/lettera-aperta-sulleutanasia\/"},"wordCount":1221,"keywords":["Web"],"articleSection":["articoli"],"inLanguage":"it-IT"},{"@type":"WebPage","@id":"https:\/\/www.civiltalaica.it\/cms\/lettera-aperta-sulleutanasia\/","url":"https:\/\/www.civiltalaica.it\/cms\/lettera-aperta-sulleutanasia\/","name":"Lettera aperta sull'eutanasia - Associazione Culturale Civilt\u00e0 Laica","isPartOf":{"@id":"https:\/\/www.civiltalaica.it\/cms\/#website"},"datePublished":"2008-04-08T13:25:07+00:00","dateModified":"2011-01-26T09:41:13+00:00","author":{"@id":"https:\/\/www.civiltalaica.it\/cms\/#\/schema\/person\/500a52762e2620e007d6333aa121f5e5"},"breadcrumb":{"@id":"https:\/\/www.civiltalaica.it\/cms\/lettera-aperta-sulleutanasia\/#breadcrumb"},"inLanguage":"it-IT","potentialAction":[{"@type":"ReadAction","target":["https:\/\/www.civiltalaica.it\/cms\/lettera-aperta-sulleutanasia\/"]}]},{"@type":"BreadcrumbList","@id":"https:\/\/www.civiltalaica.it\/cms\/lettera-aperta-sulleutanasia\/#breadcrumb","itemListElement":[{"@type":"ListItem","position":1,"name":"Home","item":"https:\/\/www.civiltalaica.it\/cms\/"},{"@type":"ListItem","position":2,"name":"1\u00b0 Meeting delle Associazioni Laiche","item":"https:\/\/www.civiltalaica.it\/cms\/1%c2%b0-meeting-delle-associazioni-laiche-2\/"},{"@type":"ListItem","position":3,"name":"Lettera aperta sull&#8217;eutanasia"}]},{"@type":"WebSite","@id":"https:\/\/www.civiltalaica.it\/cms\/#website","url":"https:\/\/www.civiltalaica.it\/cms\/","name":"Associazione Culturale Civilt\u00e0 Laica","description":"Per un movimento culturale volto a difendere la Laicit\u00e0 dello Stato.","potentialAction":[{"@type":"SearchAction","target":{"@type":"EntryPoint","urlTemplate":"https:\/\/www.civiltalaica.it\/cms\/?s={search_term_string}"},"query-input":{"@type":"PropertyValueSpecification","valueRequired":true,"valueName":"search_term_string"}}],"inLanguage":"it-IT"},{"@type":"Person","@id":"https:\/\/www.civiltalaica.it\/cms\/#\/schema\/person\/500a52762e2620e007d6333aa121f5e5","name":"cladmin","url":"https:\/\/www.civiltalaica.it\/cms\/author\/cladmin\/"}]}},"_links":{"self":[{"href":"https:\/\/www.civiltalaica.it\/cms\/wp-json\/wp\/v2\/posts\/781","targetHints":{"allow":["GET"]}}],"collection":[{"href":"https:\/\/www.civiltalaica.it\/cms\/wp-json\/wp\/v2\/posts"}],"about":[{"href":"https:\/\/www.civiltalaica.it\/cms\/wp-json\/wp\/v2\/types\/post"}],"author":[{"embeddable":true,"href":"https:\/\/www.civiltalaica.it\/cms\/wp-json\/wp\/v2\/users\/1"}],"replies":[{"embeddable":true,"href":"https:\/\/www.civiltalaica.it\/cms\/wp-json\/wp\/v2\/comments?post=781"}],"version-history":[{"count":0,"href":"https:\/\/www.civiltalaica.it\/cms\/wp-json\/wp\/v2\/posts\/781\/revisions"}],"wp:attachment":[{"href":"https:\/\/www.civiltalaica.it\/cms\/wp-json\/wp\/v2\/media?parent=781"}],"wp:term":[{"taxonomy":"category","embeddable":true,"href":"https:\/\/www.civiltalaica.it\/cms\/wp-json\/wp\/v2\/categories?post=781"},{"taxonomy":"post_tag","embeddable":true,"href":"https:\/\/www.civiltalaica.it\/cms\/wp-json\/wp\/v2\/tags?post=781"}],"curies":[{"name":"wp","href":"https:\/\/api.w.org\/{rel}","templated":true}]}}