{"id":777,"date":"2008-03-18T21:35:50","date_gmt":"2008-03-18T21:35:50","guid":{"rendered":""},"modified":"2011-01-26T09:41:42","modified_gmt":"2011-01-26T09:41:42","slug":"la-strage-delle-innocenti","status":"publish","type":"post","link":"https:\/\/www.civiltalaica.it\/cms\/la-strage-delle-innocenti\/","title":{"rendered":"La strage delle innocenti"},"content":{"rendered":"<p>Dal sito di <a target=\"_blank\" href=\"http:\/\/www.peacereporter.net\">peacereporter<\/a>:<\/p>\n<p>In India, nel 2007, si \u00e8 registrata una media quotidiana di duemila<br \/>\naborti selettivi, ovvero riguardanti i feti di sesso femminile, e,<br \/>\nsecondo il giornale medico britannico Lancet, negli ultimi venti anni<br \/>\npi\u00f9 di dieci milioni di bambine sono state uccise prima o subito dopo<br \/>\nla nascita dai genitori.<\/p>\n<p><!--more--><br \/>Madre e figliaSoldi a chi fa figlie. Finalmente il governo indiano ha deciso di invertire questa tendenza e di sostenere la nascita e la crescita delle bambine. Il ministro per lo Sviluppo delle Donne e dei Bambini, Renuka Chowdhary, ha lanciato un programma, denominato &#39;trasferimento condizionato di contanti per bambine con copertura assicurativa&#39;, che prevede un premio di tremila dollari per le famiglie povere che decideranno di mettere al mondo figlie femmine. La somma sar\u00e0 distribuita nell&#39;arco dei primi 18 anni di vita delle bambine. Il primo obiettivo del provvedimento \u00e8 l&#39;eliminazione del fenomeno dell&#39;aborto selettivo, una realt\u00e0 che ha portato il rapporto fra popolazione maschile e femminile dello Stato indiano ad essere sempre pi\u00f9 sbilanciato: nel 2001, ogni mille uomini vi erano solo 927 donne, contro una media mondiale di 1050, e in alcune regioni, come Punjab, Haryana, Gujarat, Himachal Pradesh e New Delhi, la cifra \u00e8 ancora pi\u00f9 bassa, attestandosi al di sotto di 800. Ma non solo, con l&#39;incentivo monetario il governo cerca anche di &quot;incoraggiare le famiglie a migliorare l&#39;educazione delle bambine&quot;, come ha dichiarato Renuka Chowdhury: &quot;Il programma costringer\u00e0 le famiglie a vedere una figlia come un vantaggio e non come un peso dal momento che, fin dalla nascita, la bambina porter\u00e0 un&#39;entrata monetaria&quot;.<br \/>&#160;<br \/>Bambine indianeSalvare 100 mila bambine in un anno. Un primo importo viene donato al momento della nascita, poi, spiega il ministro, &quot;se la famiglia provveder\u00e0 a vaccinare adeguatamente la figlia, ricever\u00e0 altro denaro&quot;. &quot;Quando i genitori iscriveranno la figlia a scuola, e se le permetteranno di proseguire gli studi, riceveranno un&#39;ulteriore somma&quot;, continua Chowdhury. L&#39;incentivo cesser\u00e0 quando la ragazza avr\u00e0 raggiunto i 18 anni ma, a quel punto, se questa avr\u00e0 completato la propria istruzione e non si sar\u00e0 ancora sposata, la famiglia ricever\u00e0 un ulteriore bonus di 2.500 dollari. Secondo Chowdhury, almeno 100 mila bambine saranno salvate nel primo anno di applicazione del programma. La legge contro l&#39;aborto selettivo, presente dal 1994, e quella che vieta i test per determinare il sesso del nascituro, infatti, sono nella pratica quotidianamente aggirate e, in 12 anni, solo un medico \u00e8 stato condannato per aver praticato illegalmente un aborto.<br \/>&#160;<br \/>FetoSolo un primo passo. Il programma solleva per\u00f2 anche molti dubbi. Gli incentivi sono diretti alle famiglie pi\u00f9 povere mentre, come ha affermato Bajayalaxmi Nanda, attivista indiana per i diritti delle donne, &quot;la pratica dell&#39;aborto selettivo \u00e8 particolarmente diffusa tra coloro che sono al di sopra della soglia di povert\u00e0; sono gli abitanti delle citt\u00e0, la classe media e i ricchi a farlo&quot;. La scelta dell&#39;aborto \u00e8 dettata non solo da problemi finanziari, ma, pi\u00f9 in generale, dalla cultura indiana che vede nel maschio, il futuro capofamiglia, la figura dominante della societ\u00e0. &quot;Ci sono molte pressioni&quot;, afferma Nanda, tra cui &quot;una sorta di preferenza culturale, la dote, l&#39;impossibilit\u00e0 per le femmine di ereditare beni, terre e propriet\u00e0&quot;. Secondo molti attivisti, per fermare queste pratiche, ormai fortemente radicate, il governo dovr\u00e0 mettere in atto politiche molto pi\u00f9 decise volte a cambiare la mentalit\u00e0 stessa della popolazione. Solo cos\u00ec le donne indiane potranno fruire appieno del rapido sviluppo del Paese.<\/p>\n","protected":false},"excerpt":{"rendered":"<p>Dal sito di peacereporter: In India, nel 2007, si \u00e8 registrata una media quotidiana di duemila aborti selettivi, ovvero riguardanti i feti di sesso femminile, e, secondo il giornale medico britannico Lancet, negli ultimi venti anni pi\u00f9 di dieci milioni di bambine sono state uccise prima o subito dopo la nascita dai genitori.<\/p>\n","protected":false},"author":1,"featured_media":0,"comment_status":"closed","ping_status":"closed","sticky":false,"template":"","format":"standard","meta":{"footnotes":""},"categories":[238],"tags":[41],"class_list":["post-777","post","type-post","status-publish","format-standard","hentry","category-articoli","tag-web"],"yoast_head":"<!-- This site is optimized with the Yoast SEO plugin v27.1.1 - https:\/\/yoast.com\/product\/yoast-seo-wordpress\/ -->\n<title>La strage delle innocenti - Associazione Culturale Civilt\u00e0 Laica<\/title>\n<meta name=\"robots\" content=\"index, follow, max-snippet:-1, max-image-preview:large, max-video-preview:-1\" \/>\n<link rel=\"canonical\" href=\"https:\/\/www.civiltalaica.it\/cms\/la-strage-delle-innocenti\/\" \/>\n<meta property=\"og:locale\" content=\"it_IT\" \/>\n<meta property=\"og:type\" content=\"article\" \/>\n<meta property=\"og:title\" content=\"La strage delle innocenti - Associazione Culturale Civilt\u00e0 Laica\" \/>\n<meta property=\"og:description\" content=\"Dal sito di peacereporter: In India, nel 2007, si \u00e8 registrata una media quotidiana di duemila aborti selettivi, ovvero riguardanti i feti di sesso femminile, e, secondo il giornale medico britannico Lancet, negli ultimi venti anni pi\u00f9 di dieci milioni di bambine sono state uccise prima o subito dopo la nascita dai genitori.\" \/>\n<meta property=\"og:url\" content=\"https:\/\/www.civiltalaica.it\/cms\/la-strage-delle-innocenti\/\" \/>\n<meta property=\"og:site_name\" content=\"Associazione Culturale Civilt\u00e0 Laica\" \/>\n<meta property=\"article:publisher\" content=\"https:\/\/www.facebook.com\/civiltalaica\" \/>\n<meta property=\"article:published_time\" content=\"2008-03-18T21:35:50+00:00\" \/>\n<meta property=\"article:modified_time\" content=\"2011-01-26T09:41:42+00:00\" \/>\n<meta property=\"og:image\" content=\"https:\/\/www.civiltalaica.it\/cms\/wp-content\/uploads\/2017\/06\/logo-cl.png\" \/>\n\t<meta property=\"og:image:width\" content=\"400\" \/>\n\t<meta property=\"og:image:height\" content=\"180\" \/>\n\t<meta property=\"og:image:type\" content=\"image\/png\" \/>\n<meta name=\"author\" content=\"cladmin\" \/>\n<meta name=\"twitter:card\" content=\"summary_large_image\" \/>\n<meta name=\"twitter:label1\" content=\"Scritto da\" \/>\n\t<meta name=\"twitter:data1\" content=\"cladmin\" \/>\n\t<meta name=\"twitter:label2\" content=\"Tempo di lettura stimato\" \/>\n\t<meta name=\"twitter:data2\" content=\"3 minuti\" \/>\n<script type=\"application\/ld+json\" class=\"yoast-schema-graph\">{\"@context\":\"https:\/\/schema.org\",\"@graph\":[{\"@type\":\"Article\",\"@id\":\"https:\/\/www.civiltalaica.it\/cms\/la-strage-delle-innocenti\/#article\",\"isPartOf\":{\"@id\":\"https:\/\/www.civiltalaica.it\/cms\/la-strage-delle-innocenti\/\"},\"author\":{\"name\":\"cladmin\",\"@id\":\"https:\/\/www.civiltalaica.it\/cms\/#\/schema\/person\/500a52762e2620e007d6333aa121f5e5\"},\"headline\":\"La strage delle innocenti\",\"datePublished\":\"2008-03-18T21:35:50+00:00\",\"dateModified\":\"2011-01-26T09:41:42+00:00\",\"mainEntityOfPage\":{\"@id\":\"https:\/\/www.civiltalaica.it\/cms\/la-strage-delle-innocenti\/\"},\"wordCount\":579,\"keywords\":[\"Web\"],\"articleSection\":[\"articoli\"],\"inLanguage\":\"it-IT\"},{\"@type\":\"WebPage\",\"@id\":\"https:\/\/www.civiltalaica.it\/cms\/la-strage-delle-innocenti\/\",\"url\":\"https:\/\/www.civiltalaica.it\/cms\/la-strage-delle-innocenti\/\",\"name\":\"La strage delle innocenti - Associazione Culturale Civilt\u00e0 Laica\",\"isPartOf\":{\"@id\":\"https:\/\/www.civiltalaica.it\/cms\/#website\"},\"datePublished\":\"2008-03-18T21:35:50+00:00\",\"dateModified\":\"2011-01-26T09:41:42+00:00\",\"author\":{\"@id\":\"https:\/\/www.civiltalaica.it\/cms\/#\/schema\/person\/500a52762e2620e007d6333aa121f5e5\"},\"breadcrumb\":{\"@id\":\"https:\/\/www.civiltalaica.it\/cms\/la-strage-delle-innocenti\/#breadcrumb\"},\"inLanguage\":\"it-IT\",\"potentialAction\":[{\"@type\":\"ReadAction\",\"target\":[\"https:\/\/www.civiltalaica.it\/cms\/la-strage-delle-innocenti\/\"]}]},{\"@type\":\"BreadcrumbList\",\"@id\":\"https:\/\/www.civiltalaica.it\/cms\/la-strage-delle-innocenti\/#breadcrumb\",\"itemListElement\":[{\"@type\":\"ListItem\",\"position\":1,\"name\":\"Home\",\"item\":\"https:\/\/www.civiltalaica.it\/cms\/\"},{\"@type\":\"ListItem\",\"position\":2,\"name\":\"1\u00b0 Meeting delle Associazioni Laiche\",\"item\":\"https:\/\/www.civiltalaica.it\/cms\/1%c2%b0-meeting-delle-associazioni-laiche-2\/\"},{\"@type\":\"ListItem\",\"position\":3,\"name\":\"La strage delle innocenti\"}]},{\"@type\":\"WebSite\",\"@id\":\"https:\/\/www.civiltalaica.it\/cms\/#website\",\"url\":\"https:\/\/www.civiltalaica.it\/cms\/\",\"name\":\"Associazione Culturale Civilt\u00e0 Laica\",\"description\":\"Per un movimento culturale volto a difendere la Laicit\u00e0 dello Stato.\",\"potentialAction\":[{\"@type\":\"SearchAction\",\"target\":{\"@type\":\"EntryPoint\",\"urlTemplate\":\"https:\/\/www.civiltalaica.it\/cms\/?s={search_term_string}\"},\"query-input\":{\"@type\":\"PropertyValueSpecification\",\"valueRequired\":true,\"valueName\":\"search_term_string\"}}],\"inLanguage\":\"it-IT\"},{\"@type\":\"Person\",\"@id\":\"https:\/\/www.civiltalaica.it\/cms\/#\/schema\/person\/500a52762e2620e007d6333aa121f5e5\",\"name\":\"cladmin\",\"url\":\"https:\/\/www.civiltalaica.it\/cms\/author\/cladmin\/\"}]}<\/script>\n<!-- \/ Yoast SEO plugin. -->","yoast_head_json":{"title":"La strage delle innocenti - Associazione Culturale Civilt\u00e0 Laica","robots":{"index":"index","follow":"follow","max-snippet":"max-snippet:-1","max-image-preview":"max-image-preview:large","max-video-preview":"max-video-preview:-1"},"canonical":"https:\/\/www.civiltalaica.it\/cms\/la-strage-delle-innocenti\/","og_locale":"it_IT","og_type":"article","og_title":"La strage delle innocenti - Associazione Culturale Civilt\u00e0 Laica","og_description":"Dal sito di peacereporter: In India, nel 2007, si \u00e8 registrata una media quotidiana di duemila aborti selettivi, ovvero riguardanti i feti di sesso femminile, e, secondo il giornale medico britannico Lancet, negli ultimi venti anni pi\u00f9 di dieci milioni di bambine sono state uccise prima o subito dopo la nascita dai genitori.","og_url":"https:\/\/www.civiltalaica.it\/cms\/la-strage-delle-innocenti\/","og_site_name":"Associazione Culturale Civilt\u00e0 Laica","article_publisher":"https:\/\/www.facebook.com\/civiltalaica","article_published_time":"2008-03-18T21:35:50+00:00","article_modified_time":"2011-01-26T09:41:42+00:00","og_image":[{"width":400,"height":180,"url":"https:\/\/www.civiltalaica.it\/cms\/wp-content\/uploads\/2017\/06\/logo-cl.png","type":"image\/png"}],"author":"cladmin","twitter_card":"summary_large_image","twitter_misc":{"Scritto da":"cladmin","Tempo di lettura stimato":"3 minuti"},"schema":{"@context":"https:\/\/schema.org","@graph":[{"@type":"Article","@id":"https:\/\/www.civiltalaica.it\/cms\/la-strage-delle-innocenti\/#article","isPartOf":{"@id":"https:\/\/www.civiltalaica.it\/cms\/la-strage-delle-innocenti\/"},"author":{"name":"cladmin","@id":"https:\/\/www.civiltalaica.it\/cms\/#\/schema\/person\/500a52762e2620e007d6333aa121f5e5"},"headline":"La strage delle innocenti","datePublished":"2008-03-18T21:35:50+00:00","dateModified":"2011-01-26T09:41:42+00:00","mainEntityOfPage":{"@id":"https:\/\/www.civiltalaica.it\/cms\/la-strage-delle-innocenti\/"},"wordCount":579,"keywords":["Web"],"articleSection":["articoli"],"inLanguage":"it-IT"},{"@type":"WebPage","@id":"https:\/\/www.civiltalaica.it\/cms\/la-strage-delle-innocenti\/","url":"https:\/\/www.civiltalaica.it\/cms\/la-strage-delle-innocenti\/","name":"La strage delle innocenti - Associazione Culturale Civilt\u00e0 Laica","isPartOf":{"@id":"https:\/\/www.civiltalaica.it\/cms\/#website"},"datePublished":"2008-03-18T21:35:50+00:00","dateModified":"2011-01-26T09:41:42+00:00","author":{"@id":"https:\/\/www.civiltalaica.it\/cms\/#\/schema\/person\/500a52762e2620e007d6333aa121f5e5"},"breadcrumb":{"@id":"https:\/\/www.civiltalaica.it\/cms\/la-strage-delle-innocenti\/#breadcrumb"},"inLanguage":"it-IT","potentialAction":[{"@type":"ReadAction","target":["https:\/\/www.civiltalaica.it\/cms\/la-strage-delle-innocenti\/"]}]},{"@type":"BreadcrumbList","@id":"https:\/\/www.civiltalaica.it\/cms\/la-strage-delle-innocenti\/#breadcrumb","itemListElement":[{"@type":"ListItem","position":1,"name":"Home","item":"https:\/\/www.civiltalaica.it\/cms\/"},{"@type":"ListItem","position":2,"name":"1\u00b0 Meeting delle Associazioni Laiche","item":"https:\/\/www.civiltalaica.it\/cms\/1%c2%b0-meeting-delle-associazioni-laiche-2\/"},{"@type":"ListItem","position":3,"name":"La strage delle innocenti"}]},{"@type":"WebSite","@id":"https:\/\/www.civiltalaica.it\/cms\/#website","url":"https:\/\/www.civiltalaica.it\/cms\/","name":"Associazione Culturale Civilt\u00e0 Laica","description":"Per un movimento culturale volto a difendere la Laicit\u00e0 dello Stato.","potentialAction":[{"@type":"SearchAction","target":{"@type":"EntryPoint","urlTemplate":"https:\/\/www.civiltalaica.it\/cms\/?s={search_term_string}"},"query-input":{"@type":"PropertyValueSpecification","valueRequired":true,"valueName":"search_term_string"}}],"inLanguage":"it-IT"},{"@type":"Person","@id":"https:\/\/www.civiltalaica.it\/cms\/#\/schema\/person\/500a52762e2620e007d6333aa121f5e5","name":"cladmin","url":"https:\/\/www.civiltalaica.it\/cms\/author\/cladmin\/"}]}},"_links":{"self":[{"href":"https:\/\/www.civiltalaica.it\/cms\/wp-json\/wp\/v2\/posts\/777","targetHints":{"allow":["GET"]}}],"collection":[{"href":"https:\/\/www.civiltalaica.it\/cms\/wp-json\/wp\/v2\/posts"}],"about":[{"href":"https:\/\/www.civiltalaica.it\/cms\/wp-json\/wp\/v2\/types\/post"}],"author":[{"embeddable":true,"href":"https:\/\/www.civiltalaica.it\/cms\/wp-json\/wp\/v2\/users\/1"}],"replies":[{"embeddable":true,"href":"https:\/\/www.civiltalaica.it\/cms\/wp-json\/wp\/v2\/comments?post=777"}],"version-history":[{"count":0,"href":"https:\/\/www.civiltalaica.it\/cms\/wp-json\/wp\/v2\/posts\/777\/revisions"}],"wp:attachment":[{"href":"https:\/\/www.civiltalaica.it\/cms\/wp-json\/wp\/v2\/media?parent=777"}],"wp:term":[{"taxonomy":"category","embeddable":true,"href":"https:\/\/www.civiltalaica.it\/cms\/wp-json\/wp\/v2\/categories?post=777"},{"taxonomy":"post_tag","embeddable":true,"href":"https:\/\/www.civiltalaica.it\/cms\/wp-json\/wp\/v2\/tags?post=777"}],"curies":[{"name":"wp","href":"https:\/\/api.w.org\/{rel}","templated":true}]}}