{"id":773,"date":"2008-02-28T20:10:32","date_gmt":"2008-02-28T20:10:32","guid":{"rendered":""},"modified":"2011-01-26T09:42:09","modified_gmt":"2011-01-26T09:42:09","slug":"lettera-aperta-a-walter-veltroni-sul-laicismo","status":"publish","type":"post","link":"https:\/\/www.civiltalaica.it\/cms\/lettera-aperta-a-walter-veltroni-sul-laicismo\/","title":{"rendered":"Lettera aperta a Walter Veltroni sul laicismo"},"content":{"rendered":"<p>* <a target=\"_blank\" href=\"http:\/\/www.radicali.it\/newsletter\/view.php?id=117529&#038;numero=8111&#038;title=DOWNLOAD\">Francesco Pullia su Notizie Radicali<\/a><\/p>\n<p>Caro Walter,<\/p>\n<p>adesso basta, la mia coscienza insorge, non potendo accettare l&#39;opera<br \/>\ndi mistificazione che, per assurdi e perdenti tatticismi, stai<br \/>\nirresponsabilmente, ma deliberatamente, compiendo.<\/p>\n<p><!--more--><br \/>Dunque, secondo te, a quanto pare in perfetto accordo con un equivoco di fondo artatamente elaborato e strumentalmente accreditato, il laico non sarebbe credente. Se ne deduce dalla continua, superficiale e meschina contrapposizione su cui anche tu, come la vezzeggiata Binetti, mostri palesemente di indulgere. Non solo. Il termine credente, per te, sembra semplicemente e unicamente identificarsi e riassumersi con e in quello di cattolico e quest&#39;ultimo, a sua volta, nell&#39;osservante, nel devoto servitore delle volont\u00e0 vaticane.<\/p>\n<p>Tutto questo \u00e8, a dir poco, falso e vergognoso.<\/p>\n<p>Caro Walter, nel tentativo di inseguire vagamente un sogno americano (e c&#39;\u00e8 differenza tra Kennedy e Martin Luther King), forse per riequilibrare o sconfessare parte della tua rispettabilissima storia, hai finito per dimenticare la ricchezza di contributi di laici pi\u00f9 che credenti, di persuasi che, per essere tali e coltivare senza remore e restrizioni la propria fede, hanno scelto, o meglio sono stati costretti a scegliere, una via totalmente, radicalmente, divergente da quella confessionale.<\/p>\n<p>Dal momento che ritengo che tu abbia un gravissimo vuoto di memoria, ritengo mio dovere aiutarti a ricordare qualche nome. Si tratta di uomini, la cui eticit\u00e0 resta esemplare, se non altro per non essersi compromessi, come invece fecero i vertici ecclesiastici, con l&#39;immondo regime fascista.<\/p>\n<p>Ognuno di loro pag\u00f2 lo scotto d&#39;avere optato per una via non compromissoria con il potere, preferendo agli averi, agli agi e agli ori, alla disonorevole e conformistica accettazione della violenza (etica e religiosa), la ricchezza e la fierezza della dignit\u00e0, dell&#39;ascolto interiore, della prefigurazione di una societ\u00e0 realmente aperta, riformata e riformatrice, perch\u00e9 libera e liberata da costrizioni e imposizioni.<\/p>\n<p>Mi riferisco a Piero Martinetti, Ernesto Buonaiuti, Ferdinando Tartaglia, Giuseppe Rensi, Aldo Capitini (di cui, purtroppo, quelli come te continuano ad ignorare lo spessore di una visione politica religiosamente, gandhianamente ma anche kantianamente, informata), Danilo Dolci. Prova ad avanzare un&#39;obiezione, sia pur minima, su queste figure. Non puoi perch\u00e9 non ne hai. Non appartengono queste testimonianze al passato (sarebbe fin troppo facile, per me, riandare alla libera religiosit\u00e0 di Giordano Bruno, Tommaso Campanella, Giulio Cesare Vannini, ma di proposito non lo faccio) ma al nostro presente e ci parlano con la limpidezza di una voce drammaticamente attuale.<\/p>\n<p>Tu vuoi occultare questa eco cristallina, fingi di ignorarne la scomoda propagazione e l&#39;ancora pi\u00f9 insopportabile (come un peso che non hai la forza di sostenere) insegnamento preferendo scorciatoie di comodo.<\/p>\n<p>Tu neghi, ad esempio, che ci sia ingerenza o interferenza ecclesiastica sui cosiddetti &quot;grandi temi etici&quot;. Quei temi non sono pure astrazioni ma riguardano l&#39;esistenza dei singoli, degli individui, il diritto a vivere cos\u00ec come quello a morire senza l&#39;aggiunta di atroci sofferenze. Quei temi sono diritti, possibilit\u00e0 (non obblighi) valevoli, come il divorzio e l&#39;aborto legalizzati, per tutti. Se non si comprende questo si resta vincolati ad un machiavellismo neanche fin troppo astuto.<\/p>\n<p>Era il 1913 quando Romolo Murri, don Romolo Murri, affermava che la laicit\u00e0 (dello stato) \u00e8 richiesta dagli spiriti religiosi pi\u00f9 vivi. Lo stesso Murri, quattro anni prima, aveva scritto che &quot;la democrazia ripudia un&#39;etichetta confessionale&quot;.<\/p>\n<p>Mi opporrai che ci si riferisce ad un&#39;altra epoca storica. Purtroppo, non \u00e8 cos\u00ec. Tutto questo, caro Walter, \u00e8 presente ma ti giunge estraneo perch\u00e9 a te straniero. Certe verit\u00e0, proprio perch\u00e9 tali, risultano scomode e, pertanto, vanno rimosse, cos\u00ec come la vicenda di Porta Pia, la cui presa segn\u00f2 non l&#39;instaurazione di un clima di odio ma la liberazione prima di tutto e di tutti dei cattolici dal giogo pontificio, da uno stato assolutistico dedito al mantenimento di privilegi e oppressione e, di conseguenza, negatore della rivoluzione, autentica perch\u00e9 basata sulla legge dell&#39;amore, evangelica.<\/p>\n<p>La nonviolenza insegna che dialogare non vuol dire asservirsi all&#39;altro ma comprenderlo, attraversare fecondamente le sue motivazioni, scorgere nessi ben al di l\u00e0 dei compromessi, essere tensione attiva, stimolante.<\/p>\n<p>Temo che queste parole si smarriscano nel deserto della politica in cui vuoi sostare all&#39;interno di una comoda tenda. Il deserto, per\u00f2, \u00e8 tale solo se getta, semina in noi, rendendoci complici, aridit\u00e0. Si rivela, invece, come positiva occasione e opportunit\u00e0 di conoscenza se si sceglie di percorrerlo fino alle estreme conseguenze, preferendo agli ingannevoli miraggi il richiamo di orizzonti pi\u00f9 vasti.<\/p>\n<p>Il nuovo, caro Walter, \u00e8 nell&#39;intentato, non nel paludato, nel reiterato.<\/p>\n<p>&quot;La libert\u00e0 che si accontenta di s\u00e9&quot;, ci insegna Capitini, &quot;non \u00e8 pi\u00f9 libert\u00e0 e finisce con l&#39;essere rinunciataria: la libert\u00e0 deve essere inquieta, scontenta del suo stato presente per accrescersi, per entrare l\u00e0 dove non \u00e8 entrata&quot;.<\/p>\n<p>Caro Walter, abbi il coraggio laico d&#39;essere religioso o anche il coraggio religioso d&#39;essere laico. Nel segno dell&#39;apertura, di una realt\u00e0 in cui tutti, proprio tutti, presenti e assenti, vivi e morti, inseriti ed esclusi, si sia compresenti, fattivamente uniti. <\/p>\n","protected":false},"excerpt":{"rendered":"<p>* Francesco Pullia su Notizie Radicali Caro Walter, adesso basta, la mia coscienza insorge, non potendo accettare l&#39;opera di mistificazione che, per assurdi e perdenti tatticismi, stai irresponsabilmente, ma deliberatamente, compiendo.<\/p>\n","protected":false},"author":1,"featured_media":0,"comment_status":"closed","ping_status":"closed","sticky":false,"template":"","format":"standard","meta":{"footnotes":""},"categories":[238],"tags":[41],"class_list":["post-773","post","type-post","status-publish","format-standard","hentry","category-articoli","tag-web"],"yoast_head":"<!-- This site is optimized with the Yoast SEO plugin v27.1.1 - https:\/\/yoast.com\/product\/yoast-seo-wordpress\/ -->\n<title>Lettera aperta a Walter Veltroni sul laicismo - Associazione Culturale Civilt\u00e0 Laica<\/title>\n<meta name=\"robots\" content=\"index, follow, max-snippet:-1, max-image-preview:large, max-video-preview:-1\" \/>\n<link rel=\"canonical\" href=\"https:\/\/www.civiltalaica.it\/cms\/lettera-aperta-a-walter-veltroni-sul-laicismo\/\" \/>\n<meta property=\"og:locale\" content=\"it_IT\" \/>\n<meta property=\"og:type\" content=\"article\" \/>\n<meta property=\"og:title\" content=\"Lettera aperta a Walter Veltroni sul laicismo - Associazione Culturale Civilt\u00e0 Laica\" \/>\n<meta property=\"og:description\" content=\"* Francesco Pullia su Notizie Radicali Caro Walter, adesso basta, la mia coscienza insorge, non potendo accettare l&#039;opera di mistificazione che, per assurdi e perdenti tatticismi, stai irresponsabilmente, ma deliberatamente, compiendo.\" \/>\n<meta property=\"og:url\" content=\"https:\/\/www.civiltalaica.it\/cms\/lettera-aperta-a-walter-veltroni-sul-laicismo\/\" \/>\n<meta property=\"og:site_name\" content=\"Associazione Culturale Civilt\u00e0 Laica\" \/>\n<meta property=\"article:publisher\" content=\"https:\/\/www.facebook.com\/civiltalaica\" \/>\n<meta property=\"article:published_time\" content=\"2008-02-28T20:10:32+00:00\" \/>\n<meta property=\"article:modified_time\" content=\"2011-01-26T09:42:09+00:00\" \/>\n<meta property=\"og:image\" content=\"https:\/\/www.civiltalaica.it\/cms\/wp-content\/uploads\/2017\/06\/logo-cl.png\" \/>\n\t<meta property=\"og:image:width\" content=\"400\" \/>\n\t<meta property=\"og:image:height\" content=\"180\" \/>\n\t<meta property=\"og:image:type\" content=\"image\/png\" \/>\n<meta name=\"author\" content=\"cladmin\" \/>\n<meta name=\"twitter:card\" content=\"summary_large_image\" \/>\n<meta name=\"twitter:label1\" content=\"Scritto da\" \/>\n\t<meta name=\"twitter:data1\" content=\"cladmin\" \/>\n\t<meta name=\"twitter:label2\" content=\"Tempo di lettura stimato\" \/>\n\t<meta name=\"twitter:data2\" content=\"4 minuti\" \/>\n<script type=\"application\/ld+json\" class=\"yoast-schema-graph\">{\"@context\":\"https:\/\/schema.org\",\"@graph\":[{\"@type\":\"Article\",\"@id\":\"https:\/\/www.civiltalaica.it\/cms\/lettera-aperta-a-walter-veltroni-sul-laicismo\/#article\",\"isPartOf\":{\"@id\":\"https:\/\/www.civiltalaica.it\/cms\/lettera-aperta-a-walter-veltroni-sul-laicismo\/\"},\"author\":{\"name\":\"cladmin\",\"@id\":\"https:\/\/www.civiltalaica.it\/cms\/#\/schema\/person\/500a52762e2620e007d6333aa121f5e5\"},\"headline\":\"Lettera aperta a Walter Veltroni sul laicismo\",\"datePublished\":\"2008-02-28T20:10:32+00:00\",\"dateModified\":\"2011-01-26T09:42:09+00:00\",\"mainEntityOfPage\":{\"@id\":\"https:\/\/www.civiltalaica.it\/cms\/lettera-aperta-a-walter-veltroni-sul-laicismo\/\"},\"wordCount\":838,\"keywords\":[\"Web\"],\"articleSection\":[\"articoli\"],\"inLanguage\":\"it-IT\"},{\"@type\":\"WebPage\",\"@id\":\"https:\/\/www.civiltalaica.it\/cms\/lettera-aperta-a-walter-veltroni-sul-laicismo\/\",\"url\":\"https:\/\/www.civiltalaica.it\/cms\/lettera-aperta-a-walter-veltroni-sul-laicismo\/\",\"name\":\"Lettera aperta a Walter Veltroni sul laicismo - Associazione Culturale Civilt\u00e0 Laica\",\"isPartOf\":{\"@id\":\"https:\/\/www.civiltalaica.it\/cms\/#website\"},\"datePublished\":\"2008-02-28T20:10:32+00:00\",\"dateModified\":\"2011-01-26T09:42:09+00:00\",\"author\":{\"@id\":\"https:\/\/www.civiltalaica.it\/cms\/#\/schema\/person\/500a52762e2620e007d6333aa121f5e5\"},\"breadcrumb\":{\"@id\":\"https:\/\/www.civiltalaica.it\/cms\/lettera-aperta-a-walter-veltroni-sul-laicismo\/#breadcrumb\"},\"inLanguage\":\"it-IT\",\"potentialAction\":[{\"@type\":\"ReadAction\",\"target\":[\"https:\/\/www.civiltalaica.it\/cms\/lettera-aperta-a-walter-veltroni-sul-laicismo\/\"]}]},{\"@type\":\"BreadcrumbList\",\"@id\":\"https:\/\/www.civiltalaica.it\/cms\/lettera-aperta-a-walter-veltroni-sul-laicismo\/#breadcrumb\",\"itemListElement\":[{\"@type\":\"ListItem\",\"position\":1,\"name\":\"Home\",\"item\":\"https:\/\/www.civiltalaica.it\/cms\/\"},{\"@type\":\"ListItem\",\"position\":2,\"name\":\"1\u00b0 Meeting delle Associazioni Laiche\",\"item\":\"https:\/\/www.civiltalaica.it\/cms\/1%c2%b0-meeting-delle-associazioni-laiche-2\/\"},{\"@type\":\"ListItem\",\"position\":3,\"name\":\"Lettera aperta a Walter Veltroni sul laicismo\"}]},{\"@type\":\"WebSite\",\"@id\":\"https:\/\/www.civiltalaica.it\/cms\/#website\",\"url\":\"https:\/\/www.civiltalaica.it\/cms\/\",\"name\":\"Associazione Culturale Civilt\u00e0 Laica\",\"description\":\"Per un movimento culturale volto a difendere la Laicit\u00e0 dello Stato.\",\"potentialAction\":[{\"@type\":\"SearchAction\",\"target\":{\"@type\":\"EntryPoint\",\"urlTemplate\":\"https:\/\/www.civiltalaica.it\/cms\/?s={search_term_string}\"},\"query-input\":{\"@type\":\"PropertyValueSpecification\",\"valueRequired\":true,\"valueName\":\"search_term_string\"}}],\"inLanguage\":\"it-IT\"},{\"@type\":\"Person\",\"@id\":\"https:\/\/www.civiltalaica.it\/cms\/#\/schema\/person\/500a52762e2620e007d6333aa121f5e5\",\"name\":\"cladmin\",\"url\":\"https:\/\/www.civiltalaica.it\/cms\/author\/cladmin\/\"}]}<\/script>\n<!-- \/ Yoast SEO plugin. -->","yoast_head_json":{"title":"Lettera aperta a Walter Veltroni sul laicismo - Associazione Culturale Civilt\u00e0 Laica","robots":{"index":"index","follow":"follow","max-snippet":"max-snippet:-1","max-image-preview":"max-image-preview:large","max-video-preview":"max-video-preview:-1"},"canonical":"https:\/\/www.civiltalaica.it\/cms\/lettera-aperta-a-walter-veltroni-sul-laicismo\/","og_locale":"it_IT","og_type":"article","og_title":"Lettera aperta a Walter Veltroni sul laicismo - Associazione Culturale Civilt\u00e0 Laica","og_description":"* Francesco Pullia su Notizie Radicali Caro Walter, adesso basta, la mia coscienza insorge, non potendo accettare l&#39;opera di mistificazione che, per assurdi e perdenti tatticismi, stai irresponsabilmente, ma deliberatamente, compiendo.","og_url":"https:\/\/www.civiltalaica.it\/cms\/lettera-aperta-a-walter-veltroni-sul-laicismo\/","og_site_name":"Associazione Culturale Civilt\u00e0 Laica","article_publisher":"https:\/\/www.facebook.com\/civiltalaica","article_published_time":"2008-02-28T20:10:32+00:00","article_modified_time":"2011-01-26T09:42:09+00:00","og_image":[{"width":400,"height":180,"url":"https:\/\/www.civiltalaica.it\/cms\/wp-content\/uploads\/2017\/06\/logo-cl.png","type":"image\/png"}],"author":"cladmin","twitter_card":"summary_large_image","twitter_misc":{"Scritto da":"cladmin","Tempo di lettura stimato":"4 minuti"},"schema":{"@context":"https:\/\/schema.org","@graph":[{"@type":"Article","@id":"https:\/\/www.civiltalaica.it\/cms\/lettera-aperta-a-walter-veltroni-sul-laicismo\/#article","isPartOf":{"@id":"https:\/\/www.civiltalaica.it\/cms\/lettera-aperta-a-walter-veltroni-sul-laicismo\/"},"author":{"name":"cladmin","@id":"https:\/\/www.civiltalaica.it\/cms\/#\/schema\/person\/500a52762e2620e007d6333aa121f5e5"},"headline":"Lettera aperta a Walter Veltroni sul laicismo","datePublished":"2008-02-28T20:10:32+00:00","dateModified":"2011-01-26T09:42:09+00:00","mainEntityOfPage":{"@id":"https:\/\/www.civiltalaica.it\/cms\/lettera-aperta-a-walter-veltroni-sul-laicismo\/"},"wordCount":838,"keywords":["Web"],"articleSection":["articoli"],"inLanguage":"it-IT"},{"@type":"WebPage","@id":"https:\/\/www.civiltalaica.it\/cms\/lettera-aperta-a-walter-veltroni-sul-laicismo\/","url":"https:\/\/www.civiltalaica.it\/cms\/lettera-aperta-a-walter-veltroni-sul-laicismo\/","name":"Lettera aperta a Walter Veltroni sul laicismo - Associazione Culturale Civilt\u00e0 Laica","isPartOf":{"@id":"https:\/\/www.civiltalaica.it\/cms\/#website"},"datePublished":"2008-02-28T20:10:32+00:00","dateModified":"2011-01-26T09:42:09+00:00","author":{"@id":"https:\/\/www.civiltalaica.it\/cms\/#\/schema\/person\/500a52762e2620e007d6333aa121f5e5"},"breadcrumb":{"@id":"https:\/\/www.civiltalaica.it\/cms\/lettera-aperta-a-walter-veltroni-sul-laicismo\/#breadcrumb"},"inLanguage":"it-IT","potentialAction":[{"@type":"ReadAction","target":["https:\/\/www.civiltalaica.it\/cms\/lettera-aperta-a-walter-veltroni-sul-laicismo\/"]}]},{"@type":"BreadcrumbList","@id":"https:\/\/www.civiltalaica.it\/cms\/lettera-aperta-a-walter-veltroni-sul-laicismo\/#breadcrumb","itemListElement":[{"@type":"ListItem","position":1,"name":"Home","item":"https:\/\/www.civiltalaica.it\/cms\/"},{"@type":"ListItem","position":2,"name":"1\u00b0 Meeting delle Associazioni Laiche","item":"https:\/\/www.civiltalaica.it\/cms\/1%c2%b0-meeting-delle-associazioni-laiche-2\/"},{"@type":"ListItem","position":3,"name":"Lettera aperta a Walter Veltroni sul laicismo"}]},{"@type":"WebSite","@id":"https:\/\/www.civiltalaica.it\/cms\/#website","url":"https:\/\/www.civiltalaica.it\/cms\/","name":"Associazione Culturale Civilt\u00e0 Laica","description":"Per un movimento culturale volto a difendere la Laicit\u00e0 dello Stato.","potentialAction":[{"@type":"SearchAction","target":{"@type":"EntryPoint","urlTemplate":"https:\/\/www.civiltalaica.it\/cms\/?s={search_term_string}"},"query-input":{"@type":"PropertyValueSpecification","valueRequired":true,"valueName":"search_term_string"}}],"inLanguage":"it-IT"},{"@type":"Person","@id":"https:\/\/www.civiltalaica.it\/cms\/#\/schema\/person\/500a52762e2620e007d6333aa121f5e5","name":"cladmin","url":"https:\/\/www.civiltalaica.it\/cms\/author\/cladmin\/"}]}},"_links":{"self":[{"href":"https:\/\/www.civiltalaica.it\/cms\/wp-json\/wp\/v2\/posts\/773","targetHints":{"allow":["GET"]}}],"collection":[{"href":"https:\/\/www.civiltalaica.it\/cms\/wp-json\/wp\/v2\/posts"}],"about":[{"href":"https:\/\/www.civiltalaica.it\/cms\/wp-json\/wp\/v2\/types\/post"}],"author":[{"embeddable":true,"href":"https:\/\/www.civiltalaica.it\/cms\/wp-json\/wp\/v2\/users\/1"}],"replies":[{"embeddable":true,"href":"https:\/\/www.civiltalaica.it\/cms\/wp-json\/wp\/v2\/comments?post=773"}],"version-history":[{"count":0,"href":"https:\/\/www.civiltalaica.it\/cms\/wp-json\/wp\/v2\/posts\/773\/revisions"}],"wp:attachment":[{"href":"https:\/\/www.civiltalaica.it\/cms\/wp-json\/wp\/v2\/media?parent=773"}],"wp:term":[{"taxonomy":"category","embeddable":true,"href":"https:\/\/www.civiltalaica.it\/cms\/wp-json\/wp\/v2\/categories?post=773"},{"taxonomy":"post_tag","embeddable":true,"href":"https:\/\/www.civiltalaica.it\/cms\/wp-json\/wp\/v2\/tags?post=773"}],"curies":[{"name":"wp","href":"https:\/\/api.w.org\/{rel}","templated":true}]}}