{"id":771,"date":"2008-02-13T20:12:32","date_gmt":"2008-02-13T20:12:32","guid":{"rendered":""},"modified":"2011-01-26T09:42:33","modified_gmt":"2011-01-26T09:42:33","slug":"laici-sveglia","status":"publish","type":"post","link":"https:\/\/www.civiltalaica.it\/cms\/laici-sveglia\/","title":{"rendered":"Laici, sveglia!"},"content":{"rendered":"<p><a href=\"http:\/\/www.radicali.it\/newsletter\/view.php?id=116082&#038;numero=7953&#038;title=NOTIZIE+RADICALI\" target=\"_blank\"><br \/>\nPerch\u00e9 va respinta l&#39;invadenza del clero. L&#39;unica via resta Cavour<\/a><br \/>\ndi <a target=\"_blank\" href=\"http:\/\/it.wikipedia.org\/wiki\/Mario_Pannunzio\">Mario Pannunzio<\/a><\/p>\n<p>Quella che segue \u00e8 una lettera del 1957 con la quale Mario Pannunzio<br \/>\nspiega a un lettore de &quot;<a href=\"http:\/\/www.centropannunzio.it\/mondo\/f_mondo.html\" target=\"_blank\">Il Mondo<\/a>&quot; che a non rispettare il concordato<br \/>\nsono le gerarchie vaticane; che non \u00e8 in discussione l&#39;essere o meno<br \/>\nreligiosi &#8211; un affare di coscienza individuale &#8211; ma che il problema \u00e8<br \/>\ncostituito dalle crescenti invadenze del clero nella vita politica<br \/>\nitaliana. Ieri come oggi.<\/p>\n<p><!--more--><br \/>Gentilissimo dottor Piva, quasi in risposta alla Sua lettera, apparir\u00e0 su &quot;Il Mondo&quot; di domani un taccuino che dovrebbe, mi pare, dissipare i Suoi timori; anche l&#39;articolo di Achille Battaglia tocca lo stesso argomento, in tono tutt&#39;altro che podracchiano. Dall&#39;uno e dall&#39;altro Ella vedr\u00e0 come la sostanza della nostra polemica contro il clericalismo sia diversa da quella che Lei crede. Ella giudica evidentemente dalla stampa &#8211; in buona parte democristiana o soggetta all&#39;influenza democristiana &#8211; ma se avesse potuto seguire personalmente il Convegno ne avrebbe tratta tutt&#39;altra impressione&#8230;Non dimentichi inoltre che la nostra non \u00e8 una campagna di carattere religioso; e come radicali e come amici del &quot;Mondo&quot; siamo impegnati in un&#39;azione politica, ed \u00e8 sul piano politico che contrastiamo l&#39;invadenza clericale&#8230;<\/p>\n<p>L&#39;opinione degli studi del &quot;Mondo&quot;&#8230;rispecchia lo stato d&#39;animo della maggioranza dei convenuti, non pochi dei quali ricordavano l&#39;Italia preconcordataria quando nessuno attentava all&#39;integrit\u00e0 dello Stato e la Chiesa era profondamente rispettata nelle sue funzioni. Personalmente io sono convinto che per un paese come l&#39;Italia l&#39;unica formula valida sia ancora oggi quella cavourriana della libera Chiesa e libero Stato. Ad ogni modo tra tutti i concordati pessimo \u00e8 proprio quello mussoliniano che la Costituente ha convalidato. Mussolini, da buon dittatore, l&#39;aveva firmato per non rispettarlo; oggi a non rispettarlo sono gli altri contraenti che vanno allargando sempre pi\u00f9 l&#39;ambito dei loro privilegi a tutto scapito dei diritti dello Stato. E noi, proprio come laici, difendiamo lo Stato, la sua dignit\u00e0, e i suoi diritti, che sono poi quelli dei cittadini tutti, senza nessuna possibile discriminazione.<\/p>\n<p>Addio, gentilissimo Piva. Se continuer\u00e0 a seguire il nostro lavoro, sono persuaso che molti dubbi saranno fugati e Lei ci rester\u00e0 come per il passato vicino. Con molta cordialit\u00e0,<br \/>Suo Mario Pannunzio.&#160;&#160;&#160;&#160; <\/p>\n","protected":false},"excerpt":{"rendered":"<p>Perch\u00e9 va respinta l&#39;invadenza del clero. L&#39;unica via resta Cavour di Mario Pannunzio Quella che segue \u00e8 una lettera del 1957 con la quale Mario Pannunzio spiega a un lettore de &quot;Il Mondo&quot; che a non rispettare il concordato sono le gerarchie vaticane; che non \u00e8 in discussione l&#39;essere o meno religiosi &#8211; un affare [&hellip;]<\/p>\n","protected":false},"author":1,"featured_media":0,"comment_status":"closed","ping_status":"closed","sticky":false,"template":"","format":"standard","meta":{"footnotes":""},"categories":[238],"tags":[41],"class_list":["post-771","post","type-post","status-publish","format-standard","hentry","category-articoli","tag-web"],"yoast_head":"<!-- This site is optimized with the Yoast SEO plugin v27.1.1 - https:\/\/yoast.com\/product\/yoast-seo-wordpress\/ -->\n<title>Laici, sveglia! - Associazione Culturale Civilt\u00e0 Laica<\/title>\n<meta name=\"robots\" content=\"index, follow, max-snippet:-1, max-image-preview:large, max-video-preview:-1\" \/>\n<link rel=\"canonical\" href=\"https:\/\/www.civiltalaica.it\/cms\/laici-sveglia\/\" \/>\n<meta property=\"og:locale\" content=\"it_IT\" \/>\n<meta property=\"og:type\" content=\"article\" \/>\n<meta property=\"og:title\" content=\"Laici, sveglia! - Associazione Culturale Civilt\u00e0 Laica\" \/>\n<meta property=\"og:description\" content=\"Perch\u00e9 va respinta l&#039;invadenza del clero. L&#039;unica via resta Cavour di Mario Pannunzio Quella che segue \u00e8 una lettera del 1957 con la quale Mario Pannunzio spiega a un lettore de &quot;Il Mondo&quot; che a non rispettare il concordato sono le gerarchie vaticane; che non \u00e8 in discussione l&#039;essere o meno religiosi &#8211; un affare [&hellip;]\" \/>\n<meta property=\"og:url\" content=\"https:\/\/www.civiltalaica.it\/cms\/laici-sveglia\/\" \/>\n<meta property=\"og:site_name\" content=\"Associazione Culturale Civilt\u00e0 Laica\" \/>\n<meta property=\"article:publisher\" content=\"https:\/\/www.facebook.com\/civiltalaica\" \/>\n<meta property=\"article:published_time\" content=\"2008-02-13T20:12:32+00:00\" \/>\n<meta property=\"article:modified_time\" content=\"2011-01-26T09:42:33+00:00\" \/>\n<meta property=\"og:image\" content=\"https:\/\/www.civiltalaica.it\/cms\/wp-content\/uploads\/2017\/06\/logo-cl.png\" \/>\n\t<meta property=\"og:image:width\" content=\"400\" \/>\n\t<meta property=\"og:image:height\" content=\"180\" \/>\n\t<meta property=\"og:image:type\" content=\"image\/png\" \/>\n<meta name=\"author\" content=\"cladmin\" \/>\n<meta name=\"twitter:card\" content=\"summary_large_image\" \/>\n<meta name=\"twitter:label1\" content=\"Scritto da\" \/>\n\t<meta name=\"twitter:data1\" content=\"cladmin\" \/>\n\t<meta name=\"twitter:label2\" content=\"Tempo di lettura stimato\" \/>\n\t<meta name=\"twitter:data2\" content=\"2 minuti\" \/>\n<script type=\"application\/ld+json\" class=\"yoast-schema-graph\">{\"@context\":\"https:\/\/schema.org\",\"@graph\":[{\"@type\":\"Article\",\"@id\":\"https:\/\/www.civiltalaica.it\/cms\/laici-sveglia\/#article\",\"isPartOf\":{\"@id\":\"https:\/\/www.civiltalaica.it\/cms\/laici-sveglia\/\"},\"author\":{\"name\":\"cladmin\",\"@id\":\"https:\/\/www.civiltalaica.it\/cms\/#\/schema\/person\/500a52762e2620e007d6333aa121f5e5\"},\"headline\":\"Laici, sveglia!\",\"datePublished\":\"2008-02-13T20:12:32+00:00\",\"dateModified\":\"2011-01-26T09:42:33+00:00\",\"mainEntityOfPage\":{\"@id\":\"https:\/\/www.civiltalaica.it\/cms\/laici-sveglia\/\"},\"wordCount\":389,\"keywords\":[\"Web\"],\"articleSection\":[\"articoli\"],\"inLanguage\":\"it-IT\"},{\"@type\":\"WebPage\",\"@id\":\"https:\/\/www.civiltalaica.it\/cms\/laici-sveglia\/\",\"url\":\"https:\/\/www.civiltalaica.it\/cms\/laici-sveglia\/\",\"name\":\"Laici, sveglia! - Associazione Culturale Civilt\u00e0 Laica\",\"isPartOf\":{\"@id\":\"https:\/\/www.civiltalaica.it\/cms\/#website\"},\"datePublished\":\"2008-02-13T20:12:32+00:00\",\"dateModified\":\"2011-01-26T09:42:33+00:00\",\"author\":{\"@id\":\"https:\/\/www.civiltalaica.it\/cms\/#\/schema\/person\/500a52762e2620e007d6333aa121f5e5\"},\"breadcrumb\":{\"@id\":\"https:\/\/www.civiltalaica.it\/cms\/laici-sveglia\/#breadcrumb\"},\"inLanguage\":\"it-IT\",\"potentialAction\":[{\"@type\":\"ReadAction\",\"target\":[\"https:\/\/www.civiltalaica.it\/cms\/laici-sveglia\/\"]}]},{\"@type\":\"BreadcrumbList\",\"@id\":\"https:\/\/www.civiltalaica.it\/cms\/laici-sveglia\/#breadcrumb\",\"itemListElement\":[{\"@type\":\"ListItem\",\"position\":1,\"name\":\"Home\",\"item\":\"https:\/\/www.civiltalaica.it\/cms\/\"},{\"@type\":\"ListItem\",\"position\":2,\"name\":\"1\u00b0 Meeting delle Associazioni Laiche\",\"item\":\"https:\/\/www.civiltalaica.it\/cms\/1%c2%b0-meeting-delle-associazioni-laiche-2\/\"},{\"@type\":\"ListItem\",\"position\":3,\"name\":\"Laici, sveglia!\"}]},{\"@type\":\"WebSite\",\"@id\":\"https:\/\/www.civiltalaica.it\/cms\/#website\",\"url\":\"https:\/\/www.civiltalaica.it\/cms\/\",\"name\":\"Associazione Culturale Civilt\u00e0 Laica\",\"description\":\"Per un movimento culturale volto a difendere la Laicit\u00e0 dello Stato.\",\"potentialAction\":[{\"@type\":\"SearchAction\",\"target\":{\"@type\":\"EntryPoint\",\"urlTemplate\":\"https:\/\/www.civiltalaica.it\/cms\/?s={search_term_string}\"},\"query-input\":{\"@type\":\"PropertyValueSpecification\",\"valueRequired\":true,\"valueName\":\"search_term_string\"}}],\"inLanguage\":\"it-IT\"},{\"@type\":\"Person\",\"@id\":\"https:\/\/www.civiltalaica.it\/cms\/#\/schema\/person\/500a52762e2620e007d6333aa121f5e5\",\"name\":\"cladmin\",\"url\":\"https:\/\/www.civiltalaica.it\/cms\/author\/cladmin\/\"}]}<\/script>\n<!-- \/ Yoast SEO plugin. -->","yoast_head_json":{"title":"Laici, sveglia! - Associazione Culturale Civilt\u00e0 Laica","robots":{"index":"index","follow":"follow","max-snippet":"max-snippet:-1","max-image-preview":"max-image-preview:large","max-video-preview":"max-video-preview:-1"},"canonical":"https:\/\/www.civiltalaica.it\/cms\/laici-sveglia\/","og_locale":"it_IT","og_type":"article","og_title":"Laici, sveglia! - Associazione Culturale Civilt\u00e0 Laica","og_description":"Perch\u00e9 va respinta l&#39;invadenza del clero. L&#39;unica via resta Cavour di Mario Pannunzio Quella che segue \u00e8 una lettera del 1957 con la quale Mario Pannunzio spiega a un lettore de &quot;Il Mondo&quot; che a non rispettare il concordato sono le gerarchie vaticane; che non \u00e8 in discussione l&#39;essere o meno religiosi &#8211; un affare [&hellip;]","og_url":"https:\/\/www.civiltalaica.it\/cms\/laici-sveglia\/","og_site_name":"Associazione Culturale Civilt\u00e0 Laica","article_publisher":"https:\/\/www.facebook.com\/civiltalaica","article_published_time":"2008-02-13T20:12:32+00:00","article_modified_time":"2011-01-26T09:42:33+00:00","og_image":[{"width":400,"height":180,"url":"https:\/\/www.civiltalaica.it\/cms\/wp-content\/uploads\/2017\/06\/logo-cl.png","type":"image\/png"}],"author":"cladmin","twitter_card":"summary_large_image","twitter_misc":{"Scritto da":"cladmin","Tempo di lettura stimato":"2 minuti"},"schema":{"@context":"https:\/\/schema.org","@graph":[{"@type":"Article","@id":"https:\/\/www.civiltalaica.it\/cms\/laici-sveglia\/#article","isPartOf":{"@id":"https:\/\/www.civiltalaica.it\/cms\/laici-sveglia\/"},"author":{"name":"cladmin","@id":"https:\/\/www.civiltalaica.it\/cms\/#\/schema\/person\/500a52762e2620e007d6333aa121f5e5"},"headline":"Laici, sveglia!","datePublished":"2008-02-13T20:12:32+00:00","dateModified":"2011-01-26T09:42:33+00:00","mainEntityOfPage":{"@id":"https:\/\/www.civiltalaica.it\/cms\/laici-sveglia\/"},"wordCount":389,"keywords":["Web"],"articleSection":["articoli"],"inLanguage":"it-IT"},{"@type":"WebPage","@id":"https:\/\/www.civiltalaica.it\/cms\/laici-sveglia\/","url":"https:\/\/www.civiltalaica.it\/cms\/laici-sveglia\/","name":"Laici, sveglia! - Associazione Culturale Civilt\u00e0 Laica","isPartOf":{"@id":"https:\/\/www.civiltalaica.it\/cms\/#website"},"datePublished":"2008-02-13T20:12:32+00:00","dateModified":"2011-01-26T09:42:33+00:00","author":{"@id":"https:\/\/www.civiltalaica.it\/cms\/#\/schema\/person\/500a52762e2620e007d6333aa121f5e5"},"breadcrumb":{"@id":"https:\/\/www.civiltalaica.it\/cms\/laici-sveglia\/#breadcrumb"},"inLanguage":"it-IT","potentialAction":[{"@type":"ReadAction","target":["https:\/\/www.civiltalaica.it\/cms\/laici-sveglia\/"]}]},{"@type":"BreadcrumbList","@id":"https:\/\/www.civiltalaica.it\/cms\/laici-sveglia\/#breadcrumb","itemListElement":[{"@type":"ListItem","position":1,"name":"Home","item":"https:\/\/www.civiltalaica.it\/cms\/"},{"@type":"ListItem","position":2,"name":"1\u00b0 Meeting delle Associazioni Laiche","item":"https:\/\/www.civiltalaica.it\/cms\/1%c2%b0-meeting-delle-associazioni-laiche-2\/"},{"@type":"ListItem","position":3,"name":"Laici, sveglia!"}]},{"@type":"WebSite","@id":"https:\/\/www.civiltalaica.it\/cms\/#website","url":"https:\/\/www.civiltalaica.it\/cms\/","name":"Associazione Culturale Civilt\u00e0 Laica","description":"Per un movimento culturale volto a difendere la Laicit\u00e0 dello Stato.","potentialAction":[{"@type":"SearchAction","target":{"@type":"EntryPoint","urlTemplate":"https:\/\/www.civiltalaica.it\/cms\/?s={search_term_string}"},"query-input":{"@type":"PropertyValueSpecification","valueRequired":true,"valueName":"search_term_string"}}],"inLanguage":"it-IT"},{"@type":"Person","@id":"https:\/\/www.civiltalaica.it\/cms\/#\/schema\/person\/500a52762e2620e007d6333aa121f5e5","name":"cladmin","url":"https:\/\/www.civiltalaica.it\/cms\/author\/cladmin\/"}]}},"_links":{"self":[{"href":"https:\/\/www.civiltalaica.it\/cms\/wp-json\/wp\/v2\/posts\/771","targetHints":{"allow":["GET"]}}],"collection":[{"href":"https:\/\/www.civiltalaica.it\/cms\/wp-json\/wp\/v2\/posts"}],"about":[{"href":"https:\/\/www.civiltalaica.it\/cms\/wp-json\/wp\/v2\/types\/post"}],"author":[{"embeddable":true,"href":"https:\/\/www.civiltalaica.it\/cms\/wp-json\/wp\/v2\/users\/1"}],"replies":[{"embeddable":true,"href":"https:\/\/www.civiltalaica.it\/cms\/wp-json\/wp\/v2\/comments?post=771"}],"version-history":[{"count":0,"href":"https:\/\/www.civiltalaica.it\/cms\/wp-json\/wp\/v2\/posts\/771\/revisions"}],"wp:attachment":[{"href":"https:\/\/www.civiltalaica.it\/cms\/wp-json\/wp\/v2\/media?parent=771"}],"wp:term":[{"taxonomy":"category","embeddable":true,"href":"https:\/\/www.civiltalaica.it\/cms\/wp-json\/wp\/v2\/categories?post=771"},{"taxonomy":"post_tag","embeddable":true,"href":"https:\/\/www.civiltalaica.it\/cms\/wp-json\/wp\/v2\/tags?post=771"}],"curies":[{"name":"wp","href":"https:\/\/api.w.org\/{rel}","templated":true}]}}