{"id":770,"date":"2008-02-11T14:33:10","date_gmt":"2008-02-11T14:33:10","guid":{"rendered":""},"modified":"2011-01-26T09:42:33","modified_gmt":"2011-01-26T09:42:33","slug":"tra-fede-e-business-la-stampa","status":"publish","type":"post","link":"https:\/\/www.civiltalaica.it\/cms\/tra-fede-e-business-la-stampa\/","title":{"rendered":"Tra fede e business [La Stampa]"},"content":{"rendered":"<p>[<a href=\"http:\/\/www.internetbookshop.it\/code\/9788822062796\/magnani-maurizio\/spiegare-miracoli-interpretazione.html\" target=\"_blank\">&quot;Spiegare i miracoli&quot;<\/a> di Maurizio Magnani]<\/p>\n<p><a href=\"http:\/\/www.lastampa.it\/redazione\/cmsSezioni\/cronache\/200802articoli\/30003girata.asp#\" target=\"_blank\">FRANCO GARELLI su La Stampa del 11\/02\/2008<\/a><\/p>\n<p>LOURDES<br \/>\nProprio oggi l&#39;evento Lourdes celebra i 150 anni di vita. La storia del<br \/>\nsantuario cattolico pi\u00f9 famoso del mondo, del luogo per eccellenza<br \/>\ndella devozione mariana, \u00e8 infatti iniziata l&#39;11 febbraio 1858, quando<br \/>\nuna ignara ragazza del popolo di un villaggio ai piedi dei Pirenei ha<br \/>\nraccontato di aver avuto un incontro straordinario con una \u00abbella<br \/>\nSignora\u00bb, in una grotta del luogo. S&#39;\u00e8 trattato di una notizia choc,<br \/>\nche ha prodotto grande scompiglio anche in un&#39;epoca propensa a veder<br \/>\ndappertutto i segni della presenza di Dio.<\/p>\n<p><!--more--><br \/>A 150 anni di distanza il richiamo del sacro si manifesta ancora in tutta la sua potenza. La grotta di Massabielle, teatro delle apparizioni, \u00e8 oggi il cuore di un centro devozionale che non ha eguali in altre parti del mondo. Lo spazio sacro di Lourdes si compone di quattro basiliche, tra cui spicca l&#39;enorme chiesa sotterranea, che conta 25 mila posti, dove i fedeli sono costretti a seguire le liturgie sui grandi schermi. Sono parte integrante dell&#39;ambiente anche le 16 piscine in cui si immergono gli ammalati, le grandi spianate per i raduni di massa, la tenda per l&#39;adorazione eucaristica, l&#39;edificio per le confessioni.<\/p>\n<p>I numeri del fenomeno sono imponenti. Nell&#39;arco di un secolo e mezzo Lourdes ha richiamato pi\u00f9 di 700 milioni di pellegrini. Si tratta di un flusso che non si \u00e8 attenuato nel corso degli anni, nemmeno con l&#39;avvento di una societ\u00e0 in cui si \u00e8 ridotto il peso della religione nella vita quotidiana delle persone. Ancor oggi Lourdes attira pi\u00f9 di 6 milioni di visitatori l&#39;anno, tra cui spiccano gli 80.000 malati gravi alla ricerca di un segno di conforto e di benevolenza divina. Questo stuolo di infermi \u00e8 accompagnato da oltre 80.000 volontari, tra cui molti giovani.<\/p>\n<p>Tutto ci\u00f2 ha contribuito a fare del piccolo centro di Lourdes (che conta meno di 20.000 abitanti) la seconda citt\u00e0 della Francia, dopo Parigi, per capacit\u00e0 alberghiera, grazie ai 230 hotel e strutture di accoglienza di cui dispone. Ma questo ambiente non si distingue soltanto per la qualit\u00e0 dei servizi e per il flusso commerciale. Lourdes \u00e8 anzitutto un centro religioso di prima grandezza. Ogni anno qui vengono consumate 2 milioni e mezzo di ostie, si accendono circa 700 tonnellate di candele e di ceri, le offerte religiose ammontano a 15 milioni di euro. Sono oltre 50 le messe che ogni giorno si celebrano in questo spazio sacro.<\/p>\n<p>Nel corso della storia, il flusso a Lourdes ha cambiato provenienza. Nei primi decenni dalle apparizioni, la citt\u00e0 sacra ha perlopi\u00f9 attratto pellegrini da tutta la Francia, per poi richiamare sempre pi\u00f9 gente dai paesi europei, mentre oggi il suo raggio di influenza si estende al mondo intero. Il multiculturalismo \u00e8 attualmente di casa anche a Lourdes, con crescenti quote di africani e di asiatici che affollano uno spazio tipico della devozione dell&#39;occidente cristiano.<\/p>\n<p>Sono tre le icone che fanno di Lourdes un luogo sacro particolare. Anzitutto si celebra qui il continuo bisogno della piet\u00e0 popolare di scoprire nella propria vita dei segni della presenza di Dio. Le apparizioni della Madonna rispondono a questa esigenza fondamentale, rivelando anche le condizioni base per entrare in contatto col sacro. Per gli uomini di chiesa quella di Bernadette \u00e8 la storia di una creatura semplice e umile che si \u00e8 lasciata lavorare da Dio; mentre la grotta di Massabielle indica a tutti il cammino privilegiato per aprirsi ai doni della grazia celeste. Lo slogan prevalente tra i fedeli \u00e8 che occorre sempre pi\u00f9 abbeverarsi alla fonte. Ed \u00e8 per ricordare queste verit\u00e0 di fondo, che la piet\u00e0 cattolica ha disseminato i simboli di Lourdes nel mondo. Non vi \u00e8 luogo cattolico che non abbia una statua della madonna di Lourdes, col suo look inconfondibile di abito e velo bianco, di cintura blu ai fianchi, di rosa gialla sui piedi. Anche la grotta di Lourdes \u00e8 stata esportata in molti angoli della terra, a ricordare che il sacro pu\u00f2 manifestarsi nei luoghi pi\u00f9 impensati, ma sceglie comunque le figure e gli ambienti pi\u00f9 umili. La venerazione, infine, coinvolge anche l&#39;acqua di Lourdes, quella che sgorga dalla grotta dell&#39;apparizione, cui il sentimento popolare riconosce sia un richiamo salvifico che un qualche potere taumaturgico.<\/p>\n<p>La seconda icona di Lourdes \u00e8 poi quella dei malati e dell&#39;attesa del miracolo. Nell&#39;immaginario collettivo, \u00e8 questo il luogo per eccellenza in cui pu\u00f2 manifestarsi la potenza del sacro. A Lourdes il miracolo non \u00e8 di per s\u00e9 una necessit\u00e0, ma una possibilit\u00e0 ravvicinata. La maggior parte dei malati non intraprende il pellegrinaggio con la convinzione di ricevere una grazia, anche se gli infermi pi\u00f9 gravi sembrano non escludere questa eventualit\u00e0 remota. Il richiamo al miracolo rientra del resto a pieno titolo nella storia di questo luogo sacro. Secondo la tradizione, le prime guarigioni sono avvenute durante le stesse apparizioni della Madonna a Bernadette, per poi continuare nel tempo. La chiesa cattolica ha sin qui certificato 67 miracoli attribuibili a questo luogo sacro, anche se i casi di guarigione senza una spiegazione umana plausibile ammontano a pi\u00f9 di 7.000. Al di l\u00e0 delle guarigioni fisiche, si parla anche molto a Lourdes dei miracoli spirituali. Il contatto con un&#39;umanit\u00e0 sofferente o il clima di ricerca religiosa pu\u00f2 spingere alcune persone a rimettere in discussione il proprio cammino di vita, a riscoprire valori fondamentali; fors&#39;anche ad operare una conversione non soltanto del cuore ma anche dello spirito, nella riscoperta di un messaggio religioso sino al quel momento trascurato o osteggiato.<\/p>\n<p>Tra le molte icone di Lourdes vi \u00e8 anche quella di essere un luogo di contraddizione, capace di creare molte attese nel popolo ma anche di alimentare dispute e conflitti infiniti sulla validit\u00e0 di questa esperienza. Fin dalle origini Lourdes \u00e8 stata oggetto di valutazioni contrastanti. L&#39;idea che le apparizioni fossero una frode o una montatura o un fenomeno da baraccone ha sempre accompagnato la vicenda Lourdes, anche perch\u00e9 il dubbio e lo scetticismo si innesca naturalmente di fronte alla facile voglia di credulit\u00e0 delle masse.<\/p>\n<p>Lourdes, dunque, non ha conosciuto soltanto la \u00abverit\u00e0\u00bb delle apparizioni, ma \u00e8 stata oggetto di molte controverit\u00e0. Bernadette \u00e8 certamente stata venerata dalle folle dei credenti, ma anche considerata da molti non credenti (o miscredenti) come una \u00abpovera idiota\u00bb, come l&#39;incolpevole ingranaggio di un disegno clericale che tende a perpetuare nel tempo il suo potere nella societ\u00e0. Vari intellettuali ed esperti hanno derubricato i miracoli di Lourdes a semplici allucinazioni o a prodigi la cui validit\u00e0 era solo temporanea, ritenuti inspiegabili da una medicina ancora acerba o incompleta nelle sue conoscenze. Al di l\u00e0 di queste critiche, Lourdes attesta comunque il grande bisogno della gente comune di credere nello straordinario. Chi vive la fede in termini essenziali o critici pu\u00f2 aver difficolt\u00e0 ad attendersi che la potenza divina si manifesti nel mondo o anche nella propria personale esperienza. Ci\u00f2 in quanto molti credenti cancellano dalle proprie aspettative la possibilit\u00e0 che un angelo loro appaia, che Dio si sveli loro in una visione, che il sacro si manifesti in qualche modo nell&#39;esperienza umana. L&#39;evento Lourdes ci dice, per contro, che questa attesa \u00e8 ancora diffusa in ampie quote di popolazione, che sono alla ricerca di questi segni o perch\u00e9 vivono particolari condizioni di indigenza o perch\u00e9 hanno occhi pi\u00f9 capaci di penetrare il mistero. Anche per i credenti, dunque, Lourdes pu\u00f2 essere un segno di contraddizione. <\/p>\n","protected":false},"excerpt":{"rendered":"<p>[&quot;Spiegare i miracoli&quot; di Maurizio Magnani] FRANCO GARELLI su La Stampa del 11\/02\/2008 LOURDES Proprio oggi l&#39;evento Lourdes celebra i 150 anni di vita. La storia del santuario cattolico pi\u00f9 famoso del mondo, del luogo per eccellenza della devozione mariana, \u00e8 infatti iniziata l&#39;11 febbraio 1858, quando una ignara ragazza del popolo di un villaggio [&hellip;]<\/p>\n","protected":false},"author":1,"featured_media":0,"comment_status":"closed","ping_status":"closed","sticky":false,"template":"","format":"standard","meta":{"footnotes":""},"categories":[238],"tags":[41],"class_list":["post-770","post","type-post","status-publish","format-standard","hentry","category-articoli","tag-web"],"yoast_head":"<!-- This site is optimized with the Yoast SEO plugin v27.1.1 - https:\/\/yoast.com\/product\/yoast-seo-wordpress\/ -->\n<title>Tra fede e business [La Stampa] - Associazione Culturale Civilt\u00e0 Laica<\/title>\n<meta name=\"robots\" content=\"index, follow, max-snippet:-1, max-image-preview:large, max-video-preview:-1\" \/>\n<link rel=\"canonical\" href=\"https:\/\/www.civiltalaica.it\/cms\/tra-fede-e-business-la-stampa\/\" \/>\n<meta property=\"og:locale\" content=\"it_IT\" \/>\n<meta property=\"og:type\" content=\"article\" \/>\n<meta property=\"og:title\" content=\"Tra fede e business [La Stampa] - Associazione Culturale Civilt\u00e0 Laica\" \/>\n<meta property=\"og:description\" content=\"[&quot;Spiegare i miracoli&quot; di Maurizio Magnani] FRANCO GARELLI su La Stampa del 11\/02\/2008 LOURDES Proprio oggi l&#039;evento Lourdes celebra i 150 anni di vita. La storia del santuario cattolico pi\u00f9 famoso del mondo, del luogo per eccellenza della devozione mariana, \u00e8 infatti iniziata l&#039;11 febbraio 1858, quando una ignara ragazza del popolo di un villaggio [&hellip;]\" \/>\n<meta property=\"og:url\" content=\"https:\/\/www.civiltalaica.it\/cms\/tra-fede-e-business-la-stampa\/\" \/>\n<meta property=\"og:site_name\" content=\"Associazione Culturale Civilt\u00e0 Laica\" \/>\n<meta property=\"article:publisher\" content=\"https:\/\/www.facebook.com\/civiltalaica\" \/>\n<meta property=\"article:published_time\" content=\"2008-02-11T14:33:10+00:00\" \/>\n<meta property=\"article:modified_time\" content=\"2011-01-26T09:42:33+00:00\" \/>\n<meta property=\"og:image\" content=\"https:\/\/www.civiltalaica.it\/cms\/wp-content\/uploads\/2017\/06\/logo-cl.png\" \/>\n\t<meta property=\"og:image:width\" content=\"400\" \/>\n\t<meta property=\"og:image:height\" content=\"180\" \/>\n\t<meta property=\"og:image:type\" content=\"image\/png\" \/>\n<meta name=\"author\" content=\"cladmin\" \/>\n<meta name=\"twitter:card\" content=\"summary_large_image\" \/>\n<meta name=\"twitter:label1\" content=\"Scritto da\" \/>\n\t<meta name=\"twitter:data1\" content=\"cladmin\" \/>\n\t<meta name=\"twitter:label2\" content=\"Tempo di lettura stimato\" \/>\n\t<meta name=\"twitter:data2\" content=\"6 minuti\" \/>\n<script type=\"application\/ld+json\" class=\"yoast-schema-graph\">{\"@context\":\"https:\/\/schema.org\",\"@graph\":[{\"@type\":\"Article\",\"@id\":\"https:\/\/www.civiltalaica.it\/cms\/tra-fede-e-business-la-stampa\/#article\",\"isPartOf\":{\"@id\":\"https:\/\/www.civiltalaica.it\/cms\/tra-fede-e-business-la-stampa\/\"},\"author\":{\"name\":\"cladmin\",\"@id\":\"https:\/\/www.civiltalaica.it\/cms\/#\/schema\/person\/500a52762e2620e007d6333aa121f5e5\"},\"headline\":\"Tra fede e business [La Stampa]\",\"datePublished\":\"2008-02-11T14:33:10+00:00\",\"dateModified\":\"2011-01-26T09:42:33+00:00\",\"mainEntityOfPage\":{\"@id\":\"https:\/\/www.civiltalaica.it\/cms\/tra-fede-e-business-la-stampa\/\"},\"wordCount\":1218,\"keywords\":[\"Web\"],\"articleSection\":[\"articoli\"],\"inLanguage\":\"it-IT\"},{\"@type\":\"WebPage\",\"@id\":\"https:\/\/www.civiltalaica.it\/cms\/tra-fede-e-business-la-stampa\/\",\"url\":\"https:\/\/www.civiltalaica.it\/cms\/tra-fede-e-business-la-stampa\/\",\"name\":\"Tra fede e business [La Stampa] - Associazione Culturale Civilt\u00e0 Laica\",\"isPartOf\":{\"@id\":\"https:\/\/www.civiltalaica.it\/cms\/#website\"},\"datePublished\":\"2008-02-11T14:33:10+00:00\",\"dateModified\":\"2011-01-26T09:42:33+00:00\",\"author\":{\"@id\":\"https:\/\/www.civiltalaica.it\/cms\/#\/schema\/person\/500a52762e2620e007d6333aa121f5e5\"},\"breadcrumb\":{\"@id\":\"https:\/\/www.civiltalaica.it\/cms\/tra-fede-e-business-la-stampa\/#breadcrumb\"},\"inLanguage\":\"it-IT\",\"potentialAction\":[{\"@type\":\"ReadAction\",\"target\":[\"https:\/\/www.civiltalaica.it\/cms\/tra-fede-e-business-la-stampa\/\"]}]},{\"@type\":\"BreadcrumbList\",\"@id\":\"https:\/\/www.civiltalaica.it\/cms\/tra-fede-e-business-la-stampa\/#breadcrumb\",\"itemListElement\":[{\"@type\":\"ListItem\",\"position\":1,\"name\":\"Home\",\"item\":\"https:\/\/www.civiltalaica.it\/cms\/\"},{\"@type\":\"ListItem\",\"position\":2,\"name\":\"1\u00b0 Meeting delle Associazioni Laiche\",\"item\":\"https:\/\/www.civiltalaica.it\/cms\/1%c2%b0-meeting-delle-associazioni-laiche-2\/\"},{\"@type\":\"ListItem\",\"position\":3,\"name\":\"Tra fede e business [La Stampa]\"}]},{\"@type\":\"WebSite\",\"@id\":\"https:\/\/www.civiltalaica.it\/cms\/#website\",\"url\":\"https:\/\/www.civiltalaica.it\/cms\/\",\"name\":\"Associazione Culturale Civilt\u00e0 Laica\",\"description\":\"Per un movimento culturale volto a difendere la Laicit\u00e0 dello Stato.\",\"potentialAction\":[{\"@type\":\"SearchAction\",\"target\":{\"@type\":\"EntryPoint\",\"urlTemplate\":\"https:\/\/www.civiltalaica.it\/cms\/?s={search_term_string}\"},\"query-input\":{\"@type\":\"PropertyValueSpecification\",\"valueRequired\":true,\"valueName\":\"search_term_string\"}}],\"inLanguage\":\"it-IT\"},{\"@type\":\"Person\",\"@id\":\"https:\/\/www.civiltalaica.it\/cms\/#\/schema\/person\/500a52762e2620e007d6333aa121f5e5\",\"name\":\"cladmin\",\"url\":\"https:\/\/www.civiltalaica.it\/cms\/author\/cladmin\/\"}]}<\/script>\n<!-- \/ Yoast SEO plugin. -->","yoast_head_json":{"title":"Tra fede e business [La Stampa] - Associazione Culturale Civilt\u00e0 Laica","robots":{"index":"index","follow":"follow","max-snippet":"max-snippet:-1","max-image-preview":"max-image-preview:large","max-video-preview":"max-video-preview:-1"},"canonical":"https:\/\/www.civiltalaica.it\/cms\/tra-fede-e-business-la-stampa\/","og_locale":"it_IT","og_type":"article","og_title":"Tra fede e business [La Stampa] - Associazione Culturale Civilt\u00e0 Laica","og_description":"[&quot;Spiegare i miracoli&quot; di Maurizio Magnani] FRANCO GARELLI su La Stampa del 11\/02\/2008 LOURDES Proprio oggi l&#39;evento Lourdes celebra i 150 anni di vita. La storia del santuario cattolico pi\u00f9 famoso del mondo, del luogo per eccellenza della devozione mariana, \u00e8 infatti iniziata l&#39;11 febbraio 1858, quando una ignara ragazza del popolo di un villaggio [&hellip;]","og_url":"https:\/\/www.civiltalaica.it\/cms\/tra-fede-e-business-la-stampa\/","og_site_name":"Associazione Culturale Civilt\u00e0 Laica","article_publisher":"https:\/\/www.facebook.com\/civiltalaica","article_published_time":"2008-02-11T14:33:10+00:00","article_modified_time":"2011-01-26T09:42:33+00:00","og_image":[{"width":400,"height":180,"url":"https:\/\/www.civiltalaica.it\/cms\/wp-content\/uploads\/2017\/06\/logo-cl.png","type":"image\/png"}],"author":"cladmin","twitter_card":"summary_large_image","twitter_misc":{"Scritto da":"cladmin","Tempo di lettura stimato":"6 minuti"},"schema":{"@context":"https:\/\/schema.org","@graph":[{"@type":"Article","@id":"https:\/\/www.civiltalaica.it\/cms\/tra-fede-e-business-la-stampa\/#article","isPartOf":{"@id":"https:\/\/www.civiltalaica.it\/cms\/tra-fede-e-business-la-stampa\/"},"author":{"name":"cladmin","@id":"https:\/\/www.civiltalaica.it\/cms\/#\/schema\/person\/500a52762e2620e007d6333aa121f5e5"},"headline":"Tra fede e business [La Stampa]","datePublished":"2008-02-11T14:33:10+00:00","dateModified":"2011-01-26T09:42:33+00:00","mainEntityOfPage":{"@id":"https:\/\/www.civiltalaica.it\/cms\/tra-fede-e-business-la-stampa\/"},"wordCount":1218,"keywords":["Web"],"articleSection":["articoli"],"inLanguage":"it-IT"},{"@type":"WebPage","@id":"https:\/\/www.civiltalaica.it\/cms\/tra-fede-e-business-la-stampa\/","url":"https:\/\/www.civiltalaica.it\/cms\/tra-fede-e-business-la-stampa\/","name":"Tra fede e business [La Stampa] - Associazione Culturale Civilt\u00e0 Laica","isPartOf":{"@id":"https:\/\/www.civiltalaica.it\/cms\/#website"},"datePublished":"2008-02-11T14:33:10+00:00","dateModified":"2011-01-26T09:42:33+00:00","author":{"@id":"https:\/\/www.civiltalaica.it\/cms\/#\/schema\/person\/500a52762e2620e007d6333aa121f5e5"},"breadcrumb":{"@id":"https:\/\/www.civiltalaica.it\/cms\/tra-fede-e-business-la-stampa\/#breadcrumb"},"inLanguage":"it-IT","potentialAction":[{"@type":"ReadAction","target":["https:\/\/www.civiltalaica.it\/cms\/tra-fede-e-business-la-stampa\/"]}]},{"@type":"BreadcrumbList","@id":"https:\/\/www.civiltalaica.it\/cms\/tra-fede-e-business-la-stampa\/#breadcrumb","itemListElement":[{"@type":"ListItem","position":1,"name":"Home","item":"https:\/\/www.civiltalaica.it\/cms\/"},{"@type":"ListItem","position":2,"name":"1\u00b0 Meeting delle Associazioni Laiche","item":"https:\/\/www.civiltalaica.it\/cms\/1%c2%b0-meeting-delle-associazioni-laiche-2\/"},{"@type":"ListItem","position":3,"name":"Tra fede e business [La Stampa]"}]},{"@type":"WebSite","@id":"https:\/\/www.civiltalaica.it\/cms\/#website","url":"https:\/\/www.civiltalaica.it\/cms\/","name":"Associazione Culturale Civilt\u00e0 Laica","description":"Per un movimento culturale volto a difendere la Laicit\u00e0 dello Stato.","potentialAction":[{"@type":"SearchAction","target":{"@type":"EntryPoint","urlTemplate":"https:\/\/www.civiltalaica.it\/cms\/?s={search_term_string}"},"query-input":{"@type":"PropertyValueSpecification","valueRequired":true,"valueName":"search_term_string"}}],"inLanguage":"it-IT"},{"@type":"Person","@id":"https:\/\/www.civiltalaica.it\/cms\/#\/schema\/person\/500a52762e2620e007d6333aa121f5e5","name":"cladmin","url":"https:\/\/www.civiltalaica.it\/cms\/author\/cladmin\/"}]}},"_links":{"self":[{"href":"https:\/\/www.civiltalaica.it\/cms\/wp-json\/wp\/v2\/posts\/770","targetHints":{"allow":["GET"]}}],"collection":[{"href":"https:\/\/www.civiltalaica.it\/cms\/wp-json\/wp\/v2\/posts"}],"about":[{"href":"https:\/\/www.civiltalaica.it\/cms\/wp-json\/wp\/v2\/types\/post"}],"author":[{"embeddable":true,"href":"https:\/\/www.civiltalaica.it\/cms\/wp-json\/wp\/v2\/users\/1"}],"replies":[{"embeddable":true,"href":"https:\/\/www.civiltalaica.it\/cms\/wp-json\/wp\/v2\/comments?post=770"}],"version-history":[{"count":0,"href":"https:\/\/www.civiltalaica.it\/cms\/wp-json\/wp\/v2\/posts\/770\/revisions"}],"wp:attachment":[{"href":"https:\/\/www.civiltalaica.it\/cms\/wp-json\/wp\/v2\/media?parent=770"}],"wp:term":[{"taxonomy":"category","embeddable":true,"href":"https:\/\/www.civiltalaica.it\/cms\/wp-json\/wp\/v2\/categories?post=770"},{"taxonomy":"post_tag","embeddable":true,"href":"https:\/\/www.civiltalaica.it\/cms\/wp-json\/wp\/v2\/tags?post=770"}],"curies":[{"name":"wp","href":"https:\/\/api.w.org\/{rel}","templated":true}]}}