{"id":769,"date":"2008-02-06T13:18:38","date_gmt":"2008-02-06T13:18:38","guid":{"rendered":""},"modified":"2011-01-26T09:42:33","modified_gmt":"2011-01-26T09:42:33","slug":"spagna-lo-scisma-di-zapatero","status":"publish","type":"post","link":"https:\/\/www.civiltalaica.it\/cms\/spagna-lo-scisma-di-zapatero\/","title":{"rendered":"SPAGNA, LO &#8220;SCISMA&#8221; DI ZAPATERO"},"content":{"rendered":"<p>(perch\u00e9 non possiamo votare in Spagna?!)<\/p>\n<p><a target=\"_blank\" href=\"http:\/\/oknotizie.alice.it\/go.php?us=389152e088ef5d7c\">Madrid, 4 feb<\/a> &#8211; A poco pi\u00f9 di un mese dalle elezioni politiche<br \/>\nspagnole, lo scontro tra il governo socialista di Zapatero e la Chiesa<br \/>\ncattolica si fa sempre pi\u00f9 aspro. Nel corso di una conferenza stampa di<br \/>\npresentazione della campagna elettore del PSOE, il segretario<br \/>\norganizzativo del partito di governo Jos\u00e8 Blanco ha dichiarato che dopo<br \/>\nle elezioni del 9 marzo &quot;niente sar\u00e0 pi\u00f9 uguale nelle relazioni con la<br \/>\ngerarchia cattolica&quot;.<\/p>\n<p><!--more--><br \/>In caso di vittoria del PSOE, secondo Blanco, &quot;si dovranno fare passi definitivi verso l&#39;autofinanziamento della Chiesa&quot; perch\u00e9 &quot;esiste una situazione concreta, che \u00e8 l&#39;accordo tra la Chiesa e lo Stato, che deve essere ridiscusso perch\u00e9 la gerarchia ecclesiastica lo sta ridiscutendo tutti i giorni cercando continuamente lo scontro con il legittimo governo di Spagna&quot;. Blanco ha escluso di voler rescindere gli accordi tra la Chiesa e lo Stato che risalgono al 1979 ma ha specificato che \u00e8 stata la stessa gerarchia ecclesiastica a esprimere il proprio desiderio di autofinanziarsi anche se ancora non lo ha fatto perch\u00e9, ha detto ironicamente Blanco, &quot;questo obiettivo \u00e8 per loro ogni giorno pi\u00f9 difficile perch\u00e9 hanno ogni giorno meno seguaci&quot;. Le dichiarazioni del numero due del PSOE arrivano dopo che i vescovi spagnoli hanno diffuso una nota, lo scorso gioved\u00ec, nella quale si chiede esplicitamente ai cattolici &quot;di appoggiare con il proprio voto quei partiti politici che non riconoscono n\u00e9 implicitamente n\u00e9 esplicitamente una organizzazione terroristica come interlocutore politico&quot;. Il riferimento \u00e8 ai negoziati impostati dal governo socialista con l&#39;organizzazione armata ETA che avrebbero dovuto portare ad un cessate il fuoco permanente ma che si sono risolti in un totale fallimento. I vertici del PSOE non hanno gradito affatto questa nota della gerarchia ecclesiastica con la quale si chiede chiaramente ai cittadini spagnoli di votare per il Partito Popolare (PP) di Mariano Rajoy, conservatore, di destra, contrario a qualunque forma di dialogo con gli indipendentisti baschi e in ottimi rapporti con i vertici della Chiesa cattolica. Il capo di governo Jos\u00e9 Luis Rodr\u00edguez Zapatero ha criticato apertamente la gerarchia ecclesiastica &quot;per essere caduta nella tentazione di usare il terrorismo&quot; scatenando la reazione dell&#39;arcivescovo di Toledo e vicepresidente della Conferenza Episcopale Antonio Ca\u00f1izares che ha dichiarato: &quot;la Chiesa non star\u00e0 mai zitta, questa parola non potr\u00e0 mai essere posta sotto silenzio dai poteri di questo mondo&quot;.<\/p>\n","protected":false},"excerpt":{"rendered":"<p>(perch\u00e9 non possiamo votare in Spagna?!) Madrid, 4 feb &#8211; A poco pi\u00f9 di un mese dalle elezioni politiche spagnole, lo scontro tra il governo socialista di Zapatero e la Chiesa cattolica si fa sempre pi\u00f9 aspro. Nel corso di una conferenza stampa di presentazione della campagna elettore del PSOE, il segretario organizzativo del partito [&hellip;]<\/p>\n","protected":false},"author":1,"featured_media":0,"comment_status":"closed","ping_status":"closed","sticky":false,"template":"","format":"standard","meta":{"footnotes":""},"categories":[238],"tags":[41],"class_list":["post-769","post","type-post","status-publish","format-standard","hentry","category-articoli","tag-web"],"yoast_head":"<!-- This site is optimized with the Yoast SEO plugin v27.1.1 - https:\/\/yoast.com\/product\/yoast-seo-wordpress\/ -->\n<title>SPAGNA, LO &quot;SCISMA&quot; DI ZAPATERO - Associazione Culturale Civilt\u00e0 Laica<\/title>\n<meta name=\"robots\" content=\"index, follow, max-snippet:-1, max-image-preview:large, max-video-preview:-1\" \/>\n<link rel=\"canonical\" href=\"https:\/\/www.civiltalaica.it\/cms\/spagna-lo-scisma-di-zapatero\/\" \/>\n<meta property=\"og:locale\" content=\"it_IT\" \/>\n<meta property=\"og:type\" content=\"article\" \/>\n<meta property=\"og:title\" content=\"SPAGNA, LO &quot;SCISMA&quot; DI ZAPATERO - Associazione Culturale Civilt\u00e0 Laica\" \/>\n<meta property=\"og:description\" content=\"(perch\u00e9 non possiamo votare in Spagna?!) Madrid, 4 feb &#8211; A poco pi\u00f9 di un mese dalle elezioni politiche spagnole, lo scontro tra il governo socialista di Zapatero e la Chiesa cattolica si fa sempre pi\u00f9 aspro. Nel corso di una conferenza stampa di presentazione della campagna elettore del PSOE, il segretario organizzativo del partito [&hellip;]\" \/>\n<meta property=\"og:url\" content=\"https:\/\/www.civiltalaica.it\/cms\/spagna-lo-scisma-di-zapatero\/\" \/>\n<meta property=\"og:site_name\" content=\"Associazione Culturale Civilt\u00e0 Laica\" \/>\n<meta property=\"article:publisher\" content=\"https:\/\/www.facebook.com\/civiltalaica\" \/>\n<meta property=\"article:published_time\" content=\"2008-02-06T13:18:38+00:00\" \/>\n<meta property=\"article:modified_time\" content=\"2011-01-26T09:42:33+00:00\" \/>\n<meta property=\"og:image\" content=\"https:\/\/www.civiltalaica.it\/cms\/wp-content\/uploads\/2017\/06\/logo-cl.png\" \/>\n\t<meta property=\"og:image:width\" content=\"400\" \/>\n\t<meta property=\"og:image:height\" content=\"180\" \/>\n\t<meta property=\"og:image:type\" content=\"image\/png\" \/>\n<meta name=\"author\" content=\"cladmin\" \/>\n<meta name=\"twitter:card\" content=\"summary_large_image\" \/>\n<meta name=\"twitter:label1\" content=\"Scritto da\" \/>\n\t<meta name=\"twitter:data1\" content=\"cladmin\" \/>\n\t<meta name=\"twitter:label2\" content=\"Tempo di lettura stimato\" \/>\n\t<meta name=\"twitter:data2\" content=\"2 minuti\" \/>\n<script type=\"application\/ld+json\" class=\"yoast-schema-graph\">{\"@context\":\"https:\/\/schema.org\",\"@graph\":[{\"@type\":\"Article\",\"@id\":\"https:\/\/www.civiltalaica.it\/cms\/spagna-lo-scisma-di-zapatero\/#article\",\"isPartOf\":{\"@id\":\"https:\/\/www.civiltalaica.it\/cms\/spagna-lo-scisma-di-zapatero\/\"},\"author\":{\"name\":\"cladmin\",\"@id\":\"https:\/\/www.civiltalaica.it\/cms\/#\/schema\/person\/500a52762e2620e007d6333aa121f5e5\"},\"headline\":\"SPAGNA, LO &#8220;SCISMA&#8221; DI ZAPATERO\",\"datePublished\":\"2008-02-06T13:18:38+00:00\",\"dateModified\":\"2011-01-26T09:42:33+00:00\",\"mainEntityOfPage\":{\"@id\":\"https:\/\/www.civiltalaica.it\/cms\/spagna-lo-scisma-di-zapatero\/\"},\"wordCount\":408,\"keywords\":[\"Web\"],\"articleSection\":[\"articoli\"],\"inLanguage\":\"it-IT\"},{\"@type\":\"WebPage\",\"@id\":\"https:\/\/www.civiltalaica.it\/cms\/spagna-lo-scisma-di-zapatero\/\",\"url\":\"https:\/\/www.civiltalaica.it\/cms\/spagna-lo-scisma-di-zapatero\/\",\"name\":\"SPAGNA, LO \\\"SCISMA\\\" DI ZAPATERO - Associazione Culturale Civilt\u00e0 Laica\",\"isPartOf\":{\"@id\":\"https:\/\/www.civiltalaica.it\/cms\/#website\"},\"datePublished\":\"2008-02-06T13:18:38+00:00\",\"dateModified\":\"2011-01-26T09:42:33+00:00\",\"author\":{\"@id\":\"https:\/\/www.civiltalaica.it\/cms\/#\/schema\/person\/500a52762e2620e007d6333aa121f5e5\"},\"breadcrumb\":{\"@id\":\"https:\/\/www.civiltalaica.it\/cms\/spagna-lo-scisma-di-zapatero\/#breadcrumb\"},\"inLanguage\":\"it-IT\",\"potentialAction\":[{\"@type\":\"ReadAction\",\"target\":[\"https:\/\/www.civiltalaica.it\/cms\/spagna-lo-scisma-di-zapatero\/\"]}]},{\"@type\":\"BreadcrumbList\",\"@id\":\"https:\/\/www.civiltalaica.it\/cms\/spagna-lo-scisma-di-zapatero\/#breadcrumb\",\"itemListElement\":[{\"@type\":\"ListItem\",\"position\":1,\"name\":\"Home\",\"item\":\"https:\/\/www.civiltalaica.it\/cms\/\"},{\"@type\":\"ListItem\",\"position\":2,\"name\":\"1\u00b0 Meeting delle Associazioni Laiche\",\"item\":\"https:\/\/www.civiltalaica.it\/cms\/1%c2%b0-meeting-delle-associazioni-laiche-2\/\"},{\"@type\":\"ListItem\",\"position\":3,\"name\":\"SPAGNA, LO &#8220;SCISMA&#8221; DI ZAPATERO\"}]},{\"@type\":\"WebSite\",\"@id\":\"https:\/\/www.civiltalaica.it\/cms\/#website\",\"url\":\"https:\/\/www.civiltalaica.it\/cms\/\",\"name\":\"Associazione Culturale Civilt\u00e0 Laica\",\"description\":\"Per un movimento culturale volto a difendere la Laicit\u00e0 dello Stato.\",\"potentialAction\":[{\"@type\":\"SearchAction\",\"target\":{\"@type\":\"EntryPoint\",\"urlTemplate\":\"https:\/\/www.civiltalaica.it\/cms\/?s={search_term_string}\"},\"query-input\":{\"@type\":\"PropertyValueSpecification\",\"valueRequired\":true,\"valueName\":\"search_term_string\"}}],\"inLanguage\":\"it-IT\"},{\"@type\":\"Person\",\"@id\":\"https:\/\/www.civiltalaica.it\/cms\/#\/schema\/person\/500a52762e2620e007d6333aa121f5e5\",\"name\":\"cladmin\",\"url\":\"https:\/\/www.civiltalaica.it\/cms\/author\/cladmin\/\"}]}<\/script>\n<!-- \/ Yoast SEO plugin. -->","yoast_head_json":{"title":"SPAGNA, LO \"SCISMA\" DI ZAPATERO - Associazione Culturale Civilt\u00e0 Laica","robots":{"index":"index","follow":"follow","max-snippet":"max-snippet:-1","max-image-preview":"max-image-preview:large","max-video-preview":"max-video-preview:-1"},"canonical":"https:\/\/www.civiltalaica.it\/cms\/spagna-lo-scisma-di-zapatero\/","og_locale":"it_IT","og_type":"article","og_title":"SPAGNA, LO \"SCISMA\" DI ZAPATERO - Associazione Culturale Civilt\u00e0 Laica","og_description":"(perch\u00e9 non possiamo votare in Spagna?!) Madrid, 4 feb &#8211; A poco pi\u00f9 di un mese dalle elezioni politiche spagnole, lo scontro tra il governo socialista di Zapatero e la Chiesa cattolica si fa sempre pi\u00f9 aspro. Nel corso di una conferenza stampa di presentazione della campagna elettore del PSOE, il segretario organizzativo del partito [&hellip;]","og_url":"https:\/\/www.civiltalaica.it\/cms\/spagna-lo-scisma-di-zapatero\/","og_site_name":"Associazione Culturale Civilt\u00e0 Laica","article_publisher":"https:\/\/www.facebook.com\/civiltalaica","article_published_time":"2008-02-06T13:18:38+00:00","article_modified_time":"2011-01-26T09:42:33+00:00","og_image":[{"width":400,"height":180,"url":"https:\/\/www.civiltalaica.it\/cms\/wp-content\/uploads\/2017\/06\/logo-cl.png","type":"image\/png"}],"author":"cladmin","twitter_card":"summary_large_image","twitter_misc":{"Scritto da":"cladmin","Tempo di lettura stimato":"2 minuti"},"schema":{"@context":"https:\/\/schema.org","@graph":[{"@type":"Article","@id":"https:\/\/www.civiltalaica.it\/cms\/spagna-lo-scisma-di-zapatero\/#article","isPartOf":{"@id":"https:\/\/www.civiltalaica.it\/cms\/spagna-lo-scisma-di-zapatero\/"},"author":{"name":"cladmin","@id":"https:\/\/www.civiltalaica.it\/cms\/#\/schema\/person\/500a52762e2620e007d6333aa121f5e5"},"headline":"SPAGNA, LO &#8220;SCISMA&#8221; DI ZAPATERO","datePublished":"2008-02-06T13:18:38+00:00","dateModified":"2011-01-26T09:42:33+00:00","mainEntityOfPage":{"@id":"https:\/\/www.civiltalaica.it\/cms\/spagna-lo-scisma-di-zapatero\/"},"wordCount":408,"keywords":["Web"],"articleSection":["articoli"],"inLanguage":"it-IT"},{"@type":"WebPage","@id":"https:\/\/www.civiltalaica.it\/cms\/spagna-lo-scisma-di-zapatero\/","url":"https:\/\/www.civiltalaica.it\/cms\/spagna-lo-scisma-di-zapatero\/","name":"SPAGNA, LO \"SCISMA\" DI ZAPATERO - Associazione Culturale Civilt\u00e0 Laica","isPartOf":{"@id":"https:\/\/www.civiltalaica.it\/cms\/#website"},"datePublished":"2008-02-06T13:18:38+00:00","dateModified":"2011-01-26T09:42:33+00:00","author":{"@id":"https:\/\/www.civiltalaica.it\/cms\/#\/schema\/person\/500a52762e2620e007d6333aa121f5e5"},"breadcrumb":{"@id":"https:\/\/www.civiltalaica.it\/cms\/spagna-lo-scisma-di-zapatero\/#breadcrumb"},"inLanguage":"it-IT","potentialAction":[{"@type":"ReadAction","target":["https:\/\/www.civiltalaica.it\/cms\/spagna-lo-scisma-di-zapatero\/"]}]},{"@type":"BreadcrumbList","@id":"https:\/\/www.civiltalaica.it\/cms\/spagna-lo-scisma-di-zapatero\/#breadcrumb","itemListElement":[{"@type":"ListItem","position":1,"name":"Home","item":"https:\/\/www.civiltalaica.it\/cms\/"},{"@type":"ListItem","position":2,"name":"1\u00b0 Meeting delle Associazioni Laiche","item":"https:\/\/www.civiltalaica.it\/cms\/1%c2%b0-meeting-delle-associazioni-laiche-2\/"},{"@type":"ListItem","position":3,"name":"SPAGNA, LO &#8220;SCISMA&#8221; DI ZAPATERO"}]},{"@type":"WebSite","@id":"https:\/\/www.civiltalaica.it\/cms\/#website","url":"https:\/\/www.civiltalaica.it\/cms\/","name":"Associazione Culturale Civilt\u00e0 Laica","description":"Per un movimento culturale volto a difendere la Laicit\u00e0 dello Stato.","potentialAction":[{"@type":"SearchAction","target":{"@type":"EntryPoint","urlTemplate":"https:\/\/www.civiltalaica.it\/cms\/?s={search_term_string}"},"query-input":{"@type":"PropertyValueSpecification","valueRequired":true,"valueName":"search_term_string"}}],"inLanguage":"it-IT"},{"@type":"Person","@id":"https:\/\/www.civiltalaica.it\/cms\/#\/schema\/person\/500a52762e2620e007d6333aa121f5e5","name":"cladmin","url":"https:\/\/www.civiltalaica.it\/cms\/author\/cladmin\/"}]}},"_links":{"self":[{"href":"https:\/\/www.civiltalaica.it\/cms\/wp-json\/wp\/v2\/posts\/769","targetHints":{"allow":["GET"]}}],"collection":[{"href":"https:\/\/www.civiltalaica.it\/cms\/wp-json\/wp\/v2\/posts"}],"about":[{"href":"https:\/\/www.civiltalaica.it\/cms\/wp-json\/wp\/v2\/types\/post"}],"author":[{"embeddable":true,"href":"https:\/\/www.civiltalaica.it\/cms\/wp-json\/wp\/v2\/users\/1"}],"replies":[{"embeddable":true,"href":"https:\/\/www.civiltalaica.it\/cms\/wp-json\/wp\/v2\/comments?post=769"}],"version-history":[{"count":0,"href":"https:\/\/www.civiltalaica.it\/cms\/wp-json\/wp\/v2\/posts\/769\/revisions"}],"wp:attachment":[{"href":"https:\/\/www.civiltalaica.it\/cms\/wp-json\/wp\/v2\/media?parent=769"}],"wp:term":[{"taxonomy":"category","embeddable":true,"href":"https:\/\/www.civiltalaica.it\/cms\/wp-json\/wp\/v2\/categories?post=769"},{"taxonomy":"post_tag","embeddable":true,"href":"https:\/\/www.civiltalaica.it\/cms\/wp-json\/wp\/v2\/tags?post=769"}],"curies":[{"name":"wp","href":"https:\/\/api.w.org\/{rel}","templated":true}]}}