{"id":768,"date":"2008-02-05T11:52:34","date_gmt":"2008-02-05T11:52:34","guid":{"rendered":""},"modified":"2011-01-26T09:42:33","modified_gmt":"2011-01-26T09:42:33","slug":"laicita-repressa","status":"publish","type":"post","link":"https:\/\/www.civiltalaica.it\/cms\/laicita-repressa\/","title":{"rendered":"Laicit\u00e0 repressa"},"content":{"rendered":"<p><a href=\"http:\/\/espresso.repubblica.it\/dettaglio\/Laicita-repressa\/1977027\/18\" target=\"_blank\">dal blog di Piero Ignazi sull&#39; Espresso<\/a> (25 gennaio 2008)<\/p>\n<p><em>Se c&#39;\u00e8 un problema di minoranze offese e marginalizzate, oggi in Italia,<br \/>esso riguarda i laici<\/em><\/p>\n<p>SOTTOSCRIVIAMO AL 100%!<\/p>\n<p><!--more--><\/p>\n<p>La Citt\u00e0 del Vaticano, in termini di diritto internazionale, \u00e8 uno Stato sovrano titolare di &#39;soggettivit\u00e0 internazionale&#39;. \u00c8 ammesso come osservatore permanente all&#39;Onu, mantiene rappresentanze diplomatiche presso gli organismi internazionali e scambia ambasciatori accreditati con tutto il mondo. In termini istituzionali la Citt\u00e0 del Vaticano \u00e8 una sorta di monarchia elettiva. Al vertice dello Sato vi \u00e8 infatti una figura assimilabile a un presidente a vita, eletto da un conclave di maggiorenti (i cardinali). Il pontefice esercita la sua attivit\u00e0 coadiuvato da un consiglio da lui scelto (come nelle corti di un tempo) a cui sono affidati compiti e funzioni varie; ma \u00e8 da lui che promana ogni iniziativa in campo civile, oltre che religioso ovviamente. Come \u00e8 scritto nel sito ufficiale del Vaticano, &quot;nell&#39;esercizio della sua suprema, piena ed immediata potest\u00e0 sopra tutta la Chiesa, il romano Pontefice si avvale dei dicasteri della curia romana, che perci\u00f2 compiono il loro lavoro nel suo nome e nella sua autorit\u00e0, a vantaggio delle Chiese e al servizio dei sacri pastori&quot;. Del resto, anche l&#39;articolo 1 della Costituzione della Citt\u00e0 del Vaticano, entrata in vigore il 22 febbraio 2001, non lascia adito a dubbi sul suo ruolo: &quot;Il Sommo Pontefice, Sovrano (sic) dello Stato della Citt\u00e0 del Vaticano, ha la pienezza dei poteri legislativo, esecutivo e giudiziario&quot;.<\/p>\n<p>Ebbene, in base a questi dati, sotto il profilo giuridico-politico, il Sommo Pontefice Benedetto XVI \u00e8, innanzitutto, un capo di Stato. E, come ogni altro capo di Stato, quando va in visita in un altro paese, pu\u00f2 essere omaggiato e osannato oppure pu\u00f2 essere criticato e contestato. Ancora prima di ogni valutazione sulla vicenda dell&#39;invito della Sapienza di Roma, questo \u00e8 il primum mobile della questione. Chi mette piede in uno Stato democratico come, pur con enormi difetti e manchevolezze rimane ancora, forse per poco, l&#39;Italia, \u00e8 sottoposto alle regole della democrazia. In cima alle quali c&#39;\u00e8 la<br \/>libert\u00e0 di espressione, verbale e non verbale. Quando Richard Nixon venne in Italia e il ricevimento in suo onore fu disturbato dalle proteste di piazza, che arrivavano fino alle ovattate stanze del Quirinale, &#39;quel&#39; presidente rispose ai suoi imbarazzati anfitrioni: &quot;&quot;No problem, this is democracy&quot;.<br \/>&#160;<br \/>Premesso tutto ci\u00f2, rimane il versante politico della questione. Anzi, pi\u00f9 che politico, delle buone maniere: su questo i papa-fans hanno ragione da vendere, non si invita qualcuno sapendo di metterlo a rischio di sgradevoli contestazioni. Prima ci si accerta che sia accolto con largo consenso e poi, se ci sono degli irriducibili, si soprassiede. Il pasticciaccio e la brutta figura ricadono tutte sul rettore della Sapienza. Abilmente, la curia vaticana ha colto la palla al balzo per avviare una campagna di vittimizzazione, consentendo ai sicofanti di turno di lanciare allucinanti proclami sulla &quot;libert\u00e0 di parola negata&quot;.<\/p>\n<p>L&#39;episodio getta comunque un fascio di luce sullo stato della laicit\u00e0 in Italia. Da un lato \u00e8, essa s\u00ec, praticamente ridotta al silenzio dalla continua aggressione verbale che le gerarchie ecclesiastiche di ogni ordine e tipo scatenano contro chi non si allinei. Ma dall&#39;altro, checch\u00e9 strombettino le fanfare clericali, dal &#39;Foglio&#39; in su, il processo di secolarizzazione avanza. Gli studi condotti sotto la supervisione del professor Renato Coppi per l&#39;Osservatorio sulla Secolarizzazione e pubblicati da &#39;Critica Liberale&#39; dimostrano come la secolarizzazione sia andata costantemente avanzando dal 1991 al 2004 (data dell&#39;ultima rilevazione). Questo processo trova conferma nella sconsolata conclusione di una approfondita ricerca curata da Franco Garelli, Gustavo Guizzadi ed Enzo Pace, secondo la quale &quot;Dio, Cristo, la Bibbia, sono diventati anche per alcuni fedeli oggetti incerti di fede&quot;.<\/p>\n<p>Per far fronte a questo deperimento la Chiesa ha elevato il livello di scontro, intervenendo in ogni settore della vita civile italiana (e di altri paesi). Ad esempio, con la massima tranquillit\u00e0 certe diocesi discutono sulla eventuale costruzione di moschee, sentenziando sul diritto di altri a praticare degnamente la loro religione. E non si limita a questi aspetti, e ad altri assai materiali e terreni (si veda la perorazione per gli ospedali cattolici della capitale fatta dal papa a sindaco e presidenti di Regione e Provincia la scorsa settimana): la Chiesa pretende anche di delegittimare qualunque altra etica non fondata sui principi della fede cattolica, come se i non credenti o i cultori del libero pensiero fossero una sottospecie morale, degli Untermenschen dell&#39;anima. Se c&#39;\u00e8 un problema di minoranze offese e marginalizzate, oggi, in Italia, esso riguarda, ancora una volta, come nei secoli passati, i laici. Non certo la Chiesa, onnipresente su tutti i media.<br \/>(25 gennaio 2008)<\/p>\n","protected":false},"excerpt":{"rendered":"<p>dal blog di Piero Ignazi sull&#39; Espresso (25 gennaio 2008) Se c&#39;\u00e8 un problema di minoranze offese e marginalizzate, oggi in Italia,esso riguarda i laici SOTTOSCRIVIAMO AL 100%!<\/p>\n","protected":false},"author":1,"featured_media":0,"comment_status":"closed","ping_status":"closed","sticky":false,"template":"","format":"standard","meta":{"footnotes":""},"categories":[238],"tags":[41],"class_list":["post-768","post","type-post","status-publish","format-standard","hentry","category-articoli","tag-web"],"yoast_head":"<!-- This site is optimized with the Yoast SEO plugin v27.1.1 - https:\/\/yoast.com\/product\/yoast-seo-wordpress\/ -->\n<title>Laicit\u00e0 repressa - Associazione Culturale Civilt\u00e0 Laica<\/title>\n<meta name=\"robots\" content=\"index, follow, max-snippet:-1, max-image-preview:large, max-video-preview:-1\" \/>\n<link rel=\"canonical\" href=\"https:\/\/www.civiltalaica.it\/cms\/laicita-repressa\/\" \/>\n<meta property=\"og:locale\" content=\"it_IT\" \/>\n<meta property=\"og:type\" content=\"article\" \/>\n<meta property=\"og:title\" content=\"Laicit\u00e0 repressa - Associazione Culturale Civilt\u00e0 Laica\" \/>\n<meta property=\"og:description\" content=\"dal blog di Piero Ignazi sull&#039; Espresso (25 gennaio 2008) Se c&#039;\u00e8 un problema di minoranze offese e marginalizzate, oggi in Italia,esso riguarda i laici SOTTOSCRIVIAMO AL 100%!\" \/>\n<meta property=\"og:url\" content=\"https:\/\/www.civiltalaica.it\/cms\/laicita-repressa\/\" \/>\n<meta property=\"og:site_name\" content=\"Associazione Culturale Civilt\u00e0 Laica\" \/>\n<meta property=\"article:publisher\" content=\"https:\/\/www.facebook.com\/civiltalaica\" \/>\n<meta property=\"article:published_time\" content=\"2008-02-05T11:52:34+00:00\" \/>\n<meta property=\"article:modified_time\" content=\"2011-01-26T09:42:33+00:00\" \/>\n<meta property=\"og:image\" content=\"https:\/\/www.civiltalaica.it\/cms\/wp-content\/uploads\/2017\/06\/logo-cl.png\" \/>\n\t<meta property=\"og:image:width\" content=\"400\" \/>\n\t<meta property=\"og:image:height\" content=\"180\" \/>\n\t<meta property=\"og:image:type\" content=\"image\/png\" \/>\n<meta name=\"author\" content=\"cladmin\" \/>\n<meta name=\"twitter:card\" content=\"summary_large_image\" \/>\n<meta name=\"twitter:label1\" content=\"Scritto da\" \/>\n\t<meta name=\"twitter:data1\" content=\"cladmin\" \/>\n\t<meta name=\"twitter:label2\" content=\"Tempo di lettura stimato\" \/>\n\t<meta name=\"twitter:data2\" content=\"4 minuti\" \/>\n<script type=\"application\/ld+json\" class=\"yoast-schema-graph\">{\"@context\":\"https:\/\/schema.org\",\"@graph\":[{\"@type\":\"Article\",\"@id\":\"https:\/\/www.civiltalaica.it\/cms\/laicita-repressa\/#article\",\"isPartOf\":{\"@id\":\"https:\/\/www.civiltalaica.it\/cms\/laicita-repressa\/\"},\"author\":{\"name\":\"cladmin\",\"@id\":\"https:\/\/www.civiltalaica.it\/cms\/#\/schema\/person\/500a52762e2620e007d6333aa121f5e5\"},\"headline\":\"Laicit\u00e0 repressa\",\"datePublished\":\"2008-02-05T11:52:34+00:00\",\"dateModified\":\"2011-01-26T09:42:33+00:00\",\"mainEntityOfPage\":{\"@id\":\"https:\/\/www.civiltalaica.it\/cms\/laicita-repressa\/\"},\"wordCount\":773,\"keywords\":[\"Web\"],\"articleSection\":[\"articoli\"],\"inLanguage\":\"it-IT\"},{\"@type\":\"WebPage\",\"@id\":\"https:\/\/www.civiltalaica.it\/cms\/laicita-repressa\/\",\"url\":\"https:\/\/www.civiltalaica.it\/cms\/laicita-repressa\/\",\"name\":\"Laicit\u00e0 repressa - Associazione Culturale Civilt\u00e0 Laica\",\"isPartOf\":{\"@id\":\"https:\/\/www.civiltalaica.it\/cms\/#website\"},\"datePublished\":\"2008-02-05T11:52:34+00:00\",\"dateModified\":\"2011-01-26T09:42:33+00:00\",\"author\":{\"@id\":\"https:\/\/www.civiltalaica.it\/cms\/#\/schema\/person\/500a52762e2620e007d6333aa121f5e5\"},\"breadcrumb\":{\"@id\":\"https:\/\/www.civiltalaica.it\/cms\/laicita-repressa\/#breadcrumb\"},\"inLanguage\":\"it-IT\",\"potentialAction\":[{\"@type\":\"ReadAction\",\"target\":[\"https:\/\/www.civiltalaica.it\/cms\/laicita-repressa\/\"]}]},{\"@type\":\"BreadcrumbList\",\"@id\":\"https:\/\/www.civiltalaica.it\/cms\/laicita-repressa\/#breadcrumb\",\"itemListElement\":[{\"@type\":\"ListItem\",\"position\":1,\"name\":\"Home\",\"item\":\"https:\/\/www.civiltalaica.it\/cms\/\"},{\"@type\":\"ListItem\",\"position\":2,\"name\":\"1\u00b0 Meeting delle Associazioni Laiche\",\"item\":\"https:\/\/www.civiltalaica.it\/cms\/1%c2%b0-meeting-delle-associazioni-laiche-2\/\"},{\"@type\":\"ListItem\",\"position\":3,\"name\":\"Laicit\u00e0 repressa\"}]},{\"@type\":\"WebSite\",\"@id\":\"https:\/\/www.civiltalaica.it\/cms\/#website\",\"url\":\"https:\/\/www.civiltalaica.it\/cms\/\",\"name\":\"Associazione Culturale Civilt\u00e0 Laica\",\"description\":\"Per un movimento culturale volto a difendere la Laicit\u00e0 dello Stato.\",\"potentialAction\":[{\"@type\":\"SearchAction\",\"target\":{\"@type\":\"EntryPoint\",\"urlTemplate\":\"https:\/\/www.civiltalaica.it\/cms\/?s={search_term_string}\"},\"query-input\":{\"@type\":\"PropertyValueSpecification\",\"valueRequired\":true,\"valueName\":\"search_term_string\"}}],\"inLanguage\":\"it-IT\"},{\"@type\":\"Person\",\"@id\":\"https:\/\/www.civiltalaica.it\/cms\/#\/schema\/person\/500a52762e2620e007d6333aa121f5e5\",\"name\":\"cladmin\",\"url\":\"https:\/\/www.civiltalaica.it\/cms\/author\/cladmin\/\"}]}<\/script>\n<!-- \/ Yoast SEO plugin. -->","yoast_head_json":{"title":"Laicit\u00e0 repressa - Associazione Culturale Civilt\u00e0 Laica","robots":{"index":"index","follow":"follow","max-snippet":"max-snippet:-1","max-image-preview":"max-image-preview:large","max-video-preview":"max-video-preview:-1"},"canonical":"https:\/\/www.civiltalaica.it\/cms\/laicita-repressa\/","og_locale":"it_IT","og_type":"article","og_title":"Laicit\u00e0 repressa - Associazione Culturale Civilt\u00e0 Laica","og_description":"dal blog di Piero Ignazi sull&#39; Espresso (25 gennaio 2008) Se c&#39;\u00e8 un problema di minoranze offese e marginalizzate, oggi in Italia,esso riguarda i laici SOTTOSCRIVIAMO AL 100%!","og_url":"https:\/\/www.civiltalaica.it\/cms\/laicita-repressa\/","og_site_name":"Associazione Culturale Civilt\u00e0 Laica","article_publisher":"https:\/\/www.facebook.com\/civiltalaica","article_published_time":"2008-02-05T11:52:34+00:00","article_modified_time":"2011-01-26T09:42:33+00:00","og_image":[{"width":400,"height":180,"url":"https:\/\/www.civiltalaica.it\/cms\/wp-content\/uploads\/2017\/06\/logo-cl.png","type":"image\/png"}],"author":"cladmin","twitter_card":"summary_large_image","twitter_misc":{"Scritto da":"cladmin","Tempo di lettura stimato":"4 minuti"},"schema":{"@context":"https:\/\/schema.org","@graph":[{"@type":"Article","@id":"https:\/\/www.civiltalaica.it\/cms\/laicita-repressa\/#article","isPartOf":{"@id":"https:\/\/www.civiltalaica.it\/cms\/laicita-repressa\/"},"author":{"name":"cladmin","@id":"https:\/\/www.civiltalaica.it\/cms\/#\/schema\/person\/500a52762e2620e007d6333aa121f5e5"},"headline":"Laicit\u00e0 repressa","datePublished":"2008-02-05T11:52:34+00:00","dateModified":"2011-01-26T09:42:33+00:00","mainEntityOfPage":{"@id":"https:\/\/www.civiltalaica.it\/cms\/laicita-repressa\/"},"wordCount":773,"keywords":["Web"],"articleSection":["articoli"],"inLanguage":"it-IT"},{"@type":"WebPage","@id":"https:\/\/www.civiltalaica.it\/cms\/laicita-repressa\/","url":"https:\/\/www.civiltalaica.it\/cms\/laicita-repressa\/","name":"Laicit\u00e0 repressa - Associazione Culturale Civilt\u00e0 Laica","isPartOf":{"@id":"https:\/\/www.civiltalaica.it\/cms\/#website"},"datePublished":"2008-02-05T11:52:34+00:00","dateModified":"2011-01-26T09:42:33+00:00","author":{"@id":"https:\/\/www.civiltalaica.it\/cms\/#\/schema\/person\/500a52762e2620e007d6333aa121f5e5"},"breadcrumb":{"@id":"https:\/\/www.civiltalaica.it\/cms\/laicita-repressa\/#breadcrumb"},"inLanguage":"it-IT","potentialAction":[{"@type":"ReadAction","target":["https:\/\/www.civiltalaica.it\/cms\/laicita-repressa\/"]}]},{"@type":"BreadcrumbList","@id":"https:\/\/www.civiltalaica.it\/cms\/laicita-repressa\/#breadcrumb","itemListElement":[{"@type":"ListItem","position":1,"name":"Home","item":"https:\/\/www.civiltalaica.it\/cms\/"},{"@type":"ListItem","position":2,"name":"1\u00b0 Meeting delle Associazioni Laiche","item":"https:\/\/www.civiltalaica.it\/cms\/1%c2%b0-meeting-delle-associazioni-laiche-2\/"},{"@type":"ListItem","position":3,"name":"Laicit\u00e0 repressa"}]},{"@type":"WebSite","@id":"https:\/\/www.civiltalaica.it\/cms\/#website","url":"https:\/\/www.civiltalaica.it\/cms\/","name":"Associazione Culturale Civilt\u00e0 Laica","description":"Per un movimento culturale volto a difendere la Laicit\u00e0 dello Stato.","potentialAction":[{"@type":"SearchAction","target":{"@type":"EntryPoint","urlTemplate":"https:\/\/www.civiltalaica.it\/cms\/?s={search_term_string}"},"query-input":{"@type":"PropertyValueSpecification","valueRequired":true,"valueName":"search_term_string"}}],"inLanguage":"it-IT"},{"@type":"Person","@id":"https:\/\/www.civiltalaica.it\/cms\/#\/schema\/person\/500a52762e2620e007d6333aa121f5e5","name":"cladmin","url":"https:\/\/www.civiltalaica.it\/cms\/author\/cladmin\/"}]}},"_links":{"self":[{"href":"https:\/\/www.civiltalaica.it\/cms\/wp-json\/wp\/v2\/posts\/768","targetHints":{"allow":["GET"]}}],"collection":[{"href":"https:\/\/www.civiltalaica.it\/cms\/wp-json\/wp\/v2\/posts"}],"about":[{"href":"https:\/\/www.civiltalaica.it\/cms\/wp-json\/wp\/v2\/types\/post"}],"author":[{"embeddable":true,"href":"https:\/\/www.civiltalaica.it\/cms\/wp-json\/wp\/v2\/users\/1"}],"replies":[{"embeddable":true,"href":"https:\/\/www.civiltalaica.it\/cms\/wp-json\/wp\/v2\/comments?post=768"}],"version-history":[{"count":0,"href":"https:\/\/www.civiltalaica.it\/cms\/wp-json\/wp\/v2\/posts\/768\/revisions"}],"wp:attachment":[{"href":"https:\/\/www.civiltalaica.it\/cms\/wp-json\/wp\/v2\/media?parent=768"}],"wp:term":[{"taxonomy":"category","embeddable":true,"href":"https:\/\/www.civiltalaica.it\/cms\/wp-json\/wp\/v2\/categories?post=768"},{"taxonomy":"post_tag","embeddable":true,"href":"https:\/\/www.civiltalaica.it\/cms\/wp-json\/wp\/v2\/tags?post=768"}],"curies":[{"name":"wp","href":"https:\/\/api.w.org\/{rel}","templated":true}]}}