{"id":767,"date":"2008-02-01T12:14:48","date_gmt":"2008-02-01T12:14:48","guid":{"rendered":""},"modified":"2011-01-26T09:42:57","modified_gmt":"2011-01-26T09:42:57","slug":"i-vescovi-contro-zapatero-la-stampa","status":"publish","type":"post","link":"https:\/\/www.civiltalaica.it\/cms\/i-vescovi-contro-zapatero-la-stampa\/","title":{"rendered":"I vescovi contro Zapatero [La Stampa]"},"content":{"rendered":"<p>&#8230; ovvero: &quot;<a target=\"_blank\" href=\"http:\/\/www.agi.it\/estero\/notizie\/200801311806-est-rt11166-art.html\">DIECI MOTIVI PER NON VOTARLO<\/a>&quot;.<\/p>\n<p>Il primo ministro si difende: la maggioranza \u00e8 dalla mia parte<br \/><a target=\"_blank\" href=\"http:\/\/www.lastampa.it\/redazione\/cmsSezioni\/esteri\/200802articoli\/29758girata.asp\">LUIGI LA SPINA su La Stampa del 1\/2\/2008<\/a><\/p>\n<p>Il ministero della Sanit\u00e0 fronteggia uno dei pi\u00f9 belli e noti viali di Madrid, il Paseo del Prado. Sulla facciata spiccano tre enormi fotografie con i volti di alcuni fra gli uomini pi\u00f9 conosciuti della Spagna: un famoso giudice, uno scrittore e un presentatore tv. Sono, tutti e tre, gay dichiarati e, sotto i loro sorrisi, c&#39;\u00e8 un messaggio esplicito: \u00abNoi usiamo il preservativo\u00bb.<\/p>\n<p><!--more--><br \/>Basterebbe pensare a una trasposizione italica di tale scena, con gli effetti che avrebbe nella nostra societ\u00e0, per capire come, nonostante le apparenze, Madrid sia molto pi\u00f9 lontana dalle nostre citt\u00e0 delle due ore scarse che un aereo impiega per collegare i nostri due paesi latini. E per capire come il capo di governo di una nazione nominalmente cattolica come la Spagna possa affrontare senza troppi timori, senza imbarazzate giustificazioni, soprattutto senza palinodie un attacco cos\u00ec duro come quello che, ieri, i vescovi spagnoli gli hanno sferrato. Eppure, si stimano ancora in 8-10 milioni gli spagnoli praticanti. Persino nel suo partito, il Psoe, Luis Rodriguez Zapatero pu\u00f2 trovare tra gli uno e i due milioni di sostenitori che si dichiarano cattolici.<\/p>\n<p>La Spagna, erede di un impero unitario dalla fine del Quattrocento, conta su un senso dello Stato orgogliosamente difeso da tutti i suoi cittadini. Una separazione con la Chiesa tranquillamente rivendicata dall&#39;intera classe politica, anche quella del centrodestra. E&#39; significativo, a questo proposito, che i leader del Partito popolare, lo schieramento che cercher\u00e0, il 9 marzo, di ottenere i voti per scalzare Zapatero dal palazzo presidenziale della Moncloa, non abbiano promesso, ad esempio, di cancellare tutte quelle riforme introdotte da colui che, in Italia, viene dipinto come un pericoloso e incosciente mangiapreti. Vogliono solamente togliere la dizione \u00abmatrimonio\u00bb alle unioni tra gay, ma non si sognano di abolire una legislazione di protezione giuridica ben pi\u00f9 estesa di quella che era prevista nei cosiddetti \u00abDico\u00bb, la proposta avanzata timidamente dal centrosinistra italiano e subito naufragata per i dissidi interni all&#39;Unione.<\/p>\n<p>Cos\u00ec le riforme approvate da Zapatero nel campo dei diritti civili, quelle pi\u00f9 contundenti nei confronti della Chiesa, hanno ottenuto un consenso valutato, dai sondaggi dell&#39;epoca, tra il 70 e l&#39;80 per cento della popolazione. Ecco perch\u00e9 nel ritratto che traccia Suso de Toro nell&#39;ultimo libro sul leader spagnolo, Zapatero rivendica di \u00abnon essere affatto un radicale\u00bb e di aver sempre interpretato il pensiero e la volont\u00e0 della maggioranza dei suoi compatrioti.<\/p>\n<p>Maria Teresa Fernandez de la Vega, vicepresidente del suo governo, peraltro composto per la met\u00e0 da donne, forse caso unico al mondo, riassume la personalit\u00e0 del premier spagnolo con una formula molto efficace: \u00abUna miscela di idealismo e pragmatismo\u00bb. Zapatero \u00e8 uno strano leader carismatico che deve smentire la sua fama di \u00abtimido\u00bb, una caratteristica inadatta alla figura del capo di un partito moderno, ma si compiace di presentarsi come \u00abreservado\u00bb e \u00abaustero\u00bb. Una attitudine a frenare l&#39;eccessiva esibizione di s\u00e9, che lui stesso definisce, con un termine difficilmente traducibile con una solo parola italiana \u00abcontencion\u00bb. \u00abLa principale virt\u00f9 &#8211; afferma il premier &#8211; di chi ha anche molto potere\u00bb.<\/p>\n<p>Perch\u00e9 un capo di governo che autodescrive la propria personalit\u00e0 a tinte cos\u00ec poco rutilanti abbia puntato la gran parte del suo primo mandato su un tale allargamento dei diritti individuali da suscitare la furibonda opposizione della Chiesa, in un paese, comunque, di antica tradizione cattolica, \u00e8 spiegato da lui stesso con queste parole, sempre affidate al suo biografo: \u00abTeoricamente il principio di uguaglianza tra uomo e donna non era una questione prioritaria della socialdemocrazia classica, cos\u00ec come lo era la difesa dei lavoratori, l&#39;educazione, l&#39;accesso alla sanit\u00e0. Oggi, invece, \u00e8 prioritaria, perch\u00e9 \u00e8 un fattore di democratizzazione sociale. La sinistra operaia manc\u00f2 di capire, ed \u00e8 comprensibile per l&#39;epoca, che il soggetto di cambio della storia, soprattutto nel XXI\u00b0 secolo,&#8230; \u00e8 la cittadinanza. Questo significa un&#39;ampia espansione dei diritti, di libert\u00e0. Diritti sociali, economici e individuali\u00bb.<\/p>\n<p>Zapatero \u00e8 consapevole, dunque, che la sua proposta ai partiti riformisti dell&#39;Europa si differenzia notevolmente dai canoni della socialdemocrazia classica. E&#39; la variante iberica, applicata con la massima coerenza e con la massima decisione. Una parte della societ\u00e0 spagnola, appoggiata dai vescovi, \u00e8 rimasta traumatizzata dall&#39;esperimento. Il 9 marzo sapremo se la maggioranza dei cittadini di questo paese riterr\u00e0 che l&#39; esperimento possa continuare.<\/p>\n","protected":false},"excerpt":{"rendered":"<p>&#8230; ovvero: &quot;DIECI MOTIVI PER NON VOTARLO&quot;. Il primo ministro si difende: la maggioranza \u00e8 dalla mia parteLUIGI LA SPINA su La Stampa del 1\/2\/2008 Il ministero della Sanit\u00e0 fronteggia uno dei pi\u00f9 belli e noti viali di Madrid, il Paseo del Prado. Sulla facciata spiccano tre enormi fotografie con i volti di alcuni fra [&hellip;]<\/p>\n","protected":false},"author":1,"featured_media":0,"comment_status":"closed","ping_status":"closed","sticky":false,"template":"","format":"standard","meta":{"footnotes":""},"categories":[238],"tags":[41],"class_list":["post-767","post","type-post","status-publish","format-standard","hentry","category-articoli","tag-web"],"yoast_head":"<!-- This site is optimized with the Yoast SEO plugin v27.1.1 - https:\/\/yoast.com\/product\/yoast-seo-wordpress\/ -->\n<title>I vescovi contro Zapatero [La Stampa] - Associazione Culturale Civilt\u00e0 Laica<\/title>\n<meta name=\"robots\" content=\"index, follow, max-snippet:-1, max-image-preview:large, max-video-preview:-1\" \/>\n<link rel=\"canonical\" href=\"https:\/\/www.civiltalaica.it\/cms\/i-vescovi-contro-zapatero-la-stampa\/\" \/>\n<meta property=\"og:locale\" content=\"it_IT\" \/>\n<meta property=\"og:type\" content=\"article\" \/>\n<meta property=\"og:title\" content=\"I vescovi contro Zapatero [La Stampa] - Associazione Culturale Civilt\u00e0 Laica\" \/>\n<meta property=\"og:description\" content=\"&#8230; ovvero: &quot;DIECI MOTIVI PER NON VOTARLO&quot;. Il primo ministro si difende: la maggioranza \u00e8 dalla mia parteLUIGI LA SPINA su La Stampa del 1\/2\/2008 Il ministero della Sanit\u00e0 fronteggia uno dei pi\u00f9 belli e noti viali di Madrid, il Paseo del Prado. Sulla facciata spiccano tre enormi fotografie con i volti di alcuni fra [&hellip;]\" \/>\n<meta property=\"og:url\" content=\"https:\/\/www.civiltalaica.it\/cms\/i-vescovi-contro-zapatero-la-stampa\/\" \/>\n<meta property=\"og:site_name\" content=\"Associazione Culturale Civilt\u00e0 Laica\" \/>\n<meta property=\"article:publisher\" content=\"https:\/\/www.facebook.com\/civiltalaica\" \/>\n<meta property=\"article:published_time\" content=\"2008-02-01T12:14:48+00:00\" \/>\n<meta property=\"article:modified_time\" content=\"2011-01-26T09:42:57+00:00\" \/>\n<meta property=\"og:image\" content=\"https:\/\/www.civiltalaica.it\/cms\/wp-content\/uploads\/2017\/06\/logo-cl.png\" \/>\n\t<meta property=\"og:image:width\" content=\"400\" \/>\n\t<meta property=\"og:image:height\" content=\"180\" \/>\n\t<meta property=\"og:image:type\" content=\"image\/png\" \/>\n<meta name=\"author\" content=\"cladmin\" \/>\n<meta name=\"twitter:card\" content=\"summary_large_image\" \/>\n<meta name=\"twitter:label1\" content=\"Scritto da\" \/>\n\t<meta name=\"twitter:data1\" content=\"cladmin\" \/>\n\t<meta name=\"twitter:label2\" content=\"Tempo di lettura stimato\" \/>\n\t<meta name=\"twitter:data2\" content=\"4 minuti\" \/>\n<script type=\"application\/ld+json\" class=\"yoast-schema-graph\">{\"@context\":\"https:\/\/schema.org\",\"@graph\":[{\"@type\":\"Article\",\"@id\":\"https:\/\/www.civiltalaica.it\/cms\/i-vescovi-contro-zapatero-la-stampa\/#article\",\"isPartOf\":{\"@id\":\"https:\/\/www.civiltalaica.it\/cms\/i-vescovi-contro-zapatero-la-stampa\/\"},\"author\":{\"name\":\"cladmin\",\"@id\":\"https:\/\/www.civiltalaica.it\/cms\/#\/schema\/person\/500a52762e2620e007d6333aa121f5e5\"},\"headline\":\"I vescovi contro Zapatero [La Stampa]\",\"datePublished\":\"2008-02-01T12:14:48+00:00\",\"dateModified\":\"2011-01-26T09:42:57+00:00\",\"mainEntityOfPage\":{\"@id\":\"https:\/\/www.civiltalaica.it\/cms\/i-vescovi-contro-zapatero-la-stampa\/\"},\"wordCount\":738,\"keywords\":[\"Web\"],\"articleSection\":[\"articoli\"],\"inLanguage\":\"it-IT\"},{\"@type\":\"WebPage\",\"@id\":\"https:\/\/www.civiltalaica.it\/cms\/i-vescovi-contro-zapatero-la-stampa\/\",\"url\":\"https:\/\/www.civiltalaica.it\/cms\/i-vescovi-contro-zapatero-la-stampa\/\",\"name\":\"I vescovi contro Zapatero [La Stampa] - Associazione Culturale Civilt\u00e0 Laica\",\"isPartOf\":{\"@id\":\"https:\/\/www.civiltalaica.it\/cms\/#website\"},\"datePublished\":\"2008-02-01T12:14:48+00:00\",\"dateModified\":\"2011-01-26T09:42:57+00:00\",\"author\":{\"@id\":\"https:\/\/www.civiltalaica.it\/cms\/#\/schema\/person\/500a52762e2620e007d6333aa121f5e5\"},\"breadcrumb\":{\"@id\":\"https:\/\/www.civiltalaica.it\/cms\/i-vescovi-contro-zapatero-la-stampa\/#breadcrumb\"},\"inLanguage\":\"it-IT\",\"potentialAction\":[{\"@type\":\"ReadAction\",\"target\":[\"https:\/\/www.civiltalaica.it\/cms\/i-vescovi-contro-zapatero-la-stampa\/\"]}]},{\"@type\":\"BreadcrumbList\",\"@id\":\"https:\/\/www.civiltalaica.it\/cms\/i-vescovi-contro-zapatero-la-stampa\/#breadcrumb\",\"itemListElement\":[{\"@type\":\"ListItem\",\"position\":1,\"name\":\"Home\",\"item\":\"https:\/\/www.civiltalaica.it\/cms\/\"},{\"@type\":\"ListItem\",\"position\":2,\"name\":\"1\u00b0 Meeting delle Associazioni Laiche\",\"item\":\"https:\/\/www.civiltalaica.it\/cms\/1%c2%b0-meeting-delle-associazioni-laiche-2\/\"},{\"@type\":\"ListItem\",\"position\":3,\"name\":\"I vescovi contro Zapatero [La Stampa]\"}]},{\"@type\":\"WebSite\",\"@id\":\"https:\/\/www.civiltalaica.it\/cms\/#website\",\"url\":\"https:\/\/www.civiltalaica.it\/cms\/\",\"name\":\"Associazione Culturale Civilt\u00e0 Laica\",\"description\":\"Per un movimento culturale volto a difendere la Laicit\u00e0 dello Stato.\",\"potentialAction\":[{\"@type\":\"SearchAction\",\"target\":{\"@type\":\"EntryPoint\",\"urlTemplate\":\"https:\/\/www.civiltalaica.it\/cms\/?s={search_term_string}\"},\"query-input\":{\"@type\":\"PropertyValueSpecification\",\"valueRequired\":true,\"valueName\":\"search_term_string\"}}],\"inLanguage\":\"it-IT\"},{\"@type\":\"Person\",\"@id\":\"https:\/\/www.civiltalaica.it\/cms\/#\/schema\/person\/500a52762e2620e007d6333aa121f5e5\",\"name\":\"cladmin\",\"url\":\"https:\/\/www.civiltalaica.it\/cms\/author\/cladmin\/\"}]}<\/script>\n<!-- \/ Yoast SEO plugin. -->","yoast_head_json":{"title":"I vescovi contro Zapatero [La Stampa] - Associazione Culturale Civilt\u00e0 Laica","robots":{"index":"index","follow":"follow","max-snippet":"max-snippet:-1","max-image-preview":"max-image-preview:large","max-video-preview":"max-video-preview:-1"},"canonical":"https:\/\/www.civiltalaica.it\/cms\/i-vescovi-contro-zapatero-la-stampa\/","og_locale":"it_IT","og_type":"article","og_title":"I vescovi contro Zapatero [La Stampa] - Associazione Culturale Civilt\u00e0 Laica","og_description":"&#8230; ovvero: &quot;DIECI MOTIVI PER NON VOTARLO&quot;. Il primo ministro si difende: la maggioranza \u00e8 dalla mia parteLUIGI LA SPINA su La Stampa del 1\/2\/2008 Il ministero della Sanit\u00e0 fronteggia uno dei pi\u00f9 belli e noti viali di Madrid, il Paseo del Prado. Sulla facciata spiccano tre enormi fotografie con i volti di alcuni fra [&hellip;]","og_url":"https:\/\/www.civiltalaica.it\/cms\/i-vescovi-contro-zapatero-la-stampa\/","og_site_name":"Associazione Culturale Civilt\u00e0 Laica","article_publisher":"https:\/\/www.facebook.com\/civiltalaica","article_published_time":"2008-02-01T12:14:48+00:00","article_modified_time":"2011-01-26T09:42:57+00:00","og_image":[{"width":400,"height":180,"url":"https:\/\/www.civiltalaica.it\/cms\/wp-content\/uploads\/2017\/06\/logo-cl.png","type":"image\/png"}],"author":"cladmin","twitter_card":"summary_large_image","twitter_misc":{"Scritto da":"cladmin","Tempo di lettura stimato":"4 minuti"},"schema":{"@context":"https:\/\/schema.org","@graph":[{"@type":"Article","@id":"https:\/\/www.civiltalaica.it\/cms\/i-vescovi-contro-zapatero-la-stampa\/#article","isPartOf":{"@id":"https:\/\/www.civiltalaica.it\/cms\/i-vescovi-contro-zapatero-la-stampa\/"},"author":{"name":"cladmin","@id":"https:\/\/www.civiltalaica.it\/cms\/#\/schema\/person\/500a52762e2620e007d6333aa121f5e5"},"headline":"I vescovi contro Zapatero [La Stampa]","datePublished":"2008-02-01T12:14:48+00:00","dateModified":"2011-01-26T09:42:57+00:00","mainEntityOfPage":{"@id":"https:\/\/www.civiltalaica.it\/cms\/i-vescovi-contro-zapatero-la-stampa\/"},"wordCount":738,"keywords":["Web"],"articleSection":["articoli"],"inLanguage":"it-IT"},{"@type":"WebPage","@id":"https:\/\/www.civiltalaica.it\/cms\/i-vescovi-contro-zapatero-la-stampa\/","url":"https:\/\/www.civiltalaica.it\/cms\/i-vescovi-contro-zapatero-la-stampa\/","name":"I vescovi contro Zapatero [La Stampa] - Associazione Culturale Civilt\u00e0 Laica","isPartOf":{"@id":"https:\/\/www.civiltalaica.it\/cms\/#website"},"datePublished":"2008-02-01T12:14:48+00:00","dateModified":"2011-01-26T09:42:57+00:00","author":{"@id":"https:\/\/www.civiltalaica.it\/cms\/#\/schema\/person\/500a52762e2620e007d6333aa121f5e5"},"breadcrumb":{"@id":"https:\/\/www.civiltalaica.it\/cms\/i-vescovi-contro-zapatero-la-stampa\/#breadcrumb"},"inLanguage":"it-IT","potentialAction":[{"@type":"ReadAction","target":["https:\/\/www.civiltalaica.it\/cms\/i-vescovi-contro-zapatero-la-stampa\/"]}]},{"@type":"BreadcrumbList","@id":"https:\/\/www.civiltalaica.it\/cms\/i-vescovi-contro-zapatero-la-stampa\/#breadcrumb","itemListElement":[{"@type":"ListItem","position":1,"name":"Home","item":"https:\/\/www.civiltalaica.it\/cms\/"},{"@type":"ListItem","position":2,"name":"1\u00b0 Meeting delle Associazioni Laiche","item":"https:\/\/www.civiltalaica.it\/cms\/1%c2%b0-meeting-delle-associazioni-laiche-2\/"},{"@type":"ListItem","position":3,"name":"I vescovi contro Zapatero [La Stampa]"}]},{"@type":"WebSite","@id":"https:\/\/www.civiltalaica.it\/cms\/#website","url":"https:\/\/www.civiltalaica.it\/cms\/","name":"Associazione Culturale Civilt\u00e0 Laica","description":"Per un movimento culturale volto a difendere la Laicit\u00e0 dello Stato.","potentialAction":[{"@type":"SearchAction","target":{"@type":"EntryPoint","urlTemplate":"https:\/\/www.civiltalaica.it\/cms\/?s={search_term_string}"},"query-input":{"@type":"PropertyValueSpecification","valueRequired":true,"valueName":"search_term_string"}}],"inLanguage":"it-IT"},{"@type":"Person","@id":"https:\/\/www.civiltalaica.it\/cms\/#\/schema\/person\/500a52762e2620e007d6333aa121f5e5","name":"cladmin","url":"https:\/\/www.civiltalaica.it\/cms\/author\/cladmin\/"}]}},"_links":{"self":[{"href":"https:\/\/www.civiltalaica.it\/cms\/wp-json\/wp\/v2\/posts\/767","targetHints":{"allow":["GET"]}}],"collection":[{"href":"https:\/\/www.civiltalaica.it\/cms\/wp-json\/wp\/v2\/posts"}],"about":[{"href":"https:\/\/www.civiltalaica.it\/cms\/wp-json\/wp\/v2\/types\/post"}],"author":[{"embeddable":true,"href":"https:\/\/www.civiltalaica.it\/cms\/wp-json\/wp\/v2\/users\/1"}],"replies":[{"embeddable":true,"href":"https:\/\/www.civiltalaica.it\/cms\/wp-json\/wp\/v2\/comments?post=767"}],"version-history":[{"count":0,"href":"https:\/\/www.civiltalaica.it\/cms\/wp-json\/wp\/v2\/posts\/767\/revisions"}],"wp:attachment":[{"href":"https:\/\/www.civiltalaica.it\/cms\/wp-json\/wp\/v2\/media?parent=767"}],"wp:term":[{"taxonomy":"category","embeddable":true,"href":"https:\/\/www.civiltalaica.it\/cms\/wp-json\/wp\/v2\/categories?post=767"},{"taxonomy":"post_tag","embeddable":true,"href":"https:\/\/www.civiltalaica.it\/cms\/wp-json\/wp\/v2\/tags?post=767"}],"curies":[{"name":"wp","href":"https:\/\/api.w.org\/{rel}","templated":true}]}}