{"id":734,"date":"2007-04-04T11:36:52","date_gmt":"2007-04-04T11:36:52","guid":{"rendered":""},"modified":"2011-01-26T09:55:56","modified_gmt":"2011-01-26T09:55:56","slug":"il-sonno-dei-laici-genera-mostruosita","status":"publish","type":"post","link":"https:\/\/www.civiltalaica.it\/cms\/il-sonno-dei-laici-genera-mostruosita\/","title":{"rendered":"Il sonno dei laici genera mostruosit\u00e0"},"content":{"rendered":"<p>* <a target=\"_blank\" href=\"http:\/\/www.radicali.it\/newsletter\/view.php?id=91646&#038;numero=5750&#038;title=DOWNLOAD\">Francesco Pullia su Notizie Radicali<\/a><\/p>\n<p>Ormai, grazie all&#39;arrendevolezza dei laici, lo sfondamento \u00e8 compiuto e siamo arrivati ad una sorta di Porta Pia inversa e contraria. Le religioni confessionali e istituzionalizzate manifestano sempre pi\u00f9 il loro volto antireligioso e anticompassionevole brandendo il credo come un&#39;arma micidiale minacciosa per l&#39;umanit\u00e0.<\/p>\n<p>Non c&#39;\u00e8 differenza tra l&#39;imam torinese che incita all&#39;odio contro ebrei e cristiani e il presidente della Conferenza episcopale italiana che, non da meno, punta l&#39;indice su coloro che non si adeguano, e cio\u00e8 sottomettono, alle direttive vaticane.<\/p>\n<p><!--more--><br \/>Certo, con un papa che un giorno s\u00ec ed uno no, ritenendosi depositario del volere divino (povero Dio!) si intrufola nella nostra vita privata, nei nostri letti, nelle nostre coscienze minacciando lamelle infernali (speriamo che intanto in terra non si ricominci ad accenderne altre), stabilendo chi \u00e8 buono (praticamente quasi nessuno, tranne ovviamente le gerarchie ecclesiastiche, Luigi Bobba, la Binetti, con l&#39;aggiunta di Mastella) e chi invece sconter\u00e0 l&#39;implacabile verdetto nel giorno del giudizio (vale a dire il resto dell&#39;umanit\u00e0, tra cui naturalmente noi) \u00e8 difficile andare avanti.<\/p>\n<p>Ma \u00e8 altrettanto difficile fare progressi sulla via della tolleranza e della libert\u00e0 religiosa anche con un ceto politico e istituzionale conformista, bacchettone, prono, totalmente privo di senso dello stato.<\/p>\n<p>E non mancano le chicche. Un quotidiano locale ha, infatti, riportato la notizia che un certo Bernardo Provenzano attualmente detenuto nell&#39;ala del 41 bis della casa circondariale di Terni, una volta a settimana riceve la visita del cappellano che addirittura celebra appositamente per lui una messa cui, citiamo dal giornale, &quot;il padrino partecipa con attenzione&quot;. E ancora: &quot;Quello con il sacerdote, insieme all&#39;incontro mensile con i familiari, \u00e8 l&#39;unico contatto &quot;esterno&quot; diretto di Bernardo Provenzano. Ventidue ore giornaliere da trascorrere in cella, in totale isolamento cos\u00ec come le due di &quot;aria&quot;, che l&#39;ex primula rossa della mafia inganna in gran parte con la Bibbia tra le mani. Una lettura approfondita che va avanti dal suo ingresso a Sabbione (localit\u00e0 dove si trovano le carceri ternane, n.d.r.) e che ultimamente lo ha spinto a chiedere e ottenere una nuova copia del testo sacro&quot;.<\/p>\n<p>Santo subito?<\/p>\n<p>Un&#39;altra chicca. Da un altro quotidiano a tiratura regionale apprendiamo che tra le schede nulle dei votanti al congresso provinciale dei democratici di sinistra ternani non sono mancate preferenze per mons. Vincenzo Paglia, vescovo di Terni, Narni, Amelia, nonch\u00e9 ispiratore della Comunit\u00e0 di Sant&#39;Egidio. Complimenti, senz&#39;altro, per mons. Paglia, che \u00e8 riuscito a fare breccia sui militanti dell&#39;ex Pci e che, in un certo senso, dimostra di essere pi\u00f9 vicino ai sentimenti della gente dei politici umbri (rossi, non di vergogna ma di appartenenza) arroganti, spavaldi, drammaticamente sordi, che si comportano come capi bastone arroccati nei loro intoccabili feudi.<\/p>\n<p>Ci\u00f2 che accade in una piccola provincia come Terni, dove tra l&#39;altro \u00e8 stato trasferito, in una struttura religiosa, il pruriginoso padre Fedele, alias il Rocco Siffredi dei frati, non \u00e8 episodico n\u00e9 casuale ma \u00e8 metafora di quanto, a livello pi\u00f9 generale, si verifica nel resto di un paese come il nostro dove, come giustamente, lamentava domenica scorsa, con toni molto preoccupati e preoccupanti, Souad Sbai, leader della comunit\u00e0 delle donne marocchine in Italia, le cosiddette femministe, che tanto si affannavano e sbracciavano negli anni settanta, si sono dileguate e ci s&#39;appella ad un&#39;ipocrita e squallida concezione di tolleranza per giustificare, e finire per legittimare, violenze e sottomissioni legate alla disciplina cranica.<\/p>\n<p>Qualche protagonista della stagione dei diritti civili, poi, ha deciso di traslocare, armi e bagagli, all&#39;altra sponda, cio\u00e8 Oltretevere, e di farsi testimonial del &quot;Family day&quot;&#8230;<\/p>\n<p>A proposito, non si capisce come mai tanto accanimento in difesa del matrimonio e della famiglia venga proprio da parte di una classe, o casta che dir si voglia, come quella clericale, che non pu\u00f2 sposarsi.<\/p>\n<p>Evidentemente c&#39;\u00e8 qualcosa che non quadra&#8230; E&#39; sbagliato,tuttavia, imputare un&#39;indebita intromissione esclusivamente ai vertici vaticani (che hanno ormai reiteratamente violato lo stesso concordato). La vera responsabilit\u00e0 va addebitata, come gi\u00e0 abbiamo detto, ad una sorta di scollamento, verificatosi a livello politico, a causa del quale, per opportunismo e complicit\u00e0, si \u00e8 fatto s\u00ec che le istituzioni confessionali (non solo ecclesiastiche, quindi) venissero gradualmente ad occupare spazi sempre maggiori abbandonati sia dalle istituzioni statali che dalla politica in senso stretto.<\/p>\n<p>Non meravigliamoci, dunque, se il 51% degli italiani, martellati dall&#39;imponente schieramento mediatico, giungono ad approvare il continuo interventismo dello Stato vaticano su tutto, dai comportamenti individuali al calcio.<\/p>\n<p>E non meravigliamoci se, purtroppo, qualche magistrato (come, d&#39;altronde, accadeva in Afghanistan con il regime talebano) si arroga di essere interprete di qualche &quot;opus Dei&quot;. Laici, liberi religiosi, animati da profondo amore per la vita, fino a quando s&#39;intende dormire?<\/p>\n","protected":false},"excerpt":{"rendered":"<p>* Francesco Pullia su Notizie Radicali Ormai, grazie all&#39;arrendevolezza dei laici, lo sfondamento \u00e8 compiuto e siamo arrivati ad una sorta di Porta Pia inversa e contraria. Le religioni confessionali e istituzionalizzate manifestano sempre pi\u00f9 il loro volto antireligioso e anticompassionevole brandendo il credo come un&#39;arma micidiale minacciosa per l&#39;umanit\u00e0. Non c&#39;\u00e8 differenza tra l&#39;imam [&hellip;]<\/p>\n","protected":false},"author":1,"featured_media":0,"comment_status":"closed","ping_status":"closed","sticky":false,"template":"","format":"standard","meta":{"footnotes":""},"categories":[238],"tags":[41],"class_list":["post-734","post","type-post","status-publish","format-standard","hentry","category-articoli","tag-web"],"yoast_head":"<!-- This site is optimized with the Yoast SEO plugin v27.1.1 - https:\/\/yoast.com\/product\/yoast-seo-wordpress\/ -->\n<title>Il sonno dei laici genera mostruosit\u00e0 - Associazione Culturale Civilt\u00e0 Laica<\/title>\n<meta name=\"robots\" content=\"index, follow, max-snippet:-1, max-image-preview:large, max-video-preview:-1\" \/>\n<link rel=\"canonical\" href=\"https:\/\/www.civiltalaica.it\/cms\/il-sonno-dei-laici-genera-mostruosita\/\" \/>\n<meta property=\"og:locale\" content=\"it_IT\" \/>\n<meta property=\"og:type\" content=\"article\" \/>\n<meta property=\"og:title\" content=\"Il sonno dei laici genera mostruosit\u00e0 - Associazione Culturale Civilt\u00e0 Laica\" \/>\n<meta property=\"og:description\" content=\"* Francesco Pullia su Notizie Radicali Ormai, grazie all&#039;arrendevolezza dei laici, lo sfondamento \u00e8 compiuto e siamo arrivati ad una sorta di Porta Pia inversa e contraria. Le religioni confessionali e istituzionalizzate manifestano sempre pi\u00f9 il loro volto antireligioso e anticompassionevole brandendo il credo come un&#039;arma micidiale minacciosa per l&#039;umanit\u00e0. Non c&#039;\u00e8 differenza tra l&#039;imam [&hellip;]\" \/>\n<meta property=\"og:url\" content=\"https:\/\/www.civiltalaica.it\/cms\/il-sonno-dei-laici-genera-mostruosita\/\" \/>\n<meta property=\"og:site_name\" content=\"Associazione Culturale Civilt\u00e0 Laica\" \/>\n<meta property=\"article:publisher\" content=\"https:\/\/www.facebook.com\/civiltalaica\" \/>\n<meta property=\"article:published_time\" content=\"2007-04-04T11:36:52+00:00\" \/>\n<meta property=\"article:modified_time\" content=\"2011-01-26T09:55:56+00:00\" \/>\n<meta property=\"og:image\" content=\"https:\/\/www.civiltalaica.it\/cms\/wp-content\/uploads\/2017\/06\/logo-cl.png\" \/>\n\t<meta property=\"og:image:width\" content=\"400\" \/>\n\t<meta property=\"og:image:height\" content=\"180\" \/>\n\t<meta property=\"og:image:type\" content=\"image\/png\" \/>\n<meta name=\"author\" content=\"cladmin\" \/>\n<meta name=\"twitter:card\" content=\"summary_large_image\" \/>\n<meta name=\"twitter:label1\" content=\"Scritto da\" \/>\n\t<meta name=\"twitter:data1\" content=\"cladmin\" \/>\n\t<meta name=\"twitter:label2\" content=\"Tempo di lettura stimato\" \/>\n\t<meta name=\"twitter:data2\" content=\"4 minuti\" \/>\n<script type=\"application\/ld+json\" class=\"yoast-schema-graph\">{\"@context\":\"https:\/\/schema.org\",\"@graph\":[{\"@type\":\"Article\",\"@id\":\"https:\/\/www.civiltalaica.it\/cms\/il-sonno-dei-laici-genera-mostruosita\/#article\",\"isPartOf\":{\"@id\":\"https:\/\/www.civiltalaica.it\/cms\/il-sonno-dei-laici-genera-mostruosita\/\"},\"author\":{\"name\":\"cladmin\",\"@id\":\"https:\/\/www.civiltalaica.it\/cms\/#\/schema\/person\/500a52762e2620e007d6333aa121f5e5\"},\"headline\":\"Il sonno dei laici genera mostruosit\u00e0\",\"datePublished\":\"2007-04-04T11:36:52+00:00\",\"dateModified\":\"2011-01-26T09:55:56+00:00\",\"mainEntityOfPage\":{\"@id\":\"https:\/\/www.civiltalaica.it\/cms\/il-sonno-dei-laici-genera-mostruosita\/\"},\"wordCount\":804,\"keywords\":[\"Web\"],\"articleSection\":[\"articoli\"],\"inLanguage\":\"it-IT\"},{\"@type\":\"WebPage\",\"@id\":\"https:\/\/www.civiltalaica.it\/cms\/il-sonno-dei-laici-genera-mostruosita\/\",\"url\":\"https:\/\/www.civiltalaica.it\/cms\/il-sonno-dei-laici-genera-mostruosita\/\",\"name\":\"Il sonno dei laici genera mostruosit\u00e0 - Associazione Culturale Civilt\u00e0 Laica\",\"isPartOf\":{\"@id\":\"https:\/\/www.civiltalaica.it\/cms\/#website\"},\"datePublished\":\"2007-04-04T11:36:52+00:00\",\"dateModified\":\"2011-01-26T09:55:56+00:00\",\"author\":{\"@id\":\"https:\/\/www.civiltalaica.it\/cms\/#\/schema\/person\/500a52762e2620e007d6333aa121f5e5\"},\"breadcrumb\":{\"@id\":\"https:\/\/www.civiltalaica.it\/cms\/il-sonno-dei-laici-genera-mostruosita\/#breadcrumb\"},\"inLanguage\":\"it-IT\",\"potentialAction\":[{\"@type\":\"ReadAction\",\"target\":[\"https:\/\/www.civiltalaica.it\/cms\/il-sonno-dei-laici-genera-mostruosita\/\"]}]},{\"@type\":\"BreadcrumbList\",\"@id\":\"https:\/\/www.civiltalaica.it\/cms\/il-sonno-dei-laici-genera-mostruosita\/#breadcrumb\",\"itemListElement\":[{\"@type\":\"ListItem\",\"position\":1,\"name\":\"Home\",\"item\":\"https:\/\/www.civiltalaica.it\/cms\/\"},{\"@type\":\"ListItem\",\"position\":2,\"name\":\"1\u00b0 Meeting delle Associazioni Laiche\",\"item\":\"https:\/\/www.civiltalaica.it\/cms\/1%c2%b0-meeting-delle-associazioni-laiche-2\/\"},{\"@type\":\"ListItem\",\"position\":3,\"name\":\"Il sonno dei laici genera mostruosit\u00e0\"}]},{\"@type\":\"WebSite\",\"@id\":\"https:\/\/www.civiltalaica.it\/cms\/#website\",\"url\":\"https:\/\/www.civiltalaica.it\/cms\/\",\"name\":\"Associazione Culturale Civilt\u00e0 Laica\",\"description\":\"Per un movimento culturale volto a difendere la Laicit\u00e0 dello Stato.\",\"potentialAction\":[{\"@type\":\"SearchAction\",\"target\":{\"@type\":\"EntryPoint\",\"urlTemplate\":\"https:\/\/www.civiltalaica.it\/cms\/?s={search_term_string}\"},\"query-input\":{\"@type\":\"PropertyValueSpecification\",\"valueRequired\":true,\"valueName\":\"search_term_string\"}}],\"inLanguage\":\"it-IT\"},{\"@type\":\"Person\",\"@id\":\"https:\/\/www.civiltalaica.it\/cms\/#\/schema\/person\/500a52762e2620e007d6333aa121f5e5\",\"name\":\"cladmin\",\"url\":\"https:\/\/www.civiltalaica.it\/cms\/author\/cladmin\/\"}]}<\/script>\n<!-- \/ Yoast SEO plugin. -->","yoast_head_json":{"title":"Il sonno dei laici genera mostruosit\u00e0 - Associazione Culturale Civilt\u00e0 Laica","robots":{"index":"index","follow":"follow","max-snippet":"max-snippet:-1","max-image-preview":"max-image-preview:large","max-video-preview":"max-video-preview:-1"},"canonical":"https:\/\/www.civiltalaica.it\/cms\/il-sonno-dei-laici-genera-mostruosita\/","og_locale":"it_IT","og_type":"article","og_title":"Il sonno dei laici genera mostruosit\u00e0 - Associazione Culturale Civilt\u00e0 Laica","og_description":"* Francesco Pullia su Notizie Radicali Ormai, grazie all&#39;arrendevolezza dei laici, lo sfondamento \u00e8 compiuto e siamo arrivati ad una sorta di Porta Pia inversa e contraria. Le religioni confessionali e istituzionalizzate manifestano sempre pi\u00f9 il loro volto antireligioso e anticompassionevole brandendo il credo come un&#39;arma micidiale minacciosa per l&#39;umanit\u00e0. Non c&#39;\u00e8 differenza tra l&#39;imam [&hellip;]","og_url":"https:\/\/www.civiltalaica.it\/cms\/il-sonno-dei-laici-genera-mostruosita\/","og_site_name":"Associazione Culturale Civilt\u00e0 Laica","article_publisher":"https:\/\/www.facebook.com\/civiltalaica","article_published_time":"2007-04-04T11:36:52+00:00","article_modified_time":"2011-01-26T09:55:56+00:00","og_image":[{"width":400,"height":180,"url":"https:\/\/www.civiltalaica.it\/cms\/wp-content\/uploads\/2017\/06\/logo-cl.png","type":"image\/png"}],"author":"cladmin","twitter_card":"summary_large_image","twitter_misc":{"Scritto da":"cladmin","Tempo di lettura stimato":"4 minuti"},"schema":{"@context":"https:\/\/schema.org","@graph":[{"@type":"Article","@id":"https:\/\/www.civiltalaica.it\/cms\/il-sonno-dei-laici-genera-mostruosita\/#article","isPartOf":{"@id":"https:\/\/www.civiltalaica.it\/cms\/il-sonno-dei-laici-genera-mostruosita\/"},"author":{"name":"cladmin","@id":"https:\/\/www.civiltalaica.it\/cms\/#\/schema\/person\/500a52762e2620e007d6333aa121f5e5"},"headline":"Il sonno dei laici genera mostruosit\u00e0","datePublished":"2007-04-04T11:36:52+00:00","dateModified":"2011-01-26T09:55:56+00:00","mainEntityOfPage":{"@id":"https:\/\/www.civiltalaica.it\/cms\/il-sonno-dei-laici-genera-mostruosita\/"},"wordCount":804,"keywords":["Web"],"articleSection":["articoli"],"inLanguage":"it-IT"},{"@type":"WebPage","@id":"https:\/\/www.civiltalaica.it\/cms\/il-sonno-dei-laici-genera-mostruosita\/","url":"https:\/\/www.civiltalaica.it\/cms\/il-sonno-dei-laici-genera-mostruosita\/","name":"Il sonno dei laici genera mostruosit\u00e0 - Associazione Culturale Civilt\u00e0 Laica","isPartOf":{"@id":"https:\/\/www.civiltalaica.it\/cms\/#website"},"datePublished":"2007-04-04T11:36:52+00:00","dateModified":"2011-01-26T09:55:56+00:00","author":{"@id":"https:\/\/www.civiltalaica.it\/cms\/#\/schema\/person\/500a52762e2620e007d6333aa121f5e5"},"breadcrumb":{"@id":"https:\/\/www.civiltalaica.it\/cms\/il-sonno-dei-laici-genera-mostruosita\/#breadcrumb"},"inLanguage":"it-IT","potentialAction":[{"@type":"ReadAction","target":["https:\/\/www.civiltalaica.it\/cms\/il-sonno-dei-laici-genera-mostruosita\/"]}]},{"@type":"BreadcrumbList","@id":"https:\/\/www.civiltalaica.it\/cms\/il-sonno-dei-laici-genera-mostruosita\/#breadcrumb","itemListElement":[{"@type":"ListItem","position":1,"name":"Home","item":"https:\/\/www.civiltalaica.it\/cms\/"},{"@type":"ListItem","position":2,"name":"1\u00b0 Meeting delle Associazioni Laiche","item":"https:\/\/www.civiltalaica.it\/cms\/1%c2%b0-meeting-delle-associazioni-laiche-2\/"},{"@type":"ListItem","position":3,"name":"Il sonno dei laici genera mostruosit\u00e0"}]},{"@type":"WebSite","@id":"https:\/\/www.civiltalaica.it\/cms\/#website","url":"https:\/\/www.civiltalaica.it\/cms\/","name":"Associazione Culturale Civilt\u00e0 Laica","description":"Per un movimento culturale volto a difendere la Laicit\u00e0 dello Stato.","potentialAction":[{"@type":"SearchAction","target":{"@type":"EntryPoint","urlTemplate":"https:\/\/www.civiltalaica.it\/cms\/?s={search_term_string}"},"query-input":{"@type":"PropertyValueSpecification","valueRequired":true,"valueName":"search_term_string"}}],"inLanguage":"it-IT"},{"@type":"Person","@id":"https:\/\/www.civiltalaica.it\/cms\/#\/schema\/person\/500a52762e2620e007d6333aa121f5e5","name":"cladmin","url":"https:\/\/www.civiltalaica.it\/cms\/author\/cladmin\/"}]}},"_links":{"self":[{"href":"https:\/\/www.civiltalaica.it\/cms\/wp-json\/wp\/v2\/posts\/734","targetHints":{"allow":["GET"]}}],"collection":[{"href":"https:\/\/www.civiltalaica.it\/cms\/wp-json\/wp\/v2\/posts"}],"about":[{"href":"https:\/\/www.civiltalaica.it\/cms\/wp-json\/wp\/v2\/types\/post"}],"author":[{"embeddable":true,"href":"https:\/\/www.civiltalaica.it\/cms\/wp-json\/wp\/v2\/users\/1"}],"replies":[{"embeddable":true,"href":"https:\/\/www.civiltalaica.it\/cms\/wp-json\/wp\/v2\/comments?post=734"}],"version-history":[{"count":0,"href":"https:\/\/www.civiltalaica.it\/cms\/wp-json\/wp\/v2\/posts\/734\/revisions"}],"wp:attachment":[{"href":"https:\/\/www.civiltalaica.it\/cms\/wp-json\/wp\/v2\/media?parent=734"}],"wp:term":[{"taxonomy":"category","embeddable":true,"href":"https:\/\/www.civiltalaica.it\/cms\/wp-json\/wp\/v2\/categories?post=734"},{"taxonomy":"post_tag","embeddable":true,"href":"https:\/\/www.civiltalaica.it\/cms\/wp-json\/wp\/v2\/tags?post=734"}],"curies":[{"name":"wp","href":"https:\/\/api.w.org\/{rel}","templated":true}]}}