{"id":729,"date":"2007-02-18T20:28:48","date_gmt":"2007-02-18T20:28:48","guid":{"rendered":""},"modified":"2011-01-26T09:56:52","modified_gmt":"2011-01-26T09:56:52","slug":"litalia-che-va-a-messa-davvero-uninchiesta-rivelatrice","status":"publish","type":"post","link":"https:\/\/www.civiltalaica.it\/cms\/litalia-che-va-a-messa-davvero-uninchiesta-rivelatrice\/","title":{"rendered":"L&#8217;Italia che va a messa davvero: un&#8217;inchiesta rivelatrice"},"content":{"rendered":"<p>dal sito<a href=\"http:\/\/chiesa.espresso.repubblica.it\/\" target=\"_blank\"> www.chiesa<\/a>:<\/p>\n<p>La frequenza effettiva \u00e8 molto pi\u00f9 bassa di quella dichiarata nei<br \/>\nsondaggi: l&#39;ha accertato una doppia indagine del patriarcato di<br \/>\nVenezia. Che cosa cambia nel giudizio del papa e dei vescovi<br \/>\nsull&#39;Italia cattolica?<\/p>\n<p><!--more--><br \/>* di Sandro Magister<\/p>\n<p>ROMA, 8 febbraio 2007 &#8211; La febbrile attesa su chi Benedetto XVI nominer\u00e0 tra breve nuovo presidente della conferenza episcopale italiana, al posto del cardinale Camillo Ruini che dopo sedici anni lascia per superati limiti di et\u00e0, non cancella una domanda capitale: quanto \u00e8 viva la Chiesa italiana?<\/p>\n<p>La risposta del cardinale Ruini \u00e8 nota. Disse ad esempio l&#39;11 febbraio 2005 a conclusione di una conferenza:<\/p>\n<p>&quot;In Italia ci troviamo in una situazione privilegiata, rispetto a gran parte dell&#39;Europa, perch\u00e9 la fede cristiana, nella sua forma cattolica, in Italia \u00e8 viva ed \u00e8 radicata nel popolo&quot;.<\/p>\n<p>E spieg\u00f2:<\/p>\n<p>&quot;Resto sempre perplesso quando sento dire che i cristiani sono minoranza, ad esempio in Italia, perch\u00e9 di fatto si \u00e8 cristiani in misura pi\u00f9 o meno piena ed intensa e pertanto, se parliamo di una generica adesione al cattolicesimo, possiamo affermare che essa in Italia \u00e8 ancora largamente maggioritaria. \u00c8 vero per\u00f2 che sono minoranza coloro che vivono la propria fede in maniera profonda: ma solo da loro pu\u00f2 venire una vera spinta, un&#39;animazione in senso cristiano della cultura e della societ\u00e0. \u00c8 questo del resto il rapporto che si ha normalmente tra minoranze e maggioranze: sono le minoranze convinte e motivate quelle che orientano il cammino delle maggioranze&quot;.<\/p>\n<p>Anche l&#39;opinione di Benedetto XVI \u00e8 nota. Disse il 19 ottobre 2006 agli stati maggiori della Chiesa italiana riuniti a Verona:<\/p>\n<p>&quot;L&#39;Italia costituisce un terreno assai favorevole per la testimonianza cristiana. La Chiesa, infatti, qui \u00e8 una realt\u00e0 molto viva, che conserva una presenza capillare in mezzo alla gente di ogni et\u00e0 e condizione. Le tradizioni cristiane sono spesso ancora radicate e continuano a produrre frutti. [&#8230;] La Chiesa e i cattolici italiani sono dunque chiamati a cogliere questa grande opportunit\u00e0. [&#8230;] Se sapremo farlo, la Chiesa in Italia render\u00e0 un grande servizio non solo a questa nazione, ma anche all&#39;Europa e al mondo&quot;.<\/p>\n<p>Uno dei dati che comproverebbe la tenuta e la vitalit\u00e0 del cattolicesimo in Italia \u00e8 la frequenza alla messa domenicale. Da pi\u00f9 di trent&#39;anni tutte le rilevazioni concordano nell&#39;attestare una frequenza regolare alla messa molto alta rispetto ad altri paesi d&#39;Europa: stabilmente attorno al 30 per cento, cui va aggiunto un 20 per cento che va a messa da una a tre volte al mese e un altro 30 per cento che ci va a Natale, a Pasqua e nelle grandi festivit\u00e0.<\/p>\n<p>Ma questi alti indici di partecipazione fotografano con esattezza la realt\u00e0? Gli esperti di sociologia religiosa hanno sinora sempre accreditato come validi questi dati, ripetutamente raccolti con interviste da un campione della popolazione italiana. Semmai sono i preti ad esprimere in proposito dubbi e perplessit\u00e0. Da un&#39;indagine tra il clero in Italia, condotta nel 2003 da Franco Garelli, risulta che molti parroci ritengono la frequenza alla messa non stabile ma in diminuzione e stimano attorno al 20-22 per cento la media nazionale di chi va in chiesa ogni domenica, ossia 8-10 punti in meno rispetto alle survey.<\/p>\n<p>Chi ha ragione? Per la prima volta \u00e8 stata condotta una ricerca che consente di rispondere a questa domanda con pi\u00f9 cognizione di causa. La ricerca ha riguardato il patriarcato di Venezia retto dal cardinale Angelo Scola, una diocesi con 365 mila abitanti, una porzione piccola dell&#39;Italia. I risultati non possono quindi essere estesi automaticamente all&#39;intera nazione. Essi sono per\u00f2 di grande interesse, anche perch\u00e9 rispecchiano le indicazioni emerse da analoghe indagini condotte sulla pratica religiosa negli Stati Uniti e in Gran Bretagna.<\/p>\n<p>A Venezia la ricerca \u00e8 stata promossa dal patriarcato e sar\u00e0 pubblicata dall&#39;editrice arcivescovile Marcianum Press. Ma il curatore, Alessandro Castegnaro, direttore dell&#39;Osservatorio Socio-Religioso per il Triveneto, ne ha anticipato i risultati sulla rivista di sociologia &quot;Polis&quot; stampata a Bologna dall&#39;editrice il Mulino, in un saggio scritto assieme a Gianpiero Dalla Zuanna, professore di demografia all&#39;Universit\u00e0 di Padova.<\/p>\n<p>La ricerca si \u00e8 svolta in due tempi.<\/p>\n<p>In un primo momento, a tutti coloro che hanno preso parte alle 619 messe festive celebrate nel patriarcato di Venezia il 13 e 14 novembre 2004 \u00e8 stato distribuito e fatto subito compilare in chiesa un questionario, nel quale si chiedeva a ciascuno di dire anche a quante altre messe festive avesse partecipato nelle quattro domeniche precedenti.<\/p>\n<p>In un secondo momento, nella primavera del 2005, a un campione della popolazione del patriarcato di Venezia \u00e8 stata posta la consueta domanda sulla frequenza alla messa. In entrambi i casi, l&#39;et\u00e0 dei rispondenti presa in considerazione \u00e8 stata quella compresa tra i 18 e i 74 anni.<\/p>\n<p>Alla survey, le risposte hanno fornito risultati vicini a quelli nazionali degli ultimi trent&#39;anni. Il 26 per cento ha detto di andare a messa tutte le domeniche e un altro 16,5 per cento ha detto di andarci da una a tre volte al mese. Sommati, i frequentanti sarebbero il 42,5 per cento della popolazione del patriarcato.<\/p>\n<p>Nettamente inferiori, invece, sono state le frequenze risultanti dal conteggio diretto in tutte le chiese del 13 e 14 novembre 2004. Quelli che hanno detto di essere andati a messa anche in tutte e quattro le domeniche precedenti sono il 15 per cento della popolazione. E quelli che hanno detto di esservi andati da una a tre volte sono il 7,7 per cento. Sommati, il 22,7 per cento della popolazione.<\/p>\n<p>In entrambi i rilevamenti le donne praticanti sono pi\u00f9 numerose degli uomini e la frequenza alla messa aumenta col crescere dell&#39;et\u00e0 e col crescere dell&#39;istruzione. Scrivono a questo proposito Castegnaro e Dalla Zuanna nel loro saggio su &quot;Polis&quot;:<\/p>\n<p>&quot;I nostri risultati propongono un popolo di frequentanti molto pi\u00f9 istruito di quello che ci si poteva immaginare, e queste differenze sono pi\u00f9 intense tra i giovani che tra gli anziani: fra i trentenni praticanti regolari i laureati sono uno su tre, mentre fra i trentenni nel complesso della popolazione i laureati sono solo uno su dieci&quot;.<\/p>\n<p>Il dato che pi\u00f9 colpisce \u00e8 comunque la forte distanza tra le frequenze alla messa dichiarate nelle interviste e quelle riscontrate effettivamente nelle chiese. Le frequenze dichiarate sono molto pi\u00f9 numerose di quelle reali. E i pi\u00f9 propensi a sovradichiarare la propria pratica religiosa sono le persone con basso titolo di studio.<\/p>\n<p>Un altro elemento che colpisce \u00e8 la coincidenza quasi perfetta tra le frequenze effettive alla messa e la percezione che i preti hanno del fenomeno. Quel 22,7 per cento di praticanti misurati sul campo \u00e8 una percentuale quasi identica a quella stimata da un campione di preti del patriarcato di Venezia intervistati nel corso della stessa ricerca, oltre che coincidente col sentire diffuso dei preti italiani a livello nazionale.<\/p>\n<p>Inoltre, la distanza rilevata nella doppia indagine veneziana tra la frequenza alla messa dichiarata e quella effettiva \u00e8 simile a quella rilevata negli anni Ottanta e Novanta in analoghe indagini comparate svolte negli Stati Uniti (25 per cento effettivo contro 40 per cento dichiarato) e in Gran Bretagna (14 per cento contro 21). Di queste indagini hanno dato conto C.K. Hadaway, P.L. Marler e M. Chaves in saggi apparsi sulla &quot;American Sociological Review&quot;.<\/p>\n<p>Un&#39;ulteriore conferma \u00e8 data da alcuni conteggi diretti fatti in anni passati a Venezia e in altre aree del Veneto. In ogni caso, questa del 2004-2005 \u00e8 la prima comparazione effettuata in Italia tra frequenze effettive e frequenze dichiarate, per la stessa popolazione. Essa si limita al patriarcato di Venezia. &quot;Tuttavia&quot;, scrivono Castegnaro e Dalla Zuanna, &quot;le sfasature da noi riscontrate sono cos\u00ec ampie e ricalcano in modo cos\u00ec evidente quanto visto in altri contesti non italiani, da indurci a pensare che anche altrove, in Italia e in Europa, possa esistere il medesimo problema&quot;.<\/p>\n<p>Ma perch\u00e9 avviene questa sfasatura? Castegnaro e Dalla Zuanna avanzano soprattutto tre motivi che spingerebbero a sovradichiarare la frequenza alla messa.<\/p>\n<p>Un primo motivo \u00e8 la maggiore propensione a rispondere alle survey su questa materia che hanno le persone pi\u00f9 religiose di bassa istruzione, rispetto a quelle lontane dalla Chiesa.<\/p>\n<p>Un secondo motivo \u00e8 il diverso significato che la domanda sulla frequenza alla messa pu\u00f2 assumere per chi la fa e per chi la riceve. L&#39;intervistatore vuole misurare un preciso comportamento, mentre alcuni rispondenti pensano piuttosto a dar conto della propria generale adesione alla Chiesa.<\/p>\n<p>Un terzo motivo \u00e8 la volont\u00e0, pi\u00f9 o meno consapevole, di dare di s\u00e8 un&#39;immagine coerente con i propri convincimenti profondi. Dalla stessa indagine risulta che otto veneziani su dieci affermano di essere cattolici, di credere in Dio, di pensare a Dio almeno una volta al giorno, di rivolgersi a lui nei momenti difficili, di sentirlo presente e vicino. Quando dicono di osservare il precetto festivo pi\u00f9 di quanto lo osservino in pratica \u00e8 perch\u00e9 ritengono la partecipazione alla messa la giusta espressione dei loro convincimenti.<\/p>\n<p>E cos\u00ec chi va a messa due o tre volte al mese risponde di andarci tutte le domeniche. Chi ci va una volta, dice di andarci due o tre. Chi ci va pi\u00f9 di raro dice di andarci una volta al mese. Bastano queste piccole singole variazioni perch\u00e9 la frequenza complessiva alla messa risulti, nelle survey, molto sovradimensionata rispetto ai dati reali.<\/p>\n<p>Ma da qui a concludere che la fede cristiana in Italia non sia &quot;viva e radicata nel popolo&quot; ne corre.<\/p>\n<p>Queste indagini tracciano piuttosto un profilo dell&#39;intreccio tra gli italiani e la Chiesa cattolica pi\u00f9 realistico.<\/p>\n<p>E pi\u00f9 coincidente col giudizio che i pastori di questa stessa Chiesa, vescovi e preti, hanno da tempo gi\u00e0 maturato sul campo, per esperienza diretta.<\/p>\n","protected":false},"excerpt":{"rendered":"<p>dal sito www.chiesa: La frequenza effettiva \u00e8 molto pi\u00f9 bassa di quella dichiarata nei sondaggi: l&#39;ha accertato una doppia indagine del patriarcato di Venezia. Che cosa cambia nel giudizio del papa e dei vescovi sull&#39;Italia cattolica?<\/p>\n","protected":false},"author":1,"featured_media":0,"comment_status":"closed","ping_status":"closed","sticky":false,"template":"","format":"standard","meta":{"footnotes":""},"categories":[238],"tags":[41],"class_list":["post-729","post","type-post","status-publish","format-standard","hentry","category-articoli","tag-web"],"yoast_head":"<!-- This site is optimized with the Yoast SEO plugin v27.1.1 - https:\/\/yoast.com\/product\/yoast-seo-wordpress\/ -->\n<title>L&#039;Italia che va a messa davvero: un&#039;inchiesta rivelatrice - Associazione Culturale Civilt\u00e0 Laica<\/title>\n<meta name=\"robots\" content=\"index, follow, max-snippet:-1, max-image-preview:large, max-video-preview:-1\" \/>\n<link rel=\"canonical\" href=\"https:\/\/www.civiltalaica.it\/cms\/litalia-che-va-a-messa-davvero-uninchiesta-rivelatrice\/\" \/>\n<meta property=\"og:locale\" content=\"it_IT\" \/>\n<meta property=\"og:type\" content=\"article\" \/>\n<meta property=\"og:title\" content=\"L&#039;Italia che va a messa davvero: un&#039;inchiesta rivelatrice - Associazione Culturale Civilt\u00e0 Laica\" \/>\n<meta property=\"og:description\" content=\"dal sito www.chiesa: La frequenza effettiva \u00e8 molto pi\u00f9 bassa di quella dichiarata nei sondaggi: l&#039;ha accertato una doppia indagine del patriarcato di Venezia. Che cosa cambia nel giudizio del papa e dei vescovi sull&#039;Italia cattolica?\" \/>\n<meta property=\"og:url\" content=\"https:\/\/www.civiltalaica.it\/cms\/litalia-che-va-a-messa-davvero-uninchiesta-rivelatrice\/\" \/>\n<meta property=\"og:site_name\" content=\"Associazione Culturale Civilt\u00e0 Laica\" \/>\n<meta property=\"article:publisher\" content=\"https:\/\/www.facebook.com\/civiltalaica\" \/>\n<meta property=\"article:published_time\" content=\"2007-02-18T20:28:48+00:00\" \/>\n<meta property=\"article:modified_time\" content=\"2011-01-26T09:56:52+00:00\" \/>\n<meta property=\"og:image\" content=\"https:\/\/www.civiltalaica.it\/cms\/wp-content\/uploads\/2017\/06\/logo-cl.png\" \/>\n\t<meta property=\"og:image:width\" content=\"400\" \/>\n\t<meta property=\"og:image:height\" content=\"180\" \/>\n\t<meta property=\"og:image:type\" content=\"image\/png\" \/>\n<meta name=\"author\" content=\"cladmin\" \/>\n<meta name=\"twitter:card\" content=\"summary_large_image\" \/>\n<meta name=\"twitter:label1\" content=\"Scritto da\" \/>\n\t<meta name=\"twitter:data1\" content=\"cladmin\" \/>\n\t<meta name=\"twitter:label2\" content=\"Tempo di lettura stimato\" \/>\n\t<meta name=\"twitter:data2\" content=\"8 minuti\" \/>\n<script type=\"application\/ld+json\" class=\"yoast-schema-graph\">{\"@context\":\"https:\/\/schema.org\",\"@graph\":[{\"@type\":\"Article\",\"@id\":\"https:\/\/www.civiltalaica.it\/cms\/litalia-che-va-a-messa-davvero-uninchiesta-rivelatrice\/#article\",\"isPartOf\":{\"@id\":\"https:\/\/www.civiltalaica.it\/cms\/litalia-che-va-a-messa-davvero-uninchiesta-rivelatrice\/\"},\"author\":{\"name\":\"cladmin\",\"@id\":\"https:\/\/www.civiltalaica.it\/cms\/#\/schema\/person\/500a52762e2620e007d6333aa121f5e5\"},\"headline\":\"L&#8217;Italia che va a messa davvero: un&#8217;inchiesta rivelatrice\",\"datePublished\":\"2007-02-18T20:28:48+00:00\",\"dateModified\":\"2011-01-26T09:56:52+00:00\",\"mainEntityOfPage\":{\"@id\":\"https:\/\/www.civiltalaica.it\/cms\/litalia-che-va-a-messa-davvero-uninchiesta-rivelatrice\/\"},\"wordCount\":1591,\"keywords\":[\"Web\"],\"articleSection\":[\"articoli\"],\"inLanguage\":\"it-IT\"},{\"@type\":\"WebPage\",\"@id\":\"https:\/\/www.civiltalaica.it\/cms\/litalia-che-va-a-messa-davvero-uninchiesta-rivelatrice\/\",\"url\":\"https:\/\/www.civiltalaica.it\/cms\/litalia-che-va-a-messa-davvero-uninchiesta-rivelatrice\/\",\"name\":\"L'Italia che va a messa davvero: un'inchiesta rivelatrice - Associazione Culturale Civilt\u00e0 Laica\",\"isPartOf\":{\"@id\":\"https:\/\/www.civiltalaica.it\/cms\/#website\"},\"datePublished\":\"2007-02-18T20:28:48+00:00\",\"dateModified\":\"2011-01-26T09:56:52+00:00\",\"author\":{\"@id\":\"https:\/\/www.civiltalaica.it\/cms\/#\/schema\/person\/500a52762e2620e007d6333aa121f5e5\"},\"breadcrumb\":{\"@id\":\"https:\/\/www.civiltalaica.it\/cms\/litalia-che-va-a-messa-davvero-uninchiesta-rivelatrice\/#breadcrumb\"},\"inLanguage\":\"it-IT\",\"potentialAction\":[{\"@type\":\"ReadAction\",\"target\":[\"https:\/\/www.civiltalaica.it\/cms\/litalia-che-va-a-messa-davvero-uninchiesta-rivelatrice\/\"]}]},{\"@type\":\"BreadcrumbList\",\"@id\":\"https:\/\/www.civiltalaica.it\/cms\/litalia-che-va-a-messa-davvero-uninchiesta-rivelatrice\/#breadcrumb\",\"itemListElement\":[{\"@type\":\"ListItem\",\"position\":1,\"name\":\"Home\",\"item\":\"https:\/\/www.civiltalaica.it\/cms\/\"},{\"@type\":\"ListItem\",\"position\":2,\"name\":\"1\u00b0 Meeting delle Associazioni Laiche\",\"item\":\"https:\/\/www.civiltalaica.it\/cms\/1%c2%b0-meeting-delle-associazioni-laiche-2\/\"},{\"@type\":\"ListItem\",\"position\":3,\"name\":\"L&#8217;Italia che va a messa davvero: un&#8217;inchiesta rivelatrice\"}]},{\"@type\":\"WebSite\",\"@id\":\"https:\/\/www.civiltalaica.it\/cms\/#website\",\"url\":\"https:\/\/www.civiltalaica.it\/cms\/\",\"name\":\"Associazione Culturale Civilt\u00e0 Laica\",\"description\":\"Per un movimento culturale volto a difendere la Laicit\u00e0 dello Stato.\",\"potentialAction\":[{\"@type\":\"SearchAction\",\"target\":{\"@type\":\"EntryPoint\",\"urlTemplate\":\"https:\/\/www.civiltalaica.it\/cms\/?s={search_term_string}\"},\"query-input\":{\"@type\":\"PropertyValueSpecification\",\"valueRequired\":true,\"valueName\":\"search_term_string\"}}],\"inLanguage\":\"it-IT\"},{\"@type\":\"Person\",\"@id\":\"https:\/\/www.civiltalaica.it\/cms\/#\/schema\/person\/500a52762e2620e007d6333aa121f5e5\",\"name\":\"cladmin\",\"url\":\"https:\/\/www.civiltalaica.it\/cms\/author\/cladmin\/\"}]}<\/script>\n<!-- \/ Yoast SEO plugin. -->","yoast_head_json":{"title":"L'Italia che va a messa davvero: un'inchiesta rivelatrice - Associazione Culturale Civilt\u00e0 Laica","robots":{"index":"index","follow":"follow","max-snippet":"max-snippet:-1","max-image-preview":"max-image-preview:large","max-video-preview":"max-video-preview:-1"},"canonical":"https:\/\/www.civiltalaica.it\/cms\/litalia-che-va-a-messa-davvero-uninchiesta-rivelatrice\/","og_locale":"it_IT","og_type":"article","og_title":"L'Italia che va a messa davvero: un'inchiesta rivelatrice - Associazione Culturale Civilt\u00e0 Laica","og_description":"dal sito www.chiesa: La frequenza effettiva \u00e8 molto pi\u00f9 bassa di quella dichiarata nei sondaggi: l&#39;ha accertato una doppia indagine del patriarcato di Venezia. Che cosa cambia nel giudizio del papa e dei vescovi sull&#39;Italia cattolica?","og_url":"https:\/\/www.civiltalaica.it\/cms\/litalia-che-va-a-messa-davvero-uninchiesta-rivelatrice\/","og_site_name":"Associazione Culturale Civilt\u00e0 Laica","article_publisher":"https:\/\/www.facebook.com\/civiltalaica","article_published_time":"2007-02-18T20:28:48+00:00","article_modified_time":"2011-01-26T09:56:52+00:00","og_image":[{"width":400,"height":180,"url":"https:\/\/www.civiltalaica.it\/cms\/wp-content\/uploads\/2017\/06\/logo-cl.png","type":"image\/png"}],"author":"cladmin","twitter_card":"summary_large_image","twitter_misc":{"Scritto da":"cladmin","Tempo di lettura stimato":"8 minuti"},"schema":{"@context":"https:\/\/schema.org","@graph":[{"@type":"Article","@id":"https:\/\/www.civiltalaica.it\/cms\/litalia-che-va-a-messa-davvero-uninchiesta-rivelatrice\/#article","isPartOf":{"@id":"https:\/\/www.civiltalaica.it\/cms\/litalia-che-va-a-messa-davvero-uninchiesta-rivelatrice\/"},"author":{"name":"cladmin","@id":"https:\/\/www.civiltalaica.it\/cms\/#\/schema\/person\/500a52762e2620e007d6333aa121f5e5"},"headline":"L&#8217;Italia che va a messa davvero: un&#8217;inchiesta rivelatrice","datePublished":"2007-02-18T20:28:48+00:00","dateModified":"2011-01-26T09:56:52+00:00","mainEntityOfPage":{"@id":"https:\/\/www.civiltalaica.it\/cms\/litalia-che-va-a-messa-davvero-uninchiesta-rivelatrice\/"},"wordCount":1591,"keywords":["Web"],"articleSection":["articoli"],"inLanguage":"it-IT"},{"@type":"WebPage","@id":"https:\/\/www.civiltalaica.it\/cms\/litalia-che-va-a-messa-davvero-uninchiesta-rivelatrice\/","url":"https:\/\/www.civiltalaica.it\/cms\/litalia-che-va-a-messa-davvero-uninchiesta-rivelatrice\/","name":"L'Italia che va a messa davvero: un'inchiesta rivelatrice - Associazione Culturale Civilt\u00e0 Laica","isPartOf":{"@id":"https:\/\/www.civiltalaica.it\/cms\/#website"},"datePublished":"2007-02-18T20:28:48+00:00","dateModified":"2011-01-26T09:56:52+00:00","author":{"@id":"https:\/\/www.civiltalaica.it\/cms\/#\/schema\/person\/500a52762e2620e007d6333aa121f5e5"},"breadcrumb":{"@id":"https:\/\/www.civiltalaica.it\/cms\/litalia-che-va-a-messa-davvero-uninchiesta-rivelatrice\/#breadcrumb"},"inLanguage":"it-IT","potentialAction":[{"@type":"ReadAction","target":["https:\/\/www.civiltalaica.it\/cms\/litalia-che-va-a-messa-davvero-uninchiesta-rivelatrice\/"]}]},{"@type":"BreadcrumbList","@id":"https:\/\/www.civiltalaica.it\/cms\/litalia-che-va-a-messa-davvero-uninchiesta-rivelatrice\/#breadcrumb","itemListElement":[{"@type":"ListItem","position":1,"name":"Home","item":"https:\/\/www.civiltalaica.it\/cms\/"},{"@type":"ListItem","position":2,"name":"1\u00b0 Meeting delle Associazioni Laiche","item":"https:\/\/www.civiltalaica.it\/cms\/1%c2%b0-meeting-delle-associazioni-laiche-2\/"},{"@type":"ListItem","position":3,"name":"L&#8217;Italia che va a messa davvero: un&#8217;inchiesta rivelatrice"}]},{"@type":"WebSite","@id":"https:\/\/www.civiltalaica.it\/cms\/#website","url":"https:\/\/www.civiltalaica.it\/cms\/","name":"Associazione Culturale Civilt\u00e0 Laica","description":"Per un movimento culturale volto a difendere la Laicit\u00e0 dello Stato.","potentialAction":[{"@type":"SearchAction","target":{"@type":"EntryPoint","urlTemplate":"https:\/\/www.civiltalaica.it\/cms\/?s={search_term_string}"},"query-input":{"@type":"PropertyValueSpecification","valueRequired":true,"valueName":"search_term_string"}}],"inLanguage":"it-IT"},{"@type":"Person","@id":"https:\/\/www.civiltalaica.it\/cms\/#\/schema\/person\/500a52762e2620e007d6333aa121f5e5","name":"cladmin","url":"https:\/\/www.civiltalaica.it\/cms\/author\/cladmin\/"}]}},"_links":{"self":[{"href":"https:\/\/www.civiltalaica.it\/cms\/wp-json\/wp\/v2\/posts\/729","targetHints":{"allow":["GET"]}}],"collection":[{"href":"https:\/\/www.civiltalaica.it\/cms\/wp-json\/wp\/v2\/posts"}],"about":[{"href":"https:\/\/www.civiltalaica.it\/cms\/wp-json\/wp\/v2\/types\/post"}],"author":[{"embeddable":true,"href":"https:\/\/www.civiltalaica.it\/cms\/wp-json\/wp\/v2\/users\/1"}],"replies":[{"embeddable":true,"href":"https:\/\/www.civiltalaica.it\/cms\/wp-json\/wp\/v2\/comments?post=729"}],"version-history":[{"count":0,"href":"https:\/\/www.civiltalaica.it\/cms\/wp-json\/wp\/v2\/posts\/729\/revisions"}],"wp:attachment":[{"href":"https:\/\/www.civiltalaica.it\/cms\/wp-json\/wp\/v2\/media?parent=729"}],"wp:term":[{"taxonomy":"category","embeddable":true,"href":"https:\/\/www.civiltalaica.it\/cms\/wp-json\/wp\/v2\/categories?post=729"},{"taxonomy":"post_tag","embeddable":true,"href":"https:\/\/www.civiltalaica.it\/cms\/wp-json\/wp\/v2\/tags?post=729"}],"curies":[{"name":"wp","href":"https:\/\/api.w.org\/{rel}","templated":true}]}}