{"id":728,"date":"2007-02-07T21:44:57","date_gmt":"2007-02-07T21:44:57","guid":{"rendered":""},"modified":"2011-01-26T09:56:52","modified_gmt":"2011-01-26T09:56:52","slug":"e-francesco-prese-l%e2%80%99ostia-da-ruini","status":"publish","type":"post","link":"https:\/\/www.civiltalaica.it\/cms\/e-francesco-prese-l%e2%80%99ostia-da-ruini\/","title":{"rendered":"E Francesco prese l\u2019ostia da Ruini"},"content":{"rendered":"<p>* <a href=\"http:\/\/www.radicali.it\/newsletter\/view.php?id=85218&#038;numero=5202&#038;title=NOTIZIE+RADICALI\" target=\"_blank\">Francesco Pullia su Notizie Radicali<\/a><\/p>\n<p>Confessiamo di essere rimasti turbati dalla foto, pubblicata qualche<br \/>\ngiorno fa da un noto quotidiano, che immortala Francesco Rutelli mentre<br \/>\nriceve la comunione dal card. Camillo Ruini.<\/p>\n<p><!--more--><br \/>Siamo rimasti colpiti perch\u00e9 troviamo quell&#39;immagine oscena, invereconda, ipocrita, vergognosamente antireligiosa, rivelatrice dello stato di decadenza cui \u00e8 giunta la politica italiana.<\/p>\n<p>Ci\u00f2 che si contesta non \u00e8 il bisogno, ammesso che ci sia stato, dell&#39;esponente della Margherita, nonch\u00e9 vicepremier, di ricevere un sacramento. Ci mancherebbe. Per quel che ci riguarda, l&#39;ex segretario radicale, ormai molto, ma molto, ex, pu\u00f2 recarsi in chiesa, confessarsi e comunicarsi anche ventiquattro ore al giorno. Ognuno nel corso della propria vita pu\u00f2 essere soggetto a cambiamenti ed \u00e8 giusto che si comporti di conseguenza.<\/p>\n<p>Il problema \u00e8 un altro ed \u00e8 di estrema gravit\u00e0. E&#39; corretto farsi fotografare mentre si riceve l&#39;ostia, cio\u00e8 rendere volutamente pubblico e propagandistico un evento che dovrebbe restare gelosamente confinato alla sfera privata, ai propri sentimenti?<\/p>\n<p>Se Rutelli fosse stato un semplice cittadino non ci sarebbe stato niente di male. Il fatto \u00e8 che, come tutti sanno, non lo \u00e8. Proprio per questo, quell&#39;immagine puzza a tre miglia di falsit\u00e0 e doppiezza, di bieca strumentalizzazione della religione.<\/p>\n<p>La gravit\u00e0 sta tutta nell&#39;ostentazione dell&#39;atto, come ad esprimere una palese sottomissione da parte della politica nei confronti dell&#39;istituzione ecclesiastica. Il sacramento non esiste, non ha valore. In questo caso \u00e8 un tramite per manifestare qualcosa di altro. Si badi bene: dall&#39;altra parte non c&#39;\u00e8 un sacerdote qualsiasi ma una delle figure pi\u00f9 di punta della gerarchia vaticana, qual \u00e8 appunto Camillo Ruini.<\/p>\n<p>Se la Chiesa, intesa non come comunit\u00e0 di fedeli ma come organizzazione (anche finanziaria) che esercita potere, si \u00e8 fatta sempre pi\u00f9 sfacciatamente invadente, condizionante, baldanzosa e sprezzante delle regole, \u00e8 perch\u00e9 coloro che dovrebbero di pi\u00f9 e meglio rappresentare lo Stato hanno consentito l&#39;attuale, continuo, franare.<\/p>\n<p>Non pi\u00f9 di dieci anni fa il quotidiano dei vescovi non avrebbe osato permettersi di &quot;consigliare&quot; un anno sabbatico a un uomo di spettacolo come Pippo Baudo, reo di avere civilmente espresso la propria contrariet\u00e0 al comportamento papale. Non si tratta di un &quot;consiglio&quot;. E&#39; chiaro che se i vescovi chiedono qualcosa \u00e8 perch\u00e9 sanno di potere ottenere molto di pi\u00f9. In altri termini, in piena logica talebana, di Pippo Baudo si vuole l&#39;estromissione (temporanea?) dalla scena pubblica. Se non \u00e8 questa una fatwa cos&#39;\u00e8?<\/p>\n<p>Non dimentichiamo che quattro secoli fa Santa Romana Chiesa affid\u00f2 l&#39; &quot;eretico impenitente&quot; Giordano Bruno al braccio secolare fingendo di pregare, tuttavia, il potere civile di non torcergli un capello. Tanto avevano gi\u00e0 provveduto gli aguzzini dell&#39;inquisizione a fargli shampoo, taglio e manicure&#8230; Il filosofo fin\u00ec, come si sa, arrostito e i cardinaloni si fregarono le mani. Loro avevano fatto la propria parte e il potere civile la sua.<\/p>\n<p>Questa Chiesa, la ratzingeriana per intenderci, \u00e8 ben lontana da compassione, carit\u00e0, ascolto, forsennatamente com&#39;\u00e8 anticonciliare. Non \u00e8 militante ma militare, espressione, ormai neanche tanto velata, dell&#39;Opus Dei e delle sue fosche strategie antiliberali. Non \u00e8 un caso che l&#39;uomo che ha rispolverato il camauro sia stato a lungo a capo del cosiddetto Sant&#39;Uffizio. A riflettere su questo, per\u00f2, Rutelli, che tra le sue file accoglie di buon grado il cilicio della Binetti, non pare affatto intenzionato. E con lui, purtroppo, le alte cariche dello Stato.<\/p>\n<p>A proposito, dove sta scritto che una legge dello Stato, prima di essere approvata, debba avere l&#39;assenso del Vaticano, l&#39;unica struttura rimasta ancora assolutistica e monocratica?<\/p>\n","protected":false},"excerpt":{"rendered":"<p>* Francesco Pullia su Notizie Radicali Confessiamo di essere rimasti turbati dalla foto, pubblicata qualche giorno fa da un noto quotidiano, che immortala Francesco Rutelli mentre riceve la comunione dal card. Camillo Ruini.<\/p>\n","protected":false},"author":1,"featured_media":0,"comment_status":"closed","ping_status":"closed","sticky":false,"template":"","format":"standard","meta":{"footnotes":""},"categories":[238],"tags":[41],"class_list":["post-728","post","type-post","status-publish","format-standard","hentry","category-articoli","tag-web"],"yoast_head":"<!-- This site is optimized with the Yoast SEO plugin v27.1.1 - https:\/\/yoast.com\/product\/yoast-seo-wordpress\/ -->\n<title>E Francesco prese l\u2019ostia da Ruini - Associazione Culturale Civilt\u00e0 Laica<\/title>\n<meta name=\"robots\" content=\"index, follow, max-snippet:-1, max-image-preview:large, max-video-preview:-1\" \/>\n<link rel=\"canonical\" href=\"https:\/\/www.civiltalaica.it\/cms\/e-francesco-prese-l\u2019ostia-da-ruini\/\" \/>\n<meta property=\"og:locale\" content=\"it_IT\" \/>\n<meta property=\"og:type\" content=\"article\" \/>\n<meta property=\"og:title\" content=\"E Francesco prese l\u2019ostia da Ruini - Associazione Culturale Civilt\u00e0 Laica\" \/>\n<meta property=\"og:description\" content=\"* Francesco Pullia su Notizie Radicali Confessiamo di essere rimasti turbati dalla foto, pubblicata qualche giorno fa da un noto quotidiano, che immortala Francesco Rutelli mentre riceve la comunione dal card. Camillo Ruini.\" \/>\n<meta property=\"og:url\" content=\"https:\/\/www.civiltalaica.it\/cms\/e-francesco-prese-l\u2019ostia-da-ruini\/\" \/>\n<meta property=\"og:site_name\" content=\"Associazione Culturale Civilt\u00e0 Laica\" \/>\n<meta property=\"article:publisher\" content=\"https:\/\/www.facebook.com\/civiltalaica\" \/>\n<meta property=\"article:published_time\" content=\"2007-02-07T21:44:57+00:00\" \/>\n<meta property=\"article:modified_time\" content=\"2011-01-26T09:56:52+00:00\" \/>\n<meta property=\"og:image\" content=\"https:\/\/www.civiltalaica.it\/cms\/wp-content\/uploads\/2017\/06\/logo-cl.png\" \/>\n\t<meta property=\"og:image:width\" content=\"400\" \/>\n\t<meta property=\"og:image:height\" content=\"180\" \/>\n\t<meta property=\"og:image:type\" content=\"image\/png\" \/>\n<meta name=\"author\" content=\"cladmin\" \/>\n<meta name=\"twitter:card\" content=\"summary_large_image\" \/>\n<meta name=\"twitter:label1\" content=\"Scritto da\" \/>\n\t<meta name=\"twitter:data1\" content=\"cladmin\" \/>\n\t<meta name=\"twitter:label2\" content=\"Tempo di lettura stimato\" \/>\n\t<meta name=\"twitter:data2\" content=\"3 minuti\" \/>\n<script type=\"application\/ld+json\" class=\"yoast-schema-graph\">{\"@context\":\"https:\/\/schema.org\",\"@graph\":[{\"@type\":\"Article\",\"@id\":\"https:\/\/www.civiltalaica.it\/cms\/e-francesco-prese-l%e2%80%99ostia-da-ruini\/#article\",\"isPartOf\":{\"@id\":\"https:\/\/www.civiltalaica.it\/cms\/e-francesco-prese-l%e2%80%99ostia-da-ruini\/\"},\"author\":{\"name\":\"cladmin\",\"@id\":\"https:\/\/www.civiltalaica.it\/cms\/#\/schema\/person\/500a52762e2620e007d6333aa121f5e5\"},\"headline\":\"E Francesco prese l\u2019ostia da Ruini\",\"datePublished\":\"2007-02-07T21:44:57+00:00\",\"dateModified\":\"2011-01-26T09:56:52+00:00\",\"mainEntityOfPage\":{\"@id\":\"https:\/\/www.civiltalaica.it\/cms\/e-francesco-prese-l%e2%80%99ostia-da-ruini\/\"},\"wordCount\":590,\"keywords\":[\"Web\"],\"articleSection\":[\"articoli\"],\"inLanguage\":\"it-IT\"},{\"@type\":\"WebPage\",\"@id\":\"https:\/\/www.civiltalaica.it\/cms\/e-francesco-prese-l%e2%80%99ostia-da-ruini\/\",\"url\":\"https:\/\/www.civiltalaica.it\/cms\/e-francesco-prese-l%e2%80%99ostia-da-ruini\/\",\"name\":\"E Francesco prese l\u2019ostia da Ruini - Associazione Culturale Civilt\u00e0 Laica\",\"isPartOf\":{\"@id\":\"https:\/\/www.civiltalaica.it\/cms\/#website\"},\"datePublished\":\"2007-02-07T21:44:57+00:00\",\"dateModified\":\"2011-01-26T09:56:52+00:00\",\"author\":{\"@id\":\"https:\/\/www.civiltalaica.it\/cms\/#\/schema\/person\/500a52762e2620e007d6333aa121f5e5\"},\"breadcrumb\":{\"@id\":\"https:\/\/www.civiltalaica.it\/cms\/e-francesco-prese-l%e2%80%99ostia-da-ruini\/#breadcrumb\"},\"inLanguage\":\"it-IT\",\"potentialAction\":[{\"@type\":\"ReadAction\",\"target\":[\"https:\/\/www.civiltalaica.it\/cms\/e-francesco-prese-l%e2%80%99ostia-da-ruini\/\"]}]},{\"@type\":\"BreadcrumbList\",\"@id\":\"https:\/\/www.civiltalaica.it\/cms\/e-francesco-prese-l%e2%80%99ostia-da-ruini\/#breadcrumb\",\"itemListElement\":[{\"@type\":\"ListItem\",\"position\":1,\"name\":\"Home\",\"item\":\"https:\/\/www.civiltalaica.it\/cms\/\"},{\"@type\":\"ListItem\",\"position\":2,\"name\":\"1\u00b0 Meeting delle Associazioni Laiche\",\"item\":\"https:\/\/www.civiltalaica.it\/cms\/1%c2%b0-meeting-delle-associazioni-laiche-2\/\"},{\"@type\":\"ListItem\",\"position\":3,\"name\":\"E Francesco prese l\u2019ostia da Ruini\"}]},{\"@type\":\"WebSite\",\"@id\":\"https:\/\/www.civiltalaica.it\/cms\/#website\",\"url\":\"https:\/\/www.civiltalaica.it\/cms\/\",\"name\":\"Associazione Culturale Civilt\u00e0 Laica\",\"description\":\"Per un movimento culturale volto a difendere la Laicit\u00e0 dello Stato.\",\"potentialAction\":[{\"@type\":\"SearchAction\",\"target\":{\"@type\":\"EntryPoint\",\"urlTemplate\":\"https:\/\/www.civiltalaica.it\/cms\/?s={search_term_string}\"},\"query-input\":{\"@type\":\"PropertyValueSpecification\",\"valueRequired\":true,\"valueName\":\"search_term_string\"}}],\"inLanguage\":\"it-IT\"},{\"@type\":\"Person\",\"@id\":\"https:\/\/www.civiltalaica.it\/cms\/#\/schema\/person\/500a52762e2620e007d6333aa121f5e5\",\"name\":\"cladmin\",\"url\":\"https:\/\/www.civiltalaica.it\/cms\/author\/cladmin\/\"}]}<\/script>\n<!-- \/ Yoast SEO plugin. -->","yoast_head_json":{"title":"E Francesco prese l\u2019ostia da Ruini - Associazione Culturale Civilt\u00e0 Laica","robots":{"index":"index","follow":"follow","max-snippet":"max-snippet:-1","max-image-preview":"max-image-preview:large","max-video-preview":"max-video-preview:-1"},"canonical":"https:\/\/www.civiltalaica.it\/cms\/e-francesco-prese-l\u2019ostia-da-ruini\/","og_locale":"it_IT","og_type":"article","og_title":"E Francesco prese l\u2019ostia da Ruini - Associazione Culturale Civilt\u00e0 Laica","og_description":"* Francesco Pullia su Notizie Radicali Confessiamo di essere rimasti turbati dalla foto, pubblicata qualche giorno fa da un noto quotidiano, che immortala Francesco Rutelli mentre riceve la comunione dal card. Camillo Ruini.","og_url":"https:\/\/www.civiltalaica.it\/cms\/e-francesco-prese-l\u2019ostia-da-ruini\/","og_site_name":"Associazione Culturale Civilt\u00e0 Laica","article_publisher":"https:\/\/www.facebook.com\/civiltalaica","article_published_time":"2007-02-07T21:44:57+00:00","article_modified_time":"2011-01-26T09:56:52+00:00","og_image":[{"width":400,"height":180,"url":"https:\/\/www.civiltalaica.it\/cms\/wp-content\/uploads\/2017\/06\/logo-cl.png","type":"image\/png"}],"author":"cladmin","twitter_card":"summary_large_image","twitter_misc":{"Scritto da":"cladmin","Tempo di lettura stimato":"3 minuti"},"schema":{"@context":"https:\/\/schema.org","@graph":[{"@type":"Article","@id":"https:\/\/www.civiltalaica.it\/cms\/e-francesco-prese-l%e2%80%99ostia-da-ruini\/#article","isPartOf":{"@id":"https:\/\/www.civiltalaica.it\/cms\/e-francesco-prese-l%e2%80%99ostia-da-ruini\/"},"author":{"name":"cladmin","@id":"https:\/\/www.civiltalaica.it\/cms\/#\/schema\/person\/500a52762e2620e007d6333aa121f5e5"},"headline":"E Francesco prese l\u2019ostia da Ruini","datePublished":"2007-02-07T21:44:57+00:00","dateModified":"2011-01-26T09:56:52+00:00","mainEntityOfPage":{"@id":"https:\/\/www.civiltalaica.it\/cms\/e-francesco-prese-l%e2%80%99ostia-da-ruini\/"},"wordCount":590,"keywords":["Web"],"articleSection":["articoli"],"inLanguage":"it-IT"},{"@type":"WebPage","@id":"https:\/\/www.civiltalaica.it\/cms\/e-francesco-prese-l%e2%80%99ostia-da-ruini\/","url":"https:\/\/www.civiltalaica.it\/cms\/e-francesco-prese-l%e2%80%99ostia-da-ruini\/","name":"E Francesco prese l\u2019ostia da Ruini - Associazione Culturale Civilt\u00e0 Laica","isPartOf":{"@id":"https:\/\/www.civiltalaica.it\/cms\/#website"},"datePublished":"2007-02-07T21:44:57+00:00","dateModified":"2011-01-26T09:56:52+00:00","author":{"@id":"https:\/\/www.civiltalaica.it\/cms\/#\/schema\/person\/500a52762e2620e007d6333aa121f5e5"},"breadcrumb":{"@id":"https:\/\/www.civiltalaica.it\/cms\/e-francesco-prese-l%e2%80%99ostia-da-ruini\/#breadcrumb"},"inLanguage":"it-IT","potentialAction":[{"@type":"ReadAction","target":["https:\/\/www.civiltalaica.it\/cms\/e-francesco-prese-l%e2%80%99ostia-da-ruini\/"]}]},{"@type":"BreadcrumbList","@id":"https:\/\/www.civiltalaica.it\/cms\/e-francesco-prese-l%e2%80%99ostia-da-ruini\/#breadcrumb","itemListElement":[{"@type":"ListItem","position":1,"name":"Home","item":"https:\/\/www.civiltalaica.it\/cms\/"},{"@type":"ListItem","position":2,"name":"1\u00b0 Meeting delle Associazioni Laiche","item":"https:\/\/www.civiltalaica.it\/cms\/1%c2%b0-meeting-delle-associazioni-laiche-2\/"},{"@type":"ListItem","position":3,"name":"E Francesco prese l\u2019ostia da Ruini"}]},{"@type":"WebSite","@id":"https:\/\/www.civiltalaica.it\/cms\/#website","url":"https:\/\/www.civiltalaica.it\/cms\/","name":"Associazione Culturale Civilt\u00e0 Laica","description":"Per un movimento culturale volto a difendere la Laicit\u00e0 dello Stato.","potentialAction":[{"@type":"SearchAction","target":{"@type":"EntryPoint","urlTemplate":"https:\/\/www.civiltalaica.it\/cms\/?s={search_term_string}"},"query-input":{"@type":"PropertyValueSpecification","valueRequired":true,"valueName":"search_term_string"}}],"inLanguage":"it-IT"},{"@type":"Person","@id":"https:\/\/www.civiltalaica.it\/cms\/#\/schema\/person\/500a52762e2620e007d6333aa121f5e5","name":"cladmin","url":"https:\/\/www.civiltalaica.it\/cms\/author\/cladmin\/"}]}},"_links":{"self":[{"href":"https:\/\/www.civiltalaica.it\/cms\/wp-json\/wp\/v2\/posts\/728","targetHints":{"allow":["GET"]}}],"collection":[{"href":"https:\/\/www.civiltalaica.it\/cms\/wp-json\/wp\/v2\/posts"}],"about":[{"href":"https:\/\/www.civiltalaica.it\/cms\/wp-json\/wp\/v2\/types\/post"}],"author":[{"embeddable":true,"href":"https:\/\/www.civiltalaica.it\/cms\/wp-json\/wp\/v2\/users\/1"}],"replies":[{"embeddable":true,"href":"https:\/\/www.civiltalaica.it\/cms\/wp-json\/wp\/v2\/comments?post=728"}],"version-history":[{"count":0,"href":"https:\/\/www.civiltalaica.it\/cms\/wp-json\/wp\/v2\/posts\/728\/revisions"}],"wp:attachment":[{"href":"https:\/\/www.civiltalaica.it\/cms\/wp-json\/wp\/v2\/media?parent=728"}],"wp:term":[{"taxonomy":"category","embeddable":true,"href":"https:\/\/www.civiltalaica.it\/cms\/wp-json\/wp\/v2\/categories?post=728"},{"taxonomy":"post_tag","embeddable":true,"href":"https:\/\/www.civiltalaica.it\/cms\/wp-json\/wp\/v2\/tags?post=728"}],"curies":[{"name":"wp","href":"https:\/\/api.w.org\/{rel}","templated":true}]}}