{"id":711,"date":"2006-04-03T09:59:01","date_gmt":"2006-04-03T09:59:01","guid":{"rendered":""},"modified":"2011-01-26T10:04:12","modified_gmt":"2011-01-26T10:04:12","slug":"la-via-della-ragione-l%e2%80%99autonomia-dello-stato-laico","status":"publish","type":"post","link":"https:\/\/www.civiltalaica.it\/cms\/la-via-della-ragione-l%e2%80%99autonomia-dello-stato-laico\/","title":{"rendered":"La via della ragione. L\u2019autonomia dello Stato laico"},"content":{"rendered":"<p>* di <a target=\"_blank\" href=\"http:\/\/it.wikipedia.org\/wiki\/Roberto_Vacca\">Roberto Vacca<\/a><\/p>\n<p>I nomi non sono conseguenza delle cose, ma talora offuscano la comprensione di cose, situazioni, processi a cui si applicano. Accade con l&#39;appellativo di &#39;laico&#39;. Suggerisco di non usarlo. Deriv\u00f2 nel Medioevo dal greco &#39;laik\u00f2s&#39; &#8211; del popolo (la\u00f2s) contrapposto ai chierici che hanno da Dio eredit\u00e0 (greco &#39;kler\u00f2s&#39;, sorte), quindi, privilegi e autorit\u00e0 e sfoggiano con la tonsura il loro stato. Io non voglio esser chiamato laico nel senso di non chierico. Non riconosco privilegi, n\u00e9 superiorit\u00e0 ai chierici. Le loro classificazioni non mi riguardano: la religione \u00e8 cosa loro, e la considero con B. Russell &#39;falsa e dannosa&#39; dunque incompatibile con la ragione e con il pensiero di chi vuol capire la realt\u00e0.<br \/>&#160;<\/p>\n<p><!--more--><br \/>Chiamiamoci, dunque, &#39;normali&#39;. Io non mi chiamo ateo: l&#39;alfa privativo indicherebbe che mi manca qualcosa, mentre chi crede in un Dio creatore si carica di una sovrastruttura inutile. Non mi chiamo agnostico &#8211; uno che non sa. So parecchie cose e continuo a impararne, ma non pretendo di conoscere oggetti inesistenti. Posso chiamarmi &#39;gentile&#39;: appartengo a un&#39;altra gens, a un&#39;altra trib\u00f9, non a quelle dei monoteisti.<\/p>\n<p>La questione centrale \u00e8 culturale. I dibattiti attuali trattano di: fede in Dio o ricerca di Dio, di spiritualismo, sua definizione e status. Questa \u00e8 l&#39;arena in cui combatto.<\/p>\n<p><strong>Religioni: Inconciliabili con la ragione, insensato farne graduatorie<br \/><\/strong><br \/>Nella Seconda Guerra Mondiale gli Alleati combatterono anche per la libert\u00e0 di religione (oltre che di parola, dalla paura e dal bisogno). In Italia sono apparentemente libere tutte le religioni (anche se si tenta di rendere pi\u00f9 libera &#8211; da certe imposte &#8211; quella cattolica). Non appare libera quella ellenico-romana che fu codificata da Numa Pompilio legando insieme le credenze popolari meno assurde e classificando come superstitio le assurdit\u00e0 che avanzavano. Oggi la superstizione \u00e8 rappresentata da sensitivi, astrologi, oroscopari: certe persone sedicenti colte non la trovano nemmeno ridicola. Sarebbe considerato ridicolo riesumare la religione di Jupiter e Juno, di Mars e Venus. Certo contiene elementi assurdi come quella di Mitra che si diceva fosse nato in una grotta dalla vergine Anahita (ingravidata dal dio Ariman), che dava comunione di pane e vino, fu crocifisso a un albero, mor\u00ec e risorse Queste tradizioni sono state incorporate nella fede cristiana insieme ad altre credenze, assunte come dogmi negli ultimi secoli. La pretesa convergenza di fede cristiana e ragione appare assurda se i credenti continuino a dire con Agostino da Tagasta e con Anselmo d&#39;Aosta: &#39;Credo ut intelligam, non intelligo ut credam&#39;. Questa posizione nega l&#39;approccio logico-sperimentale (di Galileo, Newton, dei fisici e logici moderni) e sfocia nel proverbiale &#39;Credo quia absurdum&#39; &#8211; negazione di ogni razionalit\u00e0.<\/p>\n<p>Noi riserviamo la nostra credenza in relazioni apparentemente assurde alla elettromeccanica quantistica. Non \u00e8 irragionevole credere che un effetto si verifichi prima della sua causa, se questa ipotesi permette di prevedere i risultati di esperimenti con la precisione di una parte su 100 miliardi.<\/p>\n<p>Abbiamo fatto molti passi indietro rispetto all&#39;editto di Flavio Claudio Giuliano del 4 febbraio 362 (1115 a.U.c.) che stabiliva libert\u00e0 religiosa per tutti. La religione cristiana non era pi\u00f9 quella forzosa dello Stato, n\u00e9 era esentata dal pagare le tasse. E Giuliano si impegn\u00f2 a non perseguitare nessuno a causa della sua fede.<\/p>\n<p>Noi che apparteniamo alla grande moltitudine dei non credenti (come diceva Luigi Luzzatti) non siamo interessati a conciliare fede e ragione. Richiamiamo i ragionamenti di grandi pensatori. Basterebbe citare Kant: le sue dimostrazioni dell&#39;insussistenza delle prove fisico-teologica, ontologica e cosmologica dell&#39;esistenza di Dio sono rigorose, ma ardue da seguire. Riporto in termini scolastici la pi\u00f9 lineare e cogente prova dell&#39;inesistenza di un essere immutabile, causa di s\u00e8 stesso e dell&#39;universo.<\/p>\n<p>Roberto Vacca<br \/><a href=\"http:\/\/www.printandread.com\/\">www.printandread.com<\/a><\/p>\n","protected":false},"excerpt":{"rendered":"<p>* di Roberto Vacca I nomi non sono conseguenza delle cose, ma talora offuscano la comprensione di cose, situazioni, processi a cui si applicano. Accade con l&#39;appellativo di &#39;laico&#39;. Suggerisco di non usarlo. Deriv\u00f2 nel Medioevo dal greco &#39;laik\u00f2s&#39; &#8211; del popolo (la\u00f2s) contrapposto ai chierici che hanno da Dio eredit\u00e0 (greco &#39;kler\u00f2s&#39;, sorte), quindi, [&hellip;]<\/p>\n","protected":false},"author":1,"featured_media":0,"comment_status":"closed","ping_status":"closed","sticky":false,"template":"","format":"standard","meta":{"footnotes":""},"categories":[238],"tags":[41],"class_list":["post-711","post","type-post","status-publish","format-standard","hentry","category-articoli","tag-web"],"yoast_head":"<!-- This site is optimized with the Yoast SEO plugin v27.1.1 - https:\/\/yoast.com\/product\/yoast-seo-wordpress\/ -->\n<title>La via della ragione. L\u2019autonomia dello Stato laico - Associazione Culturale Civilt\u00e0 Laica<\/title>\n<meta name=\"robots\" content=\"index, follow, max-snippet:-1, max-image-preview:large, max-video-preview:-1\" \/>\n<link rel=\"canonical\" href=\"https:\/\/www.civiltalaica.it\/cms\/la-via-della-ragione-l\u2019autonomia-dello-stato-laico\/\" \/>\n<meta property=\"og:locale\" content=\"it_IT\" \/>\n<meta property=\"og:type\" content=\"article\" \/>\n<meta property=\"og:title\" content=\"La via della ragione. L\u2019autonomia dello Stato laico - Associazione Culturale Civilt\u00e0 Laica\" \/>\n<meta property=\"og:description\" content=\"* di Roberto Vacca I nomi non sono conseguenza delle cose, ma talora offuscano la comprensione di cose, situazioni, processi a cui si applicano. Accade con l&#039;appellativo di &#039;laico&#039;. Suggerisco di non usarlo. Deriv\u00f2 nel Medioevo dal greco &#039;laik\u00f2s&#039; &#8211; del popolo (la\u00f2s) contrapposto ai chierici che hanno da Dio eredit\u00e0 (greco &#039;kler\u00f2s&#039;, sorte), quindi, [&hellip;]\" \/>\n<meta property=\"og:url\" content=\"https:\/\/www.civiltalaica.it\/cms\/la-via-della-ragione-l\u2019autonomia-dello-stato-laico\/\" \/>\n<meta property=\"og:site_name\" content=\"Associazione Culturale Civilt\u00e0 Laica\" \/>\n<meta property=\"article:publisher\" content=\"https:\/\/www.facebook.com\/civiltalaica\" \/>\n<meta property=\"article:published_time\" content=\"2006-04-03T09:59:01+00:00\" \/>\n<meta property=\"article:modified_time\" content=\"2011-01-26T10:04:12+00:00\" \/>\n<meta property=\"og:image\" content=\"https:\/\/www.civiltalaica.it\/cms\/wp-content\/uploads\/2017\/06\/logo-cl.png\" \/>\n\t<meta property=\"og:image:width\" content=\"400\" \/>\n\t<meta property=\"og:image:height\" content=\"180\" \/>\n\t<meta property=\"og:image:type\" content=\"image\/png\" \/>\n<meta name=\"author\" content=\"cladmin\" \/>\n<meta name=\"twitter:card\" content=\"summary_large_image\" \/>\n<meta name=\"twitter:label1\" content=\"Scritto da\" \/>\n\t<meta name=\"twitter:data1\" content=\"cladmin\" \/>\n\t<meta name=\"twitter:label2\" content=\"Tempo di lettura stimato\" \/>\n\t<meta name=\"twitter:data2\" content=\"3 minuti\" \/>\n<script type=\"application\/ld+json\" class=\"yoast-schema-graph\">{\"@context\":\"https:\/\/schema.org\",\"@graph\":[{\"@type\":\"Article\",\"@id\":\"https:\/\/www.civiltalaica.it\/cms\/la-via-della-ragione-l%e2%80%99autonomia-dello-stato-laico\/#article\",\"isPartOf\":{\"@id\":\"https:\/\/www.civiltalaica.it\/cms\/la-via-della-ragione-l%e2%80%99autonomia-dello-stato-laico\/\"},\"author\":{\"name\":\"cladmin\",\"@id\":\"https:\/\/www.civiltalaica.it\/cms\/#\/schema\/person\/500a52762e2620e007d6333aa121f5e5\"},\"headline\":\"La via della ragione. L\u2019autonomia dello Stato laico\",\"datePublished\":\"2006-04-03T09:59:01+00:00\",\"dateModified\":\"2011-01-26T10:04:12+00:00\",\"mainEntityOfPage\":{\"@id\":\"https:\/\/www.civiltalaica.it\/cms\/la-via-della-ragione-l%e2%80%99autonomia-dello-stato-laico\/\"},\"wordCount\":625,\"keywords\":[\"Web\"],\"articleSection\":[\"articoli\"],\"inLanguage\":\"it-IT\"},{\"@type\":\"WebPage\",\"@id\":\"https:\/\/www.civiltalaica.it\/cms\/la-via-della-ragione-l%e2%80%99autonomia-dello-stato-laico\/\",\"url\":\"https:\/\/www.civiltalaica.it\/cms\/la-via-della-ragione-l%e2%80%99autonomia-dello-stato-laico\/\",\"name\":\"La via della ragione. L\u2019autonomia dello Stato laico - Associazione Culturale Civilt\u00e0 Laica\",\"isPartOf\":{\"@id\":\"https:\/\/www.civiltalaica.it\/cms\/#website\"},\"datePublished\":\"2006-04-03T09:59:01+00:00\",\"dateModified\":\"2011-01-26T10:04:12+00:00\",\"author\":{\"@id\":\"https:\/\/www.civiltalaica.it\/cms\/#\/schema\/person\/500a52762e2620e007d6333aa121f5e5\"},\"breadcrumb\":{\"@id\":\"https:\/\/www.civiltalaica.it\/cms\/la-via-della-ragione-l%e2%80%99autonomia-dello-stato-laico\/#breadcrumb\"},\"inLanguage\":\"it-IT\",\"potentialAction\":[{\"@type\":\"ReadAction\",\"target\":[\"https:\/\/www.civiltalaica.it\/cms\/la-via-della-ragione-l%e2%80%99autonomia-dello-stato-laico\/\"]}]},{\"@type\":\"BreadcrumbList\",\"@id\":\"https:\/\/www.civiltalaica.it\/cms\/la-via-della-ragione-l%e2%80%99autonomia-dello-stato-laico\/#breadcrumb\",\"itemListElement\":[{\"@type\":\"ListItem\",\"position\":1,\"name\":\"Home\",\"item\":\"https:\/\/www.civiltalaica.it\/cms\/\"},{\"@type\":\"ListItem\",\"position\":2,\"name\":\"1\u00b0 Meeting delle Associazioni Laiche\",\"item\":\"https:\/\/www.civiltalaica.it\/cms\/1%c2%b0-meeting-delle-associazioni-laiche-2\/\"},{\"@type\":\"ListItem\",\"position\":3,\"name\":\"La via della ragione. L\u2019autonomia dello Stato laico\"}]},{\"@type\":\"WebSite\",\"@id\":\"https:\/\/www.civiltalaica.it\/cms\/#website\",\"url\":\"https:\/\/www.civiltalaica.it\/cms\/\",\"name\":\"Associazione Culturale Civilt\u00e0 Laica\",\"description\":\"Per un movimento culturale volto a difendere la Laicit\u00e0 dello Stato.\",\"potentialAction\":[{\"@type\":\"SearchAction\",\"target\":{\"@type\":\"EntryPoint\",\"urlTemplate\":\"https:\/\/www.civiltalaica.it\/cms\/?s={search_term_string}\"},\"query-input\":{\"@type\":\"PropertyValueSpecification\",\"valueRequired\":true,\"valueName\":\"search_term_string\"}}],\"inLanguage\":\"it-IT\"},{\"@type\":\"Person\",\"@id\":\"https:\/\/www.civiltalaica.it\/cms\/#\/schema\/person\/500a52762e2620e007d6333aa121f5e5\",\"name\":\"cladmin\",\"url\":\"https:\/\/www.civiltalaica.it\/cms\/author\/cladmin\/\"}]}<\/script>\n<!-- \/ Yoast SEO plugin. -->","yoast_head_json":{"title":"La via della ragione. L\u2019autonomia dello Stato laico - Associazione Culturale Civilt\u00e0 Laica","robots":{"index":"index","follow":"follow","max-snippet":"max-snippet:-1","max-image-preview":"max-image-preview:large","max-video-preview":"max-video-preview:-1"},"canonical":"https:\/\/www.civiltalaica.it\/cms\/la-via-della-ragione-l\u2019autonomia-dello-stato-laico\/","og_locale":"it_IT","og_type":"article","og_title":"La via della ragione. L\u2019autonomia dello Stato laico - Associazione Culturale Civilt\u00e0 Laica","og_description":"* di Roberto Vacca I nomi non sono conseguenza delle cose, ma talora offuscano la comprensione di cose, situazioni, processi a cui si applicano. Accade con l&#39;appellativo di &#39;laico&#39;. Suggerisco di non usarlo. Deriv\u00f2 nel Medioevo dal greco &#39;laik\u00f2s&#39; &#8211; del popolo (la\u00f2s) contrapposto ai chierici che hanno da Dio eredit\u00e0 (greco &#39;kler\u00f2s&#39;, sorte), quindi, [&hellip;]","og_url":"https:\/\/www.civiltalaica.it\/cms\/la-via-della-ragione-l\u2019autonomia-dello-stato-laico\/","og_site_name":"Associazione Culturale Civilt\u00e0 Laica","article_publisher":"https:\/\/www.facebook.com\/civiltalaica","article_published_time":"2006-04-03T09:59:01+00:00","article_modified_time":"2011-01-26T10:04:12+00:00","og_image":[{"width":400,"height":180,"url":"https:\/\/www.civiltalaica.it\/cms\/wp-content\/uploads\/2017\/06\/logo-cl.png","type":"image\/png"}],"author":"cladmin","twitter_card":"summary_large_image","twitter_misc":{"Scritto da":"cladmin","Tempo di lettura stimato":"3 minuti"},"schema":{"@context":"https:\/\/schema.org","@graph":[{"@type":"Article","@id":"https:\/\/www.civiltalaica.it\/cms\/la-via-della-ragione-l%e2%80%99autonomia-dello-stato-laico\/#article","isPartOf":{"@id":"https:\/\/www.civiltalaica.it\/cms\/la-via-della-ragione-l%e2%80%99autonomia-dello-stato-laico\/"},"author":{"name":"cladmin","@id":"https:\/\/www.civiltalaica.it\/cms\/#\/schema\/person\/500a52762e2620e007d6333aa121f5e5"},"headline":"La via della ragione. L\u2019autonomia dello Stato laico","datePublished":"2006-04-03T09:59:01+00:00","dateModified":"2011-01-26T10:04:12+00:00","mainEntityOfPage":{"@id":"https:\/\/www.civiltalaica.it\/cms\/la-via-della-ragione-l%e2%80%99autonomia-dello-stato-laico\/"},"wordCount":625,"keywords":["Web"],"articleSection":["articoli"],"inLanguage":"it-IT"},{"@type":"WebPage","@id":"https:\/\/www.civiltalaica.it\/cms\/la-via-della-ragione-l%e2%80%99autonomia-dello-stato-laico\/","url":"https:\/\/www.civiltalaica.it\/cms\/la-via-della-ragione-l%e2%80%99autonomia-dello-stato-laico\/","name":"La via della ragione. L\u2019autonomia dello Stato laico - Associazione Culturale Civilt\u00e0 Laica","isPartOf":{"@id":"https:\/\/www.civiltalaica.it\/cms\/#website"},"datePublished":"2006-04-03T09:59:01+00:00","dateModified":"2011-01-26T10:04:12+00:00","author":{"@id":"https:\/\/www.civiltalaica.it\/cms\/#\/schema\/person\/500a52762e2620e007d6333aa121f5e5"},"breadcrumb":{"@id":"https:\/\/www.civiltalaica.it\/cms\/la-via-della-ragione-l%e2%80%99autonomia-dello-stato-laico\/#breadcrumb"},"inLanguage":"it-IT","potentialAction":[{"@type":"ReadAction","target":["https:\/\/www.civiltalaica.it\/cms\/la-via-della-ragione-l%e2%80%99autonomia-dello-stato-laico\/"]}]},{"@type":"BreadcrumbList","@id":"https:\/\/www.civiltalaica.it\/cms\/la-via-della-ragione-l%e2%80%99autonomia-dello-stato-laico\/#breadcrumb","itemListElement":[{"@type":"ListItem","position":1,"name":"Home","item":"https:\/\/www.civiltalaica.it\/cms\/"},{"@type":"ListItem","position":2,"name":"1\u00b0 Meeting delle Associazioni Laiche","item":"https:\/\/www.civiltalaica.it\/cms\/1%c2%b0-meeting-delle-associazioni-laiche-2\/"},{"@type":"ListItem","position":3,"name":"La via della ragione. L\u2019autonomia dello Stato laico"}]},{"@type":"WebSite","@id":"https:\/\/www.civiltalaica.it\/cms\/#website","url":"https:\/\/www.civiltalaica.it\/cms\/","name":"Associazione Culturale Civilt\u00e0 Laica","description":"Per un movimento culturale volto a difendere la Laicit\u00e0 dello Stato.","potentialAction":[{"@type":"SearchAction","target":{"@type":"EntryPoint","urlTemplate":"https:\/\/www.civiltalaica.it\/cms\/?s={search_term_string}"},"query-input":{"@type":"PropertyValueSpecification","valueRequired":true,"valueName":"search_term_string"}}],"inLanguage":"it-IT"},{"@type":"Person","@id":"https:\/\/www.civiltalaica.it\/cms\/#\/schema\/person\/500a52762e2620e007d6333aa121f5e5","name":"cladmin","url":"https:\/\/www.civiltalaica.it\/cms\/author\/cladmin\/"}]}},"_links":{"self":[{"href":"https:\/\/www.civiltalaica.it\/cms\/wp-json\/wp\/v2\/posts\/711","targetHints":{"allow":["GET"]}}],"collection":[{"href":"https:\/\/www.civiltalaica.it\/cms\/wp-json\/wp\/v2\/posts"}],"about":[{"href":"https:\/\/www.civiltalaica.it\/cms\/wp-json\/wp\/v2\/types\/post"}],"author":[{"embeddable":true,"href":"https:\/\/www.civiltalaica.it\/cms\/wp-json\/wp\/v2\/users\/1"}],"replies":[{"embeddable":true,"href":"https:\/\/www.civiltalaica.it\/cms\/wp-json\/wp\/v2\/comments?post=711"}],"version-history":[{"count":0,"href":"https:\/\/www.civiltalaica.it\/cms\/wp-json\/wp\/v2\/posts\/711\/revisions"}],"wp:attachment":[{"href":"https:\/\/www.civiltalaica.it\/cms\/wp-json\/wp\/v2\/media?parent=711"}],"wp:term":[{"taxonomy":"category","embeddable":true,"href":"https:\/\/www.civiltalaica.it\/cms\/wp-json\/wp\/v2\/categories?post=711"},{"taxonomy":"post_tag","embeddable":true,"href":"https:\/\/www.civiltalaica.it\/cms\/wp-json\/wp\/v2\/tags?post=711"}],"curies":[{"name":"wp","href":"https:\/\/api.w.org\/{rel}","templated":true}]}}