{"id":710,"date":"2006-03-21T21:13:00","date_gmt":"2006-03-21T21:13:00","guid":{"rendered":""},"modified":"2011-01-26T10:04:43","modified_gmt":"2011-01-26T10:04:43","slug":"censurare-il-proprio-ateismo-a-scuola","status":"publish","type":"post","link":"https:\/\/www.civiltalaica.it\/cms\/censurare-il-proprio-ateismo-a-scuola\/","title":{"rendered":"Censurare il proprio ateismo a scuola"},"content":{"rendered":"<p>L&#39;insegnante <a href=\"http:\/\/www.marcellaboccia.it\/\" target=\"_blank\">Marcella Boccia<\/a> esprime&#160;la sua solidariet\u00e0<br \/>alla collega denunciata a Vigevano per aver&#160;&quot;confessato&quot;<br \/>ai suoi&#160;allievi della scuola media il proprio ateismo.<br \/>&#160;<\/p>\n<p><!--more--><\/p>\n<p>&quot;Maestra, io sono ateo&quot; &#8211; esclam\u00f2 un giorno un mio alunno di 11 anni.<br \/>&quot;Non voglio fare l&#39;ora di religione!&quot; &#8211; aggiunse.<br \/>&quot;Come mai non hai deciso per l&#39;ora alternativa, all&#39;inizio dell&#39;anno?&quot; &#8211; chiesi io, curiosa.<br \/>&quot;Mia nonna si sarebbe arrabbiata!&quot; &#8211; fu la risposta.<br \/>Quello fu il primo episodio in cui, nella mia classe, una quinta elementare si us\u00f2 il termine &quot;ateismo&quot;. Pi\u00f9 volte, da allora, i miei alunni, con i quali discutiamo di qualunque soggetto, mi chiesero se fossi atea, o buddista. Mai ho espresso la mia personale opinione sull&#39;argomento, limitandomi ad insegnar loro la tolleranza e la ricchezza delle diversit\u00e0.<br \/>Il nostro corso di convivenza civile pi\u00f9 volte \u00e8 stato messo in discussione da colleghi e genitori, a causa del comportamento degli alunni, che si sono &quot;erroneamente&quot; convinti, a causa delle mie lezioni, della loro libert\u00e0 di opinione e di espressione, ed usano scrivere lettere di protesta contro insegnanti &quot;un tantino rigidi&quot;.<br \/>Lo scorso novembre, mio primo mese d&#39;insegnamento nella scuola in questione, fui richiamata dal preside, urlante, perch\u00e9 ero stata denunciata da una coppia di genitori.<br \/>&quot;Non si fa politica a scuola!&quot;.<br \/>L&#39;eresia era aver &quot;costretto&quot; dei poveri bambini indifesi a disegnare, come copertina del quaderno di convivenza civile, una bandiera arcobaleno&#8230;<br \/>Per tutta risposta, i genitori della bambina le avevano strappato la pagina (i genitori non possono intervenire materialmente sui quaderni, semmai segnalare all&#39;insegnante la loro opinione) e l&#39;avevano costretta a disegnare una bandiera tedesca.<br \/>Dov&#39;\u00e8, dunque, la collaborazione tra insegnanti e genitori nell&#39;educazione dei fanciulli?<br \/>Siamo sul piede di guerra&#8230;<br \/>Sono testimone dell&#39;atmosfera che si vive ogni giorno a scuola: i colleghi sono preoccupati di ricevere una denuncia da un momento all&#39;altro, perch\u00e9 la legge sulla privacy stabilisce che non si pu\u00f2 riportare nei lavori scolastici argomenti che riguardino la famiglia.<br \/>I classici temi su &quot;i tuoi genitori, i nonni, gli amici&quot;, ecc. sono &quot;illegali&quot;, si rischia la denuncia.<br \/>I miei alunni, pertanto, sanno perfettamente cosa sia l&#39;Unione Europea, l&#39;Onu, gli organismi sopranazionali, ma mai si \u00e8 toccato l\u2018argomento &quot;famiglia&quot;. Solo una volta, spiegando cosa fosse un referendum, espressi la mia personale opinione su quanto fosse stato importante che nel 1974 si decise di dar la possibilit\u00e0 ai loro genitori di divorziare, visto che il 99% dei miei alunni vivono tra casa di mamma e casa di pap\u00e0.<br \/>Che io sia favorevole al divorzio non ha infastidito, perci\u00f2, i loro genitori, ma che sia pacifista s\u00ec.<br \/>Allora mi domando: e se sapessero che sono atea?<br \/>Ho vissuto giorni di tensione dopo aver raccontato in classe l&#39;episodio, a tratti divertente, del mio matrimonio ind\u00f9 celebrato in India. Erano curiosi di saperne di pi\u00f9 di questo ex marito indiano, di carnagione scura, che faceva il docente universitario. Loro credevano che in India vi fossero solo capanne di terra battuta&#8230;<br \/>Mi aspettavo polemiche da parte dei genitori. Per fortuna non sono ancora arrivate, ma&#8230; diamo tempo al tempo&#8230;<br \/>Lo stesso alunno, il poeta della classe, ha espresso, in un&#39;altra occasione, il desiderio di non avere il crocifisso in classe.<br \/>&quot;Non lo voglio!&quot; &#8211; esclam\u00f2, con decisione.<br \/>Un forte desiderio di prendere quel crocifisso e riporlo in archivio, coi vecchi libri di religione che nessuno legge, invase tutto il mio corpo.<br \/>Mi sono sentita una codarda a dover rispondere: &quot;Purtroppo non posso decidere se tenere o non tenere il crocifisso in questa classe&quot;.<br \/>Cosa avrei dovuto rispondere? Forse che il crocifisso deve star l\u00ec perch\u00e9 \u00e8 obbligatorio essere cattolici altrimenti si viene accusati di eresia? Certo, non si rischia il rogo, ma un processo in tribunale \u00e8 anche peggio. Perch\u00e9 quando c&#39;\u00e8 una denuncia e si prosegue con contro-denunce per diffamazione, si scatena un meccanismo che non ha fine&#8230; E chi ne ha voglia?<br \/>Sono stata costretta a confidare nell&#39;orecchio del mio alunno: &quot;Anch&#39;io sono atea, ma non dirlo a nessuno!&quot;.<br \/>Perch\u00e9?<br \/>Perch\u00e9 mai un giorno insegno che la nostra Costituzione sancisce l&#39;uguaglianza tra individui di differente sesso, razza, opinione, credo religioso, ed il giorno dopo devo censurare il mio ateismo?<\/p>\n<p><a href=\"http:\/\/www.marcellaboccia.it\/\" target=\"_blank\">Marcella Boccia<\/a><\/p>\n","protected":false},"excerpt":{"rendered":"<p>L&#39;insegnante Marcella Boccia esprime&#160;la sua solidariet\u00e0alla collega denunciata a Vigevano per aver&#160;&quot;confessato&quot;ai suoi&#160;allievi della scuola media il proprio ateismo.&#160;<\/p>\n","protected":false},"author":1,"featured_media":0,"comment_status":"closed","ping_status":"closed","sticky":false,"template":"","format":"standard","meta":{"footnotes":""},"categories":[238],"tags":[41],"class_list":["post-710","post","type-post","status-publish","format-standard","hentry","category-articoli","tag-web"],"yoast_head":"<!-- This site is optimized with the Yoast SEO plugin v27.1.1 - https:\/\/yoast.com\/product\/yoast-seo-wordpress\/ -->\n<title>Censurare il proprio ateismo a scuola - Associazione Culturale Civilt\u00e0 Laica<\/title>\n<meta name=\"robots\" content=\"index, follow, max-snippet:-1, max-image-preview:large, max-video-preview:-1\" \/>\n<link rel=\"canonical\" href=\"https:\/\/www.civiltalaica.it\/cms\/censurare-il-proprio-ateismo-a-scuola\/\" \/>\n<meta property=\"og:locale\" content=\"it_IT\" \/>\n<meta property=\"og:type\" content=\"article\" \/>\n<meta property=\"og:title\" content=\"Censurare il proprio ateismo a scuola - Associazione Culturale Civilt\u00e0 Laica\" \/>\n<meta property=\"og:description\" content=\"L&#039;insegnante Marcella Boccia esprime&#160;la sua solidariet\u00e0alla collega denunciata a Vigevano per aver&#160;&quot;confessato&quot;ai suoi&#160;allievi della scuola media il proprio ateismo.&#160;\" \/>\n<meta property=\"og:url\" content=\"https:\/\/www.civiltalaica.it\/cms\/censurare-il-proprio-ateismo-a-scuola\/\" \/>\n<meta property=\"og:site_name\" content=\"Associazione Culturale Civilt\u00e0 Laica\" \/>\n<meta property=\"article:publisher\" content=\"https:\/\/www.facebook.com\/civiltalaica\" \/>\n<meta property=\"article:published_time\" content=\"2006-03-21T21:13:00+00:00\" \/>\n<meta property=\"article:modified_time\" content=\"2011-01-26T10:04:43+00:00\" \/>\n<meta property=\"og:image\" content=\"https:\/\/www.civiltalaica.it\/cms\/wp-content\/uploads\/2017\/06\/logo-cl.png\" \/>\n\t<meta property=\"og:image:width\" content=\"400\" \/>\n\t<meta property=\"og:image:height\" content=\"180\" \/>\n\t<meta property=\"og:image:type\" content=\"image\/png\" \/>\n<meta name=\"author\" content=\"cladmin\" \/>\n<meta name=\"twitter:card\" content=\"summary_large_image\" \/>\n<meta name=\"twitter:label1\" content=\"Scritto da\" \/>\n\t<meta name=\"twitter:data1\" content=\"cladmin\" \/>\n\t<meta name=\"twitter:label2\" content=\"Tempo di lettura stimato\" \/>\n\t<meta name=\"twitter:data2\" content=\"4 minuti\" \/>\n<script type=\"application\/ld+json\" class=\"yoast-schema-graph\">{\"@context\":\"https:\/\/schema.org\",\"@graph\":[{\"@type\":\"Article\",\"@id\":\"https:\/\/www.civiltalaica.it\/cms\/censurare-il-proprio-ateismo-a-scuola\/#article\",\"isPartOf\":{\"@id\":\"https:\/\/www.civiltalaica.it\/cms\/censurare-il-proprio-ateismo-a-scuola\/\"},\"author\":{\"name\":\"cladmin\",\"@id\":\"https:\/\/www.civiltalaica.it\/cms\/#\/schema\/person\/500a52762e2620e007d6333aa121f5e5\"},\"headline\":\"Censurare il proprio ateismo a scuola\",\"datePublished\":\"2006-03-21T21:13:00+00:00\",\"dateModified\":\"2011-01-26T10:04:43+00:00\",\"mainEntityOfPage\":{\"@id\":\"https:\/\/www.civiltalaica.it\/cms\/censurare-il-proprio-ateismo-a-scuola\/\"},\"wordCount\":741,\"keywords\":[\"Web\"],\"articleSection\":[\"articoli\"],\"inLanguage\":\"it-IT\"},{\"@type\":\"WebPage\",\"@id\":\"https:\/\/www.civiltalaica.it\/cms\/censurare-il-proprio-ateismo-a-scuola\/\",\"url\":\"https:\/\/www.civiltalaica.it\/cms\/censurare-il-proprio-ateismo-a-scuola\/\",\"name\":\"Censurare il proprio ateismo a scuola - Associazione Culturale Civilt\u00e0 Laica\",\"isPartOf\":{\"@id\":\"https:\/\/www.civiltalaica.it\/cms\/#website\"},\"datePublished\":\"2006-03-21T21:13:00+00:00\",\"dateModified\":\"2011-01-26T10:04:43+00:00\",\"author\":{\"@id\":\"https:\/\/www.civiltalaica.it\/cms\/#\/schema\/person\/500a52762e2620e007d6333aa121f5e5\"},\"breadcrumb\":{\"@id\":\"https:\/\/www.civiltalaica.it\/cms\/censurare-il-proprio-ateismo-a-scuola\/#breadcrumb\"},\"inLanguage\":\"it-IT\",\"potentialAction\":[{\"@type\":\"ReadAction\",\"target\":[\"https:\/\/www.civiltalaica.it\/cms\/censurare-il-proprio-ateismo-a-scuola\/\"]}]},{\"@type\":\"BreadcrumbList\",\"@id\":\"https:\/\/www.civiltalaica.it\/cms\/censurare-il-proprio-ateismo-a-scuola\/#breadcrumb\",\"itemListElement\":[{\"@type\":\"ListItem\",\"position\":1,\"name\":\"Home\",\"item\":\"https:\/\/www.civiltalaica.it\/cms\/\"},{\"@type\":\"ListItem\",\"position\":2,\"name\":\"1\u00b0 Meeting delle Associazioni Laiche\",\"item\":\"https:\/\/www.civiltalaica.it\/cms\/1%c2%b0-meeting-delle-associazioni-laiche-2\/\"},{\"@type\":\"ListItem\",\"position\":3,\"name\":\"Censurare il proprio ateismo a scuola\"}]},{\"@type\":\"WebSite\",\"@id\":\"https:\/\/www.civiltalaica.it\/cms\/#website\",\"url\":\"https:\/\/www.civiltalaica.it\/cms\/\",\"name\":\"Associazione Culturale Civilt\u00e0 Laica\",\"description\":\"Per un movimento culturale volto a difendere la Laicit\u00e0 dello Stato.\",\"potentialAction\":[{\"@type\":\"SearchAction\",\"target\":{\"@type\":\"EntryPoint\",\"urlTemplate\":\"https:\/\/www.civiltalaica.it\/cms\/?s={search_term_string}\"},\"query-input\":{\"@type\":\"PropertyValueSpecification\",\"valueRequired\":true,\"valueName\":\"search_term_string\"}}],\"inLanguage\":\"it-IT\"},{\"@type\":\"Person\",\"@id\":\"https:\/\/www.civiltalaica.it\/cms\/#\/schema\/person\/500a52762e2620e007d6333aa121f5e5\",\"name\":\"cladmin\",\"url\":\"https:\/\/www.civiltalaica.it\/cms\/author\/cladmin\/\"}]}<\/script>\n<!-- \/ Yoast SEO plugin. -->","yoast_head_json":{"title":"Censurare il proprio ateismo a scuola - Associazione Culturale Civilt\u00e0 Laica","robots":{"index":"index","follow":"follow","max-snippet":"max-snippet:-1","max-image-preview":"max-image-preview:large","max-video-preview":"max-video-preview:-1"},"canonical":"https:\/\/www.civiltalaica.it\/cms\/censurare-il-proprio-ateismo-a-scuola\/","og_locale":"it_IT","og_type":"article","og_title":"Censurare il proprio ateismo a scuola - Associazione Culturale Civilt\u00e0 Laica","og_description":"L&#39;insegnante Marcella Boccia esprime&#160;la sua solidariet\u00e0alla collega denunciata a Vigevano per aver&#160;&quot;confessato&quot;ai suoi&#160;allievi della scuola media il proprio ateismo.&#160;","og_url":"https:\/\/www.civiltalaica.it\/cms\/censurare-il-proprio-ateismo-a-scuola\/","og_site_name":"Associazione Culturale Civilt\u00e0 Laica","article_publisher":"https:\/\/www.facebook.com\/civiltalaica","article_published_time":"2006-03-21T21:13:00+00:00","article_modified_time":"2011-01-26T10:04:43+00:00","og_image":[{"width":400,"height":180,"url":"https:\/\/www.civiltalaica.it\/cms\/wp-content\/uploads\/2017\/06\/logo-cl.png","type":"image\/png"}],"author":"cladmin","twitter_card":"summary_large_image","twitter_misc":{"Scritto da":"cladmin","Tempo di lettura stimato":"4 minuti"},"schema":{"@context":"https:\/\/schema.org","@graph":[{"@type":"Article","@id":"https:\/\/www.civiltalaica.it\/cms\/censurare-il-proprio-ateismo-a-scuola\/#article","isPartOf":{"@id":"https:\/\/www.civiltalaica.it\/cms\/censurare-il-proprio-ateismo-a-scuola\/"},"author":{"name":"cladmin","@id":"https:\/\/www.civiltalaica.it\/cms\/#\/schema\/person\/500a52762e2620e007d6333aa121f5e5"},"headline":"Censurare il proprio ateismo a scuola","datePublished":"2006-03-21T21:13:00+00:00","dateModified":"2011-01-26T10:04:43+00:00","mainEntityOfPage":{"@id":"https:\/\/www.civiltalaica.it\/cms\/censurare-il-proprio-ateismo-a-scuola\/"},"wordCount":741,"keywords":["Web"],"articleSection":["articoli"],"inLanguage":"it-IT"},{"@type":"WebPage","@id":"https:\/\/www.civiltalaica.it\/cms\/censurare-il-proprio-ateismo-a-scuola\/","url":"https:\/\/www.civiltalaica.it\/cms\/censurare-il-proprio-ateismo-a-scuola\/","name":"Censurare il proprio ateismo a scuola - Associazione Culturale Civilt\u00e0 Laica","isPartOf":{"@id":"https:\/\/www.civiltalaica.it\/cms\/#website"},"datePublished":"2006-03-21T21:13:00+00:00","dateModified":"2011-01-26T10:04:43+00:00","author":{"@id":"https:\/\/www.civiltalaica.it\/cms\/#\/schema\/person\/500a52762e2620e007d6333aa121f5e5"},"breadcrumb":{"@id":"https:\/\/www.civiltalaica.it\/cms\/censurare-il-proprio-ateismo-a-scuola\/#breadcrumb"},"inLanguage":"it-IT","potentialAction":[{"@type":"ReadAction","target":["https:\/\/www.civiltalaica.it\/cms\/censurare-il-proprio-ateismo-a-scuola\/"]}]},{"@type":"BreadcrumbList","@id":"https:\/\/www.civiltalaica.it\/cms\/censurare-il-proprio-ateismo-a-scuola\/#breadcrumb","itemListElement":[{"@type":"ListItem","position":1,"name":"Home","item":"https:\/\/www.civiltalaica.it\/cms\/"},{"@type":"ListItem","position":2,"name":"1\u00b0 Meeting delle Associazioni Laiche","item":"https:\/\/www.civiltalaica.it\/cms\/1%c2%b0-meeting-delle-associazioni-laiche-2\/"},{"@type":"ListItem","position":3,"name":"Censurare il proprio ateismo a scuola"}]},{"@type":"WebSite","@id":"https:\/\/www.civiltalaica.it\/cms\/#website","url":"https:\/\/www.civiltalaica.it\/cms\/","name":"Associazione Culturale Civilt\u00e0 Laica","description":"Per un movimento culturale volto a difendere la Laicit\u00e0 dello Stato.","potentialAction":[{"@type":"SearchAction","target":{"@type":"EntryPoint","urlTemplate":"https:\/\/www.civiltalaica.it\/cms\/?s={search_term_string}"},"query-input":{"@type":"PropertyValueSpecification","valueRequired":true,"valueName":"search_term_string"}}],"inLanguage":"it-IT"},{"@type":"Person","@id":"https:\/\/www.civiltalaica.it\/cms\/#\/schema\/person\/500a52762e2620e007d6333aa121f5e5","name":"cladmin","url":"https:\/\/www.civiltalaica.it\/cms\/author\/cladmin\/"}]}},"_links":{"self":[{"href":"https:\/\/www.civiltalaica.it\/cms\/wp-json\/wp\/v2\/posts\/710","targetHints":{"allow":["GET"]}}],"collection":[{"href":"https:\/\/www.civiltalaica.it\/cms\/wp-json\/wp\/v2\/posts"}],"about":[{"href":"https:\/\/www.civiltalaica.it\/cms\/wp-json\/wp\/v2\/types\/post"}],"author":[{"embeddable":true,"href":"https:\/\/www.civiltalaica.it\/cms\/wp-json\/wp\/v2\/users\/1"}],"replies":[{"embeddable":true,"href":"https:\/\/www.civiltalaica.it\/cms\/wp-json\/wp\/v2\/comments?post=710"}],"version-history":[{"count":0,"href":"https:\/\/www.civiltalaica.it\/cms\/wp-json\/wp\/v2\/posts\/710\/revisions"}],"wp:attachment":[{"href":"https:\/\/www.civiltalaica.it\/cms\/wp-json\/wp\/v2\/media?parent=710"}],"wp:term":[{"taxonomy":"category","embeddable":true,"href":"https:\/\/www.civiltalaica.it\/cms\/wp-json\/wp\/v2\/categories?post=710"},{"taxonomy":"post_tag","embeddable":true,"href":"https:\/\/www.civiltalaica.it\/cms\/wp-json\/wp\/v2\/tags?post=710"}],"curies":[{"name":"wp","href":"https:\/\/api.w.org\/{rel}","templated":true}]}}