{"id":7,"date":"2005-03-14T22:41:53","date_gmt":"2005-03-14T22:41:53","guid":{"rendered":""},"modified":"2011-01-26T10:15:08","modified_gmt":"2011-01-26T10:15:08","slug":"nuove-difficolta-nel-dialogo-tra-laici-e-cattolici","status":"publish","type":"post","link":"https:\/\/www.civiltalaica.it\/cms\/nuove-difficolta-nel-dialogo-tra-laici-e-cattolici\/","title":{"rendered":"Nuove difficolt\u00e0 nel dialogo tra laici e cattolici"},"content":{"rendered":"<p>\n<strong>Nuove difficolt\u00e0 nel dialogo tra laici e cattolici<\/strong><br \/><!--more--><\/p>\n<p>\nIn occasione della bocciatura di Rocco Buttiglione da parte del<br \/>\nparlamento europeo, il cardinale Renato Martino, presidente del<br \/>\nPontificio Consiglio di Giustizia e Pace, ha esternato alcune<br \/>\nriflessioni molto pericolose per il mantenimento di un seppur flebile<br \/>\ndialogo tra i credenti e i non credenti. A fondamento della convivenza<br \/>\ncivile, gli stati moderni hanno sancito nelle loro costituzioni il<br \/>\nprincipio della separazione tra religione e stato, ovvero tra<br \/>\nimperativi etici delle coscienze individuali e leggi che governano la<br \/>\nvita dei cittadini, mantenendo la fondamentale distinzione tra peccato<br \/>\ne reato (es. non finire in galera se si fa l&#39;amore con una donna gi\u00e0<br \/>\nsposata). Il principio costituzionale non nasce da filosofie<br \/>\nmetafisiche o generosi atti di concessione di sovrani illuminati ma<br \/>\ndalla constatazione storica che laddove la religione interferiva nelle<br \/>\ncose dello Stato non solo venivano soffocate essenziali libert\u00e0<br \/>\nindividuali e collettive ma, inevitabilmente, scoppiavano rivolte e<br \/>\nrivoluzioni sanguinose e successive ritorsioni e vendette e rancori<br \/>\nsecolari come \u00e8 accaduto per esempio nell&#39;Europa del 1600.&#160; Che<br \/>\ncosa c&#39;entra questa riflessione con il cardinale Martino e quanto da<br \/>\nlui esternato? La risposta \u00e8 da ricercare nella incapacit\u00e0 delle<br \/>\ngerarchie vaticane di rinunciare&#160; al primato della Chiesa anche<br \/>\nnegli affari politici, non accontentandosi di svolgere il solo uffizio<br \/>\npastorale, e di non riuscire proprio ad accettare che non si pu\u00f2<br \/>\nobbligare per legge a non abortire, a non divorziare, a non cercare di<br \/>\nmettere al mondo un figlio sano, insomma fare distinzione tra peccato e<br \/>\nreato. E&#39;&#160; dalla constatazione che l&#39;Europa moderna ricusa e<br \/>\nrifiuta le ingerenze&#160; vaticane nel governo delle nazioni e dei<br \/>\npopoli che scaturisce la rabbiosa e livida reazione sgangherata e<br \/>\nsproporzionata di alti prelati ecclesiastici come il cardinale Martino,<br \/>\nche cogliendo l&#39;occasione della mortificazione di Buttiglione ha<br \/>\nparlato di potenti lobby culturali, economiche e politiche che<br \/>\ndanno&#160; vita ad una nuova inquisizione laicista che vuole rendere<br \/>\nirrilevante la voce del papa ed emarginare il cristianesimo. Sono<br \/>\nparole che francamente non si riescono a comprendere, anche perch\u00e9 se<br \/>\nc&#39;\u00e8 una struttura di potere economico che ordisce trame politiche,<br \/>\nquello \u00e8 proprio il Vaticano, con i miliardi di euro che gestisce e<br \/>\nl&#39;enorme numero di persone che muove in tutto il mondo. Eppoi, come si<br \/>\nfa&#160; a parlare di isolamento del papa, dato che non c&#39;\u00e8<br \/>\ntelegiornale od organo di stampa che non dia quotidiana notizia sul<br \/>\npontefice e su quanto accade in Vaticano. E chi emarginerebbe il<br \/>\ncristianesimo? Negli ultimi anni abbiamo fatto indigestione mediatica<br \/>\ndi notizie riguardanti la Chiesa a la Cattolicit\u00e0: tralasciando gli<br \/>\nsceneggiati televisivi su santi e papi che si sono succeduti senza<br \/>\ntregua su ogni emittente e l&#39;onnipresenza di sacerdoti e religiosi in<br \/>\ntrasmissioni culturali e persino di intrattenimento, non c&#39;\u00e8<br \/>\norgano&#160; di stampa, almeno in Italia, che non ospiti<br \/>\nopinionisti&#160; cattolici, non c&#39;\u00e8 storico che non si confronti con<br \/>\nil cristianesimo e sociologo o antropologo che ometta riferimenti alla<br \/>\ncultura cattolica sui suoi libri, le riviste e i giornali. Il cardinale<br \/>\nMartino&#160; ha anche parlato di pregiudizio verso tutto ci\u00f2 che \u00e8<br \/>\ncristiano e di sistematico utilizzo di metodi che zittiscono la voce<br \/>\ndei cattolici, dall&#39;intimidazione al disprezzo pubblico, alla<br \/>\ndiscriminazione riferendosi alla critica espressa da molti parlamentari<br \/>\neuropei alle idee dell&#39;on. Buttiglione sugli omosessuali e le donne.<br \/>\nQuesta accusa ribalta sfacciatamente ci\u00f2 che accade nella realt\u00e0 e ci<br \/>\nobbliga a giudicare Martino o un ingenuo gonzo oppure un furbesco<br \/>\nimbonitore. Conosce il monsignore la Storia? Chi ha inventato l&#39;indice<br \/>\ndei libri proibiti? Chi ha obbligato Galileo a ricusare? Chi ha<br \/>\nbruciato vivo Giordano Bruno? Chi ha terrorizzato per secoli gli<br \/>\nspiriti liberi e i pensatori critici estromettendoli da incarichi e<br \/>\nfunzioni come \u00e8 accaduto ancora pochi anni fa al filosofo E. Severino<br \/>\nbuttato fuori dalle universit\u00e0?&#160; Chi tuona ancora contro la<br \/>\nsessualit\u00e0 consapevole e l&#39;emancipazione delle donne? Chi continua a<br \/>\ntrattare gli omosessuali come fossero strani esseri privi di diritti?<br \/>\nCome si fa ad accusare la laicit\u00e0&#160; di &quot;escludere la cristianit\u00e0&quot;<br \/>\ndalla cultura e dalla politica se esse ne sono pervase? Il cardinale<br \/>\nMartino deve senz&#39;altro sapere qualcosa sulla Compagnia delle Opere,<br \/>\nl&#39;associazione cattolica che aggrega 30.000 aziende e 500.000 soci che<br \/>\nfatturano 74 mila milioni di euro e pagano quote di iscrizione di 13,5<br \/>\nmilioni di euro l&#39;anno. Questa lobby affaristica&#160; cattolica che<br \/>\ninfluenza i consigli di amministrazione delle banche ed \u00e8 potente come<br \/>\nun sindacato ha fatto eleggere numerosi parlamentari, tanto che oggi<br \/>\npu\u00f2 vantare l&#39;alleanza di 242 tra deputati e senatori, in ogni partito.<br \/>\nE&#39; una sorta di stato nello Stato, un insieme di persone che influenza<br \/>\ni destini del paese in senso cattolico, come ben dimostrano le ultime<br \/>\nleggi emanate dal parlamento, tra le quali quella sulla fecondazione<br \/>\nassistita.&#160; Non viene a Mons. Martino il dubbio che almeno<br \/>\nl&#39;Europa, dato che i laici italiani sembrano distratti da altro, provi<br \/>\nrepulsione per una cattolicit\u00e0&#160; italiana e vaticana tanto<br \/>\nretrograda nella morale quanto affamata di potere bancario e interessi<br \/>\nfinanziari (quanti sanno che solo il 19,8% del gettito otto per mille<br \/>\nva davvero per interventi caritativi)? Veniamo, infine al presunto<br \/>\noscurantismo dell&#39;illuminismo post-moderno e al soggettivismo<br \/>\nindividualista che fa trasformare i diritti&#160; in arbitrio. Che cosa<br \/>\nintendeva dire Mons. Martino? Semplicemente questo: &quot;tu, uomo o donna,<br \/>\ntu non devi neanche permetterti di pensare che cosa \u00e8 bene e male, che<br \/>\ncosa \u00e8 giusto o sbagliato, n\u00e9 devi attribuirti diritti per decidere tu<br \/>\ndel tuo comportamento e del tuo destino&quot;. Poich\u00e9 sono state le idee<br \/>\nIlluministe a conferire importanza all&#39;individuo attribuendogli il<br \/>\ndiritto di cittadino, di persona, stravolgendo la concezione arcaica<br \/>\ncristiana che la vita terrena fosse solo un passaggio di sofferenza<br \/>\npreparatorio alla vita successiva, ogni atto di denigrazione contro<br \/>\nl&#39;illuminismo rivela la vera natura regressiva di siffatte accuse. Ma<br \/>\nnoi assicuriamo Mons.&#160; Martino che nonostante le sue esternazioni,<br \/>\nnoi laici non siamo arrabbiati con lui, perch\u00e9 capiamo la fonte della<br \/>\nsua collera: una mente ancorata ad un passato destinato a scomparire,<br \/>\nsopravanzato da un mondo che annuncia il tramonto delle religioni<br \/>\ntradizionali. Noi laici siamo sereni, perch\u00e9 sappiamo che libert\u00e0,<br \/>\nautodeterminazione e tolleranza riusciranno prima o poi&#160; a<br \/>\ngovernare questo pianeta, nonostante che ideologie e religioni della<br \/>\nprevaricazione tentino di opporsi con ogni mezzo, incluso&#160; il<br \/>\nvittimismo e la menzogna.<\/p>\n","protected":false},"excerpt":{"rendered":"<p>Nuove difficolt\u00e0 nel dialogo tra laici e cattolici<\/p>\n","protected":false},"author":1,"featured_media":0,"comment_status":"closed","ping_status":"closed","sticky":false,"template":"","format":"standard","meta":{"footnotes":""},"categories":[238],"tags":[1448],"class_list":["post-7","post","type-post","status-publish","format-standard","hentry","category-articoli","tag-opinioni"],"yoast_head":"<!-- This site is optimized with the Yoast SEO plugin v27.1.1 - https:\/\/yoast.com\/product\/yoast-seo-wordpress\/ -->\n<title>Nuove difficolt\u00e0 nel dialogo tra laici e cattolici - Associazione Culturale Civilt\u00e0 Laica<\/title>\n<meta name=\"robots\" content=\"index, follow, max-snippet:-1, max-image-preview:large, max-video-preview:-1\" \/>\n<link rel=\"canonical\" href=\"https:\/\/www.civiltalaica.it\/cms\/nuove-difficolta-nel-dialogo-tra-laici-e-cattolici\/\" \/>\n<meta property=\"og:locale\" content=\"it_IT\" \/>\n<meta property=\"og:type\" content=\"article\" \/>\n<meta property=\"og:title\" content=\"Nuove difficolt\u00e0 nel dialogo tra laici e cattolici - Associazione Culturale Civilt\u00e0 Laica\" \/>\n<meta property=\"og:description\" content=\"Nuove difficolt\u00e0 nel dialogo tra laici e cattolici\" \/>\n<meta property=\"og:url\" content=\"https:\/\/www.civiltalaica.it\/cms\/nuove-difficolta-nel-dialogo-tra-laici-e-cattolici\/\" \/>\n<meta property=\"og:site_name\" content=\"Associazione Culturale Civilt\u00e0 Laica\" \/>\n<meta property=\"article:publisher\" content=\"https:\/\/www.facebook.com\/civiltalaica\" \/>\n<meta property=\"article:published_time\" content=\"2005-03-14T22:41:53+00:00\" \/>\n<meta property=\"article:modified_time\" content=\"2011-01-26T10:15:08+00:00\" \/>\n<meta property=\"og:image\" content=\"https:\/\/www.civiltalaica.it\/cms\/wp-content\/uploads\/2017\/06\/logo-cl.png\" \/>\n\t<meta property=\"og:image:width\" content=\"400\" \/>\n\t<meta property=\"og:image:height\" content=\"180\" \/>\n\t<meta property=\"og:image:type\" content=\"image\/png\" \/>\n<meta name=\"author\" content=\"cladmin\" \/>\n<meta name=\"twitter:card\" content=\"summary_large_image\" \/>\n<meta name=\"twitter:label1\" content=\"Scritto da\" \/>\n\t<meta name=\"twitter:data1\" content=\"cladmin\" \/>\n\t<meta name=\"twitter:label2\" content=\"Tempo di lettura stimato\" \/>\n\t<meta name=\"twitter:data2\" content=\"5 minuti\" \/>\n<script type=\"application\/ld+json\" class=\"yoast-schema-graph\">{\"@context\":\"https:\/\/schema.org\",\"@graph\":[{\"@type\":\"Article\",\"@id\":\"https:\/\/www.civiltalaica.it\/cms\/nuove-difficolta-nel-dialogo-tra-laici-e-cattolici\/#article\",\"isPartOf\":{\"@id\":\"https:\/\/www.civiltalaica.it\/cms\/nuove-difficolta-nel-dialogo-tra-laici-e-cattolici\/\"},\"author\":{\"name\":\"cladmin\",\"@id\":\"https:\/\/www.civiltalaica.it\/cms\/#\/schema\/person\/500a52762e2620e007d6333aa121f5e5\"},\"headline\":\"Nuove difficolt\u00e0 nel dialogo tra laici e cattolici\",\"datePublished\":\"2005-03-14T22:41:53+00:00\",\"dateModified\":\"2011-01-26T10:15:08+00:00\",\"mainEntityOfPage\":{\"@id\":\"https:\/\/www.civiltalaica.it\/cms\/nuove-difficolta-nel-dialogo-tra-laici-e-cattolici\/\"},\"wordCount\":1043,\"keywords\":[\"Opinioni\"],\"articleSection\":[\"articoli\"],\"inLanguage\":\"it-IT\"},{\"@type\":\"WebPage\",\"@id\":\"https:\/\/www.civiltalaica.it\/cms\/nuove-difficolta-nel-dialogo-tra-laici-e-cattolici\/\",\"url\":\"https:\/\/www.civiltalaica.it\/cms\/nuove-difficolta-nel-dialogo-tra-laici-e-cattolici\/\",\"name\":\"Nuove difficolt\u00e0 nel dialogo tra laici e cattolici - Associazione Culturale Civilt\u00e0 Laica\",\"isPartOf\":{\"@id\":\"https:\/\/www.civiltalaica.it\/cms\/#website\"},\"datePublished\":\"2005-03-14T22:41:53+00:00\",\"dateModified\":\"2011-01-26T10:15:08+00:00\",\"author\":{\"@id\":\"https:\/\/www.civiltalaica.it\/cms\/#\/schema\/person\/500a52762e2620e007d6333aa121f5e5\"},\"breadcrumb\":{\"@id\":\"https:\/\/www.civiltalaica.it\/cms\/nuove-difficolta-nel-dialogo-tra-laici-e-cattolici\/#breadcrumb\"},\"inLanguage\":\"it-IT\",\"potentialAction\":[{\"@type\":\"ReadAction\",\"target\":[\"https:\/\/www.civiltalaica.it\/cms\/nuove-difficolta-nel-dialogo-tra-laici-e-cattolici\/\"]}]},{\"@type\":\"BreadcrumbList\",\"@id\":\"https:\/\/www.civiltalaica.it\/cms\/nuove-difficolta-nel-dialogo-tra-laici-e-cattolici\/#breadcrumb\",\"itemListElement\":[{\"@type\":\"ListItem\",\"position\":1,\"name\":\"Home\",\"item\":\"https:\/\/www.civiltalaica.it\/cms\/\"},{\"@type\":\"ListItem\",\"position\":2,\"name\":\"Nuove difficolt\u00e0 nel dialogo tra laici e cattolici\"}]},{\"@type\":\"WebSite\",\"@id\":\"https:\/\/www.civiltalaica.it\/cms\/#website\",\"url\":\"https:\/\/www.civiltalaica.it\/cms\/\",\"name\":\"Associazione Culturale Civilt\u00e0 Laica\",\"description\":\"Per un movimento culturale volto a difendere la Laicit\u00e0 dello Stato.\",\"potentialAction\":[{\"@type\":\"SearchAction\",\"target\":{\"@type\":\"EntryPoint\",\"urlTemplate\":\"https:\/\/www.civiltalaica.it\/cms\/?s={search_term_string}\"},\"query-input\":{\"@type\":\"PropertyValueSpecification\",\"valueRequired\":true,\"valueName\":\"search_term_string\"}}],\"inLanguage\":\"it-IT\"},{\"@type\":\"Person\",\"@id\":\"https:\/\/www.civiltalaica.it\/cms\/#\/schema\/person\/500a52762e2620e007d6333aa121f5e5\",\"name\":\"cladmin\",\"url\":\"https:\/\/www.civiltalaica.it\/cms\/author\/cladmin\/\"}]}<\/script>\n<!-- \/ Yoast SEO plugin. -->","yoast_head_json":{"title":"Nuove difficolt\u00e0 nel dialogo tra laici e cattolici - Associazione Culturale Civilt\u00e0 Laica","robots":{"index":"index","follow":"follow","max-snippet":"max-snippet:-1","max-image-preview":"max-image-preview:large","max-video-preview":"max-video-preview:-1"},"canonical":"https:\/\/www.civiltalaica.it\/cms\/nuove-difficolta-nel-dialogo-tra-laici-e-cattolici\/","og_locale":"it_IT","og_type":"article","og_title":"Nuove difficolt\u00e0 nel dialogo tra laici e cattolici - Associazione Culturale Civilt\u00e0 Laica","og_description":"Nuove difficolt\u00e0 nel dialogo tra laici e cattolici","og_url":"https:\/\/www.civiltalaica.it\/cms\/nuove-difficolta-nel-dialogo-tra-laici-e-cattolici\/","og_site_name":"Associazione Culturale Civilt\u00e0 Laica","article_publisher":"https:\/\/www.facebook.com\/civiltalaica","article_published_time":"2005-03-14T22:41:53+00:00","article_modified_time":"2011-01-26T10:15:08+00:00","og_image":[{"width":400,"height":180,"url":"https:\/\/www.civiltalaica.it\/cms\/wp-content\/uploads\/2017\/06\/logo-cl.png","type":"image\/png"}],"author":"cladmin","twitter_card":"summary_large_image","twitter_misc":{"Scritto da":"cladmin","Tempo di lettura stimato":"5 minuti"},"schema":{"@context":"https:\/\/schema.org","@graph":[{"@type":"Article","@id":"https:\/\/www.civiltalaica.it\/cms\/nuove-difficolta-nel-dialogo-tra-laici-e-cattolici\/#article","isPartOf":{"@id":"https:\/\/www.civiltalaica.it\/cms\/nuove-difficolta-nel-dialogo-tra-laici-e-cattolici\/"},"author":{"name":"cladmin","@id":"https:\/\/www.civiltalaica.it\/cms\/#\/schema\/person\/500a52762e2620e007d6333aa121f5e5"},"headline":"Nuove difficolt\u00e0 nel dialogo tra laici e cattolici","datePublished":"2005-03-14T22:41:53+00:00","dateModified":"2011-01-26T10:15:08+00:00","mainEntityOfPage":{"@id":"https:\/\/www.civiltalaica.it\/cms\/nuove-difficolta-nel-dialogo-tra-laici-e-cattolici\/"},"wordCount":1043,"keywords":["Opinioni"],"articleSection":["articoli"],"inLanguage":"it-IT"},{"@type":"WebPage","@id":"https:\/\/www.civiltalaica.it\/cms\/nuove-difficolta-nel-dialogo-tra-laici-e-cattolici\/","url":"https:\/\/www.civiltalaica.it\/cms\/nuove-difficolta-nel-dialogo-tra-laici-e-cattolici\/","name":"Nuove difficolt\u00e0 nel dialogo tra laici e cattolici - Associazione Culturale Civilt\u00e0 Laica","isPartOf":{"@id":"https:\/\/www.civiltalaica.it\/cms\/#website"},"datePublished":"2005-03-14T22:41:53+00:00","dateModified":"2011-01-26T10:15:08+00:00","author":{"@id":"https:\/\/www.civiltalaica.it\/cms\/#\/schema\/person\/500a52762e2620e007d6333aa121f5e5"},"breadcrumb":{"@id":"https:\/\/www.civiltalaica.it\/cms\/nuove-difficolta-nel-dialogo-tra-laici-e-cattolici\/#breadcrumb"},"inLanguage":"it-IT","potentialAction":[{"@type":"ReadAction","target":["https:\/\/www.civiltalaica.it\/cms\/nuove-difficolta-nel-dialogo-tra-laici-e-cattolici\/"]}]},{"@type":"BreadcrumbList","@id":"https:\/\/www.civiltalaica.it\/cms\/nuove-difficolta-nel-dialogo-tra-laici-e-cattolici\/#breadcrumb","itemListElement":[{"@type":"ListItem","position":1,"name":"Home","item":"https:\/\/www.civiltalaica.it\/cms\/"},{"@type":"ListItem","position":2,"name":"Nuove difficolt\u00e0 nel dialogo tra laici e cattolici"}]},{"@type":"WebSite","@id":"https:\/\/www.civiltalaica.it\/cms\/#website","url":"https:\/\/www.civiltalaica.it\/cms\/","name":"Associazione Culturale Civilt\u00e0 Laica","description":"Per un movimento culturale volto a difendere la Laicit\u00e0 dello Stato.","potentialAction":[{"@type":"SearchAction","target":{"@type":"EntryPoint","urlTemplate":"https:\/\/www.civiltalaica.it\/cms\/?s={search_term_string}"},"query-input":{"@type":"PropertyValueSpecification","valueRequired":true,"valueName":"search_term_string"}}],"inLanguage":"it-IT"},{"@type":"Person","@id":"https:\/\/www.civiltalaica.it\/cms\/#\/schema\/person\/500a52762e2620e007d6333aa121f5e5","name":"cladmin","url":"https:\/\/www.civiltalaica.it\/cms\/author\/cladmin\/"}]}},"_links":{"self":[{"href":"https:\/\/www.civiltalaica.it\/cms\/wp-json\/wp\/v2\/posts\/7","targetHints":{"allow":["GET"]}}],"collection":[{"href":"https:\/\/www.civiltalaica.it\/cms\/wp-json\/wp\/v2\/posts"}],"about":[{"href":"https:\/\/www.civiltalaica.it\/cms\/wp-json\/wp\/v2\/types\/post"}],"author":[{"embeddable":true,"href":"https:\/\/www.civiltalaica.it\/cms\/wp-json\/wp\/v2\/users\/1"}],"replies":[{"embeddable":true,"href":"https:\/\/www.civiltalaica.it\/cms\/wp-json\/wp\/v2\/comments?post=7"}],"version-history":[{"count":0,"href":"https:\/\/www.civiltalaica.it\/cms\/wp-json\/wp\/v2\/posts\/7\/revisions"}],"wp:attachment":[{"href":"https:\/\/www.civiltalaica.it\/cms\/wp-json\/wp\/v2\/media?parent=7"}],"wp:term":[{"taxonomy":"category","embeddable":true,"href":"https:\/\/www.civiltalaica.it\/cms\/wp-json\/wp\/v2\/categories?post=7"},{"taxonomy":"post_tag","embeddable":true,"href":"https:\/\/www.civiltalaica.it\/cms\/wp-json\/wp\/v2\/tags?post=7"}],"curies":[{"name":"wp","href":"https:\/\/api.w.org\/{rel}","templated":true}]}}