{"id":563,"date":"2010-05-27T10:40:30","date_gmt":"2010-05-27T10:40:30","guid":{"rendered":""},"modified":"2011-01-26T09:18:29","modified_gmt":"2011-01-26T09:18:29","slug":"mi-illumino-dincenso-la-stampa","status":"publish","type":"post","link":"https:\/\/www.civiltalaica.it\/cms\/mi-illumino-dincenso-la-stampa\/","title":{"rendered":"Mi illumino d\u2019incenso [La Stampa]"},"content":{"rendered":"<p><a target=\"_blank\" href=\"http:\/\/www.lastampa.it\/_web\/cmstp\/tmplRubriche\/editoriali\/hrubrica.asp?ID_blog=41\"><br \/>Massimo Gramellini su La Stampa del 27\/5\/2010<\/a><\/p>\n<p>La virt\u00f9 cristiana dell&#39;umilt\u00e0 \u00e8 entrata improvvisamente in sciopero a<br \/>\nSalerno, dove l&#39;arcivescovo ha inaugurato una statua che lo raffigura.<br \/>\nMonsignor Pierro ha voluto pensare ai fedeli pi\u00f9 miopi, adoperandosi<br \/>\naffinch\u00e9 la scultura fosse alta almeno quattro metri. L&#39;opera che<br \/>\ntramanda ai posteri le fattezze di questo servo del Signore \u00e8 stata<br \/>\neretta nel Seminario metropolitano, l\u00e0 dove i sacerdoti sono soliti<br \/>\nsvolgere gli esercizi spirituali. Ne trarranno ispirazione per<br \/>\nriflettere sulle miserie della natura umana, fra le quali l&#39;ego espanso<br \/>\n\u00e8 in fondo una delle pi\u00f9 innocue. Anche delle pi\u00f9 diffuse, per\u00f2: un<br \/>\naltro monsignore, a Vallo della Lucania, si \u00e8 fatto ritrarre in un<br \/>\naffresco alla destra di Ges\u00f9.<\/p>\n<p><!--more--><br \/>Siamo convinti che il vescovo di Salerno raccolga schiere di devoti che<br \/>\nlo vorrebbero santo subito e immortalato nella Cappella Sistina accanto<br \/>\nad Adamo. Eppure nemmeno a loro dispiacerebbe sapere con quali denari<br \/>\nSua Eminenza ha commissionato il capolavoro che fissa i suoi nobili<br \/>\nlineamenti nel marmo di Carrara. Non ricordo che la scultura venisse<br \/>\ncitata nella pubblicit\u00e0 dell&#39;otto per mille. Mentre mi pare di<br \/>\nricordare che il monsignore andr\u00e0 presto a giudizio, con l&#39;accusa<br \/>\nd&#39;aver attinto ai fondi pubblici per ristrutturare una colonia per<br \/>\nbambini bisognosi che un miracolo ha successivamente trasformato in<br \/>\nalbergo a cinque stelle. Di sicuro sono storie come questa che inducono<br \/>\na credere nell&#39;origine divina della Chiesa: non si capirebbe,<br \/>\naltrimenti, come possa sopravvivere da duemila anni a certi preti.<\/p>\n","protected":false},"excerpt":{"rendered":"<p>Massimo Gramellini su La Stampa del 27\/5\/2010 La virt\u00f9 cristiana dell&#39;umilt\u00e0 \u00e8 entrata improvvisamente in sciopero a Salerno, dove l&#39;arcivescovo ha inaugurato una statua che lo raffigura. Monsignor Pierro ha voluto pensare ai fedeli pi\u00f9 miopi, adoperandosi affinch\u00e9 la scultura fosse alta almeno quattro metri. L&#39;opera che tramanda ai posteri le fattezze di questo servo [&hellip;]<\/p>\n","protected":false},"author":1,"featured_media":0,"comment_status":"closed","ping_status":"closed","sticky":false,"template":"","format":"standard","meta":{"footnotes":""},"categories":[238],"tags":[28],"class_list":["post-563","post","type-post","status-publish","format-standard","hentry","category-articoli","tag-quotidiani"],"yoast_head":"<!-- This site is optimized with the Yoast SEO plugin v28.3 - https:\/\/yoast.com\/product\/yoast-seo-wordpress\/ -->\n<title>Mi illumino d\u2019incenso [La Stampa] - Associazione Culturale Civilt\u00e0 Laica<\/title>\n<meta name=\"robots\" content=\"index, follow, max-snippet:-1, max-image-preview:large, max-video-preview:-1\" \/>\n<link rel=\"canonical\" href=\"https:\/\/www.civiltalaica.it\/cms\/mi-illumino-dincenso-la-stampa\/\" \/>\n<meta property=\"og:locale\" content=\"it_IT\" \/>\n<meta property=\"og:type\" content=\"article\" \/>\n<meta property=\"og:title\" content=\"Mi illumino d\u2019incenso [La Stampa] - Associazione Culturale Civilt\u00e0 Laica\" \/>\n<meta property=\"og:description\" content=\"Massimo Gramellini su La Stampa del 27\/5\/2010 La virt\u00f9 cristiana dell&#039;umilt\u00e0 \u00e8 entrata improvvisamente in sciopero a Salerno, dove l&#039;arcivescovo ha inaugurato una statua che lo raffigura. Monsignor Pierro ha voluto pensare ai fedeli pi\u00f9 miopi, adoperandosi affinch\u00e9 la scultura fosse alta almeno quattro metri. L&#039;opera che tramanda ai posteri le fattezze di questo servo [&hellip;]\" \/>\n<meta property=\"og:url\" content=\"https:\/\/www.civiltalaica.it\/cms\/mi-illumino-dincenso-la-stampa\/\" \/>\n<meta property=\"og:site_name\" content=\"Associazione Culturale Civilt\u00e0 Laica\" \/>\n<meta property=\"article:publisher\" content=\"https:\/\/www.facebook.com\/civiltalaica\" \/>\n<meta property=\"article:published_time\" content=\"2010-05-27T10:40:30+00:00\" \/>\n<meta property=\"article:modified_time\" content=\"2011-01-26T09:18:29+00:00\" \/>\n<meta property=\"og:image\" content=\"https:\/\/www.civiltalaica.it\/cms\/wp-content\/uploads\/2017\/06\/logo-cl.png\" \/>\n\t<meta property=\"og:image:width\" content=\"400\" \/>\n\t<meta property=\"og:image:height\" content=\"180\" \/>\n\t<meta property=\"og:image:type\" content=\"image\/png\" \/>\n<meta name=\"author\" content=\"cladmin\" \/>\n<meta name=\"twitter:card\" content=\"summary_large_image\" \/>\n<meta name=\"twitter:label1\" content=\"Scritto da\" \/>\n\t<meta name=\"twitter:data1\" content=\"cladmin\" \/>\n\t<meta name=\"twitter:label2\" content=\"Tempo di lettura stimato\" \/>\n\t<meta name=\"twitter:data2\" content=\"1 minuto\" \/>\n<script type=\"application\/ld+json\" class=\"yoast-schema-graph\">{\"@context\":\"https:\\\/\\\/schema.org\",\"@graph\":[{\"@type\":\"Article\",\"@id\":\"https:\\\/\\\/www.civiltalaica.it\\\/cms\\\/mi-illumino-dincenso-la-stampa\\\/#article\",\"isPartOf\":{\"@id\":\"https:\\\/\\\/www.civiltalaica.it\\\/cms\\\/mi-illumino-dincenso-la-stampa\\\/\"},\"author\":{\"name\":\"cladmin\",\"@id\":\"https:\\\/\\\/www.civiltalaica.it\\\/cms\\\/#\\\/schema\\\/person\\\/500a52762e2620e007d6333aa121f5e5\"},\"headline\":\"Mi illumino d\u2019incenso [La Stampa]\",\"datePublished\":\"2010-05-27T10:40:30+00:00\",\"dateModified\":\"2011-01-26T09:18:29+00:00\",\"mainEntityOfPage\":{\"@id\":\"https:\\\/\\\/www.civiltalaica.it\\\/cms\\\/mi-illumino-dincenso-la-stampa\\\/\"},\"wordCount\":252,\"keywords\":[\"Quotidiani\"],\"articleSection\":[\"articoli\"],\"inLanguage\":\"it-IT\"},{\"@type\":\"WebPage\",\"@id\":\"https:\\\/\\\/www.civiltalaica.it\\\/cms\\\/mi-illumino-dincenso-la-stampa\\\/\",\"url\":\"https:\\\/\\\/www.civiltalaica.it\\\/cms\\\/mi-illumino-dincenso-la-stampa\\\/\",\"name\":\"Mi illumino d\u2019incenso [La Stampa] - Associazione Culturale Civilt\u00e0 Laica\",\"isPartOf\":{\"@id\":\"https:\\\/\\\/www.civiltalaica.it\\\/cms\\\/#website\"},\"datePublished\":\"2010-05-27T10:40:30+00:00\",\"dateModified\":\"2011-01-26T09:18:29+00:00\",\"author\":{\"@id\":\"https:\\\/\\\/www.civiltalaica.it\\\/cms\\\/#\\\/schema\\\/person\\\/500a52762e2620e007d6333aa121f5e5\"},\"breadcrumb\":{\"@id\":\"https:\\\/\\\/www.civiltalaica.it\\\/cms\\\/mi-illumino-dincenso-la-stampa\\\/#breadcrumb\"},\"inLanguage\":\"it-IT\",\"potentialAction\":[{\"@type\":\"ReadAction\",\"target\":[\"https:\\\/\\\/www.civiltalaica.it\\\/cms\\\/mi-illumino-dincenso-la-stampa\\\/\"]}]},{\"@type\":\"BreadcrumbList\",\"@id\":\"https:\\\/\\\/www.civiltalaica.it\\\/cms\\\/mi-illumino-dincenso-la-stampa\\\/#breadcrumb\",\"itemListElement\":[{\"@type\":\"ListItem\",\"position\":1,\"name\":\"Home\",\"item\":\"https:\\\/\\\/www.civiltalaica.it\\\/cms\\\/\"},{\"@type\":\"ListItem\",\"position\":2,\"name\":\"Mi illumino d\u2019incenso [La Stampa]\"}]},{\"@type\":\"WebSite\",\"@id\":\"https:\\\/\\\/www.civiltalaica.it\\\/cms\\\/#website\",\"url\":\"https:\\\/\\\/www.civiltalaica.it\\\/cms\\\/\",\"name\":\"Associazione Culturale Civilt\u00e0 Laica\",\"description\":\"Per un movimento culturale volto a difendere la Laicit\u00e0 dello Stato.\",\"potentialAction\":[{\"@type\":\"SearchAction\",\"target\":{\"@type\":\"EntryPoint\",\"urlTemplate\":\"https:\\\/\\\/www.civiltalaica.it\\\/cms\\\/?s={search_term_string}\"},\"query-input\":{\"@type\":\"PropertyValueSpecification\",\"valueRequired\":true,\"valueName\":\"search_term_string\"}}],\"inLanguage\":\"it-IT\"},{\"@type\":\"Person\",\"@id\":\"https:\\\/\\\/www.civiltalaica.it\\\/cms\\\/#\\\/schema\\\/person\\\/500a52762e2620e007d6333aa121f5e5\",\"name\":\"cladmin\",\"url\":\"https:\\\/\\\/www.civiltalaica.it\\\/cms\\\/author\\\/cladmin\\\/\"}]}<\/script>\n<!-- \/ Yoast SEO plugin. -->","yoast_head_json":{"title":"Mi illumino d\u2019incenso [La Stampa] - Associazione Culturale Civilt\u00e0 Laica","robots":{"index":"index","follow":"follow","max-snippet":"max-snippet:-1","max-image-preview":"max-image-preview:large","max-video-preview":"max-video-preview:-1"},"canonical":"https:\/\/www.civiltalaica.it\/cms\/mi-illumino-dincenso-la-stampa\/","og_locale":"it_IT","og_type":"article","og_title":"Mi illumino d\u2019incenso [La Stampa] - Associazione Culturale Civilt\u00e0 Laica","og_description":"Massimo Gramellini su La Stampa del 27\/5\/2010 La virt\u00f9 cristiana dell&#39;umilt\u00e0 \u00e8 entrata improvvisamente in sciopero a Salerno, dove l&#39;arcivescovo ha inaugurato una statua che lo raffigura. Monsignor Pierro ha voluto pensare ai fedeli pi\u00f9 miopi, adoperandosi affinch\u00e9 la scultura fosse alta almeno quattro metri. L&#39;opera che tramanda ai posteri le fattezze di questo servo [&hellip;]","og_url":"https:\/\/www.civiltalaica.it\/cms\/mi-illumino-dincenso-la-stampa\/","og_site_name":"Associazione Culturale Civilt\u00e0 Laica","article_publisher":"https:\/\/www.facebook.com\/civiltalaica","article_published_time":"2010-05-27T10:40:30+00:00","article_modified_time":"2011-01-26T09:18:29+00:00","og_image":[{"width":400,"height":180,"url":"https:\/\/www.civiltalaica.it\/cms\/wp-content\/uploads\/2017\/06\/logo-cl.png","type":"image\/png"}],"author":"cladmin","twitter_card":"summary_large_image","twitter_misc":{"Scritto da":"cladmin","Tempo di lettura stimato":"1 minuto"},"schema":{"@context":"https:\/\/schema.org","@graph":[{"@type":"Article","@id":"https:\/\/www.civiltalaica.it\/cms\/mi-illumino-dincenso-la-stampa\/#article","isPartOf":{"@id":"https:\/\/www.civiltalaica.it\/cms\/mi-illumino-dincenso-la-stampa\/"},"author":{"name":"cladmin","@id":"https:\/\/www.civiltalaica.it\/cms\/#\/schema\/person\/500a52762e2620e007d6333aa121f5e5"},"headline":"Mi illumino d\u2019incenso [La Stampa]","datePublished":"2010-05-27T10:40:30+00:00","dateModified":"2011-01-26T09:18:29+00:00","mainEntityOfPage":{"@id":"https:\/\/www.civiltalaica.it\/cms\/mi-illumino-dincenso-la-stampa\/"},"wordCount":252,"keywords":["Quotidiani"],"articleSection":["articoli"],"inLanguage":"it-IT"},{"@type":"WebPage","@id":"https:\/\/www.civiltalaica.it\/cms\/mi-illumino-dincenso-la-stampa\/","url":"https:\/\/www.civiltalaica.it\/cms\/mi-illumino-dincenso-la-stampa\/","name":"Mi illumino d\u2019incenso [La Stampa] - Associazione Culturale Civilt\u00e0 Laica","isPartOf":{"@id":"https:\/\/www.civiltalaica.it\/cms\/#website"},"datePublished":"2010-05-27T10:40:30+00:00","dateModified":"2011-01-26T09:18:29+00:00","author":{"@id":"https:\/\/www.civiltalaica.it\/cms\/#\/schema\/person\/500a52762e2620e007d6333aa121f5e5"},"breadcrumb":{"@id":"https:\/\/www.civiltalaica.it\/cms\/mi-illumino-dincenso-la-stampa\/#breadcrumb"},"inLanguage":"it-IT","potentialAction":[{"@type":"ReadAction","target":["https:\/\/www.civiltalaica.it\/cms\/mi-illumino-dincenso-la-stampa\/"]}]},{"@type":"BreadcrumbList","@id":"https:\/\/www.civiltalaica.it\/cms\/mi-illumino-dincenso-la-stampa\/#breadcrumb","itemListElement":[{"@type":"ListItem","position":1,"name":"Home","item":"https:\/\/www.civiltalaica.it\/cms\/"},{"@type":"ListItem","position":2,"name":"Mi illumino d\u2019incenso [La Stampa]"}]},{"@type":"WebSite","@id":"https:\/\/www.civiltalaica.it\/cms\/#website","url":"https:\/\/www.civiltalaica.it\/cms\/","name":"Associazione Culturale Civilt\u00e0 Laica","description":"Per un movimento culturale volto a difendere la Laicit\u00e0 dello Stato.","potentialAction":[{"@type":"SearchAction","target":{"@type":"EntryPoint","urlTemplate":"https:\/\/www.civiltalaica.it\/cms\/?s={search_term_string}"},"query-input":{"@type":"PropertyValueSpecification","valueRequired":true,"valueName":"search_term_string"}}],"inLanguage":"it-IT"},{"@type":"Person","@id":"https:\/\/www.civiltalaica.it\/cms\/#\/schema\/person\/500a52762e2620e007d6333aa121f5e5","name":"cladmin","url":"https:\/\/www.civiltalaica.it\/cms\/author\/cladmin\/"}]}},"_links":{"self":[{"href":"https:\/\/www.civiltalaica.it\/cms\/wp-json\/wp\/v2\/posts\/563","targetHints":{"allow":["GET"]}}],"collection":[{"href":"https:\/\/www.civiltalaica.it\/cms\/wp-json\/wp\/v2\/posts"}],"about":[{"href":"https:\/\/www.civiltalaica.it\/cms\/wp-json\/wp\/v2\/types\/post"}],"author":[{"embeddable":true,"href":"https:\/\/www.civiltalaica.it\/cms\/wp-json\/wp\/v2\/users\/1"}],"replies":[{"embeddable":true,"href":"https:\/\/www.civiltalaica.it\/cms\/wp-json\/wp\/v2\/comments?post=563"}],"version-history":[{"count":0,"href":"https:\/\/www.civiltalaica.it\/cms\/wp-json\/wp\/v2\/posts\/563\/revisions"}],"wp:attachment":[{"href":"https:\/\/www.civiltalaica.it\/cms\/wp-json\/wp\/v2\/media?parent=563"}],"wp:term":[{"taxonomy":"category","embeddable":true,"href":"https:\/\/www.civiltalaica.it\/cms\/wp-json\/wp\/v2\/categories?post=563"},{"taxonomy":"post_tag","embeddable":true,"href":"https:\/\/www.civiltalaica.it\/cms\/wp-json\/wp\/v2\/tags?post=563"}],"curies":[{"name":"wp","href":"https:\/\/api.w.org\/{rel}","templated":true}]}}