{"id":40395,"date":"2026-09-03T13:57:27","date_gmt":"2026-09-03T13:57:27","guid":{"rendered":"https:\/\/www.civiltalaica.it\/cms\/?p=40395"},"modified":"2026-09-03T13:58:44","modified_gmt":"2026-09-03T13:58:44","slug":"fuori-citta-dentro-parole","status":"publish","type":"post","link":"https:\/\/www.civiltalaica.it\/cms\/fuori-citta-dentro-parole\/","title":{"rendered":"fuori citt\u00e0, dentro le parole"},"content":{"rendered":"<p><a href=\"https:\/\/www.civiltalaica.it\/cms\/wp-content\/uploads\/2026\/09\/Post-di-Facebook.png\"><img loading=\"lazy\" decoding=\"async\" class=\"alignnone size-full wp-image-40396\" src=\"https:\/\/www.civiltalaica.it\/cms\/wp-content\/uploads\/2026\/09\/Post-di-Facebook.png\" alt=\"\" width=\"940\" height=\"788\" srcset=\"https:\/\/www.civiltalaica.it\/cms\/wp-content\/uploads\/2026\/09\/Post-di-Facebook.png 940w, https:\/\/www.civiltalaica.it\/cms\/wp-content\/uploads\/2026\/09\/Post-di-Facebook-300x251.png 300w, https:\/\/www.civiltalaica.it\/cms\/wp-content\/uploads\/2026\/09\/Post-di-Facebook-768x644.png 768w, https:\/\/www.civiltalaica.it\/cms\/wp-content\/uploads\/2026\/09\/Post-di-Facebook-191x160.png 191w\" sizes=\"auto, (max-width: 940px) 100vw, 940px\" \/><\/a><\/p>\n<p>&nbsp;<\/p>\n<p>Dove vanno le parole quando non riusciamo a dirle?<\/p>\n<p>Dove si nascondono quelle che fanno paura, quelle che non sappiamo ancora nominare, quelle che avremmo voluto sentirci dire?<\/p>\n<p>E cosa succede quando, invece, una parola trova qualcuno disposto ad ascoltarla?<\/p>\n<p><em>Le parole nel pozzo<\/em>\u00a0di Claudia Conte e Michela Rossi (Bakemono Lab, 2026) parte da una bambina, Nico, e da un silenzio. Da l\u00ec apre molte pi\u00f9 domande di quante ne chiuda. Domande che riguardano bambin\u0259 e persone adulte, le emozioni che sappiamo o non sappiamo nominare, le parole che scegliamo, quelle che perdiamo e quelle che possono diventare fili tra noi.<\/p>\n<p>\u00c8 attorno a queste domande che realt\u00e0 diverse del territorio hanno scelto di incontrarsi e costruire una giornata insieme.<\/p>\n<p>Domenica 13 settembre a partire dalle 11 usciamo dalla citt\u00e0 ed entriamo nelle parole.<\/p>\n<p>A Vita Elementaris, in un luogo che vive di emozioni, incontreremo Claudia Conte e\u00a0<em>Le parole nel pozzo<\/em>. Ci saranno voci che daranno corpo alle pagine, un brunch da condividere, tempo per incontrarsi.<\/p>\n<p>E nel pomeriggio il libro uscir\u00e0 dalle sue pagine: bambin\u0259 e persone adulte avranno spazi diversi per giocare con parole, immagini, emozioni e ricordi e scoprire dove possono portarli.<\/p>\n<p>Non vi raccontiamo tutto.<\/p>\n<p>Perch\u00e9 alcune cose \u00e8 pi\u00f9 bello scoprirle l\u00ec. Anche il luogo!<\/p>\n<p>FUORI CITT\u00c0, DENTRO LE PAROLE<br \/>\nDomenica 13 settembre 2026 \u00b7 dalle 11.00<br \/>\nVita Elementaris \u00b7\u00a0<a href=\"https:\/\/www.google.com\/maps\/search\/Via+Fosso+Ancaiano+29,+Valnerina?entry=gmail&amp;source=g\" data-saferedirecturl=\"https:\/\/www.google.com\/url?q=https:\/\/www.google.com\/maps\/search\/Via%2BFosso%2BAncaiano%2B29,%2BValnerina?entry%3Dgmail%26source%3Dg&amp;source=gmail&amp;ust=1788511386430000&amp;usg=AOvVaw1RpxdkZ1IY_-dEkM0NHqmz\">Via Fosso Ancaiano 29, Valnerina<\/a><\/p>\n<p>Civilt\u00e0 Laica \u00b7 Terni Donne \u00b7 Esedomani Terni \u00b7 Il Pettirosso \u00b7 Monimb\u00f2 Altromercato \u00b7 Vita Elementaris<\/p>\n","protected":false},"excerpt":{"rendered":"<p>&nbsp; Dove vanno le parole quando non riusciamo a dirle? Dove si nascondono quelle che fanno paura, quelle che non sappiamo ancora nominare, quelle che avremmo voluto sentirci dire? E cosa succede quando, invece, una parola trova qualcuno disposto ad ascoltarla? Le parole nel pozzo\u00a0di Claudia Conte e Michela Rossi (Bakemono Lab, 2026) parte da [&hellip;]<\/p>\n","protected":false},"author":7,"featured_media":40396,"comment_status":"closed","ping_status":"closed","sticky":false,"template":"","format":"standard","meta":{"footnotes":""},"categories":[238,229],"tags":[483,1029,2319],"class_list":["post-40395","post","type-post","status-publish","format-standard","has-post-thumbnail","hentry","category-articoli","category-evidenza","tag-civilta-laica","tag-incontri","tag-inziative"],"yoast_head":"<!-- This site is optimized with the Yoast SEO plugin v28.3 - https:\/\/yoast.com\/product\/yoast-seo-wordpress\/ -->\n<title>fuori citt\u00e0, dentro le parole - Associazione Culturale Civilt\u00e0 Laica<\/title>\n<meta name=\"description\" content=\"Dove vanno le parole quando non riusciamo a dirle? Dove si nascondono quelle che fanno paura, o quelle che avremmo voluto sentirci dire?\" \/>\n<meta name=\"robots\" content=\"index, follow, max-snippet:-1, max-image-preview:large, max-video-preview:-1\" \/>\n<link rel=\"canonical\" href=\"https:\/\/www.civiltalaica.it\/cms\/fuori-citta-dentro-parole\/\" \/>\n<meta property=\"og:locale\" content=\"it_IT\" \/>\n<meta property=\"og:type\" content=\"article\" \/>\n<meta property=\"og:title\" content=\"fuori citt\u00e0, dentro le parole - Associazione Culturale Civilt\u00e0 Laica\" \/>\n<meta property=\"og:description\" content=\"Dove vanno le parole quando non riusciamo a dirle? Dove si nascondono quelle che fanno paura, o quelle che avremmo voluto sentirci dire?\" \/>\n<meta property=\"og:url\" content=\"https:\/\/www.civiltalaica.it\/cms\/fuori-citta-dentro-parole\/\" \/>\n<meta property=\"og:site_name\" content=\"Associazione Culturale Civilt\u00e0 Laica\" \/>\n<meta property=\"article:publisher\" content=\"https:\/\/www.facebook.com\/civiltalaica\" \/>\n<meta property=\"article:published_time\" content=\"2026-09-03T13:57:27+00:00\" \/>\n<meta property=\"article:modified_time\" content=\"2026-09-03T13:58:44+00:00\" \/>\n<meta property=\"og:image\" content=\"https:\/\/www.civiltalaica.it\/cms\/wp-content\/uploads\/2026\/09\/Post-di-Facebook.png\" \/>\n\t<meta property=\"og:image:width\" content=\"940\" \/>\n\t<meta property=\"og:image:height\" content=\"788\" \/>\n\t<meta property=\"og:image:type\" content=\"image\/png\" \/>\n<meta name=\"author\" content=\"alexjc\" \/>\n<meta name=\"twitter:card\" content=\"summary_large_image\" \/>\n<meta name=\"twitter:label1\" content=\"Scritto da\" \/>\n\t<meta name=\"twitter:data1\" content=\"alexjc\" \/>\n\t<meta name=\"twitter:label2\" content=\"Tempo di lettura stimato\" \/>\n\t<meta name=\"twitter:data2\" content=\"2 minuti\" \/>\n<script type=\"application\/ld+json\" class=\"yoast-schema-graph\">{\"@context\":\"https:\\\/\\\/schema.org\",\"@graph\":[{\"@type\":\"Article\",\"@id\":\"https:\\\/\\\/www.civiltalaica.it\\\/cms\\\/fuori-citta-dentro-parole\\\/#article\",\"isPartOf\":{\"@id\":\"https:\\\/\\\/www.civiltalaica.it\\\/cms\\\/fuori-citta-dentro-parole\\\/\"},\"author\":{\"name\":\"alexjc\",\"@id\":\"https:\\\/\\\/www.civiltalaica.it\\\/cms\\\/#\\\/schema\\\/person\\\/4efef56f866329a1e0943eb27336df1d\"},\"headline\":\"fuori citt\u00e0, dentro le parole\",\"datePublished\":\"2026-09-03T13:57:27+00:00\",\"dateModified\":\"2026-09-03T13:58:44+00:00\",\"mainEntityOfPage\":{\"@id\":\"https:\\\/\\\/www.civiltalaica.it\\\/cms\\\/fuori-citta-dentro-parole\\\/\"},\"wordCount\":239,\"image\":{\"@id\":\"https:\\\/\\\/www.civiltalaica.it\\\/cms\\\/fuori-citta-dentro-parole\\\/#primaryimage\"},\"thumbnailUrl\":\"https:\\\/\\\/www.civiltalaica.it\\\/cms\\\/wp-content\\\/uploads\\\/2026\\\/09\\\/Post-di-Facebook.png\",\"keywords\":[\"civilt\u00e0 laica\",\"incontri\",\"inziative\"],\"articleSection\":[\"articoli\",\"in evidenza\"],\"inLanguage\":\"it-IT\"},{\"@type\":\"WebPage\",\"@id\":\"https:\\\/\\\/www.civiltalaica.it\\\/cms\\\/fuori-citta-dentro-parole\\\/\",\"url\":\"https:\\\/\\\/www.civiltalaica.it\\\/cms\\\/fuori-citta-dentro-parole\\\/\",\"name\":\"fuori citt\u00e0, dentro le parole - Associazione Culturale Civilt\u00e0 Laica\",\"isPartOf\":{\"@id\":\"https:\\\/\\\/www.civiltalaica.it\\\/cms\\\/#website\"},\"primaryImageOfPage\":{\"@id\":\"https:\\\/\\\/www.civiltalaica.it\\\/cms\\\/fuori-citta-dentro-parole\\\/#primaryimage\"},\"image\":{\"@id\":\"https:\\\/\\\/www.civiltalaica.it\\\/cms\\\/fuori-citta-dentro-parole\\\/#primaryimage\"},\"thumbnailUrl\":\"https:\\\/\\\/www.civiltalaica.it\\\/cms\\\/wp-content\\\/uploads\\\/2026\\\/09\\\/Post-di-Facebook.png\",\"datePublished\":\"2026-09-03T13:57:27+00:00\",\"dateModified\":\"2026-09-03T13:58:44+00:00\",\"author\":{\"@id\":\"https:\\\/\\\/www.civiltalaica.it\\\/cms\\\/#\\\/schema\\\/person\\\/4efef56f866329a1e0943eb27336df1d\"},\"description\":\"Dove vanno le parole quando non riusciamo a dirle? Dove si nascondono quelle che fanno paura, o quelle che avremmo voluto sentirci dire?\",\"breadcrumb\":{\"@id\":\"https:\\\/\\\/www.civiltalaica.it\\\/cms\\\/fuori-citta-dentro-parole\\\/#breadcrumb\"},\"inLanguage\":\"it-IT\",\"potentialAction\":[{\"@type\":\"ReadAction\",\"target\":[\"https:\\\/\\\/www.civiltalaica.it\\\/cms\\\/fuori-citta-dentro-parole\\\/\"]}]},{\"@type\":\"ImageObject\",\"inLanguage\":\"it-IT\",\"@id\":\"https:\\\/\\\/www.civiltalaica.it\\\/cms\\\/fuori-citta-dentro-parole\\\/#primaryimage\",\"url\":\"https:\\\/\\\/www.civiltalaica.it\\\/cms\\\/wp-content\\\/uploads\\\/2026\\\/09\\\/Post-di-Facebook.png\",\"contentUrl\":\"https:\\\/\\\/www.civiltalaica.it\\\/cms\\\/wp-content\\\/uploads\\\/2026\\\/09\\\/Post-di-Facebook.png\",\"width\":940,\"height\":788},{\"@type\":\"BreadcrumbList\",\"@id\":\"https:\\\/\\\/www.civiltalaica.it\\\/cms\\\/fuori-citta-dentro-parole\\\/#breadcrumb\",\"itemListElement\":[{\"@type\":\"ListItem\",\"position\":1,\"name\":\"Home\",\"item\":\"https:\\\/\\\/www.civiltalaica.it\\\/cms\\\/\"},{\"@type\":\"ListItem\",\"position\":2,\"name\":\"fuori citt\u00e0, dentro le parole\"}]},{\"@type\":\"WebSite\",\"@id\":\"https:\\\/\\\/www.civiltalaica.it\\\/cms\\\/#website\",\"url\":\"https:\\\/\\\/www.civiltalaica.it\\\/cms\\\/\",\"name\":\"Associazione Culturale Civilt\u00e0 Laica\",\"description\":\"Per un movimento culturale volto a difendere la Laicit\u00e0 dello Stato.\",\"potentialAction\":[{\"@type\":\"SearchAction\",\"target\":{\"@type\":\"EntryPoint\",\"urlTemplate\":\"https:\\\/\\\/www.civiltalaica.it\\\/cms\\\/?s={search_term_string}\"},\"query-input\":{\"@type\":\"PropertyValueSpecification\",\"valueRequired\":true,\"valueName\":\"search_term_string\"}}],\"inLanguage\":\"it-IT\"},{\"@type\":\"Person\",\"@id\":\"https:\\\/\\\/www.civiltalaica.it\\\/cms\\\/#\\\/schema\\\/person\\\/4efef56f866329a1e0943eb27336df1d\",\"name\":\"alexjc\",\"url\":\"https:\\\/\\\/www.civiltalaica.it\\\/cms\\\/author\\\/alexjc\\\/\"}]}<\/script>\n<!-- \/ Yoast SEO plugin. -->","yoast_head_json":{"title":"fuori citt\u00e0, dentro le parole - Associazione Culturale Civilt\u00e0 Laica","description":"Dove vanno le parole quando non riusciamo a dirle? Dove si nascondono quelle che fanno paura, o quelle che avremmo voluto sentirci dire?","robots":{"index":"index","follow":"follow","max-snippet":"max-snippet:-1","max-image-preview":"max-image-preview:large","max-video-preview":"max-video-preview:-1"},"canonical":"https:\/\/www.civiltalaica.it\/cms\/fuori-citta-dentro-parole\/","og_locale":"it_IT","og_type":"article","og_title":"fuori citt\u00e0, dentro le parole - Associazione Culturale Civilt\u00e0 Laica","og_description":"Dove vanno le parole quando non riusciamo a dirle? Dove si nascondono quelle che fanno paura, o quelle che avremmo voluto sentirci dire?","og_url":"https:\/\/www.civiltalaica.it\/cms\/fuori-citta-dentro-parole\/","og_site_name":"Associazione Culturale Civilt\u00e0 Laica","article_publisher":"https:\/\/www.facebook.com\/civiltalaica","article_published_time":"2026-09-03T13:57:27+00:00","article_modified_time":"2026-09-03T13:58:44+00:00","og_image":[{"width":940,"height":788,"url":"https:\/\/www.civiltalaica.it\/cms\/wp-content\/uploads\/2026\/09\/Post-di-Facebook.png","type":"image\/png"}],"author":"alexjc","twitter_card":"summary_large_image","twitter_misc":{"Scritto da":"alexjc","Tempo di lettura stimato":"2 minuti"},"schema":{"@context":"https:\/\/schema.org","@graph":[{"@type":"Article","@id":"https:\/\/www.civiltalaica.it\/cms\/fuori-citta-dentro-parole\/#article","isPartOf":{"@id":"https:\/\/www.civiltalaica.it\/cms\/fuori-citta-dentro-parole\/"},"author":{"name":"alexjc","@id":"https:\/\/www.civiltalaica.it\/cms\/#\/schema\/person\/4efef56f866329a1e0943eb27336df1d"},"headline":"fuori citt\u00e0, dentro le parole","datePublished":"2026-09-03T13:57:27+00:00","dateModified":"2026-09-03T13:58:44+00:00","mainEntityOfPage":{"@id":"https:\/\/www.civiltalaica.it\/cms\/fuori-citta-dentro-parole\/"},"wordCount":239,"image":{"@id":"https:\/\/www.civiltalaica.it\/cms\/fuori-citta-dentro-parole\/#primaryimage"},"thumbnailUrl":"https:\/\/www.civiltalaica.it\/cms\/wp-content\/uploads\/2026\/09\/Post-di-Facebook.png","keywords":["civilt\u00e0 laica","incontri","inziative"],"articleSection":["articoli","in evidenza"],"inLanguage":"it-IT"},{"@type":"WebPage","@id":"https:\/\/www.civiltalaica.it\/cms\/fuori-citta-dentro-parole\/","url":"https:\/\/www.civiltalaica.it\/cms\/fuori-citta-dentro-parole\/","name":"fuori citt\u00e0, dentro le parole - Associazione Culturale Civilt\u00e0 Laica","isPartOf":{"@id":"https:\/\/www.civiltalaica.it\/cms\/#website"},"primaryImageOfPage":{"@id":"https:\/\/www.civiltalaica.it\/cms\/fuori-citta-dentro-parole\/#primaryimage"},"image":{"@id":"https:\/\/www.civiltalaica.it\/cms\/fuori-citta-dentro-parole\/#primaryimage"},"thumbnailUrl":"https:\/\/www.civiltalaica.it\/cms\/wp-content\/uploads\/2026\/09\/Post-di-Facebook.png","datePublished":"2026-09-03T13:57:27+00:00","dateModified":"2026-09-03T13:58:44+00:00","author":{"@id":"https:\/\/www.civiltalaica.it\/cms\/#\/schema\/person\/4efef56f866329a1e0943eb27336df1d"},"description":"Dove vanno le parole quando non riusciamo a dirle? Dove si nascondono quelle che fanno paura, o quelle che avremmo voluto sentirci dire?","breadcrumb":{"@id":"https:\/\/www.civiltalaica.it\/cms\/fuori-citta-dentro-parole\/#breadcrumb"},"inLanguage":"it-IT","potentialAction":[{"@type":"ReadAction","target":["https:\/\/www.civiltalaica.it\/cms\/fuori-citta-dentro-parole\/"]}]},{"@type":"ImageObject","inLanguage":"it-IT","@id":"https:\/\/www.civiltalaica.it\/cms\/fuori-citta-dentro-parole\/#primaryimage","url":"https:\/\/www.civiltalaica.it\/cms\/wp-content\/uploads\/2026\/09\/Post-di-Facebook.png","contentUrl":"https:\/\/www.civiltalaica.it\/cms\/wp-content\/uploads\/2026\/09\/Post-di-Facebook.png","width":940,"height":788},{"@type":"BreadcrumbList","@id":"https:\/\/www.civiltalaica.it\/cms\/fuori-citta-dentro-parole\/#breadcrumb","itemListElement":[{"@type":"ListItem","position":1,"name":"Home","item":"https:\/\/www.civiltalaica.it\/cms\/"},{"@type":"ListItem","position":2,"name":"fuori citt\u00e0, dentro le parole"}]},{"@type":"WebSite","@id":"https:\/\/www.civiltalaica.it\/cms\/#website","url":"https:\/\/www.civiltalaica.it\/cms\/","name":"Associazione Culturale Civilt\u00e0 Laica","description":"Per un movimento culturale volto a difendere la Laicit\u00e0 dello Stato.","potentialAction":[{"@type":"SearchAction","target":{"@type":"EntryPoint","urlTemplate":"https:\/\/www.civiltalaica.it\/cms\/?s={search_term_string}"},"query-input":{"@type":"PropertyValueSpecification","valueRequired":true,"valueName":"search_term_string"}}],"inLanguage":"it-IT"},{"@type":"Person","@id":"https:\/\/www.civiltalaica.it\/cms\/#\/schema\/person\/4efef56f866329a1e0943eb27336df1d","name":"alexjc","url":"https:\/\/www.civiltalaica.it\/cms\/author\/alexjc\/"}]}},"_links":{"self":[{"href":"https:\/\/www.civiltalaica.it\/cms\/wp-json\/wp\/v2\/posts\/40395","targetHints":{"allow":["GET"]}}],"collection":[{"href":"https:\/\/www.civiltalaica.it\/cms\/wp-json\/wp\/v2\/posts"}],"about":[{"href":"https:\/\/www.civiltalaica.it\/cms\/wp-json\/wp\/v2\/types\/post"}],"author":[{"embeddable":true,"href":"https:\/\/www.civiltalaica.it\/cms\/wp-json\/wp\/v2\/users\/7"}],"replies":[{"embeddable":true,"href":"https:\/\/www.civiltalaica.it\/cms\/wp-json\/wp\/v2\/comments?post=40395"}],"version-history":[{"count":2,"href":"https:\/\/www.civiltalaica.it\/cms\/wp-json\/wp\/v2\/posts\/40395\/revisions"}],"predecessor-version":[{"id":40398,"href":"https:\/\/www.civiltalaica.it\/cms\/wp-json\/wp\/v2\/posts\/40395\/revisions\/40398"}],"wp:featuredmedia":[{"embeddable":true,"href":"https:\/\/www.civiltalaica.it\/cms\/wp-json\/wp\/v2\/media\/40396"}],"wp:attachment":[{"href":"https:\/\/www.civiltalaica.it\/cms\/wp-json\/wp\/v2\/media?parent=40395"}],"wp:term":[{"taxonomy":"category","embeddable":true,"href":"https:\/\/www.civiltalaica.it\/cms\/wp-json\/wp\/v2\/categories?post=40395"},{"taxonomy":"post_tag","embeddable":true,"href":"https:\/\/www.civiltalaica.it\/cms\/wp-json\/wp\/v2\/tags?post=40395"}],"curies":[{"name":"wp","href":"https:\/\/api.w.org\/{rel}","templated":true}]}}