{"id":40390,"date":"2026-09-01T09:58:50","date_gmt":"2026-09-01T09:58:50","guid":{"rendered":"https:\/\/www.civiltalaica.it\/cms\/?p=40390"},"modified":"2026-09-01T09:58:50","modified_gmt":"2026-09-01T09:58:50","slug":"ansia-news-ne-riparliamo-a-settembre","status":"publish","type":"post","link":"https:\/\/www.civiltalaica.it\/cms\/ansia-news-ne-riparliamo-a-settembre\/","title":{"rendered":"ANSIA NEWS &#8211; &#8220;Ne riparliamo a settembre!&#8221;"},"content":{"rendered":"<div class=\"xdj266r x14z9mp xat24cr x1lziwak x1vvkbs x126k92a\">\n<h2 dir=\"auto\"><a href=\"https:\/\/www.civiltalaica.it\/cms\/wp-content\/uploads\/2026\/09\/002-scaled.jpg\"><img loading=\"lazy\" decoding=\"async\" class=\"alignnone size-full wp-image-40391\" src=\"https:\/\/www.civiltalaica.it\/cms\/wp-content\/uploads\/2026\/09\/002-scaled.jpg\" alt=\"\" width=\"2560\" height=\"1179\" srcset=\"https:\/\/www.civiltalaica.it\/cms\/wp-content\/uploads\/2026\/09\/002-scaled.jpg 2560w, https:\/\/www.civiltalaica.it\/cms\/wp-content\/uploads\/2026\/09\/002-300x138.jpg 300w, https:\/\/www.civiltalaica.it\/cms\/wp-content\/uploads\/2026\/09\/002-1024x472.jpg 1024w, https:\/\/www.civiltalaica.it\/cms\/wp-content\/uploads\/2026\/09\/002-768x354.jpg 768w, https:\/\/www.civiltalaica.it\/cms\/wp-content\/uploads\/2026\/09\/002-1536x708.jpg 1536w, https:\/\/www.civiltalaica.it\/cms\/wp-content\/uploads\/2026\/09\/002-2048x944.jpg 2048w, https:\/\/www.civiltalaica.it\/cms\/wp-content\/uploads\/2026\/09\/002-280x129.jpg 280w\" sizes=\"auto, (max-width: 2560px) 100vw, 2560px\" \/><\/a><\/h2>\n<h2 dir=\"auto\"><strong>ANSIA ne parliamo a settembre NEWS<\/strong><\/h2>\n<div dir=\"auto\"><\/div>\n<\/div>\n<div class=\"x14z9mp xat24cr x1lziwak x1vvkbs xtlvy1s x126k92a\">\n<div dir=\"auto\"><strong>POLITICA<\/strong>: Rimosso Sigfrido Ranucci dalla Rai per aver subito un attentato dinamitardo. Era dai tempi di Matteotti che un governo non si prendeva la responsabilit\u00e0 diretta di un delitto.<\/div>\n<div dir=\"auto\"><\/div>\n<\/div>\n<div class=\"x14z9mp xat24cr x1lziwak x1vvkbs xtlvy1s x126k92a\">\n<div dir=\"auto\"><strong>U.S.KRAINE<\/strong>: anche quest&#8217;anno, come tradizione Putin ha riperso la guerra contro Kiev. L&#8217;ultimo neurone della redazione de la Repubblica ha festeggiato tutta la notte prima di dichiarare &#8220;zona deputinizzata&#8221; il tappetino del suo mouse.<\/div>\n<div dir=\"auto\"><\/div>\n<\/div>\n<div class=\"x14z9mp xat24cr x1lziwak x1vvkbs xtlvy1s x126k92a\">\n<div dir=\"auto\"><strong>ESTERI<\/strong>: L&#8217;Islanda dice no all&#8217;UE nonostante la batteria di pentole a prezzo speciale e il materasso matrimoniale che la Von Der Layen aveva messo sul piatto della bilancia durante le trattative. Sicuramente <span class=\"html-span xdj266r x14z9mp xat24cr x1lziwak xexx8yu xyri2b x18d9i69 x1c1uobl x1hl2dhg x16tdsg8 x1vvkbs\"><a class=\"x1i10hfl xjbqb8w x1ejq31n x18oe1m7 x1sy0etr xstzfhl x972fbf x10w94by x1qhh985 x14e42zd x9f619 x1ypdohk xt0psk2 x3ct3a4 xdj266r x14z9mp xat24cr x1lziwak xexx8yu xyri2b x18d9i69 x1c1uobl x16tdsg8 x1hl2dhg xggy1nq x1a2a7pz xkrqix3 x1sur9pj x1fey0fg x1s688f\" tabindex=\"0\" role=\"link\" href=\"https:\/\/www.facebook.com\/hashtag\/hastatoputin?__cft__[0]=AZjE0ItoIb8GLlTomyWwBPVmdBNYFMDliRkz4o-zMTM8OheOzYPIiyeZ2KcfgMm1UtiOU58ZX7QNYHKT2-ZT0P0LF2KqDELlXXbMa9at-H3Zj1GieUa0-TsuMR8hOayDbDzUbt4m0UbCK7uUP58&amp;__tn__=*NK-R\">#HaStatoPutin<\/a><\/span><\/div>\n<div dir=\"auto\"><\/div>\n<\/div>\n<div class=\"x14z9mp xat24cr x1lziwak x1vvkbs xtlvy1s x126k92a\">\n<div dir=\"auto\"><strong>CURIOSITA<\/strong>&#8216;: Uno studio del Mit dimostra che ogni volta che Netanyau e Ben Gvir aprono bocca le associazioni contro la pena di morte perdono iscritti.<\/p>\n<p><a href=\"https:\/\/www.youtube.com\/watch?v=kk5aL-ht1Ek&amp;list=RDkk5aL-ht1Ek&amp;start_radio=1\"><em>&#8220;La mente del rimorso \u00e8 piena di scorpioni \/ cos\u00ec come questa festa che \u00e8 piena di&#8230;&#8221;\u00a0<\/em><\/a><\/p>\n<\/div>\n<\/div>\n","protected":false},"excerpt":{"rendered":"<p>ANSIA ne parliamo a settembre NEWS POLITICA: Rimosso Sigfrido Ranucci dalla Rai per aver subito un attentato dinamitardo. Era dai tempi di Matteotti che un governo non si prendeva la responsabilit\u00e0 diretta di un delitto. U.S.KRAINE: anche quest&#8217;anno, come tradizione Putin ha riperso la guerra contro Kiev. L&#8217;ultimo neurone della redazione de la Repubblica ha [&hellip;]<\/p>\n","protected":false},"author":7,"featured_media":40391,"comment_status":"closed","ping_status":"closed","sticky":false,"template":"","format":"standard","meta":{"footnotes":""},"categories":[238,228],"tags":[1638,165,167],"class_list":["post-40390","post","type-post","status-publish","format-standard","has-post-thumbnail","hentry","category-articoli","category-blog","tag-ansia-news","tag-satira","tag-satira-politica"],"yoast_head":"<!-- This site is optimized with the Yoast SEO plugin v28.3 - https:\/\/yoast.com\/product\/yoast-seo-wordpress\/ -->\n<title>ANSIA NEWS - &quot;Ne riparliamo a settembre!&quot; - Associazione Culturale Civilt\u00e0 Laica<\/title>\n<meta name=\"description\" content=\"la mente del rimorso \u00e8 piena di scorpioni, cos\u00ec come questa festa che \u00e8 piena di...\" \/>\n<meta name=\"robots\" content=\"index, follow, max-snippet:-1, max-image-preview:large, max-video-preview:-1\" \/>\n<link rel=\"canonical\" href=\"https:\/\/www.civiltalaica.it\/cms\/ansia-news-ne-riparliamo-a-settembre\/\" \/>\n<meta property=\"og:locale\" content=\"it_IT\" \/>\n<meta property=\"og:type\" content=\"article\" \/>\n<meta property=\"og:title\" content=\"ANSIA NEWS - &quot;Ne riparliamo a settembre!&quot; - Associazione Culturale Civilt\u00e0 Laica\" \/>\n<meta property=\"og:description\" content=\"la mente del rimorso \u00e8 piena di scorpioni, cos\u00ec come questa festa che \u00e8 piena di...\" \/>\n<meta property=\"og:url\" content=\"https:\/\/www.civiltalaica.it\/cms\/ansia-news-ne-riparliamo-a-settembre\/\" \/>\n<meta property=\"og:site_name\" content=\"Associazione Culturale Civilt\u00e0 Laica\" \/>\n<meta property=\"article:publisher\" content=\"https:\/\/www.facebook.com\/civiltalaica\" \/>\n<meta property=\"article:published_time\" content=\"2026-09-01T09:58:50+00:00\" \/>\n<meta property=\"og:image\" content=\"https:\/\/www.civiltalaica.it\/cms\/wp-content\/uploads\/2026\/09\/002-scaled.jpg\" \/>\n\t<meta property=\"og:image:width\" content=\"2560\" \/>\n\t<meta property=\"og:image:height\" content=\"1179\" \/>\n\t<meta property=\"og:image:type\" content=\"image\/jpeg\" \/>\n<meta name=\"author\" content=\"alexjc\" \/>\n<meta name=\"twitter:card\" content=\"summary_large_image\" \/>\n<meta name=\"twitter:label1\" content=\"Scritto da\" \/>\n\t<meta name=\"twitter:data1\" content=\"alexjc\" \/>\n\t<meta name=\"twitter:label2\" content=\"Tempo di lettura stimato\" \/>\n\t<meta name=\"twitter:data2\" content=\"2 minuti\" \/>\n<script type=\"application\/ld+json\" class=\"yoast-schema-graph\">{\"@context\":\"https:\\\/\\\/schema.org\",\"@graph\":[{\"@type\":\"Article\",\"@id\":\"https:\\\/\\\/www.civiltalaica.it\\\/cms\\\/ansia-news-ne-riparliamo-a-settembre\\\/#article\",\"isPartOf\":{\"@id\":\"https:\\\/\\\/www.civiltalaica.it\\\/cms\\\/ansia-news-ne-riparliamo-a-settembre\\\/\"},\"author\":{\"name\":\"alexjc\",\"@id\":\"https:\\\/\\\/www.civiltalaica.it\\\/cms\\\/#\\\/schema\\\/person\\\/4efef56f866329a1e0943eb27336df1d\"},\"headline\":\"ANSIA NEWS &#8211; &#8220;Ne riparliamo a settembre!&#8221;\",\"datePublished\":\"2026-09-01T09:58:50+00:00\",\"mainEntityOfPage\":{\"@id\":\"https:\\\/\\\/www.civiltalaica.it\\\/cms\\\/ansia-news-ne-riparliamo-a-settembre\\\/\"},\"wordCount\":154,\"image\":{\"@id\":\"https:\\\/\\\/www.civiltalaica.it\\\/cms\\\/ansia-news-ne-riparliamo-a-settembre\\\/#primaryimage\"},\"thumbnailUrl\":\"https:\\\/\\\/www.civiltalaica.it\\\/cms\\\/wp-content\\\/uploads\\\/2026\\\/09\\\/002-scaled.jpg\",\"keywords\":[\"ansia news\",\"satira\",\"satira politica\"],\"articleSection\":[\"articoli\",\"blog\"],\"inLanguage\":\"it-IT\"},{\"@type\":\"WebPage\",\"@id\":\"https:\\\/\\\/www.civiltalaica.it\\\/cms\\\/ansia-news-ne-riparliamo-a-settembre\\\/\",\"url\":\"https:\\\/\\\/www.civiltalaica.it\\\/cms\\\/ansia-news-ne-riparliamo-a-settembre\\\/\",\"name\":\"ANSIA NEWS - \\\"Ne riparliamo a settembre!\\\" - Associazione Culturale Civilt\u00e0 Laica\",\"isPartOf\":{\"@id\":\"https:\\\/\\\/www.civiltalaica.it\\\/cms\\\/#website\"},\"primaryImageOfPage\":{\"@id\":\"https:\\\/\\\/www.civiltalaica.it\\\/cms\\\/ansia-news-ne-riparliamo-a-settembre\\\/#primaryimage\"},\"image\":{\"@id\":\"https:\\\/\\\/www.civiltalaica.it\\\/cms\\\/ansia-news-ne-riparliamo-a-settembre\\\/#primaryimage\"},\"thumbnailUrl\":\"https:\\\/\\\/www.civiltalaica.it\\\/cms\\\/wp-content\\\/uploads\\\/2026\\\/09\\\/002-scaled.jpg\",\"datePublished\":\"2026-09-01T09:58:50+00:00\",\"author\":{\"@id\":\"https:\\\/\\\/www.civiltalaica.it\\\/cms\\\/#\\\/schema\\\/person\\\/4efef56f866329a1e0943eb27336df1d\"},\"description\":\"la mente del rimorso \u00e8 piena di scorpioni, cos\u00ec come questa festa che \u00e8 piena di...\",\"breadcrumb\":{\"@id\":\"https:\\\/\\\/www.civiltalaica.it\\\/cms\\\/ansia-news-ne-riparliamo-a-settembre\\\/#breadcrumb\"},\"inLanguage\":\"it-IT\",\"potentialAction\":[{\"@type\":\"ReadAction\",\"target\":[\"https:\\\/\\\/www.civiltalaica.it\\\/cms\\\/ansia-news-ne-riparliamo-a-settembre\\\/\"]}]},{\"@type\":\"ImageObject\",\"inLanguage\":\"it-IT\",\"@id\":\"https:\\\/\\\/www.civiltalaica.it\\\/cms\\\/ansia-news-ne-riparliamo-a-settembre\\\/#primaryimage\",\"url\":\"https:\\\/\\\/www.civiltalaica.it\\\/cms\\\/wp-content\\\/uploads\\\/2026\\\/09\\\/002-scaled.jpg\",\"contentUrl\":\"https:\\\/\\\/www.civiltalaica.it\\\/cms\\\/wp-content\\\/uploads\\\/2026\\\/09\\\/002-scaled.jpg\",\"width\":2560,\"height\":1179},{\"@type\":\"BreadcrumbList\",\"@id\":\"https:\\\/\\\/www.civiltalaica.it\\\/cms\\\/ansia-news-ne-riparliamo-a-settembre\\\/#breadcrumb\",\"itemListElement\":[{\"@type\":\"ListItem\",\"position\":1,\"name\":\"Home\",\"item\":\"https:\\\/\\\/www.civiltalaica.it\\\/cms\\\/\"},{\"@type\":\"ListItem\",\"position\":2,\"name\":\"ANSIA NEWS &#8211; &#8220;Ne riparliamo a settembre!&#8221;\"}]},{\"@type\":\"WebSite\",\"@id\":\"https:\\\/\\\/www.civiltalaica.it\\\/cms\\\/#website\",\"url\":\"https:\\\/\\\/www.civiltalaica.it\\\/cms\\\/\",\"name\":\"Associazione Culturale Civilt\u00e0 Laica\",\"description\":\"Per un movimento culturale volto a difendere la Laicit\u00e0 dello Stato.\",\"potentialAction\":[{\"@type\":\"SearchAction\",\"target\":{\"@type\":\"EntryPoint\",\"urlTemplate\":\"https:\\\/\\\/www.civiltalaica.it\\\/cms\\\/?s={search_term_string}\"},\"query-input\":{\"@type\":\"PropertyValueSpecification\",\"valueRequired\":true,\"valueName\":\"search_term_string\"}}],\"inLanguage\":\"it-IT\"},{\"@type\":\"Person\",\"@id\":\"https:\\\/\\\/www.civiltalaica.it\\\/cms\\\/#\\\/schema\\\/person\\\/4efef56f866329a1e0943eb27336df1d\",\"name\":\"alexjc\",\"url\":\"https:\\\/\\\/www.civiltalaica.it\\\/cms\\\/author\\\/alexjc\\\/\"}]}<\/script>\n<!-- \/ Yoast SEO plugin. -->","yoast_head_json":{"title":"ANSIA NEWS - \"Ne riparliamo a settembre!\" - Associazione Culturale Civilt\u00e0 Laica","description":"la mente del rimorso \u00e8 piena di scorpioni, cos\u00ec come questa festa che \u00e8 piena di...","robots":{"index":"index","follow":"follow","max-snippet":"max-snippet:-1","max-image-preview":"max-image-preview:large","max-video-preview":"max-video-preview:-1"},"canonical":"https:\/\/www.civiltalaica.it\/cms\/ansia-news-ne-riparliamo-a-settembre\/","og_locale":"it_IT","og_type":"article","og_title":"ANSIA NEWS - \"Ne riparliamo a settembre!\" - Associazione Culturale Civilt\u00e0 Laica","og_description":"la mente del rimorso \u00e8 piena di scorpioni, cos\u00ec come questa festa che \u00e8 piena di...","og_url":"https:\/\/www.civiltalaica.it\/cms\/ansia-news-ne-riparliamo-a-settembre\/","og_site_name":"Associazione Culturale Civilt\u00e0 Laica","article_publisher":"https:\/\/www.facebook.com\/civiltalaica","article_published_time":"2026-09-01T09:58:50+00:00","og_image":[{"width":2560,"height":1179,"url":"https:\/\/www.civiltalaica.it\/cms\/wp-content\/uploads\/2026\/09\/002-scaled.jpg","type":"image\/jpeg"}],"author":"alexjc","twitter_card":"summary_large_image","twitter_misc":{"Scritto da":"alexjc","Tempo di lettura stimato":"2 minuti"},"schema":{"@context":"https:\/\/schema.org","@graph":[{"@type":"Article","@id":"https:\/\/www.civiltalaica.it\/cms\/ansia-news-ne-riparliamo-a-settembre\/#article","isPartOf":{"@id":"https:\/\/www.civiltalaica.it\/cms\/ansia-news-ne-riparliamo-a-settembre\/"},"author":{"name":"alexjc","@id":"https:\/\/www.civiltalaica.it\/cms\/#\/schema\/person\/4efef56f866329a1e0943eb27336df1d"},"headline":"ANSIA NEWS &#8211; &#8220;Ne riparliamo a settembre!&#8221;","datePublished":"2026-09-01T09:58:50+00:00","mainEntityOfPage":{"@id":"https:\/\/www.civiltalaica.it\/cms\/ansia-news-ne-riparliamo-a-settembre\/"},"wordCount":154,"image":{"@id":"https:\/\/www.civiltalaica.it\/cms\/ansia-news-ne-riparliamo-a-settembre\/#primaryimage"},"thumbnailUrl":"https:\/\/www.civiltalaica.it\/cms\/wp-content\/uploads\/2026\/09\/002-scaled.jpg","keywords":["ansia news","satira","satira politica"],"articleSection":["articoli","blog"],"inLanguage":"it-IT"},{"@type":"WebPage","@id":"https:\/\/www.civiltalaica.it\/cms\/ansia-news-ne-riparliamo-a-settembre\/","url":"https:\/\/www.civiltalaica.it\/cms\/ansia-news-ne-riparliamo-a-settembre\/","name":"ANSIA NEWS - \"Ne riparliamo a settembre!\" - Associazione Culturale Civilt\u00e0 Laica","isPartOf":{"@id":"https:\/\/www.civiltalaica.it\/cms\/#website"},"primaryImageOfPage":{"@id":"https:\/\/www.civiltalaica.it\/cms\/ansia-news-ne-riparliamo-a-settembre\/#primaryimage"},"image":{"@id":"https:\/\/www.civiltalaica.it\/cms\/ansia-news-ne-riparliamo-a-settembre\/#primaryimage"},"thumbnailUrl":"https:\/\/www.civiltalaica.it\/cms\/wp-content\/uploads\/2026\/09\/002-scaled.jpg","datePublished":"2026-09-01T09:58:50+00:00","author":{"@id":"https:\/\/www.civiltalaica.it\/cms\/#\/schema\/person\/4efef56f866329a1e0943eb27336df1d"},"description":"la mente del rimorso \u00e8 piena di scorpioni, cos\u00ec come questa festa che \u00e8 piena di...","breadcrumb":{"@id":"https:\/\/www.civiltalaica.it\/cms\/ansia-news-ne-riparliamo-a-settembre\/#breadcrumb"},"inLanguage":"it-IT","potentialAction":[{"@type":"ReadAction","target":["https:\/\/www.civiltalaica.it\/cms\/ansia-news-ne-riparliamo-a-settembre\/"]}]},{"@type":"ImageObject","inLanguage":"it-IT","@id":"https:\/\/www.civiltalaica.it\/cms\/ansia-news-ne-riparliamo-a-settembre\/#primaryimage","url":"https:\/\/www.civiltalaica.it\/cms\/wp-content\/uploads\/2026\/09\/002-scaled.jpg","contentUrl":"https:\/\/www.civiltalaica.it\/cms\/wp-content\/uploads\/2026\/09\/002-scaled.jpg","width":2560,"height":1179},{"@type":"BreadcrumbList","@id":"https:\/\/www.civiltalaica.it\/cms\/ansia-news-ne-riparliamo-a-settembre\/#breadcrumb","itemListElement":[{"@type":"ListItem","position":1,"name":"Home","item":"https:\/\/www.civiltalaica.it\/cms\/"},{"@type":"ListItem","position":2,"name":"ANSIA NEWS &#8211; &#8220;Ne riparliamo a settembre!&#8221;"}]},{"@type":"WebSite","@id":"https:\/\/www.civiltalaica.it\/cms\/#website","url":"https:\/\/www.civiltalaica.it\/cms\/","name":"Associazione Culturale Civilt\u00e0 Laica","description":"Per un movimento culturale volto a difendere la Laicit\u00e0 dello Stato.","potentialAction":[{"@type":"SearchAction","target":{"@type":"EntryPoint","urlTemplate":"https:\/\/www.civiltalaica.it\/cms\/?s={search_term_string}"},"query-input":{"@type":"PropertyValueSpecification","valueRequired":true,"valueName":"search_term_string"}}],"inLanguage":"it-IT"},{"@type":"Person","@id":"https:\/\/www.civiltalaica.it\/cms\/#\/schema\/person\/4efef56f866329a1e0943eb27336df1d","name":"alexjc","url":"https:\/\/www.civiltalaica.it\/cms\/author\/alexjc\/"}]}},"_links":{"self":[{"href":"https:\/\/www.civiltalaica.it\/cms\/wp-json\/wp\/v2\/posts\/40390","targetHints":{"allow":["GET"]}}],"collection":[{"href":"https:\/\/www.civiltalaica.it\/cms\/wp-json\/wp\/v2\/posts"}],"about":[{"href":"https:\/\/www.civiltalaica.it\/cms\/wp-json\/wp\/v2\/types\/post"}],"author":[{"embeddable":true,"href":"https:\/\/www.civiltalaica.it\/cms\/wp-json\/wp\/v2\/users\/7"}],"replies":[{"embeddable":true,"href":"https:\/\/www.civiltalaica.it\/cms\/wp-json\/wp\/v2\/comments?post=40390"}],"version-history":[{"count":1,"href":"https:\/\/www.civiltalaica.it\/cms\/wp-json\/wp\/v2\/posts\/40390\/revisions"}],"predecessor-version":[{"id":40392,"href":"https:\/\/www.civiltalaica.it\/cms\/wp-json\/wp\/v2\/posts\/40390\/revisions\/40392"}],"wp:featuredmedia":[{"embeddable":true,"href":"https:\/\/www.civiltalaica.it\/cms\/wp-json\/wp\/v2\/media\/40391"}],"wp:attachment":[{"href":"https:\/\/www.civiltalaica.it\/cms\/wp-json\/wp\/v2\/media?parent=40390"}],"wp:term":[{"taxonomy":"category","embeddable":true,"href":"https:\/\/www.civiltalaica.it\/cms\/wp-json\/wp\/v2\/categories?post=40390"},{"taxonomy":"post_tag","embeddable":true,"href":"https:\/\/www.civiltalaica.it\/cms\/wp-json\/wp\/v2\/tags?post=40390"}],"curies":[{"name":"wp","href":"https:\/\/api.w.org\/{rel}","templated":true}]}}