{"id":39101,"date":"2025-12-07T12:57:50","date_gmt":"2025-12-07T12:57:50","guid":{"rendered":"https:\/\/www.civiltalaica.it\/cms\/?p=39101"},"modified":"2025-12-07T16:04:27","modified_gmt":"2025-12-07T16:04:27","slug":"bandeccheide-2","status":"publish","type":"post","link":"https:\/\/www.civiltalaica.it\/cms\/bandeccheide-2\/","title":{"rendered":"Bandeccheide"},"content":{"rendered":"<p>Passato qualche mese spero che nessuno possa pensare che io scriva queste righe per\u00a0 farmi \u201cpubblicit\u00e0\u201d o per tornaconti personali.<\/p>\n<p>Nessuno dico, fatta eccezione delle persone in malafede.<\/p>\n<p>Per\u00f2 visto tutto quel che \u00e8 successo e che <strong>mi<\/strong> \u00e8 successo, un piccolo resoconto ai miei lettori mi sento in dovere di farlo.<\/p>\n<p>A fine settembre mi sono ritrovato catapultato in un contesto (<a href=\"https:\/\/www.ilrestodelcarlino.it\/macerata\/cronaca\/ecco-visioni-un-festival-per-533f2e0d\">il festival di poesia Visioni<\/a> grazie a Marco Onofrio che ha sempre un occhio di riguardo per le mie pubblicazioni) a cui sono ancora onorato di aver partecipato. Ho davvero conosciuto in quell&#8217;occasione <i>poeti che spostano i fiumi con il pensiero.<br \/>\n<\/i>Ma forse \u00e8 proprio vero che un qualche tipo di Karma, estremamente ironico, tende a bilanciare fortuna e sfortuna, cose positive e cose negative; perch\u00e9 mentre nel dopo cena del venerd\u00ec si parlava di massimi sistemi comincia a girare fra i vari social e le varie messaggerie<a href=\"https:\/\/www.repubblica.it\/politica\/2025\/09\/27\/news\/bandecchi_israele_gaza_bambini_mai_morti-424874468\/\"> un tweet<\/a> destinato a diventare famoso.<\/p>\n<p>\u201c<i>20.000 bambini non sono mai morti. E questo \u00e8 il primo punto. Solo voi credete ad Hamas, poi viene naturale dire che <\/i><i><u><b>i bambini della Striscia finiscono la loro infanzia a nove anni, dato che le bambine vengono a quell&#8217;et\u00e0 trombate<\/b><\/u><\/i><i>. 20mila non sono mai esistiti, gli altri sono soldati di Hamas.\u201d\u00a0<\/i><\/p>\n<p><b>Parole e musica della persona pi\u00f9 indecente a cui la storia italiana abbia assegnato un ruolo istituzionale<\/b>, purtroppo quello di Sindaco della mia citt\u00e0. Terni.<\/p>\n<p>E inutile dire che da l\u00ec a breve: \u201cMa Terni&#8230; non \u00e8 la tua citt\u00e0 Alessandro?\u201d E cos\u00ec, per l&#8217;ennesima volta mi ritrovo a cercar di spiegare, mentre sono in giro per la mia attivit\u00e0 letteraria, quel che \u00e8 impossibile da spiegare. Di come un individuo come Stefano Bandecchi abbia potuto raccogliere i voti per diventare Sindaco di Terni.<br \/>\nDi come abbia approfittato del decennale vuoto della sinistra locale.<br \/>\nDi come abbia approfittato del suicidio della destra che ha sfiduciato (troppo tardi) Leonardo Latini, l&#8217;unico essere umano che \u00e8 riuscito a farsi prendere in giro da Barbara D&#8217;Urso perch\u00e9 voleva misurare la lunghezza delle gonne per stabilire chi fosse una prostituta e chi no.<\/p>\n<p>Discorsi che ho fatto centinaia di volte fuori dalla Konka, perch\u00e9 ormai \u00e8 prassi: \u201cTernano? Ah ah ah parlaci di Bandecchi!\u201d<\/p>\n<p>Sarei voluto partire gi\u00e0 quella notte, per dirgliene quattro a muso duro.<\/p>\n<p><b>Perch\u00e9 un Sindaco non pu\u00f2 fare cose del genere. Punto<\/b>.<\/p>\n<p>E quando lo fa ci deve essere qualcuno che gli ricorda che non pu\u00f2 farlo.<\/p>\n<p>Perch\u00e9 come diceva Sean Connery ne \u201cLa madre Russia\u201d in una situazione in cui ci sono degli eroi tu devi comportarti almeno da \u201cuomo appena passabile\u201d.<\/p>\n<p>E gli eroi in quel momento c&#8217;erano eccome! Erano a bordo della <b>Freedom Flottilla<\/b> che cercava di rompere un vergognoso genocidio di cui l&#8217;occidente era, ed \u00e8 tutt&#8217;ora, complice.<\/p>\n<p>Per\u00f2 sarebbe stato inutile partire all&#8217;istante che chiss\u00e0 da dove l&#8217;individuo aveva mandato quel tweet; probabilmente dal suo yacht personale mentre si faceva i\u00a0 suoi video per tik-tok in cui pensa di essere <i>The wolf of Wall Street<\/i> e invece sembra pi\u00f9 che altro <i>La scrofa di Colle Bertone<\/i>.<\/p>\n<p>La rabbia aumenta e non solo la mia, infatti viene convocata una protesta per il luned\u00ec mattina seguente; giusto il tempo di partire presto da Macerata e passare a casa a prendere la mia Kefiah. Il resto lo avete visto nei dettagli in <a href=\"https:\/\/www.youtube.com\/watch?v=yp6gavqGoHY&amp;t=294s\">numerosi video<\/a> e <a href=\"https:\/\/www.umbria24.it\/video\/quando-vede-gli-energumeni-bandecchi-abbassa-la-cresta-fai-schifo-e-lui-non-reagisce-il-video\/\">articoli sui giornali<\/a>.<\/p>\n<p><a href=\"https:\/\/www.civiltalaica.it\/cms\/wp-content\/uploads\/2025\/12\/vs-bandecchi.jpeg\"><img loading=\"lazy\" decoding=\"async\" class=\"alignnone size-full wp-image-39102\" src=\"https:\/\/www.civiltalaica.it\/cms\/wp-content\/uploads\/2025\/12\/vs-bandecchi.jpeg\" alt=\"\" width=\"1220\" height=\"900\" srcset=\"https:\/\/www.civiltalaica.it\/cms\/wp-content\/uploads\/2025\/12\/vs-bandecchi.jpeg 1220w, https:\/\/www.civiltalaica.it\/cms\/wp-content\/uploads\/2025\/12\/vs-bandecchi-300x221.jpeg 300w, https:\/\/www.civiltalaica.it\/cms\/wp-content\/uploads\/2025\/12\/vs-bandecchi-1024x755.jpeg 1024w, https:\/\/www.civiltalaica.it\/cms\/wp-content\/uploads\/2025\/12\/vs-bandecchi-768x567.jpeg 768w, https:\/\/www.civiltalaica.it\/cms\/wp-content\/uploads\/2025\/12\/vs-bandecchi-217x160.jpeg 217w\" sizes=\"auto, (max-width: 1220px) 100vw, 1220px\" \/><\/a><\/p>\n<p>Per le due settimane seguenti \u00e8 stato un susseguirsi di complimenti e ringraziamenti non solo da parte di amici; tutti a dirmi \u201cBravissimo!\u201d ed ecco all&#8217;improvviso che tutti mi volevano stringere la mano. Che fossero di <b>destra o di sinistra, al supermercato come al bar, <\/b>\u201cPerch\u00e9 cos\u00ec non si pu\u00f2 andare avanti, \u00e8 una vergogna!\u201d .<\/p>\n<p>Ho avuto i miei 15 minuti di notoriet\u00e0 come si suol dire. Insieme agli altri ragazzi protagonisti della contestazione.<\/p>\n<p>Poi qualcosa \u00e8 cambiato: <b>\u00e8 scoppiata la polemica e la sfida con la Regione Umbria sul progetto clinica-stadio<\/b>. (<a href=\"https:\/\/passaggimagazine.it\/clinica-stadio-cosa-ce-dietro-il-mega-scontro-fra-proietti-e-bandecchi\/\">QUI<\/a> un buon riassunto della vicenda a chi apprezza il genere grottesco).<\/p>\n<p>E da allora la contestazione a Bandecchi passa in secondo piano perch\u00e9 bisogna fare il nuovo stadio. Perch\u00e9 per molti prima vengono le Fere, poi <a href=\"https:\/\/www.youtube.com\/watch?v=c_iDoEA03jM\">ci\u00f2 che li accomuna a Bandecchi<\/a> , quindi il pampepato e solo di seguito il resto.<br \/>\nQuindi il mood \u00e8 cambiato a: \u201cS\u00ec per carit\u00e0, ci voleva la vostra protesta perch\u00e9 si doveva dare una ridimensionata, ma adesso non creiamo problemi alla squadra e al progetto di un nuovo stadio che \u00e8 fondamentale.\u201d<\/p>\n<p>E guai a dire che non capisci per cosa sia fondamentale con una squadra in serie C a met\u00e0 classifica.<\/p>\n<p>In poco tempo la corte bandecchiana (aka \u201cDimensione bandecchi\u201d) ha serrato le fila e, grazie anche a comportamenti leggermente pi\u00f9 moderati dell&#8217;individuo (<i>ah, la cara vecchia moral suation ministeriale&#8230;<\/i>) ha fatto dimenticare tutto il resto.<\/p>\n<p>I metodi in realt\u00e0 sono sempre gli stessi, <b>il suo vice sindaco<\/b> che invita gli assessori regionali \u201ctraditori\u201d a tenere gli occhi bassi quando camminano per Terni.<br \/>\nAltri <strong>s<\/strong><b>altimbanchi<\/b> con esperienza quarantennale nel<b> salto della quaglia<\/b> fatto pedissequamente pur di seguire il vento che porta ai soldi di appalti e subappalti, cominciano a rispondere a quella brezza gentile che sussurra: &#8220;Ediliiiiizia&#8230; appalti per i serviziiiii&#8230;&#8221;.<\/p>\n<p>E tutti a sottolineare che chi non la pensa come loro \u00e8 \u201cuna minoranza esigua e trascurabile\u201d e non appartenente al \u201cvero\u201d tessuto cittadino.<\/p>\n<p>Non c&#8217;\u00e8 molta differenza fra costoro e lo stesso Bandecchi che nei giorni successivi alla nostra contestazione, pur di ridimensionarla, si \u00e8 arrischiato in dichiarazioni al limite della denuncia (ma forse anche oltre) <a href=\"https:\/\/www.lanazione.it\/umbria\/cronaca\/tra-chi-mi-contesta-ce-692d66ce\">definendoci \u201c<i>degli spacciatori che probabilmente hanno dato la droga a quei due bambini di 14 anni che tre anni anno fa sono morti a Terni<\/i>.<\/a>\u201d<\/p>\n<p>\u201c<i>Calunniate senza timore qualcosa rimane sempre attaccato!\u201d <\/i>Ammoniva Francis Bacon, e fra questo e il deridere sui mass media locali chi la pensa diversamente sentenziando senza timore: \u201cil 90% dei Ternani \u00e8 per lo stadio nuovo e contro la regione, questo a prescindere dalla correttezza degli atti amministrativi\u201d (<strong>neanche Terni fosse la Daisy Town di Lucky Luke<\/strong>) non c&#8217;\u00e8 molta differenza.<\/p>\n<p><b>Drogati o alienati ideologici<\/b> che non capiscono il bene della citt\u00e0, il concetto che Bandecchi e i bandecchini vogliono esprimere \u00e8 sempre lo stesso: \u201cNoi semo noi e voi nun sete un cazzo.\u201d<\/p>\n<p>E come sempre, alla resa dei conti, <strong>la tragedia partorisce la farsa<\/strong>: da Bandecchi che si lamenta: \u201c<strong>Quei pazzi hanno aggredito Schenardi!<\/strong>\u201d quando il video mostra evidentemente che \u00e8 stato proprio lui a spintonare il suo assessore allo sport (aperta doverosa parentesi, un semplice: \u201cSindaco ma che caspiterina stai dicendo?\u201d sarebbe stato apprezzato, egregio mitico ex-tornante rossoverde); avvocati dichiaranti con sommo sprezzo del ridicolo che \u201c<strong>il ricorso al Tar \u00e8 una procedura anomala fra enti pubblici!<\/strong>\u201d (pensavano di risolverla a birre e salsicce?); oppure che \u201c<strong>Non si pu\u00f2 procedere con un atto l&#8217;ultimo giorno disponibile!<\/strong>\u201d (multati di tutta Italia esultate!); o infine chi sostiene che \u201c<strong>ogni atto amministrativo pubblico \u00e8 sbagliato se esaminato bene!<\/strong>\u201d (fuochi d&#8217;artificio, brindisi, pasticcini e cotillon, sipario!).<\/p>\n<p>Questa \u00e8 la situazione a Terni, <strong>Profonda Umbria<\/strong>, alla fine del 2025.<\/p>\n<p>E sembra ovvio che, a questo punto, il meglio debba ancora venire.<\/p>\n<p>&nbsp;<\/p>\n<p><strong>Alessandro Chiometti<\/strong><\/p>\n","protected":false},"excerpt":{"rendered":"<p>Passato qualche mese spero che nessuno possa pensare che io scriva queste righe per\u00a0 farmi \u201cpubblicit\u00e0\u201d o per tornaconti personali. Nessuno dico, fatta eccezione delle persone in malafede. Per\u00f2 visto tutto quel che \u00e8 successo e che mi \u00e8 successo, un piccolo resoconto ai miei lettori mi sento in dovere di farlo. A fine settembre [&hellip;]<\/p>\n","protected":false},"author":7,"featured_media":39102,"comment_status":"closed","ping_status":"closed","sticky":false,"template":"","format":"standard","meta":{"footnotes":""},"categories":[238,229,232],"tags":[79,2300,1019,2209,127],"class_list":["post-39101","post","type-post","status-publish","format-standard","has-post-thumbnail","hentry","category-articoli","category-evidenza","category-riflessioni-2","tag-alessandro-chiometti","tag-progetto-stadio-clinica","tag-regione-umbria","tag-stefano-bandecchi","tag-terni"],"yoast_head":"<!-- This site is optimized with the Yoast SEO plugin v27.1.1 - https:\/\/yoast.com\/product\/yoast-seo-wordpress\/ -->\n<title>Bandeccheide - Associazione Culturale Civilt\u00e0 Laica<\/title>\n<meta name=\"description\" content=\"Bambine palestinesi oltraggiate, la contestazione, un sindaco monitorato, e ora una lite colossale con la Regione Umbria.\" \/>\n<meta name=\"robots\" content=\"index, follow, max-snippet:-1, max-image-preview:large, max-video-preview:-1\" \/>\n<link rel=\"canonical\" href=\"https:\/\/www.civiltalaica.it\/cms\/bandeccheide-2\/\" \/>\n<meta property=\"og:locale\" content=\"it_IT\" \/>\n<meta property=\"og:type\" content=\"article\" \/>\n<meta property=\"og:title\" content=\"Bandeccheide - Associazione Culturale Civilt\u00e0 Laica\" \/>\n<meta property=\"og:description\" content=\"Bambine palestinesi oltraggiate, la contestazione, un sindaco monitorato, e ora una lite colossale con la Regione Umbria.\" \/>\n<meta property=\"og:url\" content=\"https:\/\/www.civiltalaica.it\/cms\/bandeccheide-2\/\" \/>\n<meta property=\"og:site_name\" content=\"Associazione Culturale Civilt\u00e0 Laica\" \/>\n<meta property=\"article:publisher\" content=\"https:\/\/www.facebook.com\/civiltalaica\" \/>\n<meta property=\"article:published_time\" content=\"2025-12-07T12:57:50+00:00\" \/>\n<meta property=\"article:modified_time\" content=\"2025-12-07T16:04:27+00:00\" \/>\n<meta property=\"og:image\" content=\"https:\/\/www.civiltalaica.it\/cms\/wp-content\/uploads\/2025\/12\/vs-bandecchi.jpeg\" \/>\n\t<meta property=\"og:image:width\" content=\"1220\" \/>\n\t<meta property=\"og:image:height\" content=\"900\" \/>\n\t<meta property=\"og:image:type\" content=\"image\/jpeg\" \/>\n<meta name=\"author\" content=\"alexjc\" \/>\n<meta name=\"twitter:card\" content=\"summary_large_image\" \/>\n<meta name=\"twitter:label1\" content=\"Scritto da\" \/>\n\t<meta name=\"twitter:data1\" content=\"alexjc\" \/>\n\t<meta name=\"twitter:label2\" content=\"Tempo di lettura stimato\" \/>\n\t<meta name=\"twitter:data2\" content=\"7 minuti\" \/>\n<script type=\"application\/ld+json\" class=\"yoast-schema-graph\">{\"@context\":\"https:\/\/schema.org\",\"@graph\":[{\"@type\":\"Article\",\"@id\":\"https:\/\/www.civiltalaica.it\/cms\/bandeccheide-2\/#article\",\"isPartOf\":{\"@id\":\"https:\/\/www.civiltalaica.it\/cms\/bandeccheide-2\/\"},\"author\":{\"name\":\"alexjc\",\"@id\":\"https:\/\/www.civiltalaica.it\/cms\/#\/schema\/person\/4efef56f866329a1e0943eb27336df1d\"},\"headline\":\"Bandeccheide\",\"datePublished\":\"2025-12-07T12:57:50+00:00\",\"dateModified\":\"2025-12-07T16:04:27+00:00\",\"mainEntityOfPage\":{\"@id\":\"https:\/\/www.civiltalaica.it\/cms\/bandeccheide-2\/\"},\"wordCount\":1157,\"image\":{\"@id\":\"https:\/\/www.civiltalaica.it\/cms\/bandeccheide-2\/#primaryimage\"},\"thumbnailUrl\":\"https:\/\/www.civiltalaica.it\/cms\/wp-content\/uploads\/2025\/12\/vs-bandecchi.jpeg\",\"keywords\":[\"alessandro chiometti\",\"progetto stadio clinica\",\"regione umbria\",\"stefano bandecchi\",\"terni\"],\"articleSection\":[\"articoli\",\"in evidenza\",\"riflessioni\"],\"inLanguage\":\"it-IT\"},{\"@type\":\"WebPage\",\"@id\":\"https:\/\/www.civiltalaica.it\/cms\/bandeccheide-2\/\",\"url\":\"https:\/\/www.civiltalaica.it\/cms\/bandeccheide-2\/\",\"name\":\"Bandeccheide - Associazione Culturale Civilt\u00e0 Laica\",\"isPartOf\":{\"@id\":\"https:\/\/www.civiltalaica.it\/cms\/#website\"},\"primaryImageOfPage\":{\"@id\":\"https:\/\/www.civiltalaica.it\/cms\/bandeccheide-2\/#primaryimage\"},\"image\":{\"@id\":\"https:\/\/www.civiltalaica.it\/cms\/bandeccheide-2\/#primaryimage\"},\"thumbnailUrl\":\"https:\/\/www.civiltalaica.it\/cms\/wp-content\/uploads\/2025\/12\/vs-bandecchi.jpeg\",\"datePublished\":\"2025-12-07T12:57:50+00:00\",\"dateModified\":\"2025-12-07T16:04:27+00:00\",\"author\":{\"@id\":\"https:\/\/www.civiltalaica.it\/cms\/#\/schema\/person\/4efef56f866329a1e0943eb27336df1d\"},\"description\":\"Bambine palestinesi oltraggiate, la contestazione, un sindaco monitorato, e ora una lite colossale con la Regione Umbria.\",\"breadcrumb\":{\"@id\":\"https:\/\/www.civiltalaica.it\/cms\/bandeccheide-2\/#breadcrumb\"},\"inLanguage\":\"it-IT\",\"potentialAction\":[{\"@type\":\"ReadAction\",\"target\":[\"https:\/\/www.civiltalaica.it\/cms\/bandeccheide-2\/\"]}]},{\"@type\":\"ImageObject\",\"inLanguage\":\"it-IT\",\"@id\":\"https:\/\/www.civiltalaica.it\/cms\/bandeccheide-2\/#primaryimage\",\"url\":\"https:\/\/www.civiltalaica.it\/cms\/wp-content\/uploads\/2025\/12\/vs-bandecchi.jpeg\",\"contentUrl\":\"https:\/\/www.civiltalaica.it\/cms\/wp-content\/uploads\/2025\/12\/vs-bandecchi.jpeg\",\"width\":1220,\"height\":900},{\"@type\":\"BreadcrumbList\",\"@id\":\"https:\/\/www.civiltalaica.it\/cms\/bandeccheide-2\/#breadcrumb\",\"itemListElement\":[{\"@type\":\"ListItem\",\"position\":1,\"name\":\"Home\",\"item\":\"https:\/\/www.civiltalaica.it\/cms\/\"},{\"@type\":\"ListItem\",\"position\":2,\"name\":\"Bandeccheide\"}]},{\"@type\":\"WebSite\",\"@id\":\"https:\/\/www.civiltalaica.it\/cms\/#website\",\"url\":\"https:\/\/www.civiltalaica.it\/cms\/\",\"name\":\"Associazione Culturale Civilt\u00e0 Laica\",\"description\":\"Per un movimento culturale volto a difendere la Laicit\u00e0 dello Stato.\",\"potentialAction\":[{\"@type\":\"SearchAction\",\"target\":{\"@type\":\"EntryPoint\",\"urlTemplate\":\"https:\/\/www.civiltalaica.it\/cms\/?s={search_term_string}\"},\"query-input\":{\"@type\":\"PropertyValueSpecification\",\"valueRequired\":true,\"valueName\":\"search_term_string\"}}],\"inLanguage\":\"it-IT\"},{\"@type\":\"Person\",\"@id\":\"https:\/\/www.civiltalaica.it\/cms\/#\/schema\/person\/4efef56f866329a1e0943eb27336df1d\",\"name\":\"alexjc\",\"url\":\"https:\/\/www.civiltalaica.it\/cms\/author\/alexjc\/\"}]}<\/script>\n<!-- \/ Yoast SEO plugin. -->","yoast_head_json":{"title":"Bandeccheide - Associazione Culturale Civilt\u00e0 Laica","description":"Bambine palestinesi oltraggiate, la contestazione, un sindaco monitorato, e ora una lite colossale con la Regione Umbria.","robots":{"index":"index","follow":"follow","max-snippet":"max-snippet:-1","max-image-preview":"max-image-preview:large","max-video-preview":"max-video-preview:-1"},"canonical":"https:\/\/www.civiltalaica.it\/cms\/bandeccheide-2\/","og_locale":"it_IT","og_type":"article","og_title":"Bandeccheide - Associazione Culturale Civilt\u00e0 Laica","og_description":"Bambine palestinesi oltraggiate, la contestazione, un sindaco monitorato, e ora una lite colossale con la Regione Umbria.","og_url":"https:\/\/www.civiltalaica.it\/cms\/bandeccheide-2\/","og_site_name":"Associazione Culturale Civilt\u00e0 Laica","article_publisher":"https:\/\/www.facebook.com\/civiltalaica","article_published_time":"2025-12-07T12:57:50+00:00","article_modified_time":"2025-12-07T16:04:27+00:00","og_image":[{"width":1220,"height":900,"url":"https:\/\/www.civiltalaica.it\/cms\/wp-content\/uploads\/2025\/12\/vs-bandecchi.jpeg","type":"image\/jpeg"}],"author":"alexjc","twitter_card":"summary_large_image","twitter_misc":{"Scritto da":"alexjc","Tempo di lettura stimato":"7 minuti"},"schema":{"@context":"https:\/\/schema.org","@graph":[{"@type":"Article","@id":"https:\/\/www.civiltalaica.it\/cms\/bandeccheide-2\/#article","isPartOf":{"@id":"https:\/\/www.civiltalaica.it\/cms\/bandeccheide-2\/"},"author":{"name":"alexjc","@id":"https:\/\/www.civiltalaica.it\/cms\/#\/schema\/person\/4efef56f866329a1e0943eb27336df1d"},"headline":"Bandeccheide","datePublished":"2025-12-07T12:57:50+00:00","dateModified":"2025-12-07T16:04:27+00:00","mainEntityOfPage":{"@id":"https:\/\/www.civiltalaica.it\/cms\/bandeccheide-2\/"},"wordCount":1157,"image":{"@id":"https:\/\/www.civiltalaica.it\/cms\/bandeccheide-2\/#primaryimage"},"thumbnailUrl":"https:\/\/www.civiltalaica.it\/cms\/wp-content\/uploads\/2025\/12\/vs-bandecchi.jpeg","keywords":["alessandro chiometti","progetto stadio clinica","regione umbria","stefano bandecchi","terni"],"articleSection":["articoli","in evidenza","riflessioni"],"inLanguage":"it-IT"},{"@type":"WebPage","@id":"https:\/\/www.civiltalaica.it\/cms\/bandeccheide-2\/","url":"https:\/\/www.civiltalaica.it\/cms\/bandeccheide-2\/","name":"Bandeccheide - Associazione Culturale Civilt\u00e0 Laica","isPartOf":{"@id":"https:\/\/www.civiltalaica.it\/cms\/#website"},"primaryImageOfPage":{"@id":"https:\/\/www.civiltalaica.it\/cms\/bandeccheide-2\/#primaryimage"},"image":{"@id":"https:\/\/www.civiltalaica.it\/cms\/bandeccheide-2\/#primaryimage"},"thumbnailUrl":"https:\/\/www.civiltalaica.it\/cms\/wp-content\/uploads\/2025\/12\/vs-bandecchi.jpeg","datePublished":"2025-12-07T12:57:50+00:00","dateModified":"2025-12-07T16:04:27+00:00","author":{"@id":"https:\/\/www.civiltalaica.it\/cms\/#\/schema\/person\/4efef56f866329a1e0943eb27336df1d"},"description":"Bambine palestinesi oltraggiate, la contestazione, un sindaco monitorato, e ora una lite colossale con la Regione Umbria.","breadcrumb":{"@id":"https:\/\/www.civiltalaica.it\/cms\/bandeccheide-2\/#breadcrumb"},"inLanguage":"it-IT","potentialAction":[{"@type":"ReadAction","target":["https:\/\/www.civiltalaica.it\/cms\/bandeccheide-2\/"]}]},{"@type":"ImageObject","inLanguage":"it-IT","@id":"https:\/\/www.civiltalaica.it\/cms\/bandeccheide-2\/#primaryimage","url":"https:\/\/www.civiltalaica.it\/cms\/wp-content\/uploads\/2025\/12\/vs-bandecchi.jpeg","contentUrl":"https:\/\/www.civiltalaica.it\/cms\/wp-content\/uploads\/2025\/12\/vs-bandecchi.jpeg","width":1220,"height":900},{"@type":"BreadcrumbList","@id":"https:\/\/www.civiltalaica.it\/cms\/bandeccheide-2\/#breadcrumb","itemListElement":[{"@type":"ListItem","position":1,"name":"Home","item":"https:\/\/www.civiltalaica.it\/cms\/"},{"@type":"ListItem","position":2,"name":"Bandeccheide"}]},{"@type":"WebSite","@id":"https:\/\/www.civiltalaica.it\/cms\/#website","url":"https:\/\/www.civiltalaica.it\/cms\/","name":"Associazione Culturale Civilt\u00e0 Laica","description":"Per un movimento culturale volto a difendere la Laicit\u00e0 dello Stato.","potentialAction":[{"@type":"SearchAction","target":{"@type":"EntryPoint","urlTemplate":"https:\/\/www.civiltalaica.it\/cms\/?s={search_term_string}"},"query-input":{"@type":"PropertyValueSpecification","valueRequired":true,"valueName":"search_term_string"}}],"inLanguage":"it-IT"},{"@type":"Person","@id":"https:\/\/www.civiltalaica.it\/cms\/#\/schema\/person\/4efef56f866329a1e0943eb27336df1d","name":"alexjc","url":"https:\/\/www.civiltalaica.it\/cms\/author\/alexjc\/"}]}},"_links":{"self":[{"href":"https:\/\/www.civiltalaica.it\/cms\/wp-json\/wp\/v2\/posts\/39101","targetHints":{"allow":["GET"]}}],"collection":[{"href":"https:\/\/www.civiltalaica.it\/cms\/wp-json\/wp\/v2\/posts"}],"about":[{"href":"https:\/\/www.civiltalaica.it\/cms\/wp-json\/wp\/v2\/types\/post"}],"author":[{"embeddable":true,"href":"https:\/\/www.civiltalaica.it\/cms\/wp-json\/wp\/v2\/users\/7"}],"replies":[{"embeddable":true,"href":"https:\/\/www.civiltalaica.it\/cms\/wp-json\/wp\/v2\/comments?post=39101"}],"version-history":[{"count":11,"href":"https:\/\/www.civiltalaica.it\/cms\/wp-json\/wp\/v2\/posts\/39101\/revisions"}],"predecessor-version":[{"id":39113,"href":"https:\/\/www.civiltalaica.it\/cms\/wp-json\/wp\/v2\/posts\/39101\/revisions\/39113"}],"wp:featuredmedia":[{"embeddable":true,"href":"https:\/\/www.civiltalaica.it\/cms\/wp-json\/wp\/v2\/media\/39102"}],"wp:attachment":[{"href":"https:\/\/www.civiltalaica.it\/cms\/wp-json\/wp\/v2\/media?parent=39101"}],"wp:term":[{"taxonomy":"category","embeddable":true,"href":"https:\/\/www.civiltalaica.it\/cms\/wp-json\/wp\/v2\/categories?post=39101"},{"taxonomy":"post_tag","embeddable":true,"href":"https:\/\/www.civiltalaica.it\/cms\/wp-json\/wp\/v2\/tags?post=39101"}],"curies":[{"name":"wp","href":"https:\/\/api.w.org\/{rel}","templated":true}]}}